{"id":37361,"global_id":"www.carl-abrc.ca\/fr\/?id=37361","global_id_lineage":["www.carl-abrc.ca\/fr\/?id=37361"],"author":"130","status":"publish","date":"2025-08-07 19:28:32","date_utc":"2025-08-07 23:28:32","modified":"2025-08-07 19:28:32","modified_utc":"2025-08-07 23:28:32","url":"https:\/\/www.carl-abrc.ca\/fr\/evenement\/appel-a-la-communaute-de-lequipe-dengagement-de-la-communaute-de-ledition-en-bibliotheques-de-labrc-conversion-au-libre-acces-diamant\/","rest_url":"https:\/\/www.carl-abrc.ca\/fr\/wp-json\/tribe\/events\/v1\/events\/37361","title":"Appel \u00e0 la communaut\u00e9 de l\u2019\u00c9quipe d\u2019engagement de la communaut\u00e9 de l\u2019\u00e9dition en biblioth\u00e8ques de l\u2019ABRC \u2013 Conversion au libre acc\u00e8s diamant","description":"<p><span style=\"font-weight: 400;\">Date : <\/span><b>17 d\u00e9cembre 2024\u00a0<\/b><br \/>\n<span style=\"font-weight: 400;\">Heure : <\/span><b>12h00 \u00e0 13h30 HE<\/b><\/p>\n<p><span style=\"text-decoration: underline;\"><a href=\"https:\/\/us02web.zoom.us\/meeting\/register\/tZIudOisrTIvHdRXNt2Sozgt2EUfxzx4qijt\"><b>Inscription<\/b><\/a><\/span><\/p>\n<p><span style=\"font-weight: 400;\">Joignez-vous \u00e0 l\u2019\u00c9quipe d\u2019engagement de la communaut\u00e9 de l\u2019\u00e9dition en biblioth\u00e8ques de l\u2019ABRC pour notre prochain appel communautaire ! Le th\u00e8me de cet appel sera la \u00ab conversion au libre acc\u00e8s diamant \u00bb.\u00a0<\/span><\/p>\n<p><span style=\"font-weight: 400;\">Les revues en libre acc\u00e8s sans frais (diamant) existent depuis de nombreuses ann\u00e9es, mais on \u00e0 l\u2019impression que ce mod\u00e8le d\u2019\u00e9dition savante conna\u00eet soudainement un regain d\u2019int\u00e9r\u00eat. Le deuxi\u00e8me sommet mondial sur le libre acc\u00e8s diamant aura lieu en d\u00e9cembre, le projet DIAMAS continue de prendre de l\u2019ampleur en Europe, et la semaine du libre acc\u00e8s de cette ann\u00e9e avec le th\u00e8me de \u00ab La communaut\u00e9 avant la commercialisation \u00bb a suscit\u00e9 de nombreuses conversations sur la place du libre acc\u00e8s diamant dans le monde universitaire.\u00a0<\/span><\/p>\n<p><span style=\"font-weight: 400;\">Comment, en tant qu\u2019\u00e9diteurs de biblioth\u00e8ques, soutenons-nous les revues dans leur cheminement vers le libre acc\u00e8s diamant par l\u2019interm\u00e9diaire de nos propres offres de services ? Notre discussion sera enrichie par des conf\u00e9renciers invit\u00e9s, dont :<\/span><\/p>\n<ul>\n<li style=\"font-weight: 400;\" aria-level=\"1\"><span style=\"font-weight: 400;\">Patricia A. Zrelak, r\u00e9dactrice en chef, <\/span><i><span style=\"font-weight: 400;\">International Journal of Critical Care<\/span><\/i><span style=\"font-weight: 400;\">\u00a0<\/span><\/li>\n<li style=\"font-weight: 400;\" aria-level=\"1\"><span style=\"font-weight: 400;\">Sherry Fox, directrice g\u00e9n\u00e9rale, Canadian Sociological Association \/ Soci\u00e9t\u00e9 canadienne de sociologie<\/span><\/li>\n<li style=\"font-weight: 400;\" aria-level=\"1\"><span style=\"font-weight: 400;\">Sharla Lair, strat\u00e8ge principal, Open Access &amp; Scholarly Communication Initiatives, Lyrasis<\/span><\/li>\n<li style=\"font-weight: 400;\" aria-level=\"1\"><span style=\"font-weight: 400;\">Jeanette Hatherill, coordonnatrice principale de Coalition Publica<\/span><\/li>\n<\/ul>\n<p><b>\u00c0 propos de l\u2019\u00e9quipe d\u2019engagement de la Biblioth\u00e8que de l\u2019ABRC<\/b><\/p>\n<p><span style=\"font-weight: 400;\">l\u2019\u00c9quipe d\u2019engagement de la communaut\u00e9 de l\u2019\u00e9dition en biblioth\u00e8ques s\u2019efforce de soutenir les professionnels canadiens de l\u2019\u00e9dition en biblioth\u00e8ques dans leurs r\u00f4les fonctionnels et d\u2019accro\u00eetre l\u2019expertise et la capacit\u00e9 canadiennes dans ce domaine. Les membres sont :<\/span><\/p>\n<ul>\n<li><span style=\"font-weight: 400;\">Sonya Betz (University of Alberta) \u2013 copr\u00e9sidente\u00a0<\/span><\/li>\n<li><span style=\"font-weight: 400;\">Mark Swartz (Queen\u2019s University) \u2013 copr\u00e9sident\u00a0<\/span><\/li>\n<li><span style=\"font-weight: 400;\">Samantha MacFarlane (Universit\u00e9 de Victoria)\u00a0<\/span><\/li>\n<li><span style=\"font-weight: 400;\">\u00c9dith Robert (UQAM)\u00a0<\/span><\/li>\n<li><span style=\"font-weight: 400;\">Richard Hayman (Universit\u00e9 Mount Royal)\u00a0<\/span><\/li>\n<li><span style=\"font-weight: 400;\">Jordan Pederson (Universit\u00e9 de Guelph)\u00a0<\/span><\/li>\n<li><span style=\"font-weight: 400;\">Jeanette Hatherill (Coalition publique)\u00a0<\/span><\/li>\n<li><span style=\"font-weight: 400;\">Mike Nason (Universit\u00e9 du Nouveau-Brunswick)\u00a0<\/span><\/li>\n<li><span style=\"font-weight: 400;\">Tomasz Mrozewski (Universit\u00e9 York)\u00a0<\/span><\/li>\n<li><span style=\"font-weight: 400;\">Brianne Selman (Universit\u00e9 de Winnipeg)\u00a0<\/span><\/li>\n<li><span style=\"font-weight: 400;\">Emily Carlisle (Universit\u00e9 Western)\u00a0<\/span><\/li>\n<li><span style=\"font-weight: 400;\">Mathieu Pigeon (Universit\u00e9 de Montr\u00e9al)<\/span><\/li>\n<\/ul>\n<p><i><span style=\"font-weight: 400;\">Les pr\u00e9sentations seront en anglais avec traduction simultan\u00e9e en fran\u00e7ais.<\/span><\/i><\/p>\n<p><i><span style=\"font-weight: 400;\">Cet appel ne sera pas enregistr\u00e9, mais nous prendrons des notes dans un document partag\u00e9 qui sera distribu\u00e9 apr\u00e8s l\u2019appel.<\/span><\/i><\/p>","excerpt":"","slug":"appel-a-la-communaute-de-lequipe-dengagement-de-la-communaute-de-ledition-en-bibliotheques-de-labrc-conversion-au-libre-acces-diamant","image":{"url":"https:\/\/www.carl-abrc.ca\/wp-content\/uploads\/2024\/09\/NewsFeaturedImage-1.jpg","id":36193,"extension":"jpg","width":1920,"height":1080,"filesize":70885,"sizes":{"medium":{"width":300,"height":169,"mime-type":"image\/jpeg","filesize":6430,"url":"https:\/\/www.carl-abrc.ca\/wp-content\/uploads\/2024\/09\/NewsFeaturedImage-1-300x169.jpg"},"large":{"width":1024,"height":576,"mime-type":"image\/jpeg","filesize":25935,"url":"https:\/\/www.carl-abrc.ca\/wp-content\/uploads\/2024\/09\/NewsFeaturedImage-1-1024x576.jpg"},"thumbnail":{"width":150,"height":150,"mime-type":"image\/jpeg","filesize":5538,"url":"https:\/\/www.carl-abrc.ca\/wp-content\/uploads\/2024\/09\/NewsFeaturedImage-1-150x150.jpg"},"medium_large":{"width":768,"height":432,"mime-type":"image\/jpeg","filesize":18311,"url":"https:\/\/www.carl-abrc.ca\/wp-content\/uploads\/2024\/09\/NewsFeaturedImage-1-768x432.jpg"},"1536x1536":{"width":1536,"height":864,"mime-type":"image\/jpeg","filesize":42705,"url":"https:\/\/www.carl-abrc.ca\/wp-content\/uploads\/2024\/09\/NewsFeaturedImage-1-1536x864.jpg"},"towngov_91x91":{"width":91,"height":91,"mime-type":"image\/jpeg","filesize":3511,"url":"https:\/\/www.carl-abrc.ca\/wp-content\/uploads\/2024\/09\/NewsFeaturedImage-1-91x91.jpg"},"towngov_403x381":{"width":403,"height":381,"mime-type":"image\/jpeg","filesize":14960,"url":"https:\/\/www.carl-abrc.ca\/wp-content\/uploads\/2024\/09\/NewsFeaturedImage-1-403x381.jpg"},"towngov_372x282":{"width":372,"height":282,"mime-type":"image\/jpeg","filesize":10814,"url":"https:\/\/www.carl-abrc.ca\/wp-content\/uploads\/2024\/09\/NewsFeaturedImage-1-372x282.jpg"},"towngov_372x352":{"width":372,"height":352,"mime-type":"image\/jpeg","filesize":13572,"url":"https:\/\/www.carl-abrc.ca\/wp-content\/uploads\/2024\/09\/NewsFeaturedImage-1-372x352.jpg"},"towngov_375x288":{"width":375,"height":288,"mime-type":"image\/jpeg","filesize":11176,"url":"https:\/\/www.carl-abrc.ca\/wp-content\/uploads\/2024\/09\/NewsFeaturedImage-1-375x288.jpg"},"towngov_372x286":{"width":372,"height":286,"mime-type":"image\/jpeg","filesize":10960,"url":"https:\/\/www.carl-abrc.ca\/wp-content\/uploads\/2024\/09\/NewsFeaturedImage-1-372x286.jpg"},"towngov_376x251":{"width":376,"height":251,"mime-type":"image\/jpeg","filesize":9846,"url":"https:\/\/www.carl-abrc.ca\/wp-content\/uploads\/2024\/09\/NewsFeaturedImage-1-376x251.jpg"},"towngov_250x250":{"width":250,"height":250,"mime-type":"image\/jpeg","filesize":9370,"url":"https:\/\/www.carl-abrc.ca\/wp-content\/uploads\/2024\/09\/NewsFeaturedImage-1-250x250.jpg"},"towngov_465x375":{"width":465,"height":375,"mime-type":"image\/jpeg","filesize":14877,"url":"https:\/\/www.carl-abrc.ca\/wp-content\/uploads\/2024\/09\/NewsFeaturedImage-1-465x375.jpg"},"towngov_190x190":{"width":190,"height":190,"mime-type":"image\/jpeg","filesize":7066,"url":"https:\/\/www.carl-abrc.ca\/wp-content\/uploads\/2024\/09\/NewsFeaturedImage-1-190x190.jpg"},"towngov_550x583":{"width":550,"height":583,"mime-type":"image\/jpeg","filesize":23790,"url":"https:\/\/www.carl-abrc.ca\/wp-content\/uploads\/2024\/09\/NewsFeaturedImage-1-550x583.jpg"},"towngov_1170x451":{"width":1170,"height":451,"mime-type":"image\/jpeg","filesize":27416,"url":"https:\/\/www.carl-abrc.ca\/wp-content\/uploads\/2024\/09\/NewsFeaturedImage-1-1170x451.jpg"},"towngov_1168x510":{"width":1168,"height":510,"mime-type":"image\/jpeg","filesize":28442,"url":"https:\/\/www.carl-abrc.ca\/wp-content\/uploads\/2024\/09\/NewsFeaturedImage-1-1168x510.jpg"},"towngov_69x69":{"width":69,"height":69,"mime-type":"image\/jpeg","filesize":2884,"url":"https:\/\/www.carl-abrc.ca\/wp-content\/uploads\/2024\/09\/NewsFeaturedImage-1-69x69.jpg"},"towngov_1170x515":{"width":1170,"height":515,"mime-type":"image\/jpeg","filesize":28763,"url":"https:\/\/www.carl-abrc.ca\/wp-content\/uploads\/2024\/09\/NewsFeaturedImage-1-1170x515.jpg"},"towngov_1170x414":{"width":1170,"height":414,"mime-type":"image\/jpeg","filesize":26458,"url":"https:\/\/www.carl-abrc.ca\/wp-content\/uploads\/2024\/09\/NewsFeaturedImage-1-1170x414.jpg"}}},"all_day":false,"start_date":"2024-12-17 12:00:00","start_date_details":{"year":"2024","month":"12","day":"17","hour":"12","minutes":"00","seconds":"00"},"end_date":"2024-12-17 13:30:00","end_date_details":{"year":"2024","month":"12","day":"17","hour":"13","minutes":"30","seconds":"00"},"utc_start_date":"2024-12-17 17:00:00","utc_start_date_details":{"year":"2024","month":"12","day":"17","hour":"17","minutes":"00","seconds":"00"},"utc_end_date":"2024-12-17 18:30:00","utc_end_date_details":{"year":"2024","month":"12","day":"17","hour":"18","minutes":"30","seconds":"00"},"timezone":"America\/Toronto","timezone_abbr":"EST","cost":"","cost_details":{"currency_symbol":"$","currency_code":"CAD","currency_position":"prefix","values":[]},"website":"","show_map":false,"show_map_link":true,"hide_from_listings":false,"sticky":false,"featured":false,"categories":[{"name":"\u00c9dition en biblioth\u00e8ques","slug":"edition","term_group":0,"term_taxonomy_id":119,"taxonomy":"tribe_events_cat","description":"","parent":0,"count":6,"filter":"raw","id":119,"urls":{"self":"https:\/\/www.carl-abrc.ca\/fr\/wp-json\/tribe\/events\/v1\/categories\/119","collection":"https:\/\/www.carl-abrc.ca\/fr\/wp-json\/tribe\/events\/v1\/categories"}}],"tags":[],"venue":{"id":37071,"author":"131","status":"publish","date":"2025-06-18 10:11:08","date_utc":"2025-06-18 14:11:08","modified":"2026-03-20 15:16:39","modified_utc":"2026-03-20 19:16:39","url":"https:\/\/www.carl-abrc.ca\/fr\/lieu\/evenement-virtuel-2\/","venue":"\u00c9v\u00e9nement virtuel","slug":"evenement-virtuel-2","json_ld":{"@type":"Place","name":"\u00c9v\u00e9nement virtuel","description":"","url":"","address":{"@type":"PostalAddress"},"telephone":"","sameAs":""},"show_map":false,"show_map_link":false,"global_id":"www.carl-abrc.ca\/fr\/?id=37071","global_id_lineage":["www.carl-abrc.ca\/fr\/?id=37071"]},"organizer":[{"id":37079,"author":"131","status":"publish","date":"2025-06-18 10:25:34","date_utc":"2025-06-18 14:25:34","modified":"2025-06-18 10:25:34","modified_utc":"2025-06-18 14:25:34","url":"https:\/\/www.carl-abrc.ca\/fr\/organisateur\/equipe-dengagement-de-la-communaute-de-ledition-en-bibliotheques\/","organizer":"\u00c9quipe d\u2019engagement de la communaut\u00e9 de l\u2019\u00e9dition en biblioth\u00e8ques","slug":"equipe-dengagement-de-la-communaute-de-ledition-en-bibliotheques","json_ld":{"@type":"Person","name":"\u00c9quipe d\u2019engagement de la communaut\u00e9 de l\u2019\u00e9dition en biblioth\u00e8ques","description":"","url":"","telephone":"","email":"","sameAs":""},"global_id":"www.carl-abrc.ca\/fr\/?id=37079","global_id_lineage":["www.carl-abrc.ca\/fr\/?id=37079"]}],"custom_fields":[],"json_ld":{"@context":"http:\/\/schema.org","@type":"Event","name":"Appel \u00e0 la communaut\u00e9 de l\u2019\u00c9quipe d\u2019engagement de la communaut\u00e9 de l\u2019\u00e9dition en biblioth\u00e8ques de l\u2019ABRC \u2013 Conversion au libre acc\u00e8s diamant","description":"&lt;p&gt;Date : 17 d\u00e9cembre 2024\u00a0 Heure : 12h00 \u00e0 13h30 HE Inscription Joignez-vous \u00e0 l\u2019\u00c9quipe d\u2019engagement de la communaut\u00e9 de l\u2019\u00e9dition en biblioth\u00e8ques de l\u2019ABRC pour notre prochain appel communautaire [&hellip;]&lt;\/p&gt;\\n","image":"https:\/\/www.carl-abrc.ca\/wp-content\/uploads\/2024\/09\/NewsFeaturedImage-1.jpg","url":"https:\/\/www.carl-abrc.ca\/fr\/evenement\/appel-a-la-communaute-de-lequipe-dengagement-de-la-communaute-de-ledition-en-bibliotheques-de-labrc-conversion-au-libre-acces-diamant\/","eventAttendanceMode":"https:\/\/schema.org\/OfflineEventAttendanceMode","eventStatus":"https:\/\/schema.org\/EventScheduled","startDate":"2024-12-17T12:00:00-05:00","endDate":"2024-12-17T13:30:00-05:00","location":{"@type":"Place","name":"\u00c9v\u00e9nement virtuel","description":"","url":"","address":{"@type":"PostalAddress"},"telephone":"","sameAs":""},"organizer":{"@type":"Person","name":"\u00c9quipe d\u2019engagement de la communaut\u00e9 de l\u2019\u00e9dition en biblioth\u00e8ques","description":"","url":"","telephone":"","email":"","sameAs":""},"performer":"Organization"}}