{"id":37637,"global_id":"www.carl-abrc.ca\/fr\/?id=37637","global_id_lineage":["www.carl-abrc.ca\/fr\/?id=37637"],"author":"130","status":"publish","date":"2025-09-13 21:54:09","date_utc":"2025-09-14 01:54:09","modified":"2025-09-13 21:54:09","modified_utc":"2025-09-14 01:54:09","url":"https:\/\/www.carl-abrc.ca\/fr\/evenement\/appel-du-mois-de-mars-de-la-communaute-de-pratique-canadienne-sur-la-bibliometrie-et-limpact-de-la-recherche\/","rest_url":"https:\/\/www.carl-abrc.ca\/fr\/wp-json\/tribe\/events\/v1\/events\/37637","title":"Appel du mois de mars de la Communaut\u00e9 de pratique canadienne sur la bibliom\u00e9trie et l&rsquo;impact de la recherche","description":"<p>Date <strong>:<\/strong> <strong>Le 22 mars 2023<\/strong><br \/>\nHeure<strong> :<\/strong> <strong>13 h \u00e0 14 h 30 HE<br \/>\n<\/strong><br \/>\n<strong>Inscription<\/strong><\/p>\n<p>Nous invitons les personnes de partout au Canada qui s&rsquo;int\u00e9ressent \u00e0 la bibliom\u00e9trie et aux indicateurs d&rsquo;impact de la recherche, y compris celles qui sont simplement curieuses ou qui travaillent \u00e0 l&rsquo;ext\u00e9rieur des biblioth\u00e8ques, \u00e0 participer au l&rsquo;appel du mois de mars de la communaut\u00e9 de pratique canadienne de la bibliom\u00e9trie et de l&rsquo;impact de la recherche.<\/p>\n<p>Bien que notre programme simple, qui consiste \u00e0 faire parler les gens, \u00e0 les mettre en contact et \u00e0 \u00e9tablir des collaborations, n&rsquo;ait pas chang\u00e9, cet appel sera le premier \u00e0 accueillir deux pr\u00e9sentations informelles des membres de notre communaut\u00e9. L&rsquo;objectif est de nous inspirer et de stimuler la discussion par des pr\u00e9sentations interactives sur des sujets qui int\u00e9ressent cette communaut\u00e9. Bien que la discussion de ce mois-ci se d\u00e9roulera principalement en anglais, des mod\u00e9rateurs bilingues seront sur place pour aider les participants \u00e0 contribuer dans la langue officielle de leur choix.<\/p>\n<h1>Pr\u00e9sentation 1 &#8211; Identit\u00e9 et impact de la recherche : Une introduction<\/h1>\n<p>Heather Ganshorn, biblioth\u00e9caire, et Christie Hurrell, biblioth\u00e9caire associ\u00e9e, Libraries and Cultural Resources, University of Calgary<\/p>\n<p>Vous \u00eates nouveau dans le domaine de la bibliom\u00e9trie et de l&rsquo;impact de la recherche ou vous commencez \u00e0 \u00e9tendre vos services d&rsquo;enseignement et de consultation dans ce domaine ? Apprenez \u00e0 conna\u00eetre certains des sujets, outils et concepts de base dans ce domaine. Vous d\u00e9velopperez des comp\u00e9tences qui vous aideront \u00e0 prendre en charge votre propre identit\u00e9 en ligne et \u00e0 suivre l&rsquo;impact de vos recherches, ainsi qu&rsquo;\u00e0 enseigner ces comp\u00e9tences \u00e0 d&rsquo;autres personnes.<\/p>\n<h1>Pr\u00e9sentation 2 &#8211; Qui est responsable de l&rsquo;utilisation responsable des m\u00e9triques ?<\/h1>\n<p>Heather Cunningham, directrice adjointe, Research &amp; Innovation Services, Gerstein Science Information Centre, University of Toronto<\/p>\n<p>L&rsquo;utilisation responsable des mesures est un th\u00e8me r\u00e9current des formations que j\u2019ai faites aux \u00e9tudiant.es dipl\u00f4m\u00e9.es et \u00e0 d&rsquo;autres chercheur.es en d\u00e9but de carri\u00e8re. \u00c0 la r\u00e9flexion, il est peut-\u00eatre plus juste de parler de \u00ab perception responsable \u00bb des mesures, car les \u00e9tudiants dipl\u00f4m\u00e9s et les membres du corps enseignant ne sont pas les principaux<br \/>\n\u00ab utilisateurs \u00bb de ces mesures. Dans le milieu universitaire, on parle souvent de l&rsquo;utilisation responsable des m\u00e9triques, mais quelle est la valeur de ces discussions et ateliers lorsque les syst\u00e8mes de r\u00e9compense, les utilisateurs et les chercheurs individuels sont d\u00e9connect\u00e9s ? Venez participer \u00e0 une discussion sur les d\u00e9fis de l&rsquo;enseignement des mesures de la recherche et des indicateurs d&rsquo;impact qualitatifs.<\/p>\n<p><strong>Animatrice :<\/strong> Farah Frisen, Research &amp; Strategy Associate, University Health Network<\/p>\n<p>Les appels communautaires sont organis\u00e9s par le Comit\u00e9 directeur de la communaut\u00e9 de pratique canadienne sur la bibliom\u00e9trie et l\u2019impact de la recherche de l&rsquo;ABRC :<\/p>\n<ul>\n<li>Philippe Boisvert, Universit\u00e9 Laval<\/li>\n<li>Laura Bredahl, University of Waterloo<\/li>\n<li>Christine Brodeur, Conseil national de recherches Canada \/ National Research Council Canada<\/li>\n<li>Thane Chambers, University of Alberta<\/li>\n<li>Rachel Couban, McMaster University<\/li>\n<li>Monique Grenier, University of Victoria<\/li>\n<li>Mindy Thuna, University of Toronto<\/li>\n<\/ul>","excerpt":"","slug":"appel-du-mois-de-mars-de-la-communaute-de-pratique-canadienne-sur-la-bibliometrie-et-limpact-de-la-recherche","image":{"url":"https:\/\/www.carl-abrc.ca\/wp-content\/uploads\/2024\/09\/NewsFeaturedImage-1.jpg","id":36193,"extension":"jpg","width":1920,"height":1080,"filesize":70885,"sizes":{"medium":{"width":300,"height":169,"mime-type":"image\/jpeg","filesize":6430,"url":"https:\/\/www.carl-abrc.ca\/wp-content\/uploads\/2024\/09\/NewsFeaturedImage-1-300x169.jpg"},"large":{"width":1024,"height":576,"mime-type":"image\/jpeg","filesize":25935,"url":"https:\/\/www.carl-abrc.ca\/wp-content\/uploads\/2024\/09\/NewsFeaturedImage-1-1024x576.jpg"},"thumbnail":{"width":150,"height":150,"mime-type":"image\/jpeg","filesize":5538,"url":"https:\/\/www.carl-abrc.ca\/wp-content\/uploads\/2024\/09\/NewsFeaturedImage-1-150x150.jpg"},"medium_large":{"width":768,"height":432,"mime-type":"image\/jpeg","filesize":18311,"url":"https:\/\/www.carl-abrc.ca\/wp-content\/uploads\/2024\/09\/NewsFeaturedImage-1-768x432.jpg"},"1536x1536":{"width":1536,"height":864,"mime-type":"image\/jpeg","filesize":42705,"url":"https:\/\/www.carl-abrc.ca\/wp-content\/uploads\/2024\/09\/NewsFeaturedImage-1-1536x864.jpg"},"towngov_91x91":{"width":91,"height":91,"mime-type":"image\/jpeg","filesize":3511,"url":"https:\/\/www.carl-abrc.ca\/wp-content\/uploads\/2024\/09\/NewsFeaturedImage-1-91x91.jpg"},"towngov_403x381":{"width":403,"height":381,"mime-type":"image\/jpeg","filesize":14960,"url":"https:\/\/www.carl-abrc.ca\/wp-content\/uploads\/2024\/09\/NewsFeaturedImage-1-403x381.jpg"},"towngov_372x282":{"width":372,"height":282,"mime-type":"image\/jpeg","filesize":10814,"url":"https:\/\/www.carl-abrc.ca\/wp-content\/uploads\/2024\/09\/NewsFeaturedImage-1-372x282.jpg"},"towngov_372x352":{"width":372,"height":352,"mime-type":"image\/jpeg","filesize":13572,"url":"https:\/\/www.carl-abrc.ca\/wp-content\/uploads\/2024\/09\/NewsFeaturedImage-1-372x352.jpg"},"towngov_375x288":{"width":375,"height":288,"mime-type":"image\/jpeg","filesize":11176,"url":"https:\/\/www.carl-abrc.ca\/wp-content\/uploads\/2024\/09\/NewsFeaturedImage-1-375x288.jpg"},"towngov_372x286":{"width":372,"height":286,"mime-type":"image\/jpeg","filesize":10960,"url":"https:\/\/www.carl-abrc.ca\/wp-content\/uploads\/2024\/09\/NewsFeaturedImage-1-372x286.jpg"},"towngov_376x251":{"width":376,"height":251,"mime-type":"image\/jpeg","filesize":9846,"url":"https:\/\/www.carl-abrc.ca\/wp-content\/uploads\/2024\/09\/NewsFeaturedImage-1-376x251.jpg"},"towngov_250x250":{"width":250,"height":250,"mime-type":"image\/jpeg","filesize":9370,"url":"https:\/\/www.carl-abrc.ca\/wp-content\/uploads\/2024\/09\/NewsFeaturedImage-1-250x250.jpg"},"towngov_465x375":{"width":465,"height":375,"mime-type":"image\/jpeg","filesize":14877,"url":"https:\/\/www.carl-abrc.ca\/wp-content\/uploads\/2024\/09\/NewsFeaturedImage-1-465x375.jpg"},"towngov_190x190":{"width":190,"height":190,"mime-type":"image\/jpeg","filesize":7066,"url":"https:\/\/www.carl-abrc.ca\/wp-content\/uploads\/2024\/09\/NewsFeaturedImage-1-190x190.jpg"},"towngov_550x583":{"width":550,"height":583,"mime-type":"image\/jpeg","filesize":23790,"url":"https:\/\/www.carl-abrc.ca\/wp-content\/uploads\/2024\/09\/NewsFeaturedImage-1-550x583.jpg"},"towngov_1170x451":{"width":1170,"height":451,"mime-type":"image\/jpeg","filesize":27416,"url":"https:\/\/www.carl-abrc.ca\/wp-content\/uploads\/2024\/09\/NewsFeaturedImage-1-1170x451.jpg"},"towngov_1168x510":{"width":1168,"height":510,"mime-type":"image\/jpeg","filesize":28442,"url":"https:\/\/www.carl-abrc.ca\/wp-content\/uploads\/2024\/09\/NewsFeaturedImage-1-1168x510.jpg"},"towngov_69x69":{"width":69,"height":69,"mime-type":"image\/jpeg","filesize":2884,"url":"https:\/\/www.carl-abrc.ca\/wp-content\/uploads\/2024\/09\/NewsFeaturedImage-1-69x69.jpg"},"towngov_1170x515":{"width":1170,"height":515,"mime-type":"image\/jpeg","filesize":28763,"url":"https:\/\/www.carl-abrc.ca\/wp-content\/uploads\/2024\/09\/NewsFeaturedImage-1-1170x515.jpg"},"towngov_1170x414":{"width":1170,"height":414,"mime-type":"image\/jpeg","filesize":26458,"url":"https:\/\/www.carl-abrc.ca\/wp-content\/uploads\/2024\/09\/NewsFeaturedImage-1-1170x414.jpg"}}},"all_day":false,"start_date":"2023-03-22 13:00:00","start_date_details":{"year":"2023","month":"03","day":"22","hour":"13","minutes":"00","seconds":"00"},"end_date":"2023-03-22 14:30:00","end_date_details":{"year":"2023","month":"03","day":"22","hour":"14","minutes":"30","seconds":"00"},"utc_start_date":"2023-03-22 17:00:00","utc_start_date_details":{"year":"2023","month":"03","day":"22","hour":"17","minutes":"00","seconds":"00"},"utc_end_date":"2023-03-22 18:30:00","utc_end_date_details":{"year":"2023","month":"03","day":"22","hour":"18","minutes":"30","seconds":"00"},"timezone":"America\/Toronto","timezone_abbr":"EDT","cost":"","cost_details":{"currency_symbol":"$","currency_code":"CAD","currency_position":"prefix","values":[]},"website":"","show_map":false,"show_map_link":true,"hide_from_listings":false,"sticky":false,"featured":false,"categories":[{"name":"Bibliom\u00e9trie","slug":"bibliometrie","term_group":0,"term_taxonomy_id":114,"taxonomy":"tribe_events_cat","description":"","parent":0,"count":24,"filter":"raw","id":114,"urls":{"self":"https:\/\/www.carl-abrc.ca\/fr\/wp-json\/tribe\/events\/v1\/categories\/114","collection":"https:\/\/www.carl-abrc.ca\/fr\/wp-json\/tribe\/events\/v1\/categories"}}],"tags":[],"venue":{"id":37071,"author":"131","status":"publish","date":"2025-06-18 10:11:08","date_utc":"2025-06-18 14:11:08","modified":"2026-03-20 15:16:39","modified_utc":"2026-03-20 19:16:39","url":"https:\/\/www.carl-abrc.ca\/fr\/lieu\/evenement-virtuel-2\/","venue":"\u00c9v\u00e9nement virtuel","slug":"evenement-virtuel-2","json_ld":{"@type":"Place","name":"\u00c9v\u00e9nement virtuel","description":"","url":"","address":{"@type":"PostalAddress"},"telephone":"","sameAs":""},"show_map":false,"show_map_link":false,"global_id":"www.carl-abrc.ca\/fr\/?id=37071","global_id_lineage":["www.carl-abrc.ca\/fr\/?id=37071"]},"organizer":[{"id":37088,"author":"131","status":"publish","date":"2025-06-18 10:30:14","date_utc":"2025-06-18 14:30:14","modified":"2025-06-18 10:30:14","modified_utc":"2025-06-18 14:30:14","url":"https:\/\/www.carl-abrc.ca\/fr\/organisateur\/communaute-de-pratique-sur-la-bibliometrie-et-limpact-de-la-recherche\/","organizer":"Communaut\u00e9 de pratique sur la bibliom\u00e9trie et l&rsquo;impact de la recherche","slug":"communaute-de-pratique-sur-la-bibliometrie-et-limpact-de-la-recherche","json_ld":{"@type":"Person","name":"Communaut\u00e9 de pratique sur la bibliom\u00e9trie et l&rsquo;impact de la recherche","description":"","url":"","telephone":"","email":"","sameAs":""},"global_id":"www.carl-abrc.ca\/fr\/?id=37088","global_id_lineage":["www.carl-abrc.ca\/fr\/?id=37088"]}],"custom_fields":[],"json_ld":{"@context":"http:\/\/schema.org","@type":"Event","name":"Appel du mois de mars de la Communaut\u00e9 de pratique canadienne sur la bibliom\u00e9trie et l&rsquo;impact de la recherche","description":"&lt;p&gt;Date : Le 22 mars 2023 Heure : 13 h \u00e0 14 h 30 HE Inscription Nous invitons les personnes de partout au Canada qui s\\'int\u00e9ressent \u00e0 la bibliom\u00e9trie et [&hellip;]&lt;\/p&gt;\\n","image":"https:\/\/www.carl-abrc.ca\/wp-content\/uploads\/2024\/09\/NewsFeaturedImage-1.jpg","url":"https:\/\/www.carl-abrc.ca\/fr\/evenement\/appel-du-mois-de-mars-de-la-communaute-de-pratique-canadienne-sur-la-bibliometrie-et-limpact-de-la-recherche\/","eventAttendanceMode":"https:\/\/schema.org\/OfflineEventAttendanceMode","eventStatus":"https:\/\/schema.org\/EventScheduled","startDate":"2023-03-22T13:00:00-04:00","endDate":"2023-03-22T14:30:00-04:00","location":{"@type":"Place","name":"\u00c9v\u00e9nement virtuel","description":"","url":"","address":{"@type":"PostalAddress"},"telephone":"","sameAs":""},"organizer":{"@type":"Person","name":"Communaut\u00e9 de pratique sur la bibliom\u00e9trie et l&rsquo;impact de la recherche","description":"","url":"","telephone":"","email":"","sameAs":""},"performer":"Organization"}}