{"id":39574,"global_id":"www.carl-abrc.ca\/fr\/?id=39574","global_id_lineage":["www.carl-abrc.ca\/fr\/?id=39574"],"author":"131","status":"publish","date":"2026-01-26 11:33:19","date_utc":"2026-01-26 16:33:19","modified":"2026-02-06 13:05:02","modified_utc":"2026-02-06 18:05:02","url":"https:\/\/www.carl-abrc.ca\/fr\/evenement\/2026-reunion-de-printemps-des-membres\/","rest_url":"https:\/\/www.carl-abrc.ca\/fr\/wp-json\/tribe\/events\/v1\/events\/39574","title":"2026 R\u00e9union de printemps des membres","description":"<p  >\n\t<a href=\"https:\/\/www.carl-abrc.ca\/events\/\" >&laquo; All Events<\/a>\n<\/p>\n<h1  >\n\t2026 R\u00e9union de printemps des membres<\/h1>\n<p  >\n\t\t\tMay 25, 2026<br \/>\n\t  &#8211;<br \/>\n\tMay 28, 2026\n\t<\/p>\n<p>L\u2019Association des biblioth\u00e8ques de recherche du Canada a le plaisir d\u2019inviter les directeurs membres \u00e0 la R\u00e9union du printemps de 2026. Cette rencontre annuelle sert de plateforme pour l\u2019\u00e9change d\u2019id\u00e9es, la planification strat\u00e9gique et les discussions collaboratives qui fa\u00e7onnent l\u2019avenir des biblioth\u00e8ques de recherche \u00e0 travers le Canada.<\/p>\n<p>\t\t\t\t\t<a role=\"button\"><br \/>\n\t\t\t\t<svg aria-hidden=\"true\" viewBox=\"0 0 384 512\" xmlns=\"http:\/\/www.w3.org\/2000\/svg\"><path d=\"M181.9 256.1c-5-16-4.9-46.9-2-46.9 8.4 0 7.6 36.9 2 46.9zm-1.7 47.2c-7.7 20.2-17.3 43.3-28.4 62.7 18.3-7 39-17.2 62.9-21.9-12.7-9.6-24.9-23.4-34.5-40.8zM86.1 428.1c0 .8 13.2-5.4 34.9-40.2-6.7 6.3-29.1 24.5-34.9 40.2zM248 160h136v328c0 13.3-10.7 24-24 24H24c-13.3 0-24-10.7-24-24V24C0 10.7 10.7 0 24 0h200v136c0 13.2 10.8 24 24 24zm-8 171.8c-20-12.2-33.3-29-42.7-53.8 4.5-18.5 11.6-46.6 6.2-64.2-4.7-29.4-42.4-26.5-47.8-6.8-5 18.3-.4 44.1 8.1 77-11.6 27.6-28.7 64.6-40.8 85.8-.1 0-.1.1-.2.1-27.1 13.9-73.6 44.5-54.5 68 5.6 6.9 16 10 21.5 10 17.9 0 35.7-18 61.1-61.8 25.8-8.5 54.1-19.1 79-23.2 21.7 11.8 47.1 19.5 64 19.5 29.2 0 31.2-32 19.7-43.4-13.9-13.6-54.3-9.7-73.6-7.2zM377 105L279 7c-4.5-4.5-10.6-7-17-7h-6v128h128v-6.1c0-6.3-2.5-12.4-7-16.9zm-74.1 255.3c4.1-2.7-2.5-11.9-42.8-9 37.1 15.8 42.8 9 42.8 9z\"><\/path><\/svg><br \/>\n\t\t\t\t\t\t\t\t\t2026 Spring Member Meeting Program (PDF)<br \/>\n\t\t\t\t\t<\/a><\/p>\n<h3  >\n\tAlt Hotel St. John&#8217;s<\/h3>\n<address  >\n125 Water Street<br \/>\n\t\t<br \/>\n\t\tSt. John&#039;s,<br \/>\n\t<abbr title=\"Newfoundland and Labrador\">Newfoundland and Labrador<\/abbr><br \/>\n\tA1C 5X4<br \/>\n\tCanada<br \/>\n<\/address>\n<p  >\n\t<a href=\"https:\/\/maps.google.com\/maps?f=q&#038;source=s_q&#038;hl=en&#038;geocode=&#038;q=125+Water+Street+St.+John%26%23039%3Bs+Newfoundland+and+Labrador+A1C+5X4+Canada\" title=\"Click to view a Google Map\" target=\"_blank\" rel=\"noreferrer noopener\">+ Google Map<\/a><\/p>\n<p   >\n\t\t\t\t\t<a  \t\t\thref=\"tel:(709)383-2125\"\n\t\t><br \/>\n\t\t\t(709) 383-2125\t\t\t<\/a>\n\t<\/p>\n<p  >\n\t<a href=\"https:\/\/www.germainhotels.com\/en\/alt-hotel\/st-johns\" target=\"_self\" rel=\"external\">View Venue Website<\/a><\/p>\n<p><iframe\n  title=\"Google maps iframe displaying the address to Alt Hotel St. John&#8217;s\"\n  aria-label=\"Venue location map\"\n  width=\"100%\"\n  height=\"100%\"\n  frameborder=\"0\" style=\"border:0\"\n  src=\"https:\/\/www.google.com\/maps\/embed\/v1\/place?key=AIzaSyDNsicAsP6-VuGtAb1O9riI3oc_NOb7IOU&#038;q=125+Water+Street+St.+John%26%23039%3Bs+Newfoundland+and+Labrador+A1C+5X4+Canada+&#038;zoom=10\" allowfullscreen><br \/>\n<\/iframe><br \/>\n\t\t\t\t\t<button id=\"e-n-tab-title-19468174931\" data-tab-title-id=\"e-n-tab-title-19468174931\" aria-selected=\"true\" data-tab-index=\"1\" role=\"tab\" tabindex=\"0\" aria-controls=\"e-n-tab-content-19468174931\" style=\"--n-tabs-title-order: 1;\"><br \/>\n\t\t\t\tH\u00e9bergement<br \/>\n\t\t<\/button><br \/>\n\t\t\t\t<button id=\"e-n-tab-title-19468174932\" data-tab-title-id=\"e-n-tab-title-19468174932\" aria-selected=\"false\" data-tab-index=\"2\" role=\"tab\" tabindex=\"-1\" aria-controls=\"e-n-tab-content-19468174932\" style=\"--n-tabs-title-order: 2;\"><br \/>\n\t\t\t\tProgramme<br \/>\n\t\t<\/button><br \/>\n\t\t\t\t<button id=\"e-n-tab-title-19468174933\" data-tab-title-id=\"e-n-tab-title-19468174933\" aria-selected=\"false\" data-tab-index=\"3\" role=\"tab\" tabindex=\"-1\" aria-controls=\"e-n-tab-content-19468174933\" style=\"--n-tabs-title-order: 3;\"><br \/>\n\t\t\t\tSessions<br \/>\n\t\t<\/button><br \/>\n\t\t\t\t<button id=\"e-n-tab-title-19468174934\" data-tab-title-id=\"e-n-tab-title-19468174934\" aria-selected=\"false\" data-tab-index=\"4\" role=\"tab\" tabindex=\"-1\" aria-controls=\"e-n-tab-content-19468174934\" style=\"--n-tabs-title-order: 4;\"><br \/>\n\t\t\t\tConf\u00e9renciers.\u00e8res<br \/>\n\t\t<\/button><br \/>\n\t\t\t\t<button id=\"e-n-tab-title-19468174935\" data-tab-title-id=\"e-n-tab-title-19468174935\" aria-selected=\"false\" data-tab-index=\"5\" role=\"tab\" tabindex=\"-1\" aria-controls=\"e-n-tab-content-19468174935\" style=\"--n-tabs-title-order: 5;\"><br \/>\n\t\t\t\tR\u00e9unions r\u00e9centes<br \/>\n\t\t<\/button><\/p>\n<h2>H\u00e9bergement<\/h2>\n<p>Alt Hotel St. John&#8217;s<br \/>125 Water Street, St. John&#8217;s, NL A1C 5X4<br \/>Tel: <a href=\"https:\/\/www.google.com\/search?q=Alt+Hotel+St.+John%27s+125+Water+Street%2C+St.+John%27s%2C+NL+A1C+5X4&amp;rlz=1C1VDKB_enCA1100CA1100&amp;oq=Alt+Hotel+St.+John%27s+125+Water+Street%2C+St.+John%27s%2C+NL+A1C+5X4&amp;gs_lcrp=EgZjaHJvbWUyBggAEEUYOTIHCAEQIRiPAjIHCAIQIRiPAtIBBzI0NmowajeoAgCwAgA&amp;sourceid=chrome&amp;ie=UTF-8#\" data-dtype=\"d3ph\" data-local-attribute=\"d3ph\" data-ved=\"2ahUKEwiRrOaPz6mSAxUhM1kFHXLpHIUQkAgoAHoECDYQAw\">(709) 383-2125<\/a><br \/><a href=\"https:\/\/www.germainhotels.com\/en\/alt-hotel\/st-johns\" target=\"_blank\" rel=\"noopener\">Site web de l&#8217;hotel<\/a><\/p>\n<p>Un bloc de chambres a \u00e9t\u00e9 r\u00e9serv\u00e9 pour la p\u00e9riode du 24 au 29 mai 2026, \u00e0 un tarif pr\u00e9f\u00e9rentiel de 189 \u00e0 199 $ CA par nuit. Ce tarif sp\u00e9cial sera disponible jusqu&#8217;au <strong>mercredi 10 avril 2026<\/strong> ou jusqu&#8217;\u00e0 \u00e9puisement du bloc de chambres, selon la premi\u00e8re \u00e9ventualit\u00e9. Nous vous recommandons de r\u00e9server t\u00f4t afin de garantir la disponibilit\u00e9.<\/p>\n<p>\t\t\t\t\t<a href=\"https:\/\/reservation.germainhotels.com\/ibe\/details.aspx?propertyid=17529&#038;nights=11&#038;checkin=05\/21\/2026&#038;group=2605CARLSP&#038;lang=en-us&#038;adults=1&#038;childAges=\" target=\"_blank\"><br \/>\n\t\t\t\t<svg aria-hidden=\"true\" viewBox=\"0 0 448 512\" xmlns=\"http:\/\/www.w3.org\/2000\/svg\"><path d=\"M448 80v352c0 26.51-21.49 48-48 48H48c-26.51 0-48-21.49-48-48V80c0-26.51 21.49-48 48-48h352c26.51 0 48 21.49 48 48zm-88 16H248.029c-21.313 0-32.08 25.861-16.971 40.971l31.984 31.987L67.515 364.485c-4.686 4.686-4.686 12.284 0 16.971l31.029 31.029c4.687 4.686 12.285 4.686 16.971 0l195.526-195.526 31.988 31.991C358.058 263.977 384 253.425 384 231.979V120c0-13.255-10.745-24-24-24z\"><\/path><\/svg><br \/>\n\t\t\t\t\t\t\t\t\tLien de r\u00e9servation<br \/>\n\t\t\t\t\t<\/a><br \/>\n\t\t\t\t\t<button id=\"e-n-tab-title-3731152721\" data-tab-title-id=\"e-n-tab-title-3731152721\" aria-selected=\"true\" data-tab-index=\"1\" role=\"tab\" tabindex=\"0\" aria-controls=\"e-n-tab-content-3731152721\" style=\"--n-tabs-title-order: 1;\"><br \/>\n\t\t\t\tLundi 25 mai<br \/>\n\t\t<\/button><br \/>\n\t\t\t\t<button id=\"e-n-tab-title-3731152722\" data-tab-title-id=\"e-n-tab-title-3731152722\" aria-selected=\"false\" data-tab-index=\"2\" role=\"tab\" tabindex=\"-1\" aria-controls=\"e-n-tab-content-3731152722\" style=\"--n-tabs-title-order: 2;\"><br \/>\n\t\t\t\tMardi 26 mai<br \/>\n\t\t<\/button><br \/>\n\t\t\t\t<button id=\"e-n-tab-title-3731152723\" data-tab-title-id=\"e-n-tab-title-3731152723\" aria-selected=\"false\" data-tab-index=\"3\" role=\"tab\" tabindex=\"-1\" aria-controls=\"e-n-tab-content-3731152723\" style=\"--n-tabs-title-order: 3;\"><br \/>\n\t\t\t\tMercredi 27 mai<br \/>\n\t\t<\/button><br \/>\n\t\t\t\t<button id=\"e-n-tab-title-3731152724\" data-tab-title-id=\"e-n-tab-title-3731152724\" aria-selected=\"false\" data-tab-index=\"4\" role=\"tab\" tabindex=\"-1\" aria-controls=\"e-n-tab-content-3731152724\" style=\"--n-tabs-title-order: 4;\"><br \/>\n\t\t\t\tJeudi 28 mai<br \/>\n\t\t<\/button><\/p>\n<p>\u00c0 d\u00e9terminer.<\/p>\n<p>\u00c0 d\u00e9terminer.<\/p>\n<p>\u00c0 d\u00e9terminer.<\/p>\n<p>\u00c0 d\u00e9terminer.<\/p>\n<p>\t\t\t\t\t<a role=\"button\"><br \/>\n\t\t\t\t<svg aria-hidden=\"true\" viewBox=\"0 0 384 512\" xmlns=\"http:\/\/www.w3.org\/2000\/svg\"><path d=\"M181.9 256.1c-5-16-4.9-46.9-2-46.9 8.4 0 7.6 36.9 2 46.9zm-1.7 47.2c-7.7 20.2-17.3 43.3-28.4 62.7 18.3-7 39-17.2 62.9-21.9-12.7-9.6-24.9-23.4-34.5-40.8zM86.1 428.1c0 .8 13.2-5.4 34.9-40.2-6.7 6.3-29.1 24.5-34.9 40.2zM248 160h136v328c0 13.3-10.7 24-24 24H24c-13.3 0-24-10.7-24-24V24C0 10.7 10.7 0 24 0h200v136c0 13.2 10.8 24 24 24zm-8 171.8c-20-12.2-33.3-29-42.7-53.8 4.5-18.5 11.6-46.6 6.2-64.2-4.7-29.4-42.4-26.5-47.8-6.8-5 18.3-.4 44.1 8.1 77-11.6 27.6-28.7 64.6-40.8 85.8-.1 0-.1.1-.2.1-27.1 13.9-73.6 44.5-54.5 68 5.6 6.9 16 10 21.5 10 17.9 0 35.7-18 61.1-61.8 25.8-8.5 54.1-19.1 79-23.2 21.7 11.8 47.1 19.5 64 19.5 29.2 0 31.2-32 19.7-43.4-13.9-13.6-54.3-9.7-73.6-7.2zM377 105L279 7c-4.5-4.5-10.6-7-17-7h-6v128h128v-6.1c0-6.3-2.5-12.4-7-16.9zm-74.1 255.3c4.1-2.7-2.5-11.9-42.8-9 37.1 15.8 42.8 9 42.8 9z\"><\/path><\/svg><br \/>\n\t\t\t\t\t\t\t\t\t2026 Spring Member Meeting Program (PDF)<br \/>\n\t\t\t\t\t<\/a><\/p>\n<p>\u00c0 d\u00e9terminer.<\/p>\n<p>\u00c0 d\u00e9terminer.<\/p>\n<ul>\n<li>\n<h4><a href=\"https:\/\/www.carl-abrc.ca\/fr\/event\/2025-reunion-de-lautomne-des-membres\/\" rel=\"bookmark\">2025 Fall Member Meeting<\/a><\/h4>\n<p>November 17, 2025 &#8211; November 20, 2025<em> at <\/em>Fairmont Le Ch\u00e2teau Montebello<\/li>\n<li>\n<h4><a href=\"https:\/\/www.carl-abrc.ca\/fr\/event\/2025-reunion-de-printemps-des-membres\/\" rel=\"bookmark\">2025 Spring Member Meeting<\/a><\/h4>\n<p>May 26, 2025 @ 09:00 &#8211; May 29, 2025 @ 16:00  EDT <em> at <\/em>Inn at the Forks, Winnipeg, Manitoba<\/li>\n<li>\n<h4><a href=\"https:\/\/www.carl-abrc.ca\/fr\/event\/2024-reunion-dautomne-des-membres\/\" rel=\"bookmark\">2024 Fall Member Meeting<\/a><\/h4>\n<p>November 18, 2024 &#8211; November 20, 2024<em> at <\/em>Delta Hotels Ottawa City Centre<\/li>\n<li>\n<h4><a href=\"https:\/\/www.carl-abrc.ca\/fr\/event\/2024-reunion-de-printemps-des-membres\/\" rel=\"bookmark\">2024 Spring Member Meeting<\/a><\/h4>\n<p>April 22, 2024 &#8211; April 25, 2024<em> at <\/em>Montreal, Quebec<\/li>\n<li>\n<h4><a href=\"https:\/\/www.carl-abrc.ca\/fr\/event\/2023-reunion-de-lautomne-des-membres\/\" rel=\"bookmark\">2023 Fall Member Meeting<\/a><\/h4>\n<p>November 27, 2023 &#8211; November 30, 2023<em> at <\/em>Fairmont Le Ch\u00e2teau Montebello<\/li>\n<\/ul>\n<p><!--\n Event listing powered by The Events Calendar Shortcode\n https:\/\/eventcalendarnewsletter.com\/the-events-calendar-shortcode\/ \n--><br \/>\n\t\t\t\t\t<a href=\"https:\/\/www.carl-abrc.ca\/fr\/a-propos-de-labrc\/membres\/reunions-des-membres\/\"><br \/>\n\t\t\t\t\t\t\t\t\tVoir tous les r\u00e9unions des membres<br \/>\n\t\t\t\t\t<\/a><\/p>\n<h2>H\u00e9bergement<\/h2>\n<p>Alt Hotel St. John&rsquo;s<br \/>125 Water Street, St. John&rsquo;s, NL A1C 5X4<br \/>Tel: <a href=\"https:\/\/www.google.com\/search?q=Alt+Hotel+St.+John%27s+125+Water+Street%2C+St.+John%27s%2C+NL+A1C+5X4&amp;rlz=1C1VDKB_enCA1100CA1100&amp;oq=Alt+Hotel+St.+John%27s+125+Water+Street%2C+St.+John%27s%2C+NL+A1C+5X4&amp;gs_lcrp=EgZjaHJvbWUyBggAEEUYOTIHCAEQIRiPAjIHCAIQIRiPAtIBBzI0NmowajeoAgCwAgA&amp;sourceid=chrome&amp;ie=UTF-8#\" data-dtype=\"d3ph\" data-local-attribute=\"d3ph\" data-ved=\"2ahUKEwiRrOaPz6mSAxUhM1kFHXLpHIUQkAgoAHoECDYQAw\">(709) 383-2125<\/a><br \/><a href=\"https:\/\/www.germainhotels.com\/en\/alt-hotel\/st-johns\" target=\"_blank\" rel=\"noopener\">Site web de l&rsquo;hotel<\/a><\/p>\n<p>Un bloc de chambres a \u00e9t\u00e9 r\u00e9serv\u00e9 pour la p\u00e9riode du 24 au 29 mai 2026, \u00e0 un tarif pr\u00e9f\u00e9rentiel de 189 \u00e0 199 $ CA par nuit. Ce tarif sp\u00e9cial sera disponible jusqu&rsquo;au <strong>mercredi 10 avril 2026<\/strong> ou jusqu&rsquo;\u00e0 \u00e9puisement du bloc de chambres, selon la premi\u00e8re \u00e9ventualit\u00e9. Nous vous recommandons de r\u00e9server t\u00f4t afin de garantir la disponibilit\u00e9.<\/p>\n<p>\t\t\t\t\t<a href=\"https:\/\/reservation.germainhotels.com\/ibe\/details.aspx?propertyid=17529&#038;nights=11&#038;checkin=05\/21\/2026&#038;group=2605CARLSP&#038;lang=en-us&#038;adults=1&#038;childAges=\" target=\"_blank\"><br \/>\n\t\t\t\t<svg aria-hidden=\"true\" viewBox=\"0 0 448 512\" xmlns=\"http:\/\/www.w3.org\/2000\/svg\"><path d=\"M448 80v352c0 26.51-21.49 48-48 48H48c-26.51 0-48-21.49-48-48V80c0-26.51 21.49-48 48-48h352c26.51 0 48 21.49 48 48zm-88 16H248.029c-21.313 0-32.08 25.861-16.971 40.971l31.984 31.987L67.515 364.485c-4.686 4.686-4.686 12.284 0 16.971l31.029 31.029c4.687 4.686 12.285 4.686 16.971 0l195.526-195.526 31.988 31.991C358.058 263.977 384 253.425 384 231.979V120c0-13.255-10.745-24-24-24z\"><\/path><\/svg><br \/>\n\t\t\t\t\t\t\t\t\tLien de r\u00e9servation<br \/>\n\t\t\t\t\t<\/a><br \/>\n\t\t\t\t\t<button id=\"e-n-tab-title-3731152721\" data-tab-title-id=\"e-n-tab-title-3731152721\" aria-selected=\"true\" data-tab-index=\"1\" role=\"tab\" tabindex=\"0\" aria-controls=\"e-n-tab-content-3731152721\" style=\"--n-tabs-title-order: 1;\"><br \/>\n\t\t\t\tLundi 25 mai<br \/>\n\t\t<\/button><br \/>\n\t\t\t\t<button id=\"e-n-tab-title-3731152722\" data-tab-title-id=\"e-n-tab-title-3731152722\" aria-selected=\"false\" data-tab-index=\"2\" role=\"tab\" tabindex=\"-1\" aria-controls=\"e-n-tab-content-3731152722\" style=\"--n-tabs-title-order: 2;\"><br \/>\n\t\t\t\tMardi 26 mai<br \/>\n\t\t<\/button><br \/>\n\t\t\t\t<button id=\"e-n-tab-title-3731152723\" data-tab-title-id=\"e-n-tab-title-3731152723\" aria-selected=\"false\" data-tab-index=\"3\" role=\"tab\" tabindex=\"-1\" aria-controls=\"e-n-tab-content-3731152723\" style=\"--n-tabs-title-order: 3;\"><br \/>\n\t\t\t\tMercredi 27 mai<br \/>\n\t\t<\/button><br \/>\n\t\t\t\t<button id=\"e-n-tab-title-3731152724\" data-tab-title-id=\"e-n-tab-title-3731152724\" aria-selected=\"false\" data-tab-index=\"4\" role=\"tab\" tabindex=\"-1\" aria-controls=\"e-n-tab-content-3731152724\" style=\"--n-tabs-title-order: 4;\"><br \/>\n\t\t\t\tJeudi 28 mai<br \/>\n\t\t<\/button><\/p>\n<p>\u00c0 d\u00e9terminer.<\/p>\n<p>\u00c0 d\u00e9terminer.<\/p>\n<p>\u00c0 d\u00e9terminer.<\/p>\n<p>\u00c0 d\u00e9terminer.<\/p>\n<p>\u00c0 d\u00e9terminer.<\/p>\n<p>\u00c0 d\u00e9terminer.<\/p>\n<p>\u00c0 d\u00e9terminer.<\/p>\n<p>\u00c0 d\u00e9terminer.<\/p>\n<p>\t\t\t\t\t<a role=\"button\"><br \/>\n\t\t\t\t<svg aria-hidden=\"true\" viewBox=\"0 0 384 512\" xmlns=\"http:\/\/www.w3.org\/2000\/svg\"><path d=\"M181.9 256.1c-5-16-4.9-46.9-2-46.9 8.4 0 7.6 36.9 2 46.9zm-1.7 47.2c-7.7 20.2-17.3 43.3-28.4 62.7 18.3-7 39-17.2 62.9-21.9-12.7-9.6-24.9-23.4-34.5-40.8zM86.1 428.1c0 .8 13.2-5.4 34.9-40.2-6.7 6.3-29.1 24.5-34.9 40.2zM248 160h136v328c0 13.3-10.7 24-24 24H24c-13.3 0-24-10.7-24-24V24C0 10.7 10.7 0 24 0h200v136c0 13.2 10.8 24 24 24zm-8 171.8c-20-12.2-33.3-29-42.7-53.8 4.5-18.5 11.6-46.6 6.2-64.2-4.7-29.4-42.4-26.5-47.8-6.8-5 18.3-.4 44.1 8.1 77-11.6 27.6-28.7 64.6-40.8 85.8-.1 0-.1.1-.2.1-27.1 13.9-73.6 44.5-54.5 68 5.6 6.9 16 10 21.5 10 17.9 0 35.7-18 61.1-61.8 25.8-8.5 54.1-19.1 79-23.2 21.7 11.8 47.1 19.5 64 19.5 29.2 0 31.2-32 19.7-43.4-13.9-13.6-54.3-9.7-73.6-7.2zM377 105L279 7c-4.5-4.5-10.6-7-17-7h-6v128h128v-6.1c0-6.3-2.5-12.4-7-16.9zm-74.1 255.3c4.1-2.7-2.5-11.9-42.8-9 37.1 15.8 42.8 9 42.8 9z\"><\/path><\/svg><br \/>\n\t\t\t\t\t\t\t\t\t2026 Spring Member Meeting Program (PDF)<br \/>\n\t\t\t\t\t<\/a><\/p>\n<p>\u00c0 d\u00e9terminer.<\/p>\n<p>\u00c0 d\u00e9terminer.<\/p>\n<ul>\n<li>\n<h4><a href=\"https:\/\/www.carl-abrc.ca\/fr\/event\/2025-reunion-de-lautomne-des-membres\/\" rel=\"bookmark\">2025 Fall Member Meeting<\/a><\/h4>\n<p>November 17, 2025 &#8211; November 20, 2025<em> at <\/em>Fairmont Le Ch\u00e2teau Montebello<\/li>\n<li>\n<h4><a href=\"https:\/\/www.carl-abrc.ca\/fr\/event\/2025-reunion-de-printemps-des-membres\/\" rel=\"bookmark\">2025 Spring Member Meeting<\/a><\/h4>\n<p>May 26, 2025 @ 09:00 &#8211; May 29, 2025 @ 16:00  EDT <em> at <\/em>Inn at the Forks, Winnipeg, Manitoba<\/li>\n<li>\n<h4><a href=\"https:\/\/www.carl-abrc.ca\/fr\/event\/2024-reunion-dautomne-des-membres\/\" rel=\"bookmark\">2024 Fall Member Meeting<\/a><\/h4>\n<p>November 18, 2024 &#8211; November 20, 2024<em> at <\/em>Delta Hotels Ottawa City Centre<\/li>\n<li>\n<h4><a href=\"https:\/\/www.carl-abrc.ca\/fr\/event\/2024-reunion-de-printemps-des-membres\/\" rel=\"bookmark\">2024 Spring Member Meeting<\/a><\/h4>\n<p>April 22, 2024 &#8211; April 25, 2024<em> at <\/em>Montreal, Quebec<\/li>\n<li>\n<h4><a href=\"https:\/\/www.carl-abrc.ca\/fr\/event\/2023-reunion-de-lautomne-des-membres\/\" rel=\"bookmark\">2023 Fall Member Meeting<\/a><\/h4>\n<p>November 27, 2023 &#8211; November 30, 2023<em> at <\/em>Fairmont Le Ch\u00e2teau Montebello<\/li>\n<\/ul>\n<p><!--\n Event listing powered by The Events Calendar Shortcode\n https:\/\/eventcalendarnewsletter.com\/the-events-calendar-shortcode\/ \n--><br \/>\n\t\t\t\t\t<a href=\"https:\/\/www.carl-abrc.ca\/fr\/a-propos-de-labrc\/membres\/reunions-des-membres\/\"><br \/>\n\t\t\t\t\t\t\t\t\tVoir tous les r\u00e9unions des membres<br \/>\n\t\t\t\t\t<\/a><\/p>","excerpt":"","slug":"2026-reunion-de-printemps-des-membres","image":{"url":"https:\/\/www.carl-abrc.ca\/wp-content\/uploads\/2025\/11\/2025-Fall-Member-Meeting-Group-Shot-scaled.jpg","id":39012,"extension":"jpg","width":2560,"height":1943,"filesize":809178,"sizes":{"medium":{"width":300,"height":228,"mime-type":"image\/jpeg","filesize":23244,"url":"https:\/\/www.carl-abrc.ca\/wp-content\/uploads\/2025\/11\/2025-Fall-Member-Meeting-Group-Shot-300x228.jpg"},"large":{"width":1024,"height":777,"mime-type":"image\/jpeg","filesize":186749,"url":"https:\/\/www.carl-abrc.ca\/wp-content\/uploads\/2025\/11\/2025-Fall-Member-Meeting-Group-Shot-1024x777.jpg"},"thumbnail":{"width":150,"height":150,"mime-type":"image\/jpeg","filesize":8784,"url":"https:\/\/www.carl-abrc.ca\/wp-content\/uploads\/2025\/11\/2025-Fall-Member-Meeting-Group-Shot-150x150.jpg"},"medium_large":{"width":768,"height":583,"mime-type":"image\/jpeg","filesize":115921,"url":"https:\/\/www.carl-abrc.ca\/wp-content\/uploads\/2025\/11\/2025-Fall-Member-Meeting-Group-Shot-768x583.jpg"},"1536x1536":{"width":1536,"height":1166,"mime-type":"image\/jpeg","filesize":358093,"url":"https:\/\/www.carl-abrc.ca\/wp-content\/uploads\/2025\/11\/2025-Fall-Member-Meeting-Group-Shot-1536x1166.jpg"},"2048x2048":{"width":2048,"height":1554,"mime-type":"image\/jpeg","filesize":568615,"url":"https:\/\/www.carl-abrc.ca\/wp-content\/uploads\/2025\/11\/2025-Fall-Member-Meeting-Group-Shot-2048x1554.jpg"},"towngov_376x251":{"width":623,"height":251,"mime-type":"image\/jpeg","filesize":45761,"url":"https:\/\/www.carl-abrc.ca\/wp-content\/uploads\/2025\/11\/2025-Fall-Member-Meeting-Group-Shot-623x251.jpg"},"towngov_91x91":{"width":91,"height":91,"mime-type":"image\/jpeg","filesize":4142,"url":"https:\/\/www.carl-abrc.ca\/wp-content\/uploads\/2025\/11\/2025-Fall-Member-Meeting-Group-Shot-91x91.jpg"},"towngov_403x381":{"width":403,"height":381,"mime-type":"image\/jpeg","filesize":45932,"url":"https:\/\/www.carl-abrc.ca\/wp-content\/uploads\/2025\/11\/2025-Fall-Member-Meeting-Group-Shot-403x381.jpg"},"towngov_372x282":{"width":372,"height":282,"mime-type":"image\/jpeg","filesize":33892,"url":"https:\/\/www.carl-abrc.ca\/wp-content\/uploads\/2025\/11\/2025-Fall-Member-Meeting-Group-Shot-372x282.jpg"},"towngov_372x352":{"width":372,"height":352,"mime-type":"image\/jpeg","filesize":39719,"url":"https:\/\/www.carl-abrc.ca\/wp-content\/uploads\/2025\/11\/2025-Fall-Member-Meeting-Group-Shot-372x352.jpg"},"towngov_375x288":{"width":375,"height":288,"mime-type":"image\/jpeg","filesize":34148,"url":"https:\/\/www.carl-abrc.ca\/wp-content\/uploads\/2025\/11\/2025-Fall-Member-Meeting-Group-Shot-375x288.jpg"},"towngov_372x286":{"width":372,"height":286,"mime-type":"image\/jpeg","filesize":34063,"url":"https:\/\/www.carl-abrc.ca\/wp-content\/uploads\/2025\/11\/2025-Fall-Member-Meeting-Group-Shot-372x286.jpg"},"towngov_250x250":{"width":250,"height":250,"mime-type":"image\/jpeg","filesize":20954,"url":"https:\/\/www.carl-abrc.ca\/wp-content\/uploads\/2025\/11\/2025-Fall-Member-Meeting-Group-Shot-250x250.jpg"},"towngov_465x375":{"width":465,"height":375,"mime-type":"image\/jpeg","filesize":52336,"url":"https:\/\/www.carl-abrc.ca\/wp-content\/uploads\/2025\/11\/2025-Fall-Member-Meeting-Group-Shot-465x375.jpg"},"towngov_190x190":{"width":190,"height":190,"mime-type":"image\/jpeg","filesize":12915,"url":"https:\/\/www.carl-abrc.ca\/wp-content\/uploads\/2025\/11\/2025-Fall-Member-Meeting-Group-Shot-190x190.jpg"},"towngov_550x583":{"width":550,"height":583,"mime-type":"image\/jpeg","filesize":81976,"url":"https:\/\/www.carl-abrc.ca\/wp-content\/uploads\/2025\/11\/2025-Fall-Member-Meeting-Group-Shot-550x583.jpg"},"towngov_1170x451":{"width":1170,"height":451,"mime-type":"image\/jpeg","filesize":121737,"url":"https:\/\/www.carl-abrc.ca\/wp-content\/uploads\/2025\/11\/2025-Fall-Member-Meeting-Group-Shot-1170x451.jpg"},"towngov_1168x510":{"width":1168,"height":510,"mime-type":"image\/jpeg","filesize":137766,"url":"https:\/\/www.carl-abrc.ca\/wp-content\/uploads\/2025\/11\/2025-Fall-Member-Meeting-Group-Shot-1168x510.jpg"},"towngov_69x69":{"width":69,"height":69,"mime-type":"image\/jpeg","filesize":2783,"url":"https:\/\/www.carl-abrc.ca\/wp-content\/uploads\/2025\/11\/2025-Fall-Member-Meeting-Group-Shot-69x69.jpg"},"towngov_1170x515":{"width":1170,"height":515,"mime-type":"image\/jpeg","filesize":140058,"url":"https:\/\/www.carl-abrc.ca\/wp-content\/uploads\/2025\/11\/2025-Fall-Member-Meeting-Group-Shot-1170x515.jpg"},"towngov_1170x414":{"width":1170,"height":414,"mime-type":"image\/jpeg","filesize":111193,"url":"https:\/\/www.carl-abrc.ca\/wp-content\/uploads\/2025\/11\/2025-Fall-Member-Meeting-Group-Shot-1170x414.jpg"}},"original_image":"2025-Fall-Member-Meeting-Group-Shot.jpg"},"all_day":true,"start_date":"2026-05-25 00:00:00","start_date_details":{"year":"2026","month":"05","day":"25","hour":"00","minutes":"00","seconds":"00"},"end_date":"2026-05-28 23:59:59","end_date_details":{"year":"2026","month":"05","day":"28","hour":"23","minutes":"59","seconds":"59"},"utc_start_date":"2026-05-25 04:00:00","utc_start_date_details":{"year":"2026","month":"05","day":"25","hour":"04","minutes":"00","seconds":"00"},"utc_end_date":"2026-05-29 03:59:59","utc_end_date_details":{"year":"2026","month":"05","day":"29","hour":"03","minutes":"59","seconds":"59"},"timezone":"America\/Toronto","timezone_abbr":"EDT","cost":"","cost_details":{"currency_symbol":"$","currency_code":"CAD","currency_position":"prefix","values":[]},"website":"","show_map":false,"show_map_link":true,"hide_from_listings":false,"sticky":false,"featured":false,"categories":[{"name":"R\u00e9union des membres","slug":"reunion-des-membres","term_group":0,"term_taxonomy_id":106,"taxonomy":"tribe_events_cat","description":"","parent":0,"count":21,"filter":"raw","id":106,"urls":{"self":"https:\/\/www.carl-abrc.ca\/fr\/wp-json\/tribe\/events\/v1\/categories\/106","collection":"https:\/\/www.carl-abrc.ca\/fr\/wp-json\/tribe\/events\/v1\/categories"}}],"tags":[],"venue":{"id":39565,"author":"131","status":"publish","date":"2026-01-26 11:04:00","date_utc":"2026-01-26 16:04:00","modified":"2026-01-26 11:31:11","modified_utc":"2026-01-26 16:31:11","url":"https:\/\/www.carl-abrc.ca\/lieu\/alt-hotel-st-johns\/","venue":"Alt Hotel St. John&rsquo;s","slug":"alt-hotel-st-johns","address":"125 Water Street","city":"St. John's","country":"Canada","province":"Newfoundland and Labrador","zip":"A1C 5X4","phone":"(709) 383-2125","website":"https:\/\/www.germainhotels.com\/en\/alt-hotel\/st-johns","stateprovince":"Newfoundland and Labrador","json_ld":{"@type":"Place","name":"Alt Hotel St. John&rsquo;s","description":"","url":"","address":{"@type":"PostalAddress","streetAddress":"125 Water Street","addressLocality":"St. John&#039;s","addressRegion":"Newfoundland and Labrador","postalCode":"A1C 5X4","addressCountry":"Canada"},"telephone":"(709) 383-2125","sameAs":"https:\/\/www.germainhotels.com\/en\/alt-hotel\/st-johns"},"show_map":false,"show_map_link":true,"global_id":"www.carl-abrc.ca\/fr\/?id=39565","global_id_lineage":["www.carl-abrc.ca\/fr\/?id=39565"]},"organizer":[{"id":37086,"author":"131","status":"publish","date":"2025-06-18 10:29:53","date_utc":"2025-06-18 14:29:53","modified":"2025-06-18 10:29:53","modified_utc":"2025-06-18 14:29:53","url":"https:\/\/www.carl-abrc.ca\/fr\/organisateur\/association-des-bibliotheques-de-recherche-du-canada\/","organizer":"Association des biblioth\u00e8ques de recherche du Canada","slug":"association-des-bibliotheques-de-recherche-du-canada","phone":"613.895.0780","json_ld":{"@type":"Person","name":"Association des biblioth\u00e8ques de recherche du Canada","description":"","url":"","telephone":"613.895.0780","email":"","sameAs":""},"global_id":"www.carl-abrc.ca\/fr\/?id=37086","global_id_lineage":["www.carl-abrc.ca\/fr\/?id=37086"]}],"custom_fields":[],"json_ld":{"@context":"http:\/\/schema.org","@type":"Event","name":"2026 R\u00e9union de printemps des membres","description":"&lt;p&gt;&laquo; All Events 2026 R\u00e9union de printemps des membres May 25, 2026 - May 28, 2026 L\u2019Association des biblioth\u00e8ques de recherche du Canada a le plaisir d\u2019inviter les directeurs membres [&hellip;]&lt;\/p&gt;\\n","image":"https:\/\/www.carl-abrc.ca\/wp-content\/uploads\/2025\/11\/2025-Fall-Member-Meeting-Group-Shot-scaled.jpg","url":"https:\/\/www.carl-abrc.ca\/fr\/evenement\/2026-reunion-de-printemps-des-membres\/","eventAttendanceMode":"https:\/\/schema.org\/OfflineEventAttendanceMode","eventStatus":"https:\/\/schema.org\/EventScheduled","startDate":"2026-05-25T00:00:00-04:00","endDate":"2026-05-28T23:59:59-04:00","location":{"@type":"Place","name":"Alt Hotel St. John&rsquo;s","description":"","url":"","address":{"@type":"PostalAddress","streetAddress":"125 Water Street","addressLocality":"St. John&#039;s","addressRegion":"Newfoundland and Labrador","postalCode":"A1C 5X4","addressCountry":"Canada"},"telephone":"(709) 383-2125","sameAs":"https:\/\/www.germainhotels.com\/en\/alt-hotel\/st-johns"},"organizer":{"@type":"Person","name":"Association des biblioth\u00e8ques de recherche du Canada","description":"","url":"","telephone":"613.895.0780","email":"","sameAs":""},"performer":"Organization"}}