{"id":10747,"date":"2019-05-07T13:00:20","date_gmt":"2019-05-07T17:00:20","guid":{"rendered":"http:\/\/www.carl-abrc.ca\/?p=10747"},"modified":"2019-05-07T13:00:20","modified_gmt":"2019-05-07T17:00:20","slug":"laureats-de-la-subvention-de-recherche-en-bibliotheconomie-pour-les-etudiants-de-cycle-superieur-de-labrc","status":"publish","type":"post","link":"https:\/\/www.carl-abrc.ca\/fr\/nouvelles\/laureats-de-la-subvention-de-recherche-en-bibliotheconomie-pour-les-etudiants-de-cycle-superieur-de-labrc\/","title":{"rendered":"Laur\u00e9ats de la subvention de recherche en biblioth\u00e9conomie pour les \u00e9tudiants de cycle sup\u00e9rieur de l\u2019ABRC"},"content":{"rendered":"<p><strong>7 mai, 2019<\/strong>. \u2013 Le Comit\u00e9 sur l\u2019accroissement de la capacit\u00e9 de l\u2019ABRC a le plaisir d\u2019annoncer les laur\u00e9ats de la Subvention de recherche en biblioth\u00e9conomie pour les \u00e9tudiants de cycle sup\u00e9rieur.<\/p>\n<p>Cette subvention a \u00e9t\u00e9 cr\u00e9\u00e9e pour soutenir les \u00e9tudiants en biblioth\u00e9conomie qui effectuent de la recherche en lien avec les biblioth\u00e8ques universitaires ou de recherche, en vue d\u2019en publier les r\u00e9sultats et de promouvoir la recherche dans le domaine de la biblioth\u00e9conomie universitaire par des Canadiens ou \u00e0 leur sujet. La subvention de recherche en biblioth\u00e9conomie de l\u2019ABRC vise \u00e0 soutenir des projets faisant appel \u00e0 la recherche structur\u00e9e et factuelle qui propose des r\u00e9ponses \u00e0 des probl\u00e8mes concrets.<\/p>\n<p>L\u2019ABRC se r\u00e9jouit d\u2019appuyer\u00a0:<\/p>\n<ul>\n<li>Marnie James &amp; Alec Mullender (\u00e9tudiants \u00e0 la ma\u00eetrise en biblioth\u00e9conomie et en sciences de l\u2019information, Western University) pour leur recherche intitul\u00e9e \u00ab Invisible Structures: How Classification Defines and Divides Us \u00bb<\/li>\n<li>Justin Fuhr (\u00e9tudiant \u00e0 la ma\u00eetrise en biblioth\u00e9conomie et en sciences de l\u2019information, University of Alberta) pour son projet intitul\u00e9 \u00ab Developing Core Competencies in Emerging Areas of Academic Librarianship \u00bb<\/li>\n<\/ul>\n<p>Pour en savoir davantage sur la Subvention pour \u00e9tudiant(e) de cycle sup\u00e9rieur de l\u2019ABRC, consultez le site Web de l\u2019ABRC \u00e0\u00a0<a href=\"http:\/\/www.carl-abrc.ca\/fr\/accroitre-la-capacite\/subventions-de-recherche\/\">http:\/\/www.carl-abrc.ca\/fr\/accroitre-la-capacite\/subventions-de-recherche\/<\/a><\/p>\n<p><strong>Contacter :<\/strong><\/p>\n<p>Julie Morin<br \/>\nAgente de projet<br \/>\nAssociation des biblioth\u00e8ques de recherche du Canada<br \/>\n<a href=\"mailto:julie.morin@carl-abrc.ca\">julie.morin@carl-abrc.ca<\/a><br \/>\n613.482.9344 x 107<\/p>\n","protected":false},"excerpt":{"rendered":"<p>7 mai, 2019. \u2013 Le Comit\u00e9 sur l\u2019accroissement de la capacit\u00e9 de l\u2019ABRC a le plaisir d\u2019annoncer les laur\u00e9ats de la Subvention de recherche en biblioth\u00e9conomie pour les \u00e9tudiants de [&hellip;]<\/p>\n","protected":false},"author":63,"featured_media":0,"comment_status":"closed","ping_status":"open","sticky":false,"template":"","format":"standard","meta":{"_acf_changed":false,"_EventAllDay":false,"_EventTimezone":"","_EventStartDate":"","_EventEndDate":"","_EventStartDateUTC":"","_EventEndDateUTC":"","_EventShowMap":false,"_EventShowMapLink":false,"_EventURL":"","_EventCost":"","_EventCostDescription":"","_EventCurrencySymbol":"","_EventCurrencyCode":"","_EventCurrencyPosition":"","_EventDateTimeSeparator":"","_EventTimeRangeSeparator":"","_EventOrganizerID":[],"_EventVenueID":[],"_OrganizerEmail":"","_OrganizerPhone":"","_OrganizerWebsite":"","_VenueAddress":"","_VenueCity":"","_VenueCountry":"","_VenueProvince":"","_VenueState":"","_VenueZip":"","_VenuePhone":"","_VenueURL":"","_VenueStateProvince":"","_VenueLat":"","_VenueLng":"","_VenueShowMap":false,"_VenueShowMapLink":false,"footnotes":""},"categories":[2],"tags":[],"class_list":["post-10747","post","type-post","status-publish","format-standard","hentry","category-nouvelles"],"acf":[],"yoast_head":"<!-- This site is optimized with the Yoast SEO plugin v27.5 - https:\/\/yoast.com\/product\/yoast-seo-wordpress\/ -->\n<title>Laur\u00e9ats de la subvention de recherche en biblioth\u00e9conomie pour les \u00e9tudiants de cycle sup\u00e9rieur de l\u2019ABRC - Association des biblioth\u00e8ques de recherche du Canada<\/title>\n<meta name=\"robots\" content=\"index, follow, max-snippet:-1, max-image-preview:large, max-video-preview:-1\" \/>\n<link rel=\"canonical\" href=\"https:\/\/www.carl-abrc.ca\/fr\/nouvelles\/laureats-de-la-subvention-de-recherche-en-bibliotheconomie-pour-les-etudiants-de-cycle-superieur-de-labrc\/\" \/>\n<meta property=\"og:locale\" content=\"fr_FR\" \/>\n<meta property=\"og:type\" content=\"article\" \/>\n<meta property=\"og:title\" content=\"Laur\u00e9ats de la subvention de recherche en biblioth\u00e9conomie pour les \u00e9tudiants de cycle sup\u00e9rieur de l\u2019ABRC - Association des biblioth\u00e8ques de recherche du Canada\" \/>\n<meta property=\"og:description\" content=\"7 mai, 2019. \u2013 Le Comit\u00e9 sur l\u2019accroissement de la capacit\u00e9 de l\u2019ABRC a le plaisir d\u2019annoncer les laur\u00e9ats de la Subvention de recherche en biblioth\u00e9conomie pour les \u00e9tudiants de [&hellip;]\" \/>\n<meta property=\"og:url\" content=\"https:\/\/www.carl-abrc.ca\/fr\/nouvelles\/laureats-de-la-subvention-de-recherche-en-bibliotheconomie-pour-les-etudiants-de-cycle-superieur-de-labrc\/\" \/>\n<meta property=\"og:site_name\" content=\"Association des biblioth\u00e8ques de recherche du Canada\" \/>\n<meta property=\"article:published_time\" content=\"2019-05-07T17:00:20+00:00\" \/>\n<meta name=\"author\" content=\"Julie Morin\" \/>\n<meta name=\"twitter:label1\" content=\"\u00c9crit par\" \/>\n\t<meta name=\"twitter:data1\" content=\"Julie Morin\" \/>\n\t<meta name=\"twitter:label2\" content=\"Dur\u00e9e de lecture estim\u00e9e\" \/>\n\t<meta name=\"twitter:data2\" content=\"1 minute\" \/>\n<script type=\"application\/ld+json\" class=\"yoast-schema-graph\">{\"@context\":\"https:\\\/\\\/schema.org\",\"@graph\":[{\"@type\":\"Article\",\"@id\":\"https:\\\/\\\/www.carl-abrc.ca\\\/fr\\\/nouvelles\\\/laureats-de-la-subvention-de-recherche-en-bibliotheconomie-pour-les-etudiants-de-cycle-superieur-de-labrc\\\/#article\",\"isPartOf\":{\"@id\":\"https:\\\/\\\/www.carl-abrc.ca\\\/fr\\\/nouvelles\\\/laureats-de-la-subvention-de-recherche-en-bibliotheconomie-pour-les-etudiants-de-cycle-superieur-de-labrc\\\/\"},\"author\":{\"name\":\"Julie Morin\",\"@id\":\"https:\\\/\\\/www.carl-abrc.ca\\\/fr\\\/#\\\/schema\\\/person\\\/d9b6bfb73c89f6e9eafbd338013764ed\"},\"headline\":\"Laur\u00e9ats de la subvention de recherche en biblioth\u00e9conomie pour les \u00e9tudiants de cycle sup\u00e9rieur de l\u2019ABRC\",\"datePublished\":\"2019-05-07T17:00:20+00:00\",\"mainEntityOfPage\":{\"@id\":\"https:\\\/\\\/www.carl-abrc.ca\\\/fr\\\/nouvelles\\\/laureats-de-la-subvention-de-recherche-en-bibliotheconomie-pour-les-etudiants-de-cycle-superieur-de-labrc\\\/\"},\"wordCount\":262,\"publisher\":{\"@id\":\"https:\\\/\\\/www.carl-abrc.ca\\\/fr\\\/#organization\"},\"articleSection\":[\"Nouvelles\"],\"inLanguage\":\"fr-FR\"},{\"@type\":\"WebPage\",\"@id\":\"https:\\\/\\\/www.carl-abrc.ca\\\/fr\\\/nouvelles\\\/laureats-de-la-subvention-de-recherche-en-bibliotheconomie-pour-les-etudiants-de-cycle-superieur-de-labrc\\\/\",\"url\":\"https:\\\/\\\/www.carl-abrc.ca\\\/fr\\\/nouvelles\\\/laureats-de-la-subvention-de-recherche-en-bibliotheconomie-pour-les-etudiants-de-cycle-superieur-de-labrc\\\/\",\"name\":\"Laur\u00e9ats de la subvention de recherche en biblioth\u00e9conomie pour les \u00e9tudiants de cycle sup\u00e9rieur de l\u2019ABRC - Association des biblioth\u00e8ques de recherche du Canada\",\"isPartOf\":{\"@id\":\"https:\\\/\\\/www.carl-abrc.ca\\\/fr\\\/#website\"},\"datePublished\":\"2019-05-07T17:00:20+00:00\",\"breadcrumb\":{\"@id\":\"https:\\\/\\\/www.carl-abrc.ca\\\/fr\\\/nouvelles\\\/laureats-de-la-subvention-de-recherche-en-bibliotheconomie-pour-les-etudiants-de-cycle-superieur-de-labrc\\\/#breadcrumb\"},\"inLanguage\":\"fr-FR\",\"potentialAction\":[{\"@type\":\"ReadAction\",\"target\":[\"https:\\\/\\\/www.carl-abrc.ca\\\/fr\\\/nouvelles\\\/laureats-de-la-subvention-de-recherche-en-bibliotheconomie-pour-les-etudiants-de-cycle-superieur-de-labrc\\\/\"]}]},{\"@type\":\"BreadcrumbList\",\"@id\":\"https:\\\/\\\/www.carl-abrc.ca\\\/fr\\\/nouvelles\\\/laureats-de-la-subvention-de-recherche-en-bibliotheconomie-pour-les-etudiants-de-cycle-superieur-de-labrc\\\/#breadcrumb\",\"itemListElement\":[{\"@type\":\"ListItem\",\"position\":1,\"name\":\"Accueil\",\"item\":\"https:\\\/\\\/www.carl-abrc.ca\\\/fr\\\/home-3\\\/\"},{\"@type\":\"ListItem\",\"position\":2,\"name\":\"Laur\u00e9ats de la subvention de recherche en biblioth\u00e9conomie pour les \u00e9tudiants de cycle sup\u00e9rieur de l\u2019ABRC\"}]},{\"@type\":\"WebSite\",\"@id\":\"https:\\\/\\\/www.carl-abrc.ca\\\/fr\\\/#website\",\"url\":\"https:\\\/\\\/www.carl-abrc.ca\\\/fr\\\/\",\"name\":\"Association des biblioth\u00e8ques de recherche du Canada\",\"description\":\"ABRC\",\"publisher\":{\"@id\":\"https:\\\/\\\/www.carl-abrc.ca\\\/fr\\\/#organization\"},\"potentialAction\":[{\"@type\":\"SearchAction\",\"target\":{\"@type\":\"EntryPoint\",\"urlTemplate\":\"https:\\\/\\\/www.carl-abrc.ca\\\/fr\\\/?s={search_term_string}\"},\"query-input\":{\"@type\":\"PropertyValueSpecification\",\"valueRequired\":true,\"valueName\":\"search_term_string\"}}],\"inLanguage\":\"fr-FR\"},{\"@type\":\"Organization\",\"@id\":\"https:\\\/\\\/www.carl-abrc.ca\\\/fr\\\/#organization\",\"name\":\"Association des biblioth\u00e8ques de recherche du Canada\",\"url\":\"https:\\\/\\\/www.carl-abrc.ca\\\/fr\\\/\",\"logo\":{\"@type\":\"ImageObject\",\"inLanguage\":\"fr-FR\",\"@id\":\"https:\\\/\\\/www.carl-abrc.ca\\\/fr\\\/#\\\/schema\\\/logo\\\/image\\\/\",\"url\":\"https:\\\/\\\/www.carl-abrc.ca\\\/wp-content\\\/uploads\\\/2024\\\/07\\\/cropped-Stacked_Colour_L.png\",\"contentUrl\":\"https:\\\/\\\/www.carl-abrc.ca\\\/wp-content\\\/uploads\\\/2024\\\/07\\\/cropped-Stacked_Colour_L.png\",\"width\":641,\"height\":250,\"caption\":\"Association des biblioth\u00e8ques de recherche du Canada\"},\"image\":{\"@id\":\"https:\\\/\\\/www.carl-abrc.ca\\\/fr\\\/#\\\/schema\\\/logo\\\/image\\\/\"},\"sameAs\":[\"https:\\\/\\\/x.com\\\/carlabrc\"]},{\"@type\":\"Person\",\"@id\":\"https:\\\/\\\/www.carl-abrc.ca\\\/fr\\\/#\\\/schema\\\/person\\\/d9b6bfb73c89f6e9eafbd338013764ed\",\"name\":\"Julie Morin\",\"image\":{\"@type\":\"ImageObject\",\"inLanguage\":\"fr-FR\",\"@id\":\"https:\\\/\\\/secure.gravatar.com\\\/avatar\\\/8f563df894a5ea8e4663aea014d75f7ff272a49a318995c22006e48ba2fca63e?s=96&d=mm&r=g\",\"url\":\"https:\\\/\\\/secure.gravatar.com\\\/avatar\\\/8f563df894a5ea8e4663aea014d75f7ff272a49a318995c22006e48ba2fca63e?s=96&d=mm&r=g\",\"contentUrl\":\"https:\\\/\\\/secure.gravatar.com\\\/avatar\\\/8f563df894a5ea8e4663aea014d75f7ff272a49a318995c22006e48ba2fca63e?s=96&d=mm&r=g\",\"caption\":\"Julie Morin\"},\"url\":\"https:\\\/\\\/www.carl-abrc.ca\\\/fr\\\/author\\\/julie\\\/\"}]}<\/script>\n<!-- \/ Yoast SEO plugin. -->","yoast_head_json":{"title":"Laur\u00e9ats de la subvention de recherche en biblioth\u00e9conomie pour les \u00e9tudiants de cycle sup\u00e9rieur de l\u2019ABRC - Association des biblioth\u00e8ques de recherche du Canada","robots":{"index":"index","follow":"follow","max-snippet":"max-snippet:-1","max-image-preview":"max-image-preview:large","max-video-preview":"max-video-preview:-1"},"canonical":"https:\/\/www.carl-abrc.ca\/fr\/nouvelles\/laureats-de-la-subvention-de-recherche-en-bibliotheconomie-pour-les-etudiants-de-cycle-superieur-de-labrc\/","og_locale":"fr_FR","og_type":"article","og_title":"Laur\u00e9ats de la subvention de recherche en biblioth\u00e9conomie pour les \u00e9tudiants de cycle sup\u00e9rieur de l\u2019ABRC - Association des biblioth\u00e8ques de recherche du Canada","og_description":"7 mai, 2019. \u2013 Le Comit\u00e9 sur l\u2019accroissement de la capacit\u00e9 de l\u2019ABRC a le plaisir d\u2019annoncer les laur\u00e9ats de la Subvention de recherche en biblioth\u00e9conomie pour les \u00e9tudiants de [&hellip;]","og_url":"https:\/\/www.carl-abrc.ca\/fr\/nouvelles\/laureats-de-la-subvention-de-recherche-en-bibliotheconomie-pour-les-etudiants-de-cycle-superieur-de-labrc\/","og_site_name":"Association des biblioth\u00e8ques de recherche du Canada","article_published_time":"2019-05-07T17:00:20+00:00","author":"Julie Morin","twitter_misc":{"\u00c9crit par":"Julie Morin","Dur\u00e9e de lecture estim\u00e9e":"1 minute"},"schema":{"@context":"https:\/\/schema.org","@graph":[{"@type":"Article","@id":"https:\/\/www.carl-abrc.ca\/fr\/nouvelles\/laureats-de-la-subvention-de-recherche-en-bibliotheconomie-pour-les-etudiants-de-cycle-superieur-de-labrc\/#article","isPartOf":{"@id":"https:\/\/www.carl-abrc.ca\/fr\/nouvelles\/laureats-de-la-subvention-de-recherche-en-bibliotheconomie-pour-les-etudiants-de-cycle-superieur-de-labrc\/"},"author":{"name":"Julie Morin","@id":"https:\/\/www.carl-abrc.ca\/fr\/#\/schema\/person\/d9b6bfb73c89f6e9eafbd338013764ed"},"headline":"Laur\u00e9ats de la subvention de recherche en biblioth\u00e9conomie pour les \u00e9tudiants de cycle sup\u00e9rieur de l\u2019ABRC","datePublished":"2019-05-07T17:00:20+00:00","mainEntityOfPage":{"@id":"https:\/\/www.carl-abrc.ca\/fr\/nouvelles\/laureats-de-la-subvention-de-recherche-en-bibliotheconomie-pour-les-etudiants-de-cycle-superieur-de-labrc\/"},"wordCount":262,"publisher":{"@id":"https:\/\/www.carl-abrc.ca\/fr\/#organization"},"articleSection":["Nouvelles"],"inLanguage":"fr-FR"},{"@type":"WebPage","@id":"https:\/\/www.carl-abrc.ca\/fr\/nouvelles\/laureats-de-la-subvention-de-recherche-en-bibliotheconomie-pour-les-etudiants-de-cycle-superieur-de-labrc\/","url":"https:\/\/www.carl-abrc.ca\/fr\/nouvelles\/laureats-de-la-subvention-de-recherche-en-bibliotheconomie-pour-les-etudiants-de-cycle-superieur-de-labrc\/","name":"Laur\u00e9ats de la subvention de recherche en biblioth\u00e9conomie pour les \u00e9tudiants de cycle sup\u00e9rieur de l\u2019ABRC - Association des biblioth\u00e8ques de recherche du Canada","isPartOf":{"@id":"https:\/\/www.carl-abrc.ca\/fr\/#website"},"datePublished":"2019-05-07T17:00:20+00:00","breadcrumb":{"@id":"https:\/\/www.carl-abrc.ca\/fr\/nouvelles\/laureats-de-la-subvention-de-recherche-en-bibliotheconomie-pour-les-etudiants-de-cycle-superieur-de-labrc\/#breadcrumb"},"inLanguage":"fr-FR","potentialAction":[{"@type":"ReadAction","target":["https:\/\/www.carl-abrc.ca\/fr\/nouvelles\/laureats-de-la-subvention-de-recherche-en-bibliotheconomie-pour-les-etudiants-de-cycle-superieur-de-labrc\/"]}]},{"@type":"BreadcrumbList","@id":"https:\/\/www.carl-abrc.ca\/fr\/nouvelles\/laureats-de-la-subvention-de-recherche-en-bibliotheconomie-pour-les-etudiants-de-cycle-superieur-de-labrc\/#breadcrumb","itemListElement":[{"@type":"ListItem","position":1,"name":"Accueil","item":"https:\/\/www.carl-abrc.ca\/fr\/home-3\/"},{"@type":"ListItem","position":2,"name":"Laur\u00e9ats de la subvention de recherche en biblioth\u00e9conomie pour les \u00e9tudiants de cycle sup\u00e9rieur de l\u2019ABRC"}]},{"@type":"WebSite","@id":"https:\/\/www.carl-abrc.ca\/fr\/#website","url":"https:\/\/www.carl-abrc.ca\/fr\/","name":"Association des biblioth\u00e8ques de recherche du Canada","description":"ABRC","publisher":{"@id":"https:\/\/www.carl-abrc.ca\/fr\/#organization"},"potentialAction":[{"@type":"SearchAction","target":{"@type":"EntryPoint","urlTemplate":"https:\/\/www.carl-abrc.ca\/fr\/?s={search_term_string}"},"query-input":{"@type":"PropertyValueSpecification","valueRequired":true,"valueName":"search_term_string"}}],"inLanguage":"fr-FR"},{"@type":"Organization","@id":"https:\/\/www.carl-abrc.ca\/fr\/#organization","name":"Association des biblioth\u00e8ques de recherche du Canada","url":"https:\/\/www.carl-abrc.ca\/fr\/","logo":{"@type":"ImageObject","inLanguage":"fr-FR","@id":"https:\/\/www.carl-abrc.ca\/fr\/#\/schema\/logo\/image\/","url":"https:\/\/www.carl-abrc.ca\/wp-content\/uploads\/2024\/07\/cropped-Stacked_Colour_L.png","contentUrl":"https:\/\/www.carl-abrc.ca\/wp-content\/uploads\/2024\/07\/cropped-Stacked_Colour_L.png","width":641,"height":250,"caption":"Association des biblioth\u00e8ques de recherche du Canada"},"image":{"@id":"https:\/\/www.carl-abrc.ca\/fr\/#\/schema\/logo\/image\/"},"sameAs":["https:\/\/x.com\/carlabrc"]},{"@type":"Person","@id":"https:\/\/www.carl-abrc.ca\/fr\/#\/schema\/person\/d9b6bfb73c89f6e9eafbd338013764ed","name":"Julie Morin","image":{"@type":"ImageObject","inLanguage":"fr-FR","@id":"https:\/\/secure.gravatar.com\/avatar\/8f563df894a5ea8e4663aea014d75f7ff272a49a318995c22006e48ba2fca63e?s=96&d=mm&r=g","url":"https:\/\/secure.gravatar.com\/avatar\/8f563df894a5ea8e4663aea014d75f7ff272a49a318995c22006e48ba2fca63e?s=96&d=mm&r=g","contentUrl":"https:\/\/secure.gravatar.com\/avatar\/8f563df894a5ea8e4663aea014d75f7ff272a49a318995c22006e48ba2fca63e?s=96&d=mm&r=g","caption":"Julie Morin"},"url":"https:\/\/www.carl-abrc.ca\/fr\/author\/julie\/"}]}},"_links":{"self":[{"href":"https:\/\/www.carl-abrc.ca\/fr\/wp-json\/wp\/v2\/posts\/10747","targetHints":{"allow":["GET"]}}],"collection":[{"href":"https:\/\/www.carl-abrc.ca\/fr\/wp-json\/wp\/v2\/posts"}],"about":[{"href":"https:\/\/www.carl-abrc.ca\/fr\/wp-json\/wp\/v2\/types\/post"}],"author":[{"embeddable":true,"href":"https:\/\/www.carl-abrc.ca\/fr\/wp-json\/wp\/v2\/users\/63"}],"replies":[{"embeddable":true,"href":"https:\/\/www.carl-abrc.ca\/fr\/wp-json\/wp\/v2\/comments?post=10747"}],"version-history":[{"count":0,"href":"https:\/\/www.carl-abrc.ca\/fr\/wp-json\/wp\/v2\/posts\/10747\/revisions"}],"wp:attachment":[{"href":"https:\/\/www.carl-abrc.ca\/fr\/wp-json\/wp\/v2\/media?parent=10747"}],"wp:term":[{"taxonomy":"category","embeddable":true,"href":"https:\/\/www.carl-abrc.ca\/fr\/wp-json\/wp\/v2\/categories?post=10747"},{"taxonomy":"post_tag","embeddable":true,"href":"https:\/\/www.carl-abrc.ca\/fr\/wp-json\/wp\/v2\/tags?post=10747"}],"curies":[{"name":"wp","href":"https:\/\/api.w.org\/{rel}","templated":true}]}}