{"id":10775,"date":"2019-05-09T18:30:27","date_gmt":"2019-05-09T22:30:27","guid":{"rendered":"http:\/\/www.carl-abrc.ca\/?p=10775"},"modified":"2019-05-09T18:33:38","modified_gmt":"2019-05-09T22:33:38","slug":"presentation-de-lagente-de-programme-invitee-et-du-groupe-de-travail-sur-lequite-la-diversite-et-linclusion-de-labrc","status":"publish","type":"post","link":"https:\/\/www.carl-abrc.ca\/fr\/nouvelles\/presentation-de-lagente-de-programme-invitee-et-du-groupe-de-travail-sur-lequite-la-diversite-et-linclusion-de-labrc\/","title":{"rendered":"Pr\u00e9sentation de l\u2019agente de programme invit\u00e9e et du groupe de travail sur l\u2019\u00e9quit\u00e9, la diversit\u00e9 et l\u2019inclusion de l\u2019ABRC"},"content":{"rendered":"<p>9 mai, 2019. &#8211; L&rsquo;Association des biblioth\u00e8ques de recherche du Canada (ABRC) a le plaisir d\u2019annoncer la composition de l\u2019\u00e9quipe comp\u00e9tente et diversifi\u00e9e qui d\u00e9veloppera son programme d&rsquo;initiatives bilingues afin de soutenir la cr\u00e9ation d&rsquo;environnements divers, \u00e9quitables et inclusifs dans les biblioth\u00e8ques de recherche de l&rsquo;ABRC.<\/p>\n<p>Avec l\u2019aide du groupe de travail consultatif, Maha Kumaran, Head of the Education &amp; Music Library and the Education liaison librarian, University of Saskatchewan, dirigera les efforts de l\u2019ABRC en mati\u00e8re d\u2019\u00e9quit\u00e9, de diversit\u00e9 et d\u2019inclusion dans le cadre d\u2019un d\u00e9tachement d\u2019un an \u00e0 temps partiel dans le nouveau r\u00f4le d\u2019agente de programme invit\u00e9e pour l\u2019\u00e9quit\u00e9, la diversit\u00e9 et l\u2019inclusion.<\/p>\n<p>Le programme de recherche de Maha porte sur la diversit\u00e9, le multiculturalisme, les minorit\u00e9s visibles, l\u2019inclusion et l\u2019\u00e9quit\u00e9. Avec l&rsquo;aide de l&rsquo;Association canadienne des biblioth\u00e8ques de l&rsquo;\u00e9poque, elle a cr\u00e9\u00e9 et mis en place le Visible Minority Librarians of Canada (ViMLoC) Network, unique en son genre au Canada. Elle a \u00e9galement \u00e9crit <em>Leadership in Libraries: A Focus on Minority Librarians<\/em>, a co\u00e9dit\u00e9 <em>Aboriginal and Visible Minority Librarians: Oral Histories from Canada<\/em> et a \u00e9t\u00e9 r\u00e9dactrice invit\u00e9e du num\u00e9ro sur la diversit\u00e9 (Volume 4) de la Revue canadienne de biblioth\u00e9conomie universitaire. En 2018, elle a entrepris un projet de cong\u00e9 sabbatique sur la diversit\u00e9 et le leadership dans la biblioth\u00e9conomie universitaire canadienne, dont les r\u00e9sultats ont \u00e9t\u00e9 pr\u00e9sent\u00e9s \u00e0 la journ\u00e9e Scholars\u2019 Portal de l\u2019OCUL, \u00e0 la Indian Institute of Technology\u2019s International Library Conference et \u00e0 la Saskatchewan Libraries Conference. Elle a prononc\u00e9 le discours liminaire \u00e0 la conf\u00e9rence CAPAL 2018, et agit en tant qu&rsquo;administrateur pour CAPAL et copr\u00e9sident pour son comit\u00e9 sur la diversit\u00e9 et l&rsquo;\u00e9quit\u00e9. Elle a \u00e9galement suivi un cours sur l\u2019\u00e9laboration de politiques en mati\u00e8re d\u2019\u00e9ducation, ce qui l\u2019a aid\u00e9e \u00e0 prendre conscience de l\u2019importance de prendre en compte la diversit\u00e9 par l\u2019\u00e9laboration de politiques au niveau national.<\/p>\n<p>\u00c0 titre d\u2019agente de programme invit\u00e9e, Maha travaillera en \u00e9troite collaboration avec Melissa Just, Dean, University Library, University of Saskatchewan, qui assurera la pr\u00e9sidence du nouveau Groupe de travail sur l\u2019\u00e9quit\u00e9, la diversit\u00e9 et l\u2019inclusion de l\u2019ABRC. Le groupe, qui r\u00e9unit des biblioth\u00e9caires d\u2019\u00e9tablissements postsecondaires de tout le pays, fournira des commentaires et des conseils avis\u00e9s afin de guider le d\u00e9veloppement d&rsquo;initiatives d&rsquo;\u00e9quit\u00e9, de diversit\u00e9 et d&rsquo;inclusion de l\u2019ABRC.<\/p>\n<p><strong>Membres du Groupe de travail sur l\u2019\u00e9quit\u00e9, la diversit\u00e9 et l\u2019inclusion de l\u2019ABRC:<\/strong><\/p>\n<p><strong>Mandissa Arlain<\/strong>, Library Technician, Ryerson University<br \/>\n<strong>Michelle Brown<\/strong>, Liaison Librarian &#8211; Faculty of Education, University of Ottawa<br \/>\n<strong>Saran Croos<\/strong>, Engineering and Computer Science Librarian, University of New Brunswick<br \/>\n<strong>Rebecca Graham<\/strong>, University Librarian, University of Guelph (on administrative leave)<br \/>\n<strong>Vicki Jay Leung<\/strong>, Reference Librarian, Faculty of Law, University of Windsor<br \/>\n<strong>Ebony Magnus<\/strong>, Interim Library Manager, Reg Erhardt Library, Southern Alberta Institute of Technology<br \/>\n<strong>Julie Morin<\/strong>, Agente de projet, ABRC<br \/>\n<strong>Maggie Neilson<\/strong>, Academic Librarian, Acadia University<br \/>\n<strong>Katya Pereyaslavska<\/strong>, Online Learning and Accessibility Librarian, Scholars Portal, Ontario Council of University Libraries<br \/>\n<strong>Anne Pottier<\/strong>, Associate University Librarian for Services &amp; Facilities, McMaster University<br \/>\n<strong>Christine Shaw<\/strong>, Associate University Librarian for Staff Administration, University of Manitoba<br \/>\n<strong>Tomoko Shida<\/strong>, Student Intern (ARL \/ SAA Mosaic Program), University of Toronto Archives and Records Management Services<br \/>\n<strong>Dominic Silvio<\/strong>, Public Services Librarian, Killam Memorial Library, Dalhousie University<br \/>\n<strong>Dee Winn<\/strong>, Reference &amp; Subject Librarian, Webster Library, Concordia University<\/p>\n<p style=\"text-align: center;\">\u2014 30 \u2014<\/p>\n<p>Les membres de l\u2019ABRC comprennent les vingt-neuf plus grandes biblioth\u00e8ques universitaires du Canada ainsi que deux biblioth\u00e8ques nationales. L\u2019am\u00e9lioration de la recherche et de l\u2019enseignement sup\u00e9rieur est au c\u0153ur de sa mission. L\u2019ABRC d\u00e9veloppe la capacit\u00e9 d\u2019appuyer cette mission, et favorise l\u2019efficacit\u00e9 et la p\u00e9rennit\u00e9 de la communication savante, ainsi que les politiques publiques qui permettent l\u2019acc\u00e8s le plus large possible \u00e0 l\u2019information savante.<\/p>\n<p><strong>Pour plus de renseignements, pri\u00e8re de communiquer avec:<\/strong><br \/>\n<strong>Julie Morin<\/strong>, Agente de projet, ABRC-CARL<br \/>\n<a href=\"mailto:julie.morin@carl-abrc.ca\">julie.morin@carl-abrc.ca<\/a><br \/>\n(613) 482-9344 ext. 107<\/p>\n<p>&nbsp;<\/p>\n","protected":false},"excerpt":{"rendered":"<p>9 mai, 2019. &#8211; L&rsquo;Association des biblioth\u00e8ques de recherche du Canada (ABRC) a le plaisir d\u2019annoncer la composition de l\u2019\u00e9quipe comp\u00e9tente et diversifi\u00e9e qui d\u00e9veloppera son programme d&rsquo;initiatives bilingues afin [&hellip;]<\/p>\n","protected":false},"author":63,"featured_media":36194,"comment_status":"closed","ping_status":"closed","sticky":false,"template":"","format":"standard","meta":{"_acf_changed":false,"_EventAllDay":false,"_EventTimezone":"","_EventStartDate":"","_EventEndDate":"","_EventStartDateUTC":"","_EventEndDateUTC":"","_EventShowMap":false,"_EventShowMapLink":false,"_EventURL":"","_EventCost":"","_EventCostDescription":"","_EventCurrencySymbol":"","_EventCurrencyCode":"","_EventCurrencyPosition":"","_EventDateTimeSeparator":"","_EventTimeRangeSeparator":"","_EventOrganizerID":[],"_EventVenueID":[],"_OrganizerEmail":"","_OrganizerPhone":"","_OrganizerWebsite":"","_VenueAddress":"","_VenueCity":"","_VenueCountry":"","_VenueProvince":"","_VenueState":"","_VenueZip":"","_VenuePhone":"","_VenueURL":"","_VenueStateProvince":"","_VenueLat":"","_VenueLng":"","_VenueShowMap":false,"_VenueShowMapLink":false,"footnotes":""},"categories":[36,2],"tags":[],"class_list":["post-10775","post","type-post","status-publish","format-standard","has-post-thumbnail","hentry","category-edi","category-nouvelles"],"acf":[],"yoast_head":"<!-- This site is optimized with the Yoast SEO plugin v27.5 - https:\/\/yoast.com\/product\/yoast-seo-wordpress\/ -->\n<title>Pr\u00e9sentation de l\u2019agente de programme invit\u00e9e et du groupe de travail sur l\u2019\u00e9quit\u00e9, la diversit\u00e9 et l\u2019inclusion de l\u2019ABRC - Association des biblioth\u00e8ques de recherche du Canada<\/title>\n<meta name=\"robots\" content=\"index, follow, max-snippet:-1, max-image-preview:large, max-video-preview:-1\" \/>\n<link rel=\"canonical\" href=\"https:\/\/www.carl-abrc.ca\/fr\/nouvelles\/presentation-de-lagente-de-programme-invitee-et-du-groupe-de-travail-sur-lequite-la-diversite-et-linclusion-de-labrc\/\" \/>\n<meta property=\"og:locale\" content=\"fr_FR\" \/>\n<meta property=\"og:type\" content=\"article\" \/>\n<meta property=\"og:title\" content=\"Pr\u00e9sentation de l\u2019agente de programme invit\u00e9e et du groupe de travail sur l\u2019\u00e9quit\u00e9, la diversit\u00e9 et l\u2019inclusion de l\u2019ABRC - Association des biblioth\u00e8ques de recherche du Canada\" \/>\n<meta property=\"og:description\" content=\"9 mai, 2019. &#8211; L&rsquo;Association des biblioth\u00e8ques de recherche du Canada (ABRC) a le plaisir d\u2019annoncer la composition de l\u2019\u00e9quipe comp\u00e9tente et diversifi\u00e9e qui d\u00e9veloppera son programme d&rsquo;initiatives bilingues afin [&hellip;]\" \/>\n<meta property=\"og:url\" content=\"https:\/\/www.carl-abrc.ca\/fr\/nouvelles\/presentation-de-lagente-de-programme-invitee-et-du-groupe-de-travail-sur-lequite-la-diversite-et-linclusion-de-labrc\/\" \/>\n<meta property=\"og:site_name\" content=\"Association des biblioth\u00e8ques de recherche du Canada\" \/>\n<meta property=\"article:published_time\" content=\"2019-05-09T22:30:27+00:00\" \/>\n<meta property=\"article:modified_time\" content=\"2019-05-09T22:33:38+00:00\" \/>\n<meta property=\"og:image\" content=\"https:\/\/www.carl-abrc.ca\/wp-content\/uploads\/2024\/09\/NewsFeaturedImage-1.jpg\" \/>\n\t<meta property=\"og:image:width\" content=\"1920\" \/>\n\t<meta property=\"og:image:height\" content=\"1080\" \/>\n\t<meta property=\"og:image:type\" content=\"image\/jpeg\" \/>\n<meta name=\"author\" content=\"Julie Morin\" \/>\n<meta name=\"twitter:label1\" content=\"\u00c9crit par\" \/>\n\t<meta name=\"twitter:data1\" content=\"Julie Morin\" \/>\n\t<meta name=\"twitter:label2\" content=\"Dur\u00e9e de lecture estim\u00e9e\" \/>\n\t<meta name=\"twitter:data2\" content=\"3 minutes\" \/>\n<script type=\"application\/ld+json\" class=\"yoast-schema-graph\">{\"@context\":\"https:\\\/\\\/schema.org\",\"@graph\":[{\"@type\":\"Article\",\"@id\":\"https:\\\/\\\/www.carl-abrc.ca\\\/fr\\\/nouvelles\\\/presentation-de-lagente-de-programme-invitee-et-du-groupe-de-travail-sur-lequite-la-diversite-et-linclusion-de-labrc\\\/#article\",\"isPartOf\":{\"@id\":\"https:\\\/\\\/www.carl-abrc.ca\\\/fr\\\/nouvelles\\\/presentation-de-lagente-de-programme-invitee-et-du-groupe-de-travail-sur-lequite-la-diversite-et-linclusion-de-labrc\\\/\"},\"author\":{\"name\":\"Julie Morin\",\"@id\":\"https:\\\/\\\/www.carl-abrc.ca\\\/fr\\\/#\\\/schema\\\/person\\\/d9b6bfb73c89f6e9eafbd338013764ed\"},\"headline\":\"Pr\u00e9sentation de l\u2019agente de programme invit\u00e9e et du groupe de travail sur l\u2019\u00e9quit\u00e9, la diversit\u00e9 et l\u2019inclusion de l\u2019ABRC\",\"datePublished\":\"2019-05-09T22:30:27+00:00\",\"dateModified\":\"2019-05-09T22:33:38+00:00\",\"mainEntityOfPage\":{\"@id\":\"https:\\\/\\\/www.carl-abrc.ca\\\/fr\\\/nouvelles\\\/presentation-de-lagente-de-programme-invitee-et-du-groupe-de-travail-sur-lequite-la-diversite-et-linclusion-de-labrc\\\/\"},\"wordCount\":723,\"publisher\":{\"@id\":\"https:\\\/\\\/www.carl-abrc.ca\\\/fr\\\/#organization\"},\"image\":{\"@id\":\"https:\\\/\\\/www.carl-abrc.ca\\\/fr\\\/nouvelles\\\/presentation-de-lagente-de-programme-invitee-et-du-groupe-de-travail-sur-lequite-la-diversite-et-linclusion-de-labrc\\\/#primaryimage\"},\"thumbnailUrl\":\"https:\\\/\\\/www.carl-abrc.ca\\\/wp-content\\\/uploads\\\/2024\\\/09\\\/NewsFeaturedImage-1.jpg\",\"articleSection\":[\"\u00c9DI\",\"Nouvelles\"],\"inLanguage\":\"fr-FR\"},{\"@type\":\"WebPage\",\"@id\":\"https:\\\/\\\/www.carl-abrc.ca\\\/fr\\\/nouvelles\\\/presentation-de-lagente-de-programme-invitee-et-du-groupe-de-travail-sur-lequite-la-diversite-et-linclusion-de-labrc\\\/\",\"url\":\"https:\\\/\\\/www.carl-abrc.ca\\\/fr\\\/nouvelles\\\/presentation-de-lagente-de-programme-invitee-et-du-groupe-de-travail-sur-lequite-la-diversite-et-linclusion-de-labrc\\\/\",\"name\":\"Pr\u00e9sentation de l\u2019agente de programme invit\u00e9e et du groupe de travail sur l\u2019\u00e9quit\u00e9, la diversit\u00e9 et l\u2019inclusion de l\u2019ABRC - Association des biblioth\u00e8ques de recherche du Canada\",\"isPartOf\":{\"@id\":\"https:\\\/\\\/www.carl-abrc.ca\\\/fr\\\/#website\"},\"primaryImageOfPage\":{\"@id\":\"https:\\\/\\\/www.carl-abrc.ca\\\/fr\\\/nouvelles\\\/presentation-de-lagente-de-programme-invitee-et-du-groupe-de-travail-sur-lequite-la-diversite-et-linclusion-de-labrc\\\/#primaryimage\"},\"image\":{\"@id\":\"https:\\\/\\\/www.carl-abrc.ca\\\/fr\\\/nouvelles\\\/presentation-de-lagente-de-programme-invitee-et-du-groupe-de-travail-sur-lequite-la-diversite-et-linclusion-de-labrc\\\/#primaryimage\"},\"thumbnailUrl\":\"https:\\\/\\\/www.carl-abrc.ca\\\/wp-content\\\/uploads\\\/2024\\\/09\\\/NewsFeaturedImage-1.jpg\",\"datePublished\":\"2019-05-09T22:30:27+00:00\",\"dateModified\":\"2019-05-09T22:33:38+00:00\",\"breadcrumb\":{\"@id\":\"https:\\\/\\\/www.carl-abrc.ca\\\/fr\\\/nouvelles\\\/presentation-de-lagente-de-programme-invitee-et-du-groupe-de-travail-sur-lequite-la-diversite-et-linclusion-de-labrc\\\/#breadcrumb\"},\"inLanguage\":\"fr-FR\",\"potentialAction\":[{\"@type\":\"ReadAction\",\"target\":[\"https:\\\/\\\/www.carl-abrc.ca\\\/fr\\\/nouvelles\\\/presentation-de-lagente-de-programme-invitee-et-du-groupe-de-travail-sur-lequite-la-diversite-et-linclusion-de-labrc\\\/\"]}]},{\"@type\":\"ImageObject\",\"inLanguage\":\"fr-FR\",\"@id\":\"https:\\\/\\\/www.carl-abrc.ca\\\/fr\\\/nouvelles\\\/presentation-de-lagente-de-programme-invitee-et-du-groupe-de-travail-sur-lequite-la-diversite-et-linclusion-de-labrc\\\/#primaryimage\",\"url\":\"https:\\\/\\\/www.carl-abrc.ca\\\/wp-content\\\/uploads\\\/2024\\\/09\\\/NewsFeaturedImage-1.jpg\",\"contentUrl\":\"https:\\\/\\\/www.carl-abrc.ca\\\/wp-content\\\/uploads\\\/2024\\\/09\\\/NewsFeaturedImage-1.jpg\",\"width\":1920,\"height\":1080,\"caption\":\"C.A.R.L. Logo\"},{\"@type\":\"BreadcrumbList\",\"@id\":\"https:\\\/\\\/www.carl-abrc.ca\\\/fr\\\/nouvelles\\\/presentation-de-lagente-de-programme-invitee-et-du-groupe-de-travail-sur-lequite-la-diversite-et-linclusion-de-labrc\\\/#breadcrumb\",\"itemListElement\":[{\"@type\":\"ListItem\",\"position\":1,\"name\":\"Accueil\",\"item\":\"https:\\\/\\\/www.carl-abrc.ca\\\/fr\\\/home-3\\\/\"},{\"@type\":\"ListItem\",\"position\":2,\"name\":\"Pr\u00e9sentation de l\u2019agente de programme invit\u00e9e et du groupe de travail sur l\u2019\u00e9quit\u00e9, la diversit\u00e9 et l\u2019inclusion de l\u2019ABRC\"}]},{\"@type\":\"WebSite\",\"@id\":\"https:\\\/\\\/www.carl-abrc.ca\\\/fr\\\/#website\",\"url\":\"https:\\\/\\\/www.carl-abrc.ca\\\/fr\\\/\",\"name\":\"Association des biblioth\u00e8ques de recherche du Canada\",\"description\":\"ABRC\",\"publisher\":{\"@id\":\"https:\\\/\\\/www.carl-abrc.ca\\\/fr\\\/#organization\"},\"potentialAction\":[{\"@type\":\"SearchAction\",\"target\":{\"@type\":\"EntryPoint\",\"urlTemplate\":\"https:\\\/\\\/www.carl-abrc.ca\\\/fr\\\/?s={search_term_string}\"},\"query-input\":{\"@type\":\"PropertyValueSpecification\",\"valueRequired\":true,\"valueName\":\"search_term_string\"}}],\"inLanguage\":\"fr-FR\"},{\"@type\":\"Organization\",\"@id\":\"https:\\\/\\\/www.carl-abrc.ca\\\/fr\\\/#organization\",\"name\":\"Association des biblioth\u00e8ques de recherche du Canada\",\"url\":\"https:\\\/\\\/www.carl-abrc.ca\\\/fr\\\/\",\"logo\":{\"@type\":\"ImageObject\",\"inLanguage\":\"fr-FR\",\"@id\":\"https:\\\/\\\/www.carl-abrc.ca\\\/fr\\\/#\\\/schema\\\/logo\\\/image\\\/\",\"url\":\"https:\\\/\\\/www.carl-abrc.ca\\\/wp-content\\\/uploads\\\/2024\\\/07\\\/cropped-Stacked_Colour_L.png\",\"contentUrl\":\"https:\\\/\\\/www.carl-abrc.ca\\\/wp-content\\\/uploads\\\/2024\\\/07\\\/cropped-Stacked_Colour_L.png\",\"width\":641,\"height\":250,\"caption\":\"Association des biblioth\u00e8ques de recherche du Canada\"},\"image\":{\"@id\":\"https:\\\/\\\/www.carl-abrc.ca\\\/fr\\\/#\\\/schema\\\/logo\\\/image\\\/\"},\"sameAs\":[\"https:\\\/\\\/x.com\\\/carlabrc\"]},{\"@type\":\"Person\",\"@id\":\"https:\\\/\\\/www.carl-abrc.ca\\\/fr\\\/#\\\/schema\\\/person\\\/d9b6bfb73c89f6e9eafbd338013764ed\",\"name\":\"Julie Morin\",\"image\":{\"@type\":\"ImageObject\",\"inLanguage\":\"fr-FR\",\"@id\":\"https:\\\/\\\/secure.gravatar.com\\\/avatar\\\/8f563df894a5ea8e4663aea014d75f7ff272a49a318995c22006e48ba2fca63e?s=96&d=mm&r=g\",\"url\":\"https:\\\/\\\/secure.gravatar.com\\\/avatar\\\/8f563df894a5ea8e4663aea014d75f7ff272a49a318995c22006e48ba2fca63e?s=96&d=mm&r=g\",\"contentUrl\":\"https:\\\/\\\/secure.gravatar.com\\\/avatar\\\/8f563df894a5ea8e4663aea014d75f7ff272a49a318995c22006e48ba2fca63e?s=96&d=mm&r=g\",\"caption\":\"Julie Morin\"},\"url\":\"https:\\\/\\\/www.carl-abrc.ca\\\/fr\\\/author\\\/julie\\\/\"}]}<\/script>\n<!-- \/ Yoast SEO plugin. -->","yoast_head_json":{"title":"Pr\u00e9sentation de l\u2019agente de programme invit\u00e9e et du groupe de travail sur l\u2019\u00e9quit\u00e9, la diversit\u00e9 et l\u2019inclusion de l\u2019ABRC - Association des biblioth\u00e8ques de recherche du Canada","robots":{"index":"index","follow":"follow","max-snippet":"max-snippet:-1","max-image-preview":"max-image-preview:large","max-video-preview":"max-video-preview:-1"},"canonical":"https:\/\/www.carl-abrc.ca\/fr\/nouvelles\/presentation-de-lagente-de-programme-invitee-et-du-groupe-de-travail-sur-lequite-la-diversite-et-linclusion-de-labrc\/","og_locale":"fr_FR","og_type":"article","og_title":"Pr\u00e9sentation de l\u2019agente de programme invit\u00e9e et du groupe de travail sur l\u2019\u00e9quit\u00e9, la diversit\u00e9 et l\u2019inclusion de l\u2019ABRC - Association des biblioth\u00e8ques de recherche du Canada","og_description":"9 mai, 2019. &#8211; L&rsquo;Association des biblioth\u00e8ques de recherche du Canada (ABRC) a le plaisir d\u2019annoncer la composition de l\u2019\u00e9quipe comp\u00e9tente et diversifi\u00e9e qui d\u00e9veloppera son programme d&rsquo;initiatives bilingues afin [&hellip;]","og_url":"https:\/\/www.carl-abrc.ca\/fr\/nouvelles\/presentation-de-lagente-de-programme-invitee-et-du-groupe-de-travail-sur-lequite-la-diversite-et-linclusion-de-labrc\/","og_site_name":"Association des biblioth\u00e8ques de recherche du Canada","article_published_time":"2019-05-09T22:30:27+00:00","article_modified_time":"2019-05-09T22:33:38+00:00","og_image":[{"width":1920,"height":1080,"url":"https:\/\/www.carl-abrc.ca\/wp-content\/uploads\/2024\/09\/NewsFeaturedImage-1.jpg","type":"image\/jpeg"}],"author":"Julie Morin","twitter_misc":{"\u00c9crit par":"Julie Morin","Dur\u00e9e de lecture estim\u00e9e":"3 minutes"},"schema":{"@context":"https:\/\/schema.org","@graph":[{"@type":"Article","@id":"https:\/\/www.carl-abrc.ca\/fr\/nouvelles\/presentation-de-lagente-de-programme-invitee-et-du-groupe-de-travail-sur-lequite-la-diversite-et-linclusion-de-labrc\/#article","isPartOf":{"@id":"https:\/\/www.carl-abrc.ca\/fr\/nouvelles\/presentation-de-lagente-de-programme-invitee-et-du-groupe-de-travail-sur-lequite-la-diversite-et-linclusion-de-labrc\/"},"author":{"name":"Julie Morin","@id":"https:\/\/www.carl-abrc.ca\/fr\/#\/schema\/person\/d9b6bfb73c89f6e9eafbd338013764ed"},"headline":"Pr\u00e9sentation de l\u2019agente de programme invit\u00e9e et du groupe de travail sur l\u2019\u00e9quit\u00e9, la diversit\u00e9 et l\u2019inclusion de l\u2019ABRC","datePublished":"2019-05-09T22:30:27+00:00","dateModified":"2019-05-09T22:33:38+00:00","mainEntityOfPage":{"@id":"https:\/\/www.carl-abrc.ca\/fr\/nouvelles\/presentation-de-lagente-de-programme-invitee-et-du-groupe-de-travail-sur-lequite-la-diversite-et-linclusion-de-labrc\/"},"wordCount":723,"publisher":{"@id":"https:\/\/www.carl-abrc.ca\/fr\/#organization"},"image":{"@id":"https:\/\/www.carl-abrc.ca\/fr\/nouvelles\/presentation-de-lagente-de-programme-invitee-et-du-groupe-de-travail-sur-lequite-la-diversite-et-linclusion-de-labrc\/#primaryimage"},"thumbnailUrl":"https:\/\/www.carl-abrc.ca\/wp-content\/uploads\/2024\/09\/NewsFeaturedImage-1.jpg","articleSection":["\u00c9DI","Nouvelles"],"inLanguage":"fr-FR"},{"@type":"WebPage","@id":"https:\/\/www.carl-abrc.ca\/fr\/nouvelles\/presentation-de-lagente-de-programme-invitee-et-du-groupe-de-travail-sur-lequite-la-diversite-et-linclusion-de-labrc\/","url":"https:\/\/www.carl-abrc.ca\/fr\/nouvelles\/presentation-de-lagente-de-programme-invitee-et-du-groupe-de-travail-sur-lequite-la-diversite-et-linclusion-de-labrc\/","name":"Pr\u00e9sentation de l\u2019agente de programme invit\u00e9e et du groupe de travail sur l\u2019\u00e9quit\u00e9, la diversit\u00e9 et l\u2019inclusion de l\u2019ABRC - Association des biblioth\u00e8ques de recherche du Canada","isPartOf":{"@id":"https:\/\/www.carl-abrc.ca\/fr\/#website"},"primaryImageOfPage":{"@id":"https:\/\/www.carl-abrc.ca\/fr\/nouvelles\/presentation-de-lagente-de-programme-invitee-et-du-groupe-de-travail-sur-lequite-la-diversite-et-linclusion-de-labrc\/#primaryimage"},"image":{"@id":"https:\/\/www.carl-abrc.ca\/fr\/nouvelles\/presentation-de-lagente-de-programme-invitee-et-du-groupe-de-travail-sur-lequite-la-diversite-et-linclusion-de-labrc\/#primaryimage"},"thumbnailUrl":"https:\/\/www.carl-abrc.ca\/wp-content\/uploads\/2024\/09\/NewsFeaturedImage-1.jpg","datePublished":"2019-05-09T22:30:27+00:00","dateModified":"2019-05-09T22:33:38+00:00","breadcrumb":{"@id":"https:\/\/www.carl-abrc.ca\/fr\/nouvelles\/presentation-de-lagente-de-programme-invitee-et-du-groupe-de-travail-sur-lequite-la-diversite-et-linclusion-de-labrc\/#breadcrumb"},"inLanguage":"fr-FR","potentialAction":[{"@type":"ReadAction","target":["https:\/\/www.carl-abrc.ca\/fr\/nouvelles\/presentation-de-lagente-de-programme-invitee-et-du-groupe-de-travail-sur-lequite-la-diversite-et-linclusion-de-labrc\/"]}]},{"@type":"ImageObject","inLanguage":"fr-FR","@id":"https:\/\/www.carl-abrc.ca\/fr\/nouvelles\/presentation-de-lagente-de-programme-invitee-et-du-groupe-de-travail-sur-lequite-la-diversite-et-linclusion-de-labrc\/#primaryimage","url":"https:\/\/www.carl-abrc.ca\/wp-content\/uploads\/2024\/09\/NewsFeaturedImage-1.jpg","contentUrl":"https:\/\/www.carl-abrc.ca\/wp-content\/uploads\/2024\/09\/NewsFeaturedImage-1.jpg","width":1920,"height":1080,"caption":"C.A.R.L. Logo"},{"@type":"BreadcrumbList","@id":"https:\/\/www.carl-abrc.ca\/fr\/nouvelles\/presentation-de-lagente-de-programme-invitee-et-du-groupe-de-travail-sur-lequite-la-diversite-et-linclusion-de-labrc\/#breadcrumb","itemListElement":[{"@type":"ListItem","position":1,"name":"Accueil","item":"https:\/\/www.carl-abrc.ca\/fr\/home-3\/"},{"@type":"ListItem","position":2,"name":"Pr\u00e9sentation de l\u2019agente de programme invit\u00e9e et du groupe de travail sur l\u2019\u00e9quit\u00e9, la diversit\u00e9 et l\u2019inclusion de l\u2019ABRC"}]},{"@type":"WebSite","@id":"https:\/\/www.carl-abrc.ca\/fr\/#website","url":"https:\/\/www.carl-abrc.ca\/fr\/","name":"Association des biblioth\u00e8ques de recherche du Canada","description":"ABRC","publisher":{"@id":"https:\/\/www.carl-abrc.ca\/fr\/#organization"},"potentialAction":[{"@type":"SearchAction","target":{"@type":"EntryPoint","urlTemplate":"https:\/\/www.carl-abrc.ca\/fr\/?s={search_term_string}"},"query-input":{"@type":"PropertyValueSpecification","valueRequired":true,"valueName":"search_term_string"}}],"inLanguage":"fr-FR"},{"@type":"Organization","@id":"https:\/\/www.carl-abrc.ca\/fr\/#organization","name":"Association des biblioth\u00e8ques de recherche du Canada","url":"https:\/\/www.carl-abrc.ca\/fr\/","logo":{"@type":"ImageObject","inLanguage":"fr-FR","@id":"https:\/\/www.carl-abrc.ca\/fr\/#\/schema\/logo\/image\/","url":"https:\/\/www.carl-abrc.ca\/wp-content\/uploads\/2024\/07\/cropped-Stacked_Colour_L.png","contentUrl":"https:\/\/www.carl-abrc.ca\/wp-content\/uploads\/2024\/07\/cropped-Stacked_Colour_L.png","width":641,"height":250,"caption":"Association des biblioth\u00e8ques de recherche du Canada"},"image":{"@id":"https:\/\/www.carl-abrc.ca\/fr\/#\/schema\/logo\/image\/"},"sameAs":["https:\/\/x.com\/carlabrc"]},{"@type":"Person","@id":"https:\/\/www.carl-abrc.ca\/fr\/#\/schema\/person\/d9b6bfb73c89f6e9eafbd338013764ed","name":"Julie Morin","image":{"@type":"ImageObject","inLanguage":"fr-FR","@id":"https:\/\/secure.gravatar.com\/avatar\/8f563df894a5ea8e4663aea014d75f7ff272a49a318995c22006e48ba2fca63e?s=96&d=mm&r=g","url":"https:\/\/secure.gravatar.com\/avatar\/8f563df894a5ea8e4663aea014d75f7ff272a49a318995c22006e48ba2fca63e?s=96&d=mm&r=g","contentUrl":"https:\/\/secure.gravatar.com\/avatar\/8f563df894a5ea8e4663aea014d75f7ff272a49a318995c22006e48ba2fca63e?s=96&d=mm&r=g","caption":"Julie Morin"},"url":"https:\/\/www.carl-abrc.ca\/fr\/author\/julie\/"}]}},"_links":{"self":[{"href":"https:\/\/www.carl-abrc.ca\/fr\/wp-json\/wp\/v2\/posts\/10775","targetHints":{"allow":["GET"]}}],"collection":[{"href":"https:\/\/www.carl-abrc.ca\/fr\/wp-json\/wp\/v2\/posts"}],"about":[{"href":"https:\/\/www.carl-abrc.ca\/fr\/wp-json\/wp\/v2\/types\/post"}],"author":[{"embeddable":true,"href":"https:\/\/www.carl-abrc.ca\/fr\/wp-json\/wp\/v2\/users\/63"}],"replies":[{"embeddable":true,"href":"https:\/\/www.carl-abrc.ca\/fr\/wp-json\/wp\/v2\/comments?post=10775"}],"version-history":[{"count":0,"href":"https:\/\/www.carl-abrc.ca\/fr\/wp-json\/wp\/v2\/posts\/10775\/revisions"}],"wp:featuredmedia":[{"embeddable":true,"href":"https:\/\/www.carl-abrc.ca\/fr\/wp-json\/wp\/v2\/media\/36194"}],"wp:attachment":[{"href":"https:\/\/www.carl-abrc.ca\/fr\/wp-json\/wp\/v2\/media?parent=10775"}],"wp:term":[{"taxonomy":"category","embeddable":true,"href":"https:\/\/www.carl-abrc.ca\/fr\/wp-json\/wp\/v2\/categories?post=10775"},{"taxonomy":"post_tag","embeddable":true,"href":"https:\/\/www.carl-abrc.ca\/fr\/wp-json\/wp\/v2\/tags?post=10775"}],"curies":[{"name":"wp","href":"https:\/\/api.w.org\/{rel}","templated":true}]}}