{"id":12472,"date":"2019-09-25T10:25:33","date_gmt":"2019-09-25T14:25:33","guid":{"rendered":"http:\/\/www.carl-abrc.ca\/?p=12472"},"modified":"2019-09-25T10:25:33","modified_gmt":"2019-09-25T14:25:33","slug":"rappel-linscription-est-maintenant-ouverte-pour-latelier-des-bibliotheques-canadiennes-sur-levaluation-2019","status":"publish","type":"post","link":"https:\/\/www.carl-abrc.ca\/fr\/nouvelles\/rappel-linscription-est-maintenant-ouverte-pour-latelier-des-bibliotheques-canadiennes-sur-levaluation-2019\/","title":{"rendered":"RAPPEL : L\u2019inscription est maintenant ouverte pour l\u2019atelier des biblioth\u00e8ques canadiennes sur l\u2019\u00e9valuation 2019"},"content":{"rendered":"<p>L\u2019Association des biblioth\u00e8ques de recherche du Canada (ABRC) s\u2019est engag\u00e9e \u00e0 soutenir et \u00e0 d\u00e9velopper des mesures de rendement fond\u00e9es sur les r\u00e9sultats pour aider les biblioth\u00e8ques \u00e0 aller au-del\u00e0 des entr\u00e9es et des sorties afin de mieux d\u00e9montrer les retomb\u00e9es des biblioth\u00e8ques au sein de la recherche, l\u2019enseignement et l\u2019apprentissage. Gr\u00e2ce \u00e0 la prestation de programmes li\u00e9s \u00e0 l\u2019\u00e9valuation, l\u2019\u00e9change d\u2019information, et au soutien \u00e0 la recherche pertinente, l\u2019ABRC am\u00e8ne ses membres \u00e0 utiliser des preuves fond\u00e9es sur les r\u00e9sultats pour d\u00e9montrer le rendement des investissements et d\u2019autres mesures de valeur des biblioth\u00e8ques de recherche.<\/p>\n<p>C\u2019est en songeant \u00e0 cette initiative strat\u00e9gique que l\u2019ABRC et les biblioth\u00e8ques de l\u2019University of Windsor vous invitent \u00e0 participer \u00e0\u00a0l\u2019Atelier des biblioth\u00e8ques canadiennes sur l\u2019\u00e9valuation (ABCE)\u00a0qui se d\u00e9roulera \u00e0 Windsor du 22 au 24 octobre 2019. Cet \u00e9v\u00e9nement int\u00e9ressera toutes les biblioth\u00e9caires universitaires et de recherche qui participent \u00e0 l\u2019\u00e9valuation. D\u00e9tails\u00a0: <a href=\"http:\/\/www.carl-abrc.ca\/fr\/mini-site-page\/atelier-des-bibliotheques-canadiennes-sur-levaluation-2019\/\" target=\"_blank\" rel=\"noopener noreferrer\">http:\/\/www.carl-abrc.ca\/fr\/mini-site-page\/atelier-des-bibliotheques-canadiennes-sur-levaluation-2019\/<\/a><\/p>\n<p>&nbsp;<\/p>\n<p>L\u2019inscription est limit\u00e9e : <a href=\"https:\/\/www.eventbrite.ca\/e\/canadian-library-assessment-workshop-atelier-des-bibliotheques-canadiennes-sur-levaluation-registration-68610252111\">Eventbrite<\/a><\/p>\n","protected":false},"excerpt":{"rendered":"<p>L\u2019Association des biblioth\u00e8ques de recherche du Canada (ABRC) s\u2019est engag\u00e9e \u00e0 soutenir et \u00e0 d\u00e9velopper des mesures de rendement fond\u00e9es sur les r\u00e9sultats pour aider les biblioth\u00e8ques \u00e0 aller au-del\u00e0 [&hellip;]<\/p>\n","protected":false},"author":63,"featured_media":0,"comment_status":"closed","ping_status":"open","sticky":false,"template":"","format":"standard","meta":{"_acf_changed":false,"_EventAllDay":false,"_EventTimezone":"","_EventStartDate":"","_EventEndDate":"","_EventStartDateUTC":"","_EventEndDateUTC":"","_EventShowMap":false,"_EventShowMapLink":false,"_EventURL":"","_EventCost":"","_EventCostDescription":"","_EventCurrencySymbol":"","_EventCurrencyCode":"","_EventCurrencyPosition":"","_EventDateTimeSeparator":"","_EventTimeRangeSeparator":"","_EventOrganizerID":[],"_EventVenueID":[],"_OrganizerEmail":"","_OrganizerPhone":"","_OrganizerWebsite":"","_VenueAddress":"","_VenueCity":"","_VenueCountry":"","_VenueProvince":"","_VenueState":"","_VenueZip":"","_VenuePhone":"","_VenueURL":"","_VenueStateProvince":"","_VenueLat":"","_VenueLng":"","_VenueShowMap":false,"_VenueShowMapLink":false,"footnotes":""},"categories":[2],"tags":[],"class_list":["post-12472","post","type-post","status-publish","format-standard","hentry","category-nouvelles"],"acf":[],"yoast_head":"<!-- This site is optimized with the Yoast SEO plugin v27.5 - https:\/\/yoast.com\/product\/yoast-seo-wordpress\/ -->\n<title>RAPPEL : L\u2019inscription est maintenant ouverte pour l\u2019atelier des biblioth\u00e8ques canadiennes sur l\u2019\u00e9valuation 2019 - Association des biblioth\u00e8ques de recherche du Canada<\/title>\n<meta name=\"robots\" content=\"index, follow, max-snippet:-1, max-image-preview:large, max-video-preview:-1\" \/>\n<link rel=\"canonical\" href=\"https:\/\/www.carl-abrc.ca\/fr\/nouvelles\/rappel-linscription-est-maintenant-ouverte-pour-latelier-des-bibliotheques-canadiennes-sur-levaluation-2019\/\" \/>\n<meta property=\"og:locale\" content=\"fr_FR\" \/>\n<meta property=\"og:type\" content=\"article\" \/>\n<meta property=\"og:title\" content=\"RAPPEL : L\u2019inscription est maintenant ouverte pour l\u2019atelier des biblioth\u00e8ques canadiennes sur l\u2019\u00e9valuation 2019 - Association des biblioth\u00e8ques de recherche du Canada\" \/>\n<meta property=\"og:description\" content=\"L\u2019Association des biblioth\u00e8ques de recherche du Canada (ABRC) s\u2019est engag\u00e9e \u00e0 soutenir et \u00e0 d\u00e9velopper des mesures de rendement fond\u00e9es sur les r\u00e9sultats pour aider les biblioth\u00e8ques \u00e0 aller au-del\u00e0 [&hellip;]\" \/>\n<meta property=\"og:url\" content=\"https:\/\/www.carl-abrc.ca\/fr\/nouvelles\/rappel-linscription-est-maintenant-ouverte-pour-latelier-des-bibliotheques-canadiennes-sur-levaluation-2019\/\" \/>\n<meta property=\"og:site_name\" content=\"Association des biblioth\u00e8ques de recherche du Canada\" \/>\n<meta property=\"article:published_time\" content=\"2019-09-25T14:25:33+00:00\" \/>\n<meta name=\"author\" content=\"Julie Morin\" \/>\n<meta name=\"twitter:label1\" content=\"\u00c9crit par\" \/>\n\t<meta name=\"twitter:data1\" content=\"Julie Morin\" \/>\n\t<meta name=\"twitter:label2\" content=\"Dur\u00e9e de lecture estim\u00e9e\" \/>\n\t<meta name=\"twitter:data2\" content=\"1 minute\" \/>\n<script type=\"application\/ld+json\" class=\"yoast-schema-graph\">{\"@context\":\"https:\\\/\\\/schema.org\",\"@graph\":[{\"@type\":\"Article\",\"@id\":\"https:\\\/\\\/www.carl-abrc.ca\\\/fr\\\/nouvelles\\\/rappel-linscription-est-maintenant-ouverte-pour-latelier-des-bibliotheques-canadiennes-sur-levaluation-2019\\\/#article\",\"isPartOf\":{\"@id\":\"https:\\\/\\\/www.carl-abrc.ca\\\/fr\\\/nouvelles\\\/rappel-linscription-est-maintenant-ouverte-pour-latelier-des-bibliotheques-canadiennes-sur-levaluation-2019\\\/\"},\"author\":{\"name\":\"Julie Morin\",\"@id\":\"https:\\\/\\\/www.carl-abrc.ca\\\/fr\\\/#\\\/schema\\\/person\\\/d9b6bfb73c89f6e9eafbd338013764ed\"},\"headline\":\"RAPPEL : L\u2019inscription est maintenant ouverte pour l\u2019atelier des biblioth\u00e8ques canadiennes sur l\u2019\u00e9valuation 2019\",\"datePublished\":\"2019-09-25T14:25:33+00:00\",\"mainEntityOfPage\":{\"@id\":\"https:\\\/\\\/www.carl-abrc.ca\\\/fr\\\/nouvelles\\\/rappel-linscription-est-maintenant-ouverte-pour-latelier-des-bibliotheques-canadiennes-sur-levaluation-2019\\\/\"},\"wordCount\":205,\"publisher\":{\"@id\":\"https:\\\/\\\/www.carl-abrc.ca\\\/fr\\\/#organization\"},\"articleSection\":[\"Nouvelles\"],\"inLanguage\":\"fr-FR\"},{\"@type\":\"WebPage\",\"@id\":\"https:\\\/\\\/www.carl-abrc.ca\\\/fr\\\/nouvelles\\\/rappel-linscription-est-maintenant-ouverte-pour-latelier-des-bibliotheques-canadiennes-sur-levaluation-2019\\\/\",\"url\":\"https:\\\/\\\/www.carl-abrc.ca\\\/fr\\\/nouvelles\\\/rappel-linscription-est-maintenant-ouverte-pour-latelier-des-bibliotheques-canadiennes-sur-levaluation-2019\\\/\",\"name\":\"RAPPEL : L\u2019inscription est maintenant ouverte pour l\u2019atelier des biblioth\u00e8ques canadiennes sur l\u2019\u00e9valuation 2019 - Association des biblioth\u00e8ques de recherche du Canada\",\"isPartOf\":{\"@id\":\"https:\\\/\\\/www.carl-abrc.ca\\\/fr\\\/#website\"},\"datePublished\":\"2019-09-25T14:25:33+00:00\",\"breadcrumb\":{\"@id\":\"https:\\\/\\\/www.carl-abrc.ca\\\/fr\\\/nouvelles\\\/rappel-linscription-est-maintenant-ouverte-pour-latelier-des-bibliotheques-canadiennes-sur-levaluation-2019\\\/#breadcrumb\"},\"inLanguage\":\"fr-FR\",\"potentialAction\":[{\"@type\":\"ReadAction\",\"target\":[\"https:\\\/\\\/www.carl-abrc.ca\\\/fr\\\/nouvelles\\\/rappel-linscription-est-maintenant-ouverte-pour-latelier-des-bibliotheques-canadiennes-sur-levaluation-2019\\\/\"]}]},{\"@type\":\"BreadcrumbList\",\"@id\":\"https:\\\/\\\/www.carl-abrc.ca\\\/fr\\\/nouvelles\\\/rappel-linscription-est-maintenant-ouverte-pour-latelier-des-bibliotheques-canadiennes-sur-levaluation-2019\\\/#breadcrumb\",\"itemListElement\":[{\"@type\":\"ListItem\",\"position\":1,\"name\":\"Accueil\",\"item\":\"https:\\\/\\\/www.carl-abrc.ca\\\/fr\\\/home-3\\\/\"},{\"@type\":\"ListItem\",\"position\":2,\"name\":\"RAPPEL : L\u2019inscription est maintenant ouverte pour l\u2019atelier des biblioth\u00e8ques canadiennes sur l\u2019\u00e9valuation 2019\"}]},{\"@type\":\"WebSite\",\"@id\":\"https:\\\/\\\/www.carl-abrc.ca\\\/fr\\\/#website\",\"url\":\"https:\\\/\\\/www.carl-abrc.ca\\\/fr\\\/\",\"name\":\"Association des biblioth\u00e8ques de recherche du Canada\",\"description\":\"ABRC\",\"publisher\":{\"@id\":\"https:\\\/\\\/www.carl-abrc.ca\\\/fr\\\/#organization\"},\"potentialAction\":[{\"@type\":\"SearchAction\",\"target\":{\"@type\":\"EntryPoint\",\"urlTemplate\":\"https:\\\/\\\/www.carl-abrc.ca\\\/fr\\\/?s={search_term_string}\"},\"query-input\":{\"@type\":\"PropertyValueSpecification\",\"valueRequired\":true,\"valueName\":\"search_term_string\"}}],\"inLanguage\":\"fr-FR\"},{\"@type\":\"Organization\",\"@id\":\"https:\\\/\\\/www.carl-abrc.ca\\\/fr\\\/#organization\",\"name\":\"Association des biblioth\u00e8ques de recherche du Canada\",\"url\":\"https:\\\/\\\/www.carl-abrc.ca\\\/fr\\\/\",\"logo\":{\"@type\":\"ImageObject\",\"inLanguage\":\"fr-FR\",\"@id\":\"https:\\\/\\\/www.carl-abrc.ca\\\/fr\\\/#\\\/schema\\\/logo\\\/image\\\/\",\"url\":\"https:\\\/\\\/www.carl-abrc.ca\\\/wp-content\\\/uploads\\\/2024\\\/07\\\/cropped-Stacked_Colour_L.png\",\"contentUrl\":\"https:\\\/\\\/www.carl-abrc.ca\\\/wp-content\\\/uploads\\\/2024\\\/07\\\/cropped-Stacked_Colour_L.png\",\"width\":641,\"height\":250,\"caption\":\"Association des biblioth\u00e8ques de recherche du Canada\"},\"image\":{\"@id\":\"https:\\\/\\\/www.carl-abrc.ca\\\/fr\\\/#\\\/schema\\\/logo\\\/image\\\/\"},\"sameAs\":[\"https:\\\/\\\/x.com\\\/carlabrc\"]},{\"@type\":\"Person\",\"@id\":\"https:\\\/\\\/www.carl-abrc.ca\\\/fr\\\/#\\\/schema\\\/person\\\/d9b6bfb73c89f6e9eafbd338013764ed\",\"name\":\"Julie Morin\",\"image\":{\"@type\":\"ImageObject\",\"inLanguage\":\"fr-FR\",\"@id\":\"https:\\\/\\\/secure.gravatar.com\\\/avatar\\\/8f563df894a5ea8e4663aea014d75f7ff272a49a318995c22006e48ba2fca63e?s=96&d=mm&r=g\",\"url\":\"https:\\\/\\\/secure.gravatar.com\\\/avatar\\\/8f563df894a5ea8e4663aea014d75f7ff272a49a318995c22006e48ba2fca63e?s=96&d=mm&r=g\",\"contentUrl\":\"https:\\\/\\\/secure.gravatar.com\\\/avatar\\\/8f563df894a5ea8e4663aea014d75f7ff272a49a318995c22006e48ba2fca63e?s=96&d=mm&r=g\",\"caption\":\"Julie Morin\"},\"url\":\"https:\\\/\\\/www.carl-abrc.ca\\\/fr\\\/author\\\/julie\\\/\"}]}<\/script>\n<!-- \/ Yoast SEO plugin. -->","yoast_head_json":{"title":"RAPPEL : L\u2019inscription est maintenant ouverte pour l\u2019atelier des biblioth\u00e8ques canadiennes sur l\u2019\u00e9valuation 2019 - Association des biblioth\u00e8ques de recherche du Canada","robots":{"index":"index","follow":"follow","max-snippet":"max-snippet:-1","max-image-preview":"max-image-preview:large","max-video-preview":"max-video-preview:-1"},"canonical":"https:\/\/www.carl-abrc.ca\/fr\/nouvelles\/rappel-linscription-est-maintenant-ouverte-pour-latelier-des-bibliotheques-canadiennes-sur-levaluation-2019\/","og_locale":"fr_FR","og_type":"article","og_title":"RAPPEL : L\u2019inscription est maintenant ouverte pour l\u2019atelier des biblioth\u00e8ques canadiennes sur l\u2019\u00e9valuation 2019 - Association des biblioth\u00e8ques de recherche du Canada","og_description":"L\u2019Association des biblioth\u00e8ques de recherche du Canada (ABRC) s\u2019est engag\u00e9e \u00e0 soutenir et \u00e0 d\u00e9velopper des mesures de rendement fond\u00e9es sur les r\u00e9sultats pour aider les biblioth\u00e8ques \u00e0 aller au-del\u00e0 [&hellip;]","og_url":"https:\/\/www.carl-abrc.ca\/fr\/nouvelles\/rappel-linscription-est-maintenant-ouverte-pour-latelier-des-bibliotheques-canadiennes-sur-levaluation-2019\/","og_site_name":"Association des biblioth\u00e8ques de recherche du Canada","article_published_time":"2019-09-25T14:25:33+00:00","author":"Julie Morin","twitter_misc":{"\u00c9crit par":"Julie Morin","Dur\u00e9e de lecture estim\u00e9e":"1 minute"},"schema":{"@context":"https:\/\/schema.org","@graph":[{"@type":"Article","@id":"https:\/\/www.carl-abrc.ca\/fr\/nouvelles\/rappel-linscription-est-maintenant-ouverte-pour-latelier-des-bibliotheques-canadiennes-sur-levaluation-2019\/#article","isPartOf":{"@id":"https:\/\/www.carl-abrc.ca\/fr\/nouvelles\/rappel-linscription-est-maintenant-ouverte-pour-latelier-des-bibliotheques-canadiennes-sur-levaluation-2019\/"},"author":{"name":"Julie Morin","@id":"https:\/\/www.carl-abrc.ca\/fr\/#\/schema\/person\/d9b6bfb73c89f6e9eafbd338013764ed"},"headline":"RAPPEL : L\u2019inscription est maintenant ouverte pour l\u2019atelier des biblioth\u00e8ques canadiennes sur l\u2019\u00e9valuation 2019","datePublished":"2019-09-25T14:25:33+00:00","mainEntityOfPage":{"@id":"https:\/\/www.carl-abrc.ca\/fr\/nouvelles\/rappel-linscription-est-maintenant-ouverte-pour-latelier-des-bibliotheques-canadiennes-sur-levaluation-2019\/"},"wordCount":205,"publisher":{"@id":"https:\/\/www.carl-abrc.ca\/fr\/#organization"},"articleSection":["Nouvelles"],"inLanguage":"fr-FR"},{"@type":"WebPage","@id":"https:\/\/www.carl-abrc.ca\/fr\/nouvelles\/rappel-linscription-est-maintenant-ouverte-pour-latelier-des-bibliotheques-canadiennes-sur-levaluation-2019\/","url":"https:\/\/www.carl-abrc.ca\/fr\/nouvelles\/rappel-linscription-est-maintenant-ouverte-pour-latelier-des-bibliotheques-canadiennes-sur-levaluation-2019\/","name":"RAPPEL : L\u2019inscription est maintenant ouverte pour l\u2019atelier des biblioth\u00e8ques canadiennes sur l\u2019\u00e9valuation 2019 - Association des biblioth\u00e8ques de recherche du Canada","isPartOf":{"@id":"https:\/\/www.carl-abrc.ca\/fr\/#website"},"datePublished":"2019-09-25T14:25:33+00:00","breadcrumb":{"@id":"https:\/\/www.carl-abrc.ca\/fr\/nouvelles\/rappel-linscription-est-maintenant-ouverte-pour-latelier-des-bibliotheques-canadiennes-sur-levaluation-2019\/#breadcrumb"},"inLanguage":"fr-FR","potentialAction":[{"@type":"ReadAction","target":["https:\/\/www.carl-abrc.ca\/fr\/nouvelles\/rappel-linscription-est-maintenant-ouverte-pour-latelier-des-bibliotheques-canadiennes-sur-levaluation-2019\/"]}]},{"@type":"BreadcrumbList","@id":"https:\/\/www.carl-abrc.ca\/fr\/nouvelles\/rappel-linscription-est-maintenant-ouverte-pour-latelier-des-bibliotheques-canadiennes-sur-levaluation-2019\/#breadcrumb","itemListElement":[{"@type":"ListItem","position":1,"name":"Accueil","item":"https:\/\/www.carl-abrc.ca\/fr\/home-3\/"},{"@type":"ListItem","position":2,"name":"RAPPEL : L\u2019inscription est maintenant ouverte pour l\u2019atelier des biblioth\u00e8ques canadiennes sur l\u2019\u00e9valuation 2019"}]},{"@type":"WebSite","@id":"https:\/\/www.carl-abrc.ca\/fr\/#website","url":"https:\/\/www.carl-abrc.ca\/fr\/","name":"Association des biblioth\u00e8ques de recherche du Canada","description":"ABRC","publisher":{"@id":"https:\/\/www.carl-abrc.ca\/fr\/#organization"},"potentialAction":[{"@type":"SearchAction","target":{"@type":"EntryPoint","urlTemplate":"https:\/\/www.carl-abrc.ca\/fr\/?s={search_term_string}"},"query-input":{"@type":"PropertyValueSpecification","valueRequired":true,"valueName":"search_term_string"}}],"inLanguage":"fr-FR"},{"@type":"Organization","@id":"https:\/\/www.carl-abrc.ca\/fr\/#organization","name":"Association des biblioth\u00e8ques de recherche du Canada","url":"https:\/\/www.carl-abrc.ca\/fr\/","logo":{"@type":"ImageObject","inLanguage":"fr-FR","@id":"https:\/\/www.carl-abrc.ca\/fr\/#\/schema\/logo\/image\/","url":"https:\/\/www.carl-abrc.ca\/wp-content\/uploads\/2024\/07\/cropped-Stacked_Colour_L.png","contentUrl":"https:\/\/www.carl-abrc.ca\/wp-content\/uploads\/2024\/07\/cropped-Stacked_Colour_L.png","width":641,"height":250,"caption":"Association des biblioth\u00e8ques de recherche du Canada"},"image":{"@id":"https:\/\/www.carl-abrc.ca\/fr\/#\/schema\/logo\/image\/"},"sameAs":["https:\/\/x.com\/carlabrc"]},{"@type":"Person","@id":"https:\/\/www.carl-abrc.ca\/fr\/#\/schema\/person\/d9b6bfb73c89f6e9eafbd338013764ed","name":"Julie Morin","image":{"@type":"ImageObject","inLanguage":"fr-FR","@id":"https:\/\/secure.gravatar.com\/avatar\/8f563df894a5ea8e4663aea014d75f7ff272a49a318995c22006e48ba2fca63e?s=96&d=mm&r=g","url":"https:\/\/secure.gravatar.com\/avatar\/8f563df894a5ea8e4663aea014d75f7ff272a49a318995c22006e48ba2fca63e?s=96&d=mm&r=g","contentUrl":"https:\/\/secure.gravatar.com\/avatar\/8f563df894a5ea8e4663aea014d75f7ff272a49a318995c22006e48ba2fca63e?s=96&d=mm&r=g","caption":"Julie Morin"},"url":"https:\/\/www.carl-abrc.ca\/fr\/author\/julie\/"}]}},"_links":{"self":[{"href":"https:\/\/www.carl-abrc.ca\/fr\/wp-json\/wp\/v2\/posts\/12472","targetHints":{"allow":["GET"]}}],"collection":[{"href":"https:\/\/www.carl-abrc.ca\/fr\/wp-json\/wp\/v2\/posts"}],"about":[{"href":"https:\/\/www.carl-abrc.ca\/fr\/wp-json\/wp\/v2\/types\/post"}],"author":[{"embeddable":true,"href":"https:\/\/www.carl-abrc.ca\/fr\/wp-json\/wp\/v2\/users\/63"}],"replies":[{"embeddable":true,"href":"https:\/\/www.carl-abrc.ca\/fr\/wp-json\/wp\/v2\/comments?post=12472"}],"version-history":[{"count":0,"href":"https:\/\/www.carl-abrc.ca\/fr\/wp-json\/wp\/v2\/posts\/12472\/revisions"}],"wp:attachment":[{"href":"https:\/\/www.carl-abrc.ca\/fr\/wp-json\/wp\/v2\/media?parent=12472"}],"wp:term":[{"taxonomy":"category","embeddable":true,"href":"https:\/\/www.carl-abrc.ca\/fr\/wp-json\/wp\/v2\/categories?post=12472"},{"taxonomy":"post_tag","embeddable":true,"href":"https:\/\/www.carl-abrc.ca\/fr\/wp-json\/wp\/v2\/tags?post=12472"}],"curies":[{"name":"wp","href":"https:\/\/api.w.org\/{rel}","templated":true}]}}