{"id":12486,"date":"2019-09-26T11:23:50","date_gmt":"2019-09-26T15:23:50","guid":{"rendered":"http:\/\/www.carl-abrc.ca\/?p=12486"},"modified":"2019-09-26T12:40:30","modified_gmt":"2019-09-26T16:40:30","slug":"webinaire-gratuit-rel-inclusives-et-accessibles","status":"publish","type":"post","link":"https:\/\/www.carl-abrc.ca\/fr\/nouvelles\/webinaire-gratuit-rel-inclusives-et-accessibles\/","title":{"rendered":"Webinaire gratuit sur les ressources \u00e9ducatives libres inclusives et accessibles"},"content":{"rendered":"<p>Le <a href=\"http:\/\/www.carl-abrc.ca\/fr\/faire-avancer-la-recherche\/communication-savante\/education-ouverte\/\">Groupe de travail sur l\u2019\u00e9ducation ouverte de l\u2019ABRC<\/a> souhaite vous inviter \u00e0 participer \u00e0 l\u2019occasion de perfectionnement professionnel suivante se rapportant \u00e0 l\u2019\u00e9ducation ouverte. Bien que la pr\u00e9sentations se fera en anglais, les diapositives seront disponibles en anglais et en fran\u00e7ais.<\/p>\n<p><strong>How to Create Inclusive and Accessible OER<\/strong><br \/>\n[<strong>Comment cr\u00e9er des ressources \u00e9ducatives libres inclusives et accessibles]<\/strong><br \/>\n<strong>Date\u00a0:<\/strong> Le 16\u00a0octobre\u00a02019<br \/>\n<strong>Heure\u00a0:<\/strong> 10\u00a0h HNP | 13\u00a0h HNE<\/p>\n<p><strong>Inscription\u00a0: <\/strong><a href=\"https:\/\/carl-accessible-oer-webinar.eventbrite.ca\/\">https:\/\/carl-accessible-oer-webinar.eventbrite.ca<\/a><\/p>\n<p>Au cours de ce webinaire, nous discuterons de la fa\u00e7on de concevoir des ressources \u00e9ducatives libres (REL) afin qu\u2019elles soient plus inclusives et plus accessibles pour tous les \u00e9tudiants. Un aper\u00e7u des consid\u00e9rations techniques de l\u2019accessibilit\u00e9 num\u00e9rique sera pr\u00e9sent\u00e9. Par exemple, quelles sont les exigences techniques minimales qui permettent aux \u00e9tudiants incapables de lire les imprim\u00e9s d\u2019acc\u00e9der \u00e0 la ressource et de s\u2019y retrouver? Nous examinerons \u00e9galement en quoi les pratiques de conception inclusive peuvent nous aider \u00e0 cr\u00e9er du mat\u00e9riel p\u00e9dagogique plus polyvalent et plus utile pour les \u00e9tudiants. Par exemple, \u00e0 quoi ressemble une ressource accessible pour un \u00e9tudiant qui n\u2019a pas d\u2019ordinateur personnel? Ou pour un \u00e9tudiant ayant un trouble d\u2019apprentissage qui rend la lecture plus difficile? En fin de compte, les \u00e9tudiants peuvent \u00eatre tr\u00e8s diff\u00e9rents les uns des autres, et ce qui convient \u00e0 l\u2019un peut ne pas convenir \u00e0 l\u2019autre. Mais, en proc\u00e9dant \u00e0 la conception en fonction de ces diff\u00e9rences, nous pouvons cr\u00e9er du mat\u00e9riel p\u00e9dagogique plus utile, plus puissant et plus accessible \u00e0 tous.<\/p>\n<p><strong>Biographie de la pr\u00e9sentatrice<\/strong><br \/>\n<a href=\"mailto:josie.gray@bccampus.ca\">Josie\u00a0Gray<\/a> est coordonnatrice de la qualit\u00e9 des collections au sein de l\u2019\u00e9quipe de l\u2019\u00e9ducation ouverte \u00e0 BCcampus. Elle veille \u00e0 la gestion de la collection de manuels en libre acc\u00e8s en Colombie-Britannique, en plus d\u2019offrir formation et soutien au personnel enseignant de la C.-B. qui publie des manuels en libre acc\u00e8s dans la plateforme Pressbooks. Depuis trois ans, Josie apprend au sujet des meilleures pratiques en mati\u00e8re d\u2019accessibilit\u00e9 aux REL et les enseigne. De plus, elle vient d\u2019entamer sa ma\u00eetrise en conception inclusive \u00e0 l\u2019OCAD University.<\/p>\n<p>Si vous avez des questions, veuillez communiquer avec Erin Fields, agente de programme invit\u00e9e de l\u2019ABRC pour l\u2019\u00e9ducation ouverte (<a href=\"mailto:erin.fields@ubc.ca\">erin.fields@ubc.ca<\/a>) ou avec Lise\u00a0Brin, agente de programme \u00e0 l\u2019ABRC (<a href=\"mailto:lise.brin@carl-abrc.ca\">lise.brin@carl-abrc.ca<\/a>).<\/p>\n<p>Vous trouverez de plus amples renseignements sur le Groupe de travail sur l\u2019\u00e9ducation ouverte de l\u2019ABRC sur la <a href=\"http:\/\/www.carl-abrc.ca\/fr\/faire-avancer-la-recherche\/communication-savante\/education-ouverte\/\">page Web de l\u2019\u00e9ducation ouverte de l\u2019ABRC<\/a>.<\/p>\n","protected":false},"excerpt":{"rendered":"<p>Le Groupe de travail sur l\u2019\u00e9ducation ouverte de l\u2019ABRC souhaite vous inviter \u00e0 participer \u00e0 l\u2019occasion de perfectionnement professionnel suivante se rapportant \u00e0 l\u2019\u00e9ducation ouverte. Bien que la pr\u00e9sentations se [&hellip;]<\/p>\n","protected":false},"author":11,"featured_media":36194,"comment_status":"closed","ping_status":"closed","sticky":false,"template":"","format":"standard","meta":{"_acf_changed":false,"_EventAllDay":false,"_EventTimezone":"","_EventStartDate":"","_EventEndDate":"","_EventStartDateUTC":"","_EventEndDateUTC":"","_EventShowMap":false,"_EventShowMapLink":false,"_EventURL":"","_EventCost":"","_EventCostDescription":"","_EventCurrencySymbol":"","_EventCurrencyCode":"","_EventCurrencyPosition":"","_EventDateTimeSeparator":"","_EventTimeRangeSeparator":"","_EventOrganizerID":[],"_EventVenueID":[],"_OrganizerEmail":"","_OrganizerPhone":"","_OrganizerWebsite":"","_VenueAddress":"","_VenueCity":"","_VenueCountry":"","_VenueProvince":"","_VenueState":"","_VenueZip":"","_VenuePhone":"","_VenueURL":"","_VenueStateProvince":"","_VenueLat":"","_VenueLng":"","_VenueShowMap":false,"_VenueShowMapLink":false,"footnotes":""},"categories":[27,2],"tags":[],"class_list":["post-12486","post","type-post","status-publish","format-standard","has-post-thumbnail","hentry","category-education-ouverte","category-nouvelles"],"acf":[],"yoast_head":"<!-- This site is optimized with the Yoast SEO plugin v27.5 - https:\/\/yoast.com\/product\/yoast-seo-wordpress\/ -->\n<title>Webinaire gratuit sur les ressources \u00e9ducatives libres inclusives et accessibles - Association des biblioth\u00e8ques de recherche du Canada<\/title>\n<meta name=\"robots\" content=\"index, follow, max-snippet:-1, max-image-preview:large, max-video-preview:-1\" \/>\n<link rel=\"canonical\" href=\"https:\/\/www.carl-abrc.ca\/fr\/nouvelles\/webinaire-gratuit-rel-inclusives-et-accessibles\/\" \/>\n<meta property=\"og:locale\" content=\"fr_FR\" \/>\n<meta property=\"og:type\" content=\"article\" \/>\n<meta property=\"og:title\" content=\"Webinaire gratuit sur les ressources \u00e9ducatives libres inclusives et accessibles - Association des biblioth\u00e8ques de recherche du Canada\" \/>\n<meta property=\"og:description\" content=\"Le Groupe de travail sur l\u2019\u00e9ducation ouverte de l\u2019ABRC souhaite vous inviter \u00e0 participer \u00e0 l\u2019occasion de perfectionnement professionnel suivante se rapportant \u00e0 l\u2019\u00e9ducation ouverte. Bien que la pr\u00e9sentations se [&hellip;]\" \/>\n<meta property=\"og:url\" content=\"https:\/\/www.carl-abrc.ca\/fr\/nouvelles\/webinaire-gratuit-rel-inclusives-et-accessibles\/\" \/>\n<meta property=\"og:site_name\" content=\"Association des biblioth\u00e8ques de recherche du Canada\" \/>\n<meta property=\"article:published_time\" content=\"2019-09-26T15:23:50+00:00\" \/>\n<meta property=\"article:modified_time\" content=\"2019-09-26T16:40:30+00:00\" \/>\n<meta property=\"og:image\" content=\"https:\/\/www.carl-abrc.ca\/wp-content\/uploads\/2024\/09\/NewsFeaturedImage-1.jpg\" \/>\n\t<meta property=\"og:image:width\" content=\"1920\" \/>\n\t<meta property=\"og:image:height\" content=\"1080\" \/>\n\t<meta property=\"og:image:type\" content=\"image\/jpeg\" \/>\n<meta name=\"author\" content=\"CARL ABRC\" \/>\n<meta name=\"twitter:label1\" content=\"\u00c9crit par\" \/>\n\t<meta name=\"twitter:data1\" content=\"CARL ABRC\" \/>\n\t<meta name=\"twitter:label2\" content=\"Dur\u00e9e de lecture estim\u00e9e\" \/>\n\t<meta name=\"twitter:data2\" content=\"2 minutes\" \/>\n<script type=\"application\/ld+json\" class=\"yoast-schema-graph\">{\"@context\":\"https:\\\/\\\/schema.org\",\"@graph\":[{\"@type\":\"Article\",\"@id\":\"https:\\\/\\\/www.carl-abrc.ca\\\/fr\\\/nouvelles\\\/webinaire-gratuit-rel-inclusives-et-accessibles\\\/#article\",\"isPartOf\":{\"@id\":\"https:\\\/\\\/www.carl-abrc.ca\\\/fr\\\/nouvelles\\\/webinaire-gratuit-rel-inclusives-et-accessibles\\\/\"},\"author\":{\"name\":\"CARL ABRC\",\"@id\":\"https:\\\/\\\/www.carl-abrc.ca\\\/fr\\\/#\\\/schema\\\/person\\\/98e5fc089af8c90ef31f178793d7f5d1\"},\"headline\":\"Webinaire gratuit sur les ressources \u00e9ducatives libres inclusives et accessibles\",\"datePublished\":\"2019-09-26T15:23:50+00:00\",\"dateModified\":\"2019-09-26T16:40:30+00:00\",\"mainEntityOfPage\":{\"@id\":\"https:\\\/\\\/www.carl-abrc.ca\\\/fr\\\/nouvelles\\\/webinaire-gratuit-rel-inclusives-et-accessibles\\\/\"},\"wordCount\":444,\"publisher\":{\"@id\":\"https:\\\/\\\/www.carl-abrc.ca\\\/fr\\\/#organization\"},\"image\":{\"@id\":\"https:\\\/\\\/www.carl-abrc.ca\\\/fr\\\/nouvelles\\\/webinaire-gratuit-rel-inclusives-et-accessibles\\\/#primaryimage\"},\"thumbnailUrl\":\"https:\\\/\\\/www.carl-abrc.ca\\\/wp-content\\\/uploads\\\/2024\\\/09\\\/NewsFeaturedImage-1.jpg\",\"articleSection\":[\"\u00c9ducation ouverte\",\"Nouvelles\"],\"inLanguage\":\"fr-FR\"},{\"@type\":\"WebPage\",\"@id\":\"https:\\\/\\\/www.carl-abrc.ca\\\/fr\\\/nouvelles\\\/webinaire-gratuit-rel-inclusives-et-accessibles\\\/\",\"url\":\"https:\\\/\\\/www.carl-abrc.ca\\\/fr\\\/nouvelles\\\/webinaire-gratuit-rel-inclusives-et-accessibles\\\/\",\"name\":\"Webinaire gratuit sur les ressources \u00e9ducatives libres inclusives et accessibles - Association des biblioth\u00e8ques de recherche du Canada\",\"isPartOf\":{\"@id\":\"https:\\\/\\\/www.carl-abrc.ca\\\/fr\\\/#website\"},\"primaryImageOfPage\":{\"@id\":\"https:\\\/\\\/www.carl-abrc.ca\\\/fr\\\/nouvelles\\\/webinaire-gratuit-rel-inclusives-et-accessibles\\\/#primaryimage\"},\"image\":{\"@id\":\"https:\\\/\\\/www.carl-abrc.ca\\\/fr\\\/nouvelles\\\/webinaire-gratuit-rel-inclusives-et-accessibles\\\/#primaryimage\"},\"thumbnailUrl\":\"https:\\\/\\\/www.carl-abrc.ca\\\/wp-content\\\/uploads\\\/2024\\\/09\\\/NewsFeaturedImage-1.jpg\",\"datePublished\":\"2019-09-26T15:23:50+00:00\",\"dateModified\":\"2019-09-26T16:40:30+00:00\",\"breadcrumb\":{\"@id\":\"https:\\\/\\\/www.carl-abrc.ca\\\/fr\\\/nouvelles\\\/webinaire-gratuit-rel-inclusives-et-accessibles\\\/#breadcrumb\"},\"inLanguage\":\"fr-FR\",\"potentialAction\":[{\"@type\":\"ReadAction\",\"target\":[\"https:\\\/\\\/www.carl-abrc.ca\\\/fr\\\/nouvelles\\\/webinaire-gratuit-rel-inclusives-et-accessibles\\\/\"]}]},{\"@type\":\"ImageObject\",\"inLanguage\":\"fr-FR\",\"@id\":\"https:\\\/\\\/www.carl-abrc.ca\\\/fr\\\/nouvelles\\\/webinaire-gratuit-rel-inclusives-et-accessibles\\\/#primaryimage\",\"url\":\"https:\\\/\\\/www.carl-abrc.ca\\\/wp-content\\\/uploads\\\/2024\\\/09\\\/NewsFeaturedImage-1.jpg\",\"contentUrl\":\"https:\\\/\\\/www.carl-abrc.ca\\\/wp-content\\\/uploads\\\/2024\\\/09\\\/NewsFeaturedImage-1.jpg\",\"width\":1920,\"height\":1080,\"caption\":\"C.A.R.L. Logo\"},{\"@type\":\"BreadcrumbList\",\"@id\":\"https:\\\/\\\/www.carl-abrc.ca\\\/fr\\\/nouvelles\\\/webinaire-gratuit-rel-inclusives-et-accessibles\\\/#breadcrumb\",\"itemListElement\":[{\"@type\":\"ListItem\",\"position\":1,\"name\":\"Accueil\",\"item\":\"https:\\\/\\\/www.carl-abrc.ca\\\/fr\\\/home-3\\\/\"},{\"@type\":\"ListItem\",\"position\":2,\"name\":\"Webinaire gratuit sur les ressources \u00e9ducatives libres inclusives et accessibles\"}]},{\"@type\":\"WebSite\",\"@id\":\"https:\\\/\\\/www.carl-abrc.ca\\\/fr\\\/#website\",\"url\":\"https:\\\/\\\/www.carl-abrc.ca\\\/fr\\\/\",\"name\":\"Association des biblioth\u00e8ques de recherche du Canada\",\"description\":\"ABRC\",\"publisher\":{\"@id\":\"https:\\\/\\\/www.carl-abrc.ca\\\/fr\\\/#organization\"},\"potentialAction\":[{\"@type\":\"SearchAction\",\"target\":{\"@type\":\"EntryPoint\",\"urlTemplate\":\"https:\\\/\\\/www.carl-abrc.ca\\\/fr\\\/?s={search_term_string}\"},\"query-input\":{\"@type\":\"PropertyValueSpecification\",\"valueRequired\":true,\"valueName\":\"search_term_string\"}}],\"inLanguage\":\"fr-FR\"},{\"@type\":\"Organization\",\"@id\":\"https:\\\/\\\/www.carl-abrc.ca\\\/fr\\\/#organization\",\"name\":\"Association des biblioth\u00e8ques de recherche du Canada\",\"url\":\"https:\\\/\\\/www.carl-abrc.ca\\\/fr\\\/\",\"logo\":{\"@type\":\"ImageObject\",\"inLanguage\":\"fr-FR\",\"@id\":\"https:\\\/\\\/www.carl-abrc.ca\\\/fr\\\/#\\\/schema\\\/logo\\\/image\\\/\",\"url\":\"https:\\\/\\\/www.carl-abrc.ca\\\/wp-content\\\/uploads\\\/2024\\\/07\\\/cropped-Stacked_Colour_L.png\",\"contentUrl\":\"https:\\\/\\\/www.carl-abrc.ca\\\/wp-content\\\/uploads\\\/2024\\\/07\\\/cropped-Stacked_Colour_L.png\",\"width\":641,\"height\":250,\"caption\":\"Association des biblioth\u00e8ques de recherche du Canada\"},\"image\":{\"@id\":\"https:\\\/\\\/www.carl-abrc.ca\\\/fr\\\/#\\\/schema\\\/logo\\\/image\\\/\"},\"sameAs\":[\"https:\\\/\\\/x.com\\\/carlabrc\"]},{\"@type\":\"Person\",\"@id\":\"https:\\\/\\\/www.carl-abrc.ca\\\/fr\\\/#\\\/schema\\\/person\\\/98e5fc089af8c90ef31f178793d7f5d1\",\"name\":\"CARL ABRC\",\"image\":{\"@type\":\"ImageObject\",\"inLanguage\":\"fr-FR\",\"@id\":\"https:\\\/\\\/secure.gravatar.com\\\/avatar\\\/c2c9b376bd4002fbd30a8b9425e697c0b60aeef1966421e6ee3f5d8137228c29?s=96&d=mm&r=g\",\"url\":\"https:\\\/\\\/secure.gravatar.com\\\/avatar\\\/c2c9b376bd4002fbd30a8b9425e697c0b60aeef1966421e6ee3f5d8137228c29?s=96&d=mm&r=g\",\"contentUrl\":\"https:\\\/\\\/secure.gravatar.com\\\/avatar\\\/c2c9b376bd4002fbd30a8b9425e697c0b60aeef1966421e6ee3f5d8137228c29?s=96&d=mm&r=g\",\"caption\":\"CARL ABRC\"},\"url\":\"https:\\\/\\\/www.carl-abrc.ca\\\/fr\\\/author\\\/infocarl-abrc-ca\\\/\"}]}<\/script>\n<!-- \/ Yoast SEO plugin. -->","yoast_head_json":{"title":"Webinaire gratuit sur les ressources \u00e9ducatives libres inclusives et accessibles - Association des biblioth\u00e8ques de recherche du Canada","robots":{"index":"index","follow":"follow","max-snippet":"max-snippet:-1","max-image-preview":"max-image-preview:large","max-video-preview":"max-video-preview:-1"},"canonical":"https:\/\/www.carl-abrc.ca\/fr\/nouvelles\/webinaire-gratuit-rel-inclusives-et-accessibles\/","og_locale":"fr_FR","og_type":"article","og_title":"Webinaire gratuit sur les ressources \u00e9ducatives libres inclusives et accessibles - Association des biblioth\u00e8ques de recherche du Canada","og_description":"Le Groupe de travail sur l\u2019\u00e9ducation ouverte de l\u2019ABRC souhaite vous inviter \u00e0 participer \u00e0 l\u2019occasion de perfectionnement professionnel suivante se rapportant \u00e0 l\u2019\u00e9ducation ouverte. Bien que la pr\u00e9sentations se [&hellip;]","og_url":"https:\/\/www.carl-abrc.ca\/fr\/nouvelles\/webinaire-gratuit-rel-inclusives-et-accessibles\/","og_site_name":"Association des biblioth\u00e8ques de recherche du Canada","article_published_time":"2019-09-26T15:23:50+00:00","article_modified_time":"2019-09-26T16:40:30+00:00","og_image":[{"width":1920,"height":1080,"url":"https:\/\/www.carl-abrc.ca\/wp-content\/uploads\/2024\/09\/NewsFeaturedImage-1.jpg","type":"image\/jpeg"}],"author":"CARL ABRC","twitter_misc":{"\u00c9crit par":"CARL ABRC","Dur\u00e9e de lecture estim\u00e9e":"2 minutes"},"schema":{"@context":"https:\/\/schema.org","@graph":[{"@type":"Article","@id":"https:\/\/www.carl-abrc.ca\/fr\/nouvelles\/webinaire-gratuit-rel-inclusives-et-accessibles\/#article","isPartOf":{"@id":"https:\/\/www.carl-abrc.ca\/fr\/nouvelles\/webinaire-gratuit-rel-inclusives-et-accessibles\/"},"author":{"name":"CARL ABRC","@id":"https:\/\/www.carl-abrc.ca\/fr\/#\/schema\/person\/98e5fc089af8c90ef31f178793d7f5d1"},"headline":"Webinaire gratuit sur les ressources \u00e9ducatives libres inclusives et accessibles","datePublished":"2019-09-26T15:23:50+00:00","dateModified":"2019-09-26T16:40:30+00:00","mainEntityOfPage":{"@id":"https:\/\/www.carl-abrc.ca\/fr\/nouvelles\/webinaire-gratuit-rel-inclusives-et-accessibles\/"},"wordCount":444,"publisher":{"@id":"https:\/\/www.carl-abrc.ca\/fr\/#organization"},"image":{"@id":"https:\/\/www.carl-abrc.ca\/fr\/nouvelles\/webinaire-gratuit-rel-inclusives-et-accessibles\/#primaryimage"},"thumbnailUrl":"https:\/\/www.carl-abrc.ca\/wp-content\/uploads\/2024\/09\/NewsFeaturedImage-1.jpg","articleSection":["\u00c9ducation ouverte","Nouvelles"],"inLanguage":"fr-FR"},{"@type":"WebPage","@id":"https:\/\/www.carl-abrc.ca\/fr\/nouvelles\/webinaire-gratuit-rel-inclusives-et-accessibles\/","url":"https:\/\/www.carl-abrc.ca\/fr\/nouvelles\/webinaire-gratuit-rel-inclusives-et-accessibles\/","name":"Webinaire gratuit sur les ressources \u00e9ducatives libres inclusives et accessibles - Association des biblioth\u00e8ques de recherche du Canada","isPartOf":{"@id":"https:\/\/www.carl-abrc.ca\/fr\/#website"},"primaryImageOfPage":{"@id":"https:\/\/www.carl-abrc.ca\/fr\/nouvelles\/webinaire-gratuit-rel-inclusives-et-accessibles\/#primaryimage"},"image":{"@id":"https:\/\/www.carl-abrc.ca\/fr\/nouvelles\/webinaire-gratuit-rel-inclusives-et-accessibles\/#primaryimage"},"thumbnailUrl":"https:\/\/www.carl-abrc.ca\/wp-content\/uploads\/2024\/09\/NewsFeaturedImage-1.jpg","datePublished":"2019-09-26T15:23:50+00:00","dateModified":"2019-09-26T16:40:30+00:00","breadcrumb":{"@id":"https:\/\/www.carl-abrc.ca\/fr\/nouvelles\/webinaire-gratuit-rel-inclusives-et-accessibles\/#breadcrumb"},"inLanguage":"fr-FR","potentialAction":[{"@type":"ReadAction","target":["https:\/\/www.carl-abrc.ca\/fr\/nouvelles\/webinaire-gratuit-rel-inclusives-et-accessibles\/"]}]},{"@type":"ImageObject","inLanguage":"fr-FR","@id":"https:\/\/www.carl-abrc.ca\/fr\/nouvelles\/webinaire-gratuit-rel-inclusives-et-accessibles\/#primaryimage","url":"https:\/\/www.carl-abrc.ca\/wp-content\/uploads\/2024\/09\/NewsFeaturedImage-1.jpg","contentUrl":"https:\/\/www.carl-abrc.ca\/wp-content\/uploads\/2024\/09\/NewsFeaturedImage-1.jpg","width":1920,"height":1080,"caption":"C.A.R.L. Logo"},{"@type":"BreadcrumbList","@id":"https:\/\/www.carl-abrc.ca\/fr\/nouvelles\/webinaire-gratuit-rel-inclusives-et-accessibles\/#breadcrumb","itemListElement":[{"@type":"ListItem","position":1,"name":"Accueil","item":"https:\/\/www.carl-abrc.ca\/fr\/home-3\/"},{"@type":"ListItem","position":2,"name":"Webinaire gratuit sur les ressources \u00e9ducatives libres inclusives et accessibles"}]},{"@type":"WebSite","@id":"https:\/\/www.carl-abrc.ca\/fr\/#website","url":"https:\/\/www.carl-abrc.ca\/fr\/","name":"Association des biblioth\u00e8ques de recherche du Canada","description":"ABRC","publisher":{"@id":"https:\/\/www.carl-abrc.ca\/fr\/#organization"},"potentialAction":[{"@type":"SearchAction","target":{"@type":"EntryPoint","urlTemplate":"https:\/\/www.carl-abrc.ca\/fr\/?s={search_term_string}"},"query-input":{"@type":"PropertyValueSpecification","valueRequired":true,"valueName":"search_term_string"}}],"inLanguage":"fr-FR"},{"@type":"Organization","@id":"https:\/\/www.carl-abrc.ca\/fr\/#organization","name":"Association des biblioth\u00e8ques de recherche du Canada","url":"https:\/\/www.carl-abrc.ca\/fr\/","logo":{"@type":"ImageObject","inLanguage":"fr-FR","@id":"https:\/\/www.carl-abrc.ca\/fr\/#\/schema\/logo\/image\/","url":"https:\/\/www.carl-abrc.ca\/wp-content\/uploads\/2024\/07\/cropped-Stacked_Colour_L.png","contentUrl":"https:\/\/www.carl-abrc.ca\/wp-content\/uploads\/2024\/07\/cropped-Stacked_Colour_L.png","width":641,"height":250,"caption":"Association des biblioth\u00e8ques de recherche du Canada"},"image":{"@id":"https:\/\/www.carl-abrc.ca\/fr\/#\/schema\/logo\/image\/"},"sameAs":["https:\/\/x.com\/carlabrc"]},{"@type":"Person","@id":"https:\/\/www.carl-abrc.ca\/fr\/#\/schema\/person\/98e5fc089af8c90ef31f178793d7f5d1","name":"CARL ABRC","image":{"@type":"ImageObject","inLanguage":"fr-FR","@id":"https:\/\/secure.gravatar.com\/avatar\/c2c9b376bd4002fbd30a8b9425e697c0b60aeef1966421e6ee3f5d8137228c29?s=96&d=mm&r=g","url":"https:\/\/secure.gravatar.com\/avatar\/c2c9b376bd4002fbd30a8b9425e697c0b60aeef1966421e6ee3f5d8137228c29?s=96&d=mm&r=g","contentUrl":"https:\/\/secure.gravatar.com\/avatar\/c2c9b376bd4002fbd30a8b9425e697c0b60aeef1966421e6ee3f5d8137228c29?s=96&d=mm&r=g","caption":"CARL ABRC"},"url":"https:\/\/www.carl-abrc.ca\/fr\/author\/infocarl-abrc-ca\/"}]}},"_links":{"self":[{"href":"https:\/\/www.carl-abrc.ca\/fr\/wp-json\/wp\/v2\/posts\/12486","targetHints":{"allow":["GET"]}}],"collection":[{"href":"https:\/\/www.carl-abrc.ca\/fr\/wp-json\/wp\/v2\/posts"}],"about":[{"href":"https:\/\/www.carl-abrc.ca\/fr\/wp-json\/wp\/v2\/types\/post"}],"author":[{"embeddable":true,"href":"https:\/\/www.carl-abrc.ca\/fr\/wp-json\/wp\/v2\/users\/11"}],"replies":[{"embeddable":true,"href":"https:\/\/www.carl-abrc.ca\/fr\/wp-json\/wp\/v2\/comments?post=12486"}],"version-history":[{"count":0,"href":"https:\/\/www.carl-abrc.ca\/fr\/wp-json\/wp\/v2\/posts\/12486\/revisions"}],"wp:featuredmedia":[{"embeddable":true,"href":"https:\/\/www.carl-abrc.ca\/fr\/wp-json\/wp\/v2\/media\/36194"}],"wp:attachment":[{"href":"https:\/\/www.carl-abrc.ca\/fr\/wp-json\/wp\/v2\/media?parent=12486"}],"wp:term":[{"taxonomy":"category","embeddable":true,"href":"https:\/\/www.carl-abrc.ca\/fr\/wp-json\/wp\/v2\/categories?post=12486"},{"taxonomy":"post_tag","embeddable":true,"href":"https:\/\/www.carl-abrc.ca\/fr\/wp-json\/wp\/v2\/tags?post=12486"}],"curies":[{"name":"wp","href":"https:\/\/api.w.org\/{rel}","templated":true}]}}