{"id":12618,"date":"2019-10-10T14:26:02","date_gmt":"2019-10-10T18:26:02","guid":{"rendered":"http:\/\/www.carl-abrc.ca\/?p=12618"},"modified":"2019-10-10T14:26:02","modified_gmt":"2019-10-10T18:26:02","slug":"abrc-et-bac-codirigent-projet-national-des-collections-imprimes-partagees","status":"publish","type":"post","link":"https:\/\/www.carl-abrc.ca\/fr\/nouvelles\/abrc-et-bac-codirigent-projet-national-des-collections-imprimes-partagees\/","title":{"rendered":"L\u2019ABRC et BAC codirigent le Projet national des collections d\u2019imprim\u00e9s partag\u00e9es pour am\u00e9liorer la gestion et la pr\u00e9servation des documents publi\u00e9s"},"content":{"rendered":"<p><strong>Le jeudi 10 octobre 2019.<\/strong> \u2013 L\u2019Association des biblioth\u00e8ques de recherche du Canada (ABRC) et Biblioth\u00e8que et Archives Canada (BAC) ont uni leurs efforts pour am\u00e9liorer la pr\u00e9servation des publications canadiennes dans les biblioth\u00e8ques du Canada.<\/p>\n<p>Les membres de l\u2019ABRC sont d\u00e9termin\u00e9s \u00e0 assurer une g\u00e9rance appropri\u00e9e du patrimoine publi\u00e9 du Canada tant en version imprim\u00e9e qu\u2019en version num\u00e9rique. En raison du prix fort \u00e0 payer pour l\u2019espace et les ressources, il est de plus en plus imp\u00e9rieux de d\u00e9ployer des efforts collectifs afin d\u2019assurer la gestion des publications imprim\u00e9es. Afin d\u2019\u00e9tudier la situation actuelle et de recommander des mesures futures, l\u2019ABRC et BAC ont mis sur pied un groupe de travail charg\u00e9 de concevoir et de mettre en \u0153uvre une strat\u00e9gie nationale pour l\u2019acc\u00e8s collectif aux collections d\u2019imprim\u00e9s et la conservation collective de ces collections d\u2019imprim\u00e9s en tirant parti d\u2019initiatives r\u00e9gionales ayant connu un vif succ\u00e8s. La num\u00e9risation jouera un r\u00f4le cl\u00e9 en raison de son incidence sur les exigences en mati\u00e8re de conservation des collections d\u2019imprim\u00e9s et sur l\u2019acc\u00e8s \u00e0 ces collections. Pour veiller \u00e0 ce que la strat\u00e9gie nationale s\u2019appuie sur des initiatives semblables mises en \u0153uvre par d\u2019autres pays et les compl\u00e8te, le groupe de travail assurera \u00e9galement la liaison et la collaboration avec des initiatives internationales de conservation des collections d\u2019imprim\u00e9s.<\/p>\n<p>Dans le cadre de l\u2019initiative, 26 biblioth\u00e8ques collaborent \u00e0 un projet pilote visant \u00e0 examiner la pr\u00e9sence de publications officielles du gouvernement f\u00e9d\u00e9ral dans leurs fonds documentaires. Au cours de la premi\u00e8re phase, le projet pilote \u00c9tude des chevauchements fournira un portrait g\u00e9n\u00e9ral de l\u2019\u00e9tendue du chevauchement des publications du gouvernement f\u00e9d\u00e9ral dans l\u2019ensemble des collections des biblioth\u00e8ques participantes. R\u00e9alis\u00e9s \u00e0 l\u2019aide du logiciel GreenGlass avec le soutien des services de Sustainable Collection Services d\u2019OCLC, les travaux de la premi\u00e8re phase vont bon train et les r\u00e9sultats pr\u00e9liminaires devraient \u00eatre communiqu\u00e9s \u00e0 l\u2019hiver 2020.<\/p>\n<p>La deuxi\u00e8me phase consistera \u00e0 \u00e9laborer, en consultation avec les participants, un cadre pour la conservation des publications imprim\u00e9es.<\/p>\n<p>Parmi les autres produits livrables du Groupe de travail sur la strat\u00e9gie canadienne de pr\u00e9servation des collections collectives d\u2019imprim\u00e9s, mentionnons :<br \/>\n\u2022 une analyse contextuelle des initiatives internationales de pr\u00e9servation des collections collectives d\u2019imprim\u00e9s;<br \/>\n\u2022 l\u2019\u00e9tablissement de priorit\u00e9s et la poursuite d\u2019autres \u00e9tudes sur le chevauchement (par exemple, pour les fonds de monographies canadiennes);<br \/>\n\u2022 la cr\u00e9ation d\u2019un registre public des engagements \u00e0 conserver une ou plusieurs \u0153uvres pour un acc\u00e8s \u00e0 long terme ou permanent par le biais de notices bibliographiques;<br \/>\n\u2022 une proposition d\u00e9taill\u00e9e qui d\u00e9crit comment les biblioth\u00e8ques canadiennes pourraient strat\u00e9giquement mettre sur pied un r\u00e9seau national de mesures r\u00e9parties ou centralis\u00e9es de pr\u00e9servation et d\u2019acc\u00e8s pour les imprim\u00e9s qui concerne les diverses cat\u00e9gories de publications imprim\u00e9es canadiennes et offre de multiples options pour la participation des biblioth\u00e8ques.<\/p>\n<p>Visitez la <a href=\"http:\/\/www.bac-lac.gc.ca\/fra\/services\/collections-imprimees-partagees\/Pages\/collections-imprimees-partagees.aspx\">page Web de BAC consacr\u00e9e aux collections imprim\u00e9es partag\u00e9es au Canada<\/a> pour en apprendre davantage sur la pr\u00e9sente initiative, l\u2019\u00c9tude des chevauchements, et pour obtenir une liste des biblioth\u00e8ques participantes.<\/p>\n","protected":false},"excerpt":{"rendered":"<p>Le jeudi 10 octobre 2019. \u2013 L\u2019Association des biblioth\u00e8ques de recherche du Canada (ABRC) et Biblioth\u00e8que et Archives Canada (BAC) ont uni leurs efforts pour am\u00e9liorer la pr\u00e9servation des publications [&hellip;]<\/p>\n","protected":false},"author":11,"featured_media":0,"comment_status":"closed","ping_status":"open","sticky":false,"template":"","format":"standard","meta":{"_acf_changed":false,"_EventAllDay":false,"_EventTimezone":"","_EventStartDate":"","_EventEndDate":"","_EventStartDateUTC":"","_EventEndDateUTC":"","_EventShowMap":false,"_EventShowMapLink":false,"_EventURL":"","_EventCost":"","_EventCostDescription":"","_EventCurrencySymbol":"","_EventCurrencyCode":"","_EventCurrencyPosition":"","_EventDateTimeSeparator":"","_EventTimeRangeSeparator":"","_EventOrganizerID":[],"_EventVenueID":[],"_OrganizerEmail":"","_OrganizerPhone":"","_OrganizerWebsite":"","_VenueAddress":"","_VenueCity":"","_VenueCountry":"","_VenueProvince":"","_VenueState":"","_VenueZip":"","_VenuePhone":"","_VenueURL":"","_VenueStateProvince":"","_VenueLat":"","_VenueLng":"","_VenueShowMap":false,"_VenueShowMapLink":false,"footnotes":""},"categories":[2],"tags":[],"class_list":["post-12618","post","type-post","status-publish","format-standard","hentry","category-nouvelles"],"acf":[],"yoast_head":"<!-- This site is optimized with the Yoast SEO plugin v27.5 - https:\/\/yoast.com\/product\/yoast-seo-wordpress\/ -->\n<title>L\u2019ABRC et BAC codirigent le Projet national des collections d\u2019imprim\u00e9s partag\u00e9es pour am\u00e9liorer la gestion et la pr\u00e9servation des documents publi\u00e9s - Association des biblioth\u00e8ques de recherche du Canada<\/title>\n<meta name=\"robots\" content=\"index, follow, max-snippet:-1, max-image-preview:large, max-video-preview:-1\" \/>\n<link rel=\"canonical\" href=\"https:\/\/www.carl-abrc.ca\/fr\/nouvelles\/abrc-et-bac-codirigent-projet-national-des-collections-imprimes-partagees\/\" \/>\n<meta property=\"og:locale\" content=\"fr_FR\" \/>\n<meta property=\"og:type\" content=\"article\" \/>\n<meta property=\"og:title\" content=\"L\u2019ABRC et BAC codirigent le Projet national des collections d\u2019imprim\u00e9s partag\u00e9es pour am\u00e9liorer la gestion et la pr\u00e9servation des documents publi\u00e9s - Association des biblioth\u00e8ques de recherche du Canada\" \/>\n<meta property=\"og:description\" content=\"Le jeudi 10 octobre 2019. \u2013 L\u2019Association des biblioth\u00e8ques de recherche du Canada (ABRC) et Biblioth\u00e8que et Archives Canada (BAC) ont uni leurs efforts pour am\u00e9liorer la pr\u00e9servation des publications [&hellip;]\" \/>\n<meta property=\"og:url\" content=\"https:\/\/www.carl-abrc.ca\/fr\/nouvelles\/abrc-et-bac-codirigent-projet-national-des-collections-imprimes-partagees\/\" \/>\n<meta property=\"og:site_name\" content=\"Association des biblioth\u00e8ques de recherche du Canada\" \/>\n<meta property=\"article:published_time\" content=\"2019-10-10T18:26:02+00:00\" \/>\n<meta name=\"author\" content=\"CARL ABRC\" \/>\n<meta name=\"twitter:label1\" content=\"\u00c9crit par\" \/>\n\t<meta name=\"twitter:data1\" content=\"CARL ABRC\" \/>\n\t<meta name=\"twitter:label2\" content=\"Dur\u00e9e de lecture estim\u00e9e\" \/>\n\t<meta name=\"twitter:data2\" content=\"3 minutes\" \/>\n<script type=\"application\/ld+json\" class=\"yoast-schema-graph\">{\"@context\":\"https:\\\/\\\/schema.org\",\"@graph\":[{\"@type\":\"Article\",\"@id\":\"https:\\\/\\\/www.carl-abrc.ca\\\/fr\\\/nouvelles\\\/abrc-et-bac-codirigent-projet-national-des-collections-imprimes-partagees\\\/#article\",\"isPartOf\":{\"@id\":\"https:\\\/\\\/www.carl-abrc.ca\\\/fr\\\/nouvelles\\\/abrc-et-bac-codirigent-projet-national-des-collections-imprimes-partagees\\\/\"},\"author\":{\"name\":\"CARL ABRC\",\"@id\":\"https:\\\/\\\/www.carl-abrc.ca\\\/fr\\\/#\\\/schema\\\/person\\\/98e5fc089af8c90ef31f178793d7f5d1\"},\"headline\":\"L\u2019ABRC et BAC codirigent le Projet national des collections d\u2019imprim\u00e9s partag\u00e9es pour am\u00e9liorer la gestion et la pr\u00e9servation des documents publi\u00e9s\",\"datePublished\":\"2019-10-10T18:26:02+00:00\",\"mainEntityOfPage\":{\"@id\":\"https:\\\/\\\/www.carl-abrc.ca\\\/fr\\\/nouvelles\\\/abrc-et-bac-codirigent-projet-national-des-collections-imprimes-partagees\\\/\"},\"wordCount\":601,\"publisher\":{\"@id\":\"https:\\\/\\\/www.carl-abrc.ca\\\/fr\\\/#organization\"},\"articleSection\":[\"Nouvelles\"],\"inLanguage\":\"fr-FR\"},{\"@type\":\"WebPage\",\"@id\":\"https:\\\/\\\/www.carl-abrc.ca\\\/fr\\\/nouvelles\\\/abrc-et-bac-codirigent-projet-national-des-collections-imprimes-partagees\\\/\",\"url\":\"https:\\\/\\\/www.carl-abrc.ca\\\/fr\\\/nouvelles\\\/abrc-et-bac-codirigent-projet-national-des-collections-imprimes-partagees\\\/\",\"name\":\"L\u2019ABRC et BAC codirigent le Projet national des collections d\u2019imprim\u00e9s partag\u00e9es pour am\u00e9liorer la gestion et la pr\u00e9servation des documents publi\u00e9s - Association des biblioth\u00e8ques de recherche du Canada\",\"isPartOf\":{\"@id\":\"https:\\\/\\\/www.carl-abrc.ca\\\/fr\\\/#website\"},\"datePublished\":\"2019-10-10T18:26:02+00:00\",\"breadcrumb\":{\"@id\":\"https:\\\/\\\/www.carl-abrc.ca\\\/fr\\\/nouvelles\\\/abrc-et-bac-codirigent-projet-national-des-collections-imprimes-partagees\\\/#breadcrumb\"},\"inLanguage\":\"fr-FR\",\"potentialAction\":[{\"@type\":\"ReadAction\",\"target\":[\"https:\\\/\\\/www.carl-abrc.ca\\\/fr\\\/nouvelles\\\/abrc-et-bac-codirigent-projet-national-des-collections-imprimes-partagees\\\/\"]}]},{\"@type\":\"BreadcrumbList\",\"@id\":\"https:\\\/\\\/www.carl-abrc.ca\\\/fr\\\/nouvelles\\\/abrc-et-bac-codirigent-projet-national-des-collections-imprimes-partagees\\\/#breadcrumb\",\"itemListElement\":[{\"@type\":\"ListItem\",\"position\":1,\"name\":\"Accueil\",\"item\":\"https:\\\/\\\/www.carl-abrc.ca\\\/fr\\\/home-3\\\/\"},{\"@type\":\"ListItem\",\"position\":2,\"name\":\"L\u2019ABRC et BAC codirigent le Projet national des collections d\u2019imprim\u00e9s partag\u00e9es pour am\u00e9liorer la gestion et la pr\u00e9servation des documents publi\u00e9s\"}]},{\"@type\":\"WebSite\",\"@id\":\"https:\\\/\\\/www.carl-abrc.ca\\\/fr\\\/#website\",\"url\":\"https:\\\/\\\/www.carl-abrc.ca\\\/fr\\\/\",\"name\":\"Association des biblioth\u00e8ques de recherche du Canada\",\"description\":\"ABRC\",\"publisher\":{\"@id\":\"https:\\\/\\\/www.carl-abrc.ca\\\/fr\\\/#organization\"},\"potentialAction\":[{\"@type\":\"SearchAction\",\"target\":{\"@type\":\"EntryPoint\",\"urlTemplate\":\"https:\\\/\\\/www.carl-abrc.ca\\\/fr\\\/?s={search_term_string}\"},\"query-input\":{\"@type\":\"PropertyValueSpecification\",\"valueRequired\":true,\"valueName\":\"search_term_string\"}}],\"inLanguage\":\"fr-FR\"},{\"@type\":\"Organization\",\"@id\":\"https:\\\/\\\/www.carl-abrc.ca\\\/fr\\\/#organization\",\"name\":\"Association des biblioth\u00e8ques de recherche du Canada\",\"url\":\"https:\\\/\\\/www.carl-abrc.ca\\\/fr\\\/\",\"logo\":{\"@type\":\"ImageObject\",\"inLanguage\":\"fr-FR\",\"@id\":\"https:\\\/\\\/www.carl-abrc.ca\\\/fr\\\/#\\\/schema\\\/logo\\\/image\\\/\",\"url\":\"https:\\\/\\\/www.carl-abrc.ca\\\/wp-content\\\/uploads\\\/2024\\\/07\\\/cropped-Stacked_Colour_L.png\",\"contentUrl\":\"https:\\\/\\\/www.carl-abrc.ca\\\/wp-content\\\/uploads\\\/2024\\\/07\\\/cropped-Stacked_Colour_L.png\",\"width\":641,\"height\":250,\"caption\":\"Association des biblioth\u00e8ques de recherche du Canada\"},\"image\":{\"@id\":\"https:\\\/\\\/www.carl-abrc.ca\\\/fr\\\/#\\\/schema\\\/logo\\\/image\\\/\"},\"sameAs\":[\"https:\\\/\\\/x.com\\\/carlabrc\"]},{\"@type\":\"Person\",\"@id\":\"https:\\\/\\\/www.carl-abrc.ca\\\/fr\\\/#\\\/schema\\\/person\\\/98e5fc089af8c90ef31f178793d7f5d1\",\"name\":\"CARL ABRC\",\"image\":{\"@type\":\"ImageObject\",\"inLanguage\":\"fr-FR\",\"@id\":\"https:\\\/\\\/secure.gravatar.com\\\/avatar\\\/c2c9b376bd4002fbd30a8b9425e697c0b60aeef1966421e6ee3f5d8137228c29?s=96&d=mm&r=g\",\"url\":\"https:\\\/\\\/secure.gravatar.com\\\/avatar\\\/c2c9b376bd4002fbd30a8b9425e697c0b60aeef1966421e6ee3f5d8137228c29?s=96&d=mm&r=g\",\"contentUrl\":\"https:\\\/\\\/secure.gravatar.com\\\/avatar\\\/c2c9b376bd4002fbd30a8b9425e697c0b60aeef1966421e6ee3f5d8137228c29?s=96&d=mm&r=g\",\"caption\":\"CARL ABRC\"},\"url\":\"https:\\\/\\\/www.carl-abrc.ca\\\/fr\\\/author\\\/infocarl-abrc-ca\\\/\"}]}<\/script>\n<!-- \/ Yoast SEO plugin. -->","yoast_head_json":{"title":"L\u2019ABRC et BAC codirigent le Projet national des collections d\u2019imprim\u00e9s partag\u00e9es pour am\u00e9liorer la gestion et la pr\u00e9servation des documents publi\u00e9s - Association des biblioth\u00e8ques de recherche du Canada","robots":{"index":"index","follow":"follow","max-snippet":"max-snippet:-1","max-image-preview":"max-image-preview:large","max-video-preview":"max-video-preview:-1"},"canonical":"https:\/\/www.carl-abrc.ca\/fr\/nouvelles\/abrc-et-bac-codirigent-projet-national-des-collections-imprimes-partagees\/","og_locale":"fr_FR","og_type":"article","og_title":"L\u2019ABRC et BAC codirigent le Projet national des collections d\u2019imprim\u00e9s partag\u00e9es pour am\u00e9liorer la gestion et la pr\u00e9servation des documents publi\u00e9s - Association des biblioth\u00e8ques de recherche du Canada","og_description":"Le jeudi 10 octobre 2019. \u2013 L\u2019Association des biblioth\u00e8ques de recherche du Canada (ABRC) et Biblioth\u00e8que et Archives Canada (BAC) ont uni leurs efforts pour am\u00e9liorer la pr\u00e9servation des publications [&hellip;]","og_url":"https:\/\/www.carl-abrc.ca\/fr\/nouvelles\/abrc-et-bac-codirigent-projet-national-des-collections-imprimes-partagees\/","og_site_name":"Association des biblioth\u00e8ques de recherche du Canada","article_published_time":"2019-10-10T18:26:02+00:00","author":"CARL ABRC","twitter_misc":{"\u00c9crit par":"CARL ABRC","Dur\u00e9e de lecture estim\u00e9e":"3 minutes"},"schema":{"@context":"https:\/\/schema.org","@graph":[{"@type":"Article","@id":"https:\/\/www.carl-abrc.ca\/fr\/nouvelles\/abrc-et-bac-codirigent-projet-national-des-collections-imprimes-partagees\/#article","isPartOf":{"@id":"https:\/\/www.carl-abrc.ca\/fr\/nouvelles\/abrc-et-bac-codirigent-projet-national-des-collections-imprimes-partagees\/"},"author":{"name":"CARL ABRC","@id":"https:\/\/www.carl-abrc.ca\/fr\/#\/schema\/person\/98e5fc089af8c90ef31f178793d7f5d1"},"headline":"L\u2019ABRC et BAC codirigent le Projet national des collections d\u2019imprim\u00e9s partag\u00e9es pour am\u00e9liorer la gestion et la pr\u00e9servation des documents publi\u00e9s","datePublished":"2019-10-10T18:26:02+00:00","mainEntityOfPage":{"@id":"https:\/\/www.carl-abrc.ca\/fr\/nouvelles\/abrc-et-bac-codirigent-projet-national-des-collections-imprimes-partagees\/"},"wordCount":601,"publisher":{"@id":"https:\/\/www.carl-abrc.ca\/fr\/#organization"},"articleSection":["Nouvelles"],"inLanguage":"fr-FR"},{"@type":"WebPage","@id":"https:\/\/www.carl-abrc.ca\/fr\/nouvelles\/abrc-et-bac-codirigent-projet-national-des-collections-imprimes-partagees\/","url":"https:\/\/www.carl-abrc.ca\/fr\/nouvelles\/abrc-et-bac-codirigent-projet-national-des-collections-imprimes-partagees\/","name":"L\u2019ABRC et BAC codirigent le Projet national des collections d\u2019imprim\u00e9s partag\u00e9es pour am\u00e9liorer la gestion et la pr\u00e9servation des documents publi\u00e9s - Association des biblioth\u00e8ques de recherche du Canada","isPartOf":{"@id":"https:\/\/www.carl-abrc.ca\/fr\/#website"},"datePublished":"2019-10-10T18:26:02+00:00","breadcrumb":{"@id":"https:\/\/www.carl-abrc.ca\/fr\/nouvelles\/abrc-et-bac-codirigent-projet-national-des-collections-imprimes-partagees\/#breadcrumb"},"inLanguage":"fr-FR","potentialAction":[{"@type":"ReadAction","target":["https:\/\/www.carl-abrc.ca\/fr\/nouvelles\/abrc-et-bac-codirigent-projet-national-des-collections-imprimes-partagees\/"]}]},{"@type":"BreadcrumbList","@id":"https:\/\/www.carl-abrc.ca\/fr\/nouvelles\/abrc-et-bac-codirigent-projet-national-des-collections-imprimes-partagees\/#breadcrumb","itemListElement":[{"@type":"ListItem","position":1,"name":"Accueil","item":"https:\/\/www.carl-abrc.ca\/fr\/home-3\/"},{"@type":"ListItem","position":2,"name":"L\u2019ABRC et BAC codirigent le Projet national des collections d\u2019imprim\u00e9s partag\u00e9es pour am\u00e9liorer la gestion et la pr\u00e9servation des documents publi\u00e9s"}]},{"@type":"WebSite","@id":"https:\/\/www.carl-abrc.ca\/fr\/#website","url":"https:\/\/www.carl-abrc.ca\/fr\/","name":"Association des biblioth\u00e8ques de recherche du Canada","description":"ABRC","publisher":{"@id":"https:\/\/www.carl-abrc.ca\/fr\/#organization"},"potentialAction":[{"@type":"SearchAction","target":{"@type":"EntryPoint","urlTemplate":"https:\/\/www.carl-abrc.ca\/fr\/?s={search_term_string}"},"query-input":{"@type":"PropertyValueSpecification","valueRequired":true,"valueName":"search_term_string"}}],"inLanguage":"fr-FR"},{"@type":"Organization","@id":"https:\/\/www.carl-abrc.ca\/fr\/#organization","name":"Association des biblioth\u00e8ques de recherche du Canada","url":"https:\/\/www.carl-abrc.ca\/fr\/","logo":{"@type":"ImageObject","inLanguage":"fr-FR","@id":"https:\/\/www.carl-abrc.ca\/fr\/#\/schema\/logo\/image\/","url":"https:\/\/www.carl-abrc.ca\/wp-content\/uploads\/2024\/07\/cropped-Stacked_Colour_L.png","contentUrl":"https:\/\/www.carl-abrc.ca\/wp-content\/uploads\/2024\/07\/cropped-Stacked_Colour_L.png","width":641,"height":250,"caption":"Association des biblioth\u00e8ques de recherche du Canada"},"image":{"@id":"https:\/\/www.carl-abrc.ca\/fr\/#\/schema\/logo\/image\/"},"sameAs":["https:\/\/x.com\/carlabrc"]},{"@type":"Person","@id":"https:\/\/www.carl-abrc.ca\/fr\/#\/schema\/person\/98e5fc089af8c90ef31f178793d7f5d1","name":"CARL ABRC","image":{"@type":"ImageObject","inLanguage":"fr-FR","@id":"https:\/\/secure.gravatar.com\/avatar\/c2c9b376bd4002fbd30a8b9425e697c0b60aeef1966421e6ee3f5d8137228c29?s=96&d=mm&r=g","url":"https:\/\/secure.gravatar.com\/avatar\/c2c9b376bd4002fbd30a8b9425e697c0b60aeef1966421e6ee3f5d8137228c29?s=96&d=mm&r=g","contentUrl":"https:\/\/secure.gravatar.com\/avatar\/c2c9b376bd4002fbd30a8b9425e697c0b60aeef1966421e6ee3f5d8137228c29?s=96&d=mm&r=g","caption":"CARL ABRC"},"url":"https:\/\/www.carl-abrc.ca\/fr\/author\/infocarl-abrc-ca\/"}]}},"_links":{"self":[{"href":"https:\/\/www.carl-abrc.ca\/fr\/wp-json\/wp\/v2\/posts\/12618","targetHints":{"allow":["GET"]}}],"collection":[{"href":"https:\/\/www.carl-abrc.ca\/fr\/wp-json\/wp\/v2\/posts"}],"about":[{"href":"https:\/\/www.carl-abrc.ca\/fr\/wp-json\/wp\/v2\/types\/post"}],"author":[{"embeddable":true,"href":"https:\/\/www.carl-abrc.ca\/fr\/wp-json\/wp\/v2\/users\/11"}],"replies":[{"embeddable":true,"href":"https:\/\/www.carl-abrc.ca\/fr\/wp-json\/wp\/v2\/comments?post=12618"}],"version-history":[{"count":0,"href":"https:\/\/www.carl-abrc.ca\/fr\/wp-json\/wp\/v2\/posts\/12618\/revisions"}],"wp:attachment":[{"href":"https:\/\/www.carl-abrc.ca\/fr\/wp-json\/wp\/v2\/media?parent=12618"}],"wp:term":[{"taxonomy":"category","embeddable":true,"href":"https:\/\/www.carl-abrc.ca\/fr\/wp-json\/wp\/v2\/categories?post=12618"},{"taxonomy":"post_tag","embeddable":true,"href":"https:\/\/www.carl-abrc.ca\/fr\/wp-json\/wp\/v2\/tags?post=12618"}],"curies":[{"name":"wp","href":"https:\/\/api.w.org\/{rel}","templated":true}]}}