{"id":13405,"date":"2019-12-10T15:13:35","date_gmt":"2019-12-10T20:13:35","guid":{"rendered":"http:\/\/www.carl-abrc.ca\/?p=13405"},"modified":"2019-12-10T15:13:57","modified_gmt":"2019-12-10T20:13:57","slug":"appel-de-candidatures-pour-participants-a-linstitut-de-recherche-des-bibliothecaires-2020-de-labrc","status":"publish","type":"post","link":"https:\/\/www.carl-abrc.ca\/fr\/nouvelles\/appel-de-candidatures-pour-participants-a-linstitut-de-recherche-des-bibliothecaires-2020-de-labrc\/","title":{"rendered":"Appel de candidatures pour participants \u00e0 l\u2019Institut de recherche des biblioth\u00e9caires 2020 de l\u2019ABRC"},"content":{"rendered":"<p><strong>10 d\u00e9cembre 2019<\/strong> &#8211; L\u2019Association des biblioth\u00e8ques de recherche du Canada accepte maintenant les candidatures pour les participants de l\u2019Institut de recherche des biblioth\u00e9caires de 2020. Ils seront convi\u00e9s \u00e0 un atelier de quatre jours organis\u00e9 \u00e0 l\u2019Universit\u00e9 du Nouveau-Brunswick \u00e0 Fredericton (du 15 au 18 juin 2020). L\u2019Objet de cet atelier est de leur permettre de faire \u00e9voluer leurs comp\u00e9tences en mati\u00e8re de recherche \u00e0 partir de leurs int\u00e9r\u00eats actuels dans le domaine et en \u00e9tablissant le contact avec d\u2019autres biblioth\u00e9caires-chercheurs de l\u2019ensemble du Canada. Les participants devraient justifier des qualifications suivantes :<\/p>\n<ul>\n<li>Une certaine exp\u00e9rience de la recherche depuis l\u2019obtention de leur MBSI, notamment la production d\u2019une pr\u00e9sentation, d\u2019un article ou d\u2019une subvention de recherche dans le cadre d\u2019une conf\u00e9rence.<\/li>\n<li>Des connaissances fondamentales en mati\u00e8re de m\u00e9thodologie de recherche et des comp\u00e9tences telles que la r\u00e9daction de propositions, des analyses bibliographiques, l\u2019\u00e9laboration de questions de recherche, l\u2019utilisation de diff\u00e9rentes m\u00e9thodologies de recherche, l\u2019analyse de donn\u00e9es, l\u2019\u00e9valuation des questions d\u2019\u00e9thique, etc.<\/li>\n<li>Une ardeur et une ouverture d\u2019esprit manifestent en mati\u00e8re de perfectionnement des comp\u00e9tences personnelles, de partage des id\u00e9es, de formulation de commentaires et d\u2019appui aux efforts de recherche des coll\u00e8gues.<\/li>\n<li>Un int\u00e9r\u00eat \u00e0 ramener l&rsquo;\u00e9nergie et l&rsquo;enthousiasme pour la recherche acquis \u00e0 l&rsquo;institut dans leur \u00e9tablissement d&rsquo;origine.<\/li>\n<\/ul>\n<p>L&rsquo;Institut comprendra des activit\u00e9s telles que les s\u00e9ances pl\u00e9ni\u00e8res; d\u00e9bats d\u2019experts avec des pairs mentors; petits groupes de discussions; activit\u00e9s individuelles et par petits groupes; r\u00e9flexion et \u00e9valuation individuelles; consultations avec des pairs mentors, temps de r\u00e9daction individuel; ateliers avec des pairs; et pr\u00e9sentation finale des travaux r\u00e9alis\u00e9s pendant l\u2019atelier. \u00c0 la fin de l\u2019atelier, les participants auront en main :<\/p>\n<ul>\n<li>Une perspective positive sur les possibilit\u00e9s pour la recherche et la reconnaissance des habitudes d\u2019esprit qui permettent aux bonnes pratiques de recherche.<\/li>\n<li>Une compr\u00e9hension plus vaste des processus de recherche par les biblioth\u00e9caires et une sensibilisation \u00e0 la recherche entreprise par leurs coll\u00e8gues au sein des biblioth\u00e8ques canadiennes.<\/li>\n<li>Des liens \u00e9tablis avec d\u2019autres biblioth\u00e9caires universitaires travaillant dans le cadre de projets de recherche savante dans les biblioth\u00e8ques de l\u2019ensemble du Canada.<\/li>\n<\/ul>\n<p>L\u2019IRB 2020 sera dirig\u00e9 par l&rsquo;\u00e9quipe de pairs mentors suivante:<\/p>\n<ul>\n<li><strong>Sean Luyk<\/strong>, copr\u00e9sident (Digital Projects Librarian, University of Alberta)<\/li>\n<li><strong>Cory Laverty<\/strong>, copr\u00e9sidente (Teaching &amp; Learning Specialist, Queen\u2019s University)<\/li>\n<li><strong>Karen Nicholson<\/strong> (Manager, Information Literacy, University of Guelph)<\/li>\n<li><strong>Carolyn Doi<\/strong> (Associate Librarian, University of Saskatchewan)<\/li>\n<li><strong>Robin Parker<\/strong> (Evidence Synthesis and Information Services Librarian, Dalhousie University)<\/li>\n<li><strong>Lindsey Sikora<\/strong> (Research Librarian, Medicine and Health Sciences, University of Ottawa)<\/li>\n<\/ul>\n<p><strong>Processus de candidature et de nomination :<\/strong><\/p>\n<p>Les places sont limit\u00e9es \u00e0 30 personnes. Les nominations sont accept\u00e9es de toutes les biblioth\u00e8ques canadiennes, d\u00e9sormais, la priorit\u00e9 sera offerte aux \u00e9tablissements membres de l\u2019ABRC. Les candidats \/ participants doivent soumettre une trousse de candidature qui comportera :<\/p>\n<ul>\n<li>un curriculum vitae \u00e0 jour;<\/li>\n<li>une br\u00e8ve description des raisons pour lesquelles le participant souhaite assister \u00e0 l\u2019atelier;<\/li>\n<li>un survol du projet de recherche \/ de la question de recherche;<\/li>\n<li>et une lettre du doyen ou directeur de la biblioth\u00e8que appuyant sa candidature.<\/li>\n<\/ul>\n<p>Les trousses de candidature doivent \u00eatre adress\u00e9es \u00e0 l\u2019attention de Julie Morin (<a href=\"mailto:julie.morin@carl-abrc.ca\">julie.morin@carl-abrc.ca<\/a>) avant le <strong>30 janvier 2020<\/strong>.<\/p>\n<p>Les participants seront annonc\u00e9s et les informations de suivi au sujet de l\u2019atelier seront envoy\u00e9es au printemps. Avant de se rendre \u00e0 l\u2019atelier, il sera demand\u00e9 aux participants de remettre un aper\u00e7u de leur exp\u00e9rience en mati\u00e8re de recherche et de leurs int\u00e9r\u00eats actuels dans le domaine.<\/p>\n<p>Frais d&rsquo;inscription :<br \/>\nInstitutions membres de l\u2019ABRC : 650 $<br \/>\nNon membres : 850 $<\/p>\n<p>Tous les mat\u00e9riaux pour l\u2019atelier, petit d\u00e9jeuner, d\u00e9jeuner, et pauses pour la dur\u00e9e de l\u2019atelier sont inclus. Les frais de d\u00e9placement, d\u2019h\u00e9bergement et autres sont \u00e0 la charge du participant.<\/p>\n<p><strong>Pour plus d\u2019informations, contactez:<\/strong><\/p>\n<p>Julie Morin<br \/>\nProject Officer, CARL<br \/>\njulie.morin@carl-abrc.ca<br \/>\n613.482.9344 x 107<\/p>\n","protected":false},"excerpt":{"rendered":"<p>10 d\u00e9cembre 2019 &#8211; L\u2019Association des biblioth\u00e8ques de recherche du Canada accepte maintenant les candidatures pour les participants de l\u2019Institut de recherche des biblioth\u00e9caires de 2020. Ils seront convi\u00e9s \u00e0 [&hellip;]<\/p>\n","protected":false},"author":63,"featured_media":0,"comment_status":"closed","ping_status":"open","sticky":false,"template":"","format":"standard","meta":{"_acf_changed":false,"_EventAllDay":false,"_EventTimezone":"","_EventStartDate":"","_EventEndDate":"","_EventStartDateUTC":"","_EventEndDateUTC":"","_EventShowMap":false,"_EventShowMapLink":false,"_EventURL":"","_EventCost":"","_EventCostDescription":"","_EventCurrencySymbol":"","_EventCurrencyCode":"","_EventCurrencyPosition":"","_EventDateTimeSeparator":"","_EventTimeRangeSeparator":"","_EventOrganizerID":[],"_EventVenueID":[],"_OrganizerEmail":"","_OrganizerPhone":"","_OrganizerWebsite":"","_VenueAddress":"","_VenueCity":"","_VenueCountry":"","_VenueProvince":"","_VenueState":"","_VenueZip":"","_VenuePhone":"","_VenueURL":"","_VenueStateProvince":"","_VenueLat":"","_VenueLng":"","_VenueShowMap":false,"_VenueShowMapLink":false,"footnotes":""},"categories":[2],"tags":[],"class_list":["post-13405","post","type-post","status-publish","format-standard","hentry","category-nouvelles"],"acf":[],"yoast_head":"<!-- This site is optimized with the Yoast SEO plugin v27.4 - https:\/\/yoast.com\/product\/yoast-seo-wordpress\/ -->\n<title>Appel de candidatures pour participants \u00e0 l\u2019Institut de recherche des biblioth\u00e9caires 2020 de l\u2019ABRC - Association des biblioth\u00e8ques de recherche du Canada<\/title>\n<meta name=\"robots\" content=\"index, follow, max-snippet:-1, max-image-preview:large, max-video-preview:-1\" \/>\n<link rel=\"canonical\" href=\"https:\/\/www.carl-abrc.ca\/fr\/nouvelles\/appel-de-candidatures-pour-participants-a-linstitut-de-recherche-des-bibliothecaires-2020-de-labrc\/\" \/>\n<meta property=\"og:locale\" content=\"fr_FR\" \/>\n<meta property=\"og:type\" content=\"article\" \/>\n<meta property=\"og:title\" content=\"Appel de candidatures pour participants \u00e0 l\u2019Institut de recherche des biblioth\u00e9caires 2020 de l\u2019ABRC - Association des biblioth\u00e8ques de recherche du Canada\" \/>\n<meta property=\"og:description\" content=\"10 d\u00e9cembre 2019 &#8211; L\u2019Association des biblioth\u00e8ques de recherche du Canada accepte maintenant les candidatures pour les participants de l\u2019Institut de recherche des biblioth\u00e9caires de 2020. Ils seront convi\u00e9s \u00e0 [&hellip;]\" \/>\n<meta property=\"og:url\" content=\"https:\/\/www.carl-abrc.ca\/fr\/nouvelles\/appel-de-candidatures-pour-participants-a-linstitut-de-recherche-des-bibliothecaires-2020-de-labrc\/\" \/>\n<meta property=\"og:site_name\" content=\"Association des biblioth\u00e8ques de recherche du Canada\" \/>\n<meta property=\"article:published_time\" content=\"2019-12-10T20:13:35+00:00\" \/>\n<meta property=\"article:modified_time\" content=\"2019-12-10T20:13:57+00:00\" \/>\n<meta name=\"author\" content=\"Julie Morin\" \/>\n<meta name=\"twitter:label1\" content=\"\u00c9crit par\" \/>\n\t<meta name=\"twitter:data1\" content=\"Julie Morin\" \/>\n\t<meta name=\"twitter:label2\" content=\"Dur\u00e9e de lecture estim\u00e9e\" \/>\n\t<meta name=\"twitter:data2\" content=\"3 minutes\" \/>\n<script type=\"application\/ld+json\" class=\"yoast-schema-graph\">{\"@context\":\"https:\\\/\\\/schema.org\",\"@graph\":[{\"@type\":\"Article\",\"@id\":\"https:\\\/\\\/www.carl-abrc.ca\\\/fr\\\/nouvelles\\\/appel-de-candidatures-pour-participants-a-linstitut-de-recherche-des-bibliothecaires-2020-de-labrc\\\/#article\",\"isPartOf\":{\"@id\":\"https:\\\/\\\/www.carl-abrc.ca\\\/fr\\\/nouvelles\\\/appel-de-candidatures-pour-participants-a-linstitut-de-recherche-des-bibliothecaires-2020-de-labrc\\\/\"},\"author\":{\"name\":\"Julie Morin\",\"@id\":\"https:\\\/\\\/www.carl-abrc.ca\\\/fr\\\/#\\\/schema\\\/person\\\/d9b6bfb73c89f6e9eafbd338013764ed\"},\"headline\":\"Appel de candidatures pour participants \u00e0 l\u2019Institut de recherche des biblioth\u00e9caires 2020 de l\u2019ABRC\",\"datePublished\":\"2019-12-10T20:13:35+00:00\",\"dateModified\":\"2019-12-10T20:13:57+00:00\",\"mainEntityOfPage\":{\"@id\":\"https:\\\/\\\/www.carl-abrc.ca\\\/fr\\\/nouvelles\\\/appel-de-candidatures-pour-participants-a-linstitut-de-recherche-des-bibliothecaires-2020-de-labrc\\\/\"},\"wordCount\":707,\"publisher\":{\"@id\":\"https:\\\/\\\/www.carl-abrc.ca\\\/fr\\\/#organization\"},\"articleSection\":[\"Nouvelles\"],\"inLanguage\":\"fr-FR\"},{\"@type\":\"WebPage\",\"@id\":\"https:\\\/\\\/www.carl-abrc.ca\\\/fr\\\/nouvelles\\\/appel-de-candidatures-pour-participants-a-linstitut-de-recherche-des-bibliothecaires-2020-de-labrc\\\/\",\"url\":\"https:\\\/\\\/www.carl-abrc.ca\\\/fr\\\/nouvelles\\\/appel-de-candidatures-pour-participants-a-linstitut-de-recherche-des-bibliothecaires-2020-de-labrc\\\/\",\"name\":\"Appel de candidatures pour participants \u00e0 l\u2019Institut de recherche des biblioth\u00e9caires 2020 de l\u2019ABRC - Association des biblioth\u00e8ques de recherche du Canada\",\"isPartOf\":{\"@id\":\"https:\\\/\\\/www.carl-abrc.ca\\\/fr\\\/#website\"},\"datePublished\":\"2019-12-10T20:13:35+00:00\",\"dateModified\":\"2019-12-10T20:13:57+00:00\",\"breadcrumb\":{\"@id\":\"https:\\\/\\\/www.carl-abrc.ca\\\/fr\\\/nouvelles\\\/appel-de-candidatures-pour-participants-a-linstitut-de-recherche-des-bibliothecaires-2020-de-labrc\\\/#breadcrumb\"},\"inLanguage\":\"fr-FR\",\"potentialAction\":[{\"@type\":\"ReadAction\",\"target\":[\"https:\\\/\\\/www.carl-abrc.ca\\\/fr\\\/nouvelles\\\/appel-de-candidatures-pour-participants-a-linstitut-de-recherche-des-bibliothecaires-2020-de-labrc\\\/\"]}]},{\"@type\":\"BreadcrumbList\",\"@id\":\"https:\\\/\\\/www.carl-abrc.ca\\\/fr\\\/nouvelles\\\/appel-de-candidatures-pour-participants-a-linstitut-de-recherche-des-bibliothecaires-2020-de-labrc\\\/#breadcrumb\",\"itemListElement\":[{\"@type\":\"ListItem\",\"position\":1,\"name\":\"Accueil\",\"item\":\"https:\\\/\\\/www.carl-abrc.ca\\\/fr\\\/home-3\\\/\"},{\"@type\":\"ListItem\",\"position\":2,\"name\":\"Appel de candidatures pour participants \u00e0 l\u2019Institut de recherche des biblioth\u00e9caires 2020 de l\u2019ABRC\"}]},{\"@type\":\"WebSite\",\"@id\":\"https:\\\/\\\/www.carl-abrc.ca\\\/fr\\\/#website\",\"url\":\"https:\\\/\\\/www.carl-abrc.ca\\\/fr\\\/\",\"name\":\"Association des biblioth\u00e8ques de recherche du Canada\",\"description\":\"ABRC\",\"publisher\":{\"@id\":\"https:\\\/\\\/www.carl-abrc.ca\\\/fr\\\/#organization\"},\"potentialAction\":[{\"@type\":\"SearchAction\",\"target\":{\"@type\":\"EntryPoint\",\"urlTemplate\":\"https:\\\/\\\/www.carl-abrc.ca\\\/fr\\\/?s={search_term_string}\"},\"query-input\":{\"@type\":\"PropertyValueSpecification\",\"valueRequired\":true,\"valueName\":\"search_term_string\"}}],\"inLanguage\":\"fr-FR\"},{\"@type\":\"Organization\",\"@id\":\"https:\\\/\\\/www.carl-abrc.ca\\\/fr\\\/#organization\",\"name\":\"Association des biblioth\u00e8ques de recherche du Canada\",\"url\":\"https:\\\/\\\/www.carl-abrc.ca\\\/fr\\\/\",\"logo\":{\"@type\":\"ImageObject\",\"inLanguage\":\"fr-FR\",\"@id\":\"https:\\\/\\\/www.carl-abrc.ca\\\/fr\\\/#\\\/schema\\\/logo\\\/image\\\/\",\"url\":\"https:\\\/\\\/www.carl-abrc.ca\\\/wp-content\\\/uploads\\\/2024\\\/07\\\/cropped-Stacked_Colour_L.png\",\"contentUrl\":\"https:\\\/\\\/www.carl-abrc.ca\\\/wp-content\\\/uploads\\\/2024\\\/07\\\/cropped-Stacked_Colour_L.png\",\"width\":641,\"height\":250,\"caption\":\"Association des biblioth\u00e8ques de recherche du Canada\"},\"image\":{\"@id\":\"https:\\\/\\\/www.carl-abrc.ca\\\/fr\\\/#\\\/schema\\\/logo\\\/image\\\/\"},\"sameAs\":[\"https:\\\/\\\/x.com\\\/carlabrc\"]},{\"@type\":\"Person\",\"@id\":\"https:\\\/\\\/www.carl-abrc.ca\\\/fr\\\/#\\\/schema\\\/person\\\/d9b6bfb73c89f6e9eafbd338013764ed\",\"name\":\"Julie Morin\",\"image\":{\"@type\":\"ImageObject\",\"inLanguage\":\"fr-FR\",\"@id\":\"https:\\\/\\\/secure.gravatar.com\\\/avatar\\\/8f563df894a5ea8e4663aea014d75f7ff272a49a318995c22006e48ba2fca63e?s=96&d=mm&r=g\",\"url\":\"https:\\\/\\\/secure.gravatar.com\\\/avatar\\\/8f563df894a5ea8e4663aea014d75f7ff272a49a318995c22006e48ba2fca63e?s=96&d=mm&r=g\",\"contentUrl\":\"https:\\\/\\\/secure.gravatar.com\\\/avatar\\\/8f563df894a5ea8e4663aea014d75f7ff272a49a318995c22006e48ba2fca63e?s=96&d=mm&r=g\",\"caption\":\"Julie Morin\"},\"url\":\"https:\\\/\\\/www.carl-abrc.ca\\\/fr\\\/author\\\/julie\\\/\"}]}<\/script>\n<!-- \/ Yoast SEO plugin. -->","yoast_head_json":{"title":"Appel de candidatures pour participants \u00e0 l\u2019Institut de recherche des biblioth\u00e9caires 2020 de l\u2019ABRC - Association des biblioth\u00e8ques de recherche du Canada","robots":{"index":"index","follow":"follow","max-snippet":"max-snippet:-1","max-image-preview":"max-image-preview:large","max-video-preview":"max-video-preview:-1"},"canonical":"https:\/\/www.carl-abrc.ca\/fr\/nouvelles\/appel-de-candidatures-pour-participants-a-linstitut-de-recherche-des-bibliothecaires-2020-de-labrc\/","og_locale":"fr_FR","og_type":"article","og_title":"Appel de candidatures pour participants \u00e0 l\u2019Institut de recherche des biblioth\u00e9caires 2020 de l\u2019ABRC - Association des biblioth\u00e8ques de recherche du Canada","og_description":"10 d\u00e9cembre 2019 &#8211; L\u2019Association des biblioth\u00e8ques de recherche du Canada accepte maintenant les candidatures pour les participants de l\u2019Institut de recherche des biblioth\u00e9caires de 2020. Ils seront convi\u00e9s \u00e0 [&hellip;]","og_url":"https:\/\/www.carl-abrc.ca\/fr\/nouvelles\/appel-de-candidatures-pour-participants-a-linstitut-de-recherche-des-bibliothecaires-2020-de-labrc\/","og_site_name":"Association des biblioth\u00e8ques de recherche du Canada","article_published_time":"2019-12-10T20:13:35+00:00","article_modified_time":"2019-12-10T20:13:57+00:00","author":"Julie Morin","twitter_misc":{"\u00c9crit par":"Julie Morin","Dur\u00e9e de lecture estim\u00e9e":"3 minutes"},"schema":{"@context":"https:\/\/schema.org","@graph":[{"@type":"Article","@id":"https:\/\/www.carl-abrc.ca\/fr\/nouvelles\/appel-de-candidatures-pour-participants-a-linstitut-de-recherche-des-bibliothecaires-2020-de-labrc\/#article","isPartOf":{"@id":"https:\/\/www.carl-abrc.ca\/fr\/nouvelles\/appel-de-candidatures-pour-participants-a-linstitut-de-recherche-des-bibliothecaires-2020-de-labrc\/"},"author":{"name":"Julie Morin","@id":"https:\/\/www.carl-abrc.ca\/fr\/#\/schema\/person\/d9b6bfb73c89f6e9eafbd338013764ed"},"headline":"Appel de candidatures pour participants \u00e0 l\u2019Institut de recherche des biblioth\u00e9caires 2020 de l\u2019ABRC","datePublished":"2019-12-10T20:13:35+00:00","dateModified":"2019-12-10T20:13:57+00:00","mainEntityOfPage":{"@id":"https:\/\/www.carl-abrc.ca\/fr\/nouvelles\/appel-de-candidatures-pour-participants-a-linstitut-de-recherche-des-bibliothecaires-2020-de-labrc\/"},"wordCount":707,"publisher":{"@id":"https:\/\/www.carl-abrc.ca\/fr\/#organization"},"articleSection":["Nouvelles"],"inLanguage":"fr-FR"},{"@type":"WebPage","@id":"https:\/\/www.carl-abrc.ca\/fr\/nouvelles\/appel-de-candidatures-pour-participants-a-linstitut-de-recherche-des-bibliothecaires-2020-de-labrc\/","url":"https:\/\/www.carl-abrc.ca\/fr\/nouvelles\/appel-de-candidatures-pour-participants-a-linstitut-de-recherche-des-bibliothecaires-2020-de-labrc\/","name":"Appel de candidatures pour participants \u00e0 l\u2019Institut de recherche des biblioth\u00e9caires 2020 de l\u2019ABRC - Association des biblioth\u00e8ques de recherche du Canada","isPartOf":{"@id":"https:\/\/www.carl-abrc.ca\/fr\/#website"},"datePublished":"2019-12-10T20:13:35+00:00","dateModified":"2019-12-10T20:13:57+00:00","breadcrumb":{"@id":"https:\/\/www.carl-abrc.ca\/fr\/nouvelles\/appel-de-candidatures-pour-participants-a-linstitut-de-recherche-des-bibliothecaires-2020-de-labrc\/#breadcrumb"},"inLanguage":"fr-FR","potentialAction":[{"@type":"ReadAction","target":["https:\/\/www.carl-abrc.ca\/fr\/nouvelles\/appel-de-candidatures-pour-participants-a-linstitut-de-recherche-des-bibliothecaires-2020-de-labrc\/"]}]},{"@type":"BreadcrumbList","@id":"https:\/\/www.carl-abrc.ca\/fr\/nouvelles\/appel-de-candidatures-pour-participants-a-linstitut-de-recherche-des-bibliothecaires-2020-de-labrc\/#breadcrumb","itemListElement":[{"@type":"ListItem","position":1,"name":"Accueil","item":"https:\/\/www.carl-abrc.ca\/fr\/home-3\/"},{"@type":"ListItem","position":2,"name":"Appel de candidatures pour participants \u00e0 l\u2019Institut de recherche des biblioth\u00e9caires 2020 de l\u2019ABRC"}]},{"@type":"WebSite","@id":"https:\/\/www.carl-abrc.ca\/fr\/#website","url":"https:\/\/www.carl-abrc.ca\/fr\/","name":"Association des biblioth\u00e8ques de recherche du Canada","description":"ABRC","publisher":{"@id":"https:\/\/www.carl-abrc.ca\/fr\/#organization"},"potentialAction":[{"@type":"SearchAction","target":{"@type":"EntryPoint","urlTemplate":"https:\/\/www.carl-abrc.ca\/fr\/?s={search_term_string}"},"query-input":{"@type":"PropertyValueSpecification","valueRequired":true,"valueName":"search_term_string"}}],"inLanguage":"fr-FR"},{"@type":"Organization","@id":"https:\/\/www.carl-abrc.ca\/fr\/#organization","name":"Association des biblioth\u00e8ques de recherche du Canada","url":"https:\/\/www.carl-abrc.ca\/fr\/","logo":{"@type":"ImageObject","inLanguage":"fr-FR","@id":"https:\/\/www.carl-abrc.ca\/fr\/#\/schema\/logo\/image\/","url":"https:\/\/www.carl-abrc.ca\/wp-content\/uploads\/2024\/07\/cropped-Stacked_Colour_L.png","contentUrl":"https:\/\/www.carl-abrc.ca\/wp-content\/uploads\/2024\/07\/cropped-Stacked_Colour_L.png","width":641,"height":250,"caption":"Association des biblioth\u00e8ques de recherche du Canada"},"image":{"@id":"https:\/\/www.carl-abrc.ca\/fr\/#\/schema\/logo\/image\/"},"sameAs":["https:\/\/x.com\/carlabrc"]},{"@type":"Person","@id":"https:\/\/www.carl-abrc.ca\/fr\/#\/schema\/person\/d9b6bfb73c89f6e9eafbd338013764ed","name":"Julie Morin","image":{"@type":"ImageObject","inLanguage":"fr-FR","@id":"https:\/\/secure.gravatar.com\/avatar\/8f563df894a5ea8e4663aea014d75f7ff272a49a318995c22006e48ba2fca63e?s=96&d=mm&r=g","url":"https:\/\/secure.gravatar.com\/avatar\/8f563df894a5ea8e4663aea014d75f7ff272a49a318995c22006e48ba2fca63e?s=96&d=mm&r=g","contentUrl":"https:\/\/secure.gravatar.com\/avatar\/8f563df894a5ea8e4663aea014d75f7ff272a49a318995c22006e48ba2fca63e?s=96&d=mm&r=g","caption":"Julie Morin"},"url":"https:\/\/www.carl-abrc.ca\/fr\/author\/julie\/"}]}},"_links":{"self":[{"href":"https:\/\/www.carl-abrc.ca\/fr\/wp-json\/wp\/v2\/posts\/13405","targetHints":{"allow":["GET"]}}],"collection":[{"href":"https:\/\/www.carl-abrc.ca\/fr\/wp-json\/wp\/v2\/posts"}],"about":[{"href":"https:\/\/www.carl-abrc.ca\/fr\/wp-json\/wp\/v2\/types\/post"}],"author":[{"embeddable":true,"href":"https:\/\/www.carl-abrc.ca\/fr\/wp-json\/wp\/v2\/users\/63"}],"replies":[{"embeddable":true,"href":"https:\/\/www.carl-abrc.ca\/fr\/wp-json\/wp\/v2\/comments?post=13405"}],"version-history":[{"count":0,"href":"https:\/\/www.carl-abrc.ca\/fr\/wp-json\/wp\/v2\/posts\/13405\/revisions"}],"wp:attachment":[{"href":"https:\/\/www.carl-abrc.ca\/fr\/wp-json\/wp\/v2\/media?parent=13405"}],"wp:term":[{"taxonomy":"category","embeddable":true,"href":"https:\/\/www.carl-abrc.ca\/fr\/wp-json\/wp\/v2\/categories?post=13405"},{"taxonomy":"post_tag","embeddable":true,"href":"https:\/\/www.carl-abrc.ca\/fr\/wp-json\/wp\/v2\/tags?post=13405"}],"curies":[{"name":"wp","href":"https:\/\/api.w.org\/{rel}","templated":true}]}}