{"id":13614,"date":"2019-12-18T13:31:07","date_gmt":"2019-12-18T18:31:07","guid":{"rendered":"http:\/\/www.carl-abrc.ca\/?p=13614"},"modified":"2021-10-04T11:16:16","modified_gmt":"2021-10-04T15:16:16","slug":"rapport-sur-la-fonctionnalite-de-conservation-dans-les-depots","status":"publish","type":"post","link":"https:\/\/www.carl-abrc.ca\/fr\/nouvelles\/rapport-sur-la-fonctionnalite-de-conservation-dans-les-depots\/","title":{"rendered":"L\u2019ABRC publie un rapport sur la fonctionnalit\u00e9 de conservation dans les d\u00e9p\u00f4ts"},"content":{"rendered":"<p><b>Le mercredi 18 d\u00e9cembre 2019.<\/b><span style=\"font-weight: 400;\"> \u2013 L\u2019Association canadienne des biblioth\u00e8ques de recherche (ABRC) est heureuse d\u2019annoncer la publication d\u2019un deuxi\u00e8me rapport par son groupe de travail sur les d\u00e9p\u00f4ts ouverts (GTDO). Ce deuxi\u00e8me rapport se penche sur la conservation num\u00e9rique dans les d\u00e9p\u00f4ts ouverts canadiens.<\/span><\/p>\n<p><i><span style=\"font-weight: 400;\">\u00ab La fonctionnalit\u00e9 de conservation num\u00e9rique des syst\u00e8mes de d\u00e9p\u00f4ts canadiens \u00bb <\/span><\/i><span style=\"font-weight: 400;\">a \u00e9t\u00e9 r\u00e9dig\u00e9 par Tomasz Neugebauer (Universit\u00e9 Concordia), Pierre Lasou (Universit\u00e9 Laval), Andrea Kosavic (York University) et Tim Walsh (Universit\u00e9 Concordia) au nom du Sous-groupe sur les normes pour les donn\u00e9es d\u2019utilisation des d\u00e9p\u00f4ts du GTDO.<\/span><\/p>\n<p><span style=\"font-weight: 400;\">Ce document tire son inspiration du rapport \u00ab <a href=\"https:\/\/www.coar-repositories.org\/files\/NGR-Final-Formatted-Report-cc.pdf\">Behaviours and Technical Recommendations of the COAR Next Generation Repositories Working Group<\/a> \u00bb (2017) o\u00f9 figure parmi ses recommandations la fonctionnalit\u00e9 de conservation num\u00e9rique. Ce groupe a donc tent\u00e9 de faire progresser le d\u00e9veloppement d&rsquo;une la r\u00e9alisation d&rsquo;une compr\u00e9hension commune des exigences de base de la pr\u00e9servation num\u00e9rique et des fonctionnalit\u00e9s n\u00e9cessaires pour atteindre cette vision d&rsquo;un r\u00e9seau de pr\u00e9servation num\u00e9rique p\u00e9renne (tel que propos\u00e9 dans l&rsquo;expos\u00e9 de position du R\u00e9seau Portage, \u00ab <a href=\"https:\/\/portagenetwork.ca\/wp-content\/uploads\/2018\/05\/Portage-PEG-WhitePaper-FR.pdf\">La pr\u00e9servation des donn\u00e9es de recherche au Canada<\/a> \u00bb). Ce rapport se concentre sur les exigences techniques fonctionnelles et, \u00e0 ce titre, il est destin\u00e9 aux biblioth\u00e9caires de la communication savante et aux administrateurs de d\u00e9p\u00f4ts qui \u00e9valuent ou cherchent \u00e0 am\u00e9liorer les supports de conservation num\u00e9rique dans leurs d\u00e9p\u00f4ts.\u00a0<\/span><\/p>\n<p><span style=\"font-weight: 400;\">&gt; <a href=\"http:\/\/www.carl-abrc.ca\/wp-content\/uploads\/2019\/12\/gtdo_rapport2_preservation_depot_fr.pdf\">version fran\u00e7aise du rapport<\/a> (PDF)<\/span><\/p>\n<p><span style=\"font-weight: 400;\">&gt; <a href=\"http:\/\/www.carl-abrc.ca\/wp-content\/uploads\/2019\/12\/orwg_report2_preservation_repos_en.pdf\">version anglaise du rapport<\/a> (PDF)<\/span><\/p>\n<p><span style=\"font-weight: 400;\">Veuillez consulter le site Web de l\u2019ABRC pour en conna\u00eetre davantage sur le Groupe de travail sur les d\u00e9p\u00f4ts ouverts.<\/span><\/p>\n<p style=\"text-align: center;\">-30-<\/p>\n<p>Les membres de l\u2019ABRC comprennent les vingt-neuf plus grandes biblioth\u00e8ques universitaires du Canada ainsi que deux biblioth\u00e8ques nationales. L\u2019am\u00e9lioration de la recherche et de l\u2019enseignement sup\u00e9rieur est au c\u0153ur de sa mission. L\u2019ABRC d\u00e9veloppe la capacit\u00e9 d\u2019appuyer cette mission, et favorise l\u2019efficacit\u00e9 et la p\u00e9rennit\u00e9 de la communication savante, ainsi que les politiques publiques qui permettent l\u2019acc\u00e8s le plus large possible \u00e0 l\u2019information savante.<\/p>\n<p>Pour plus de renseignements, pri\u00e8re de communiquer avec\u00a0:<\/p>\n<p><strong>Lise\u00a0Brin<\/strong>, agente de programme<br \/>\n<a href=\"mailto:lise.brin@carl-abrc.ca\">lise.brin@carl-abrc.ca<\/a><br \/>\n902-318-4485<\/p>\n","protected":false},"excerpt":{"rendered":"<p>Le mercredi 18 d\u00e9cembre 2019. \u2013 L\u2019Association canadienne des biblioth\u00e8ques de recherche (ABRC) est heureuse d\u2019annoncer la publication d\u2019un deuxi\u00e8me rapport par son groupe de travail sur les d\u00e9p\u00f4ts ouverts [&hellip;]<\/p>\n","protected":false},"author":11,"featured_media":36194,"comment_status":"closed","ping_status":"closed","sticky":false,"template":"","format":"standard","meta":{"_acf_changed":false,"_EventAllDay":false,"_EventTimezone":"","_EventStartDate":"","_EventEndDate":"","_EventStartDateUTC":"","_EventEndDateUTC":"","_EventShowMap":false,"_EventShowMapLink":false,"_EventURL":"","_EventCost":"","_EventCostDescription":"","_EventCurrencySymbol":"","_EventCurrencyCode":"","_EventCurrencyPosition":"","_EventDateTimeSeparator":"","_EventTimeRangeSeparator":"","_EventOrganizerID":[],"_EventVenueID":[],"_OrganizerEmail":"","_OrganizerPhone":"","_OrganizerWebsite":"","_VenueAddress":"","_VenueCity":"","_VenueCountry":"","_VenueProvince":"","_VenueState":"","_VenueZip":"","_VenuePhone":"","_VenueURL":"","_VenueStateProvince":"","_VenueLat":"","_VenueLng":"","_VenueShowMap":false,"_VenueShowMapLink":false,"footnotes":""},"categories":[23,2],"tags":[],"class_list":["post-13614","post","type-post","status-publish","format-standard","has-post-thumbnail","hentry","category-depots","category-nouvelles"],"acf":[],"yoast_head":"<!-- This site is optimized with the Yoast SEO plugin v27.5 - https:\/\/yoast.com\/product\/yoast-seo-wordpress\/ -->\n<title>L\u2019ABRC publie un rapport sur la fonctionnalit\u00e9 de conservation dans les d\u00e9p\u00f4ts - Association des biblioth\u00e8ques de recherche du Canada<\/title>\n<meta name=\"robots\" content=\"index, follow, max-snippet:-1, max-image-preview:large, max-video-preview:-1\" \/>\n<link rel=\"canonical\" href=\"https:\/\/www.carl-abrc.ca\/fr\/nouvelles\/rapport-sur-la-fonctionnalite-de-conservation-dans-les-depots\/\" \/>\n<meta property=\"og:locale\" content=\"fr_FR\" \/>\n<meta property=\"og:type\" content=\"article\" \/>\n<meta property=\"og:title\" content=\"L\u2019ABRC publie un rapport sur la fonctionnalit\u00e9 de conservation dans les d\u00e9p\u00f4ts - Association des biblioth\u00e8ques de recherche du Canada\" \/>\n<meta property=\"og:description\" content=\"Le mercredi 18 d\u00e9cembre 2019. \u2013 L\u2019Association canadienne des biblioth\u00e8ques de recherche (ABRC) est heureuse d\u2019annoncer la publication d\u2019un deuxi\u00e8me rapport par son groupe de travail sur les d\u00e9p\u00f4ts ouverts [&hellip;]\" \/>\n<meta property=\"og:url\" content=\"https:\/\/www.carl-abrc.ca\/fr\/nouvelles\/rapport-sur-la-fonctionnalite-de-conservation-dans-les-depots\/\" \/>\n<meta property=\"og:site_name\" content=\"Association des biblioth\u00e8ques de recherche du Canada\" \/>\n<meta property=\"article:published_time\" content=\"2019-12-18T18:31:07+00:00\" \/>\n<meta property=\"article:modified_time\" content=\"2021-10-04T15:16:16+00:00\" \/>\n<meta property=\"og:image\" content=\"https:\/\/www.carl-abrc.ca\/wp-content\/uploads\/2024\/09\/NewsFeaturedImage-1.jpg\" \/>\n\t<meta property=\"og:image:width\" content=\"1920\" \/>\n\t<meta property=\"og:image:height\" content=\"1080\" \/>\n\t<meta property=\"og:image:type\" content=\"image\/jpeg\" \/>\n<meta name=\"author\" content=\"CARL ABRC\" \/>\n<meta name=\"twitter:label1\" content=\"\u00c9crit par\" \/>\n\t<meta name=\"twitter:data1\" content=\"CARL ABRC\" \/>\n\t<meta name=\"twitter:label2\" content=\"Dur\u00e9e de lecture estim\u00e9e\" \/>\n\t<meta name=\"twitter:data2\" content=\"2 minutes\" \/>\n<script type=\"application\/ld+json\" class=\"yoast-schema-graph\">{\"@context\":\"https:\\\/\\\/schema.org\",\"@graph\":[{\"@type\":\"Article\",\"@id\":\"https:\\\/\\\/www.carl-abrc.ca\\\/fr\\\/nouvelles\\\/rapport-sur-la-fonctionnalite-de-conservation-dans-les-depots\\\/#article\",\"isPartOf\":{\"@id\":\"https:\\\/\\\/www.carl-abrc.ca\\\/fr\\\/nouvelles\\\/rapport-sur-la-fonctionnalite-de-conservation-dans-les-depots\\\/\"},\"author\":{\"name\":\"CARL ABRC\",\"@id\":\"https:\\\/\\\/www.carl-abrc.ca\\\/fr\\\/#\\\/schema\\\/person\\\/98e5fc089af8c90ef31f178793d7f5d1\"},\"headline\":\"L\u2019ABRC publie un rapport sur la fonctionnalit\u00e9 de conservation dans les d\u00e9p\u00f4ts\",\"datePublished\":\"2019-12-18T18:31:07+00:00\",\"dateModified\":\"2021-10-04T15:16:16+00:00\",\"mainEntityOfPage\":{\"@id\":\"https:\\\/\\\/www.carl-abrc.ca\\\/fr\\\/nouvelles\\\/rapport-sur-la-fonctionnalite-de-conservation-dans-les-depots\\\/\"},\"wordCount\":412,\"publisher\":{\"@id\":\"https:\\\/\\\/www.carl-abrc.ca\\\/fr\\\/#organization\"},\"image\":{\"@id\":\"https:\\\/\\\/www.carl-abrc.ca\\\/fr\\\/nouvelles\\\/rapport-sur-la-fonctionnalite-de-conservation-dans-les-depots\\\/#primaryimage\"},\"thumbnailUrl\":\"https:\\\/\\\/www.carl-abrc.ca\\\/wp-content\\\/uploads\\\/2024\\\/09\\\/NewsFeaturedImage-1.jpg\",\"articleSection\":[\"D\u00e9p\u00f4ts\",\"Nouvelles\"],\"inLanguage\":\"fr-FR\"},{\"@type\":\"WebPage\",\"@id\":\"https:\\\/\\\/www.carl-abrc.ca\\\/fr\\\/nouvelles\\\/rapport-sur-la-fonctionnalite-de-conservation-dans-les-depots\\\/\",\"url\":\"https:\\\/\\\/www.carl-abrc.ca\\\/fr\\\/nouvelles\\\/rapport-sur-la-fonctionnalite-de-conservation-dans-les-depots\\\/\",\"name\":\"L\u2019ABRC publie un rapport sur la fonctionnalit\u00e9 de conservation dans les d\u00e9p\u00f4ts - Association des biblioth\u00e8ques de recherche du Canada\",\"isPartOf\":{\"@id\":\"https:\\\/\\\/www.carl-abrc.ca\\\/fr\\\/#website\"},\"primaryImageOfPage\":{\"@id\":\"https:\\\/\\\/www.carl-abrc.ca\\\/fr\\\/nouvelles\\\/rapport-sur-la-fonctionnalite-de-conservation-dans-les-depots\\\/#primaryimage\"},\"image\":{\"@id\":\"https:\\\/\\\/www.carl-abrc.ca\\\/fr\\\/nouvelles\\\/rapport-sur-la-fonctionnalite-de-conservation-dans-les-depots\\\/#primaryimage\"},\"thumbnailUrl\":\"https:\\\/\\\/www.carl-abrc.ca\\\/wp-content\\\/uploads\\\/2024\\\/09\\\/NewsFeaturedImage-1.jpg\",\"datePublished\":\"2019-12-18T18:31:07+00:00\",\"dateModified\":\"2021-10-04T15:16:16+00:00\",\"breadcrumb\":{\"@id\":\"https:\\\/\\\/www.carl-abrc.ca\\\/fr\\\/nouvelles\\\/rapport-sur-la-fonctionnalite-de-conservation-dans-les-depots\\\/#breadcrumb\"},\"inLanguage\":\"fr-FR\",\"potentialAction\":[{\"@type\":\"ReadAction\",\"target\":[\"https:\\\/\\\/www.carl-abrc.ca\\\/fr\\\/nouvelles\\\/rapport-sur-la-fonctionnalite-de-conservation-dans-les-depots\\\/\"]}]},{\"@type\":\"ImageObject\",\"inLanguage\":\"fr-FR\",\"@id\":\"https:\\\/\\\/www.carl-abrc.ca\\\/fr\\\/nouvelles\\\/rapport-sur-la-fonctionnalite-de-conservation-dans-les-depots\\\/#primaryimage\",\"url\":\"https:\\\/\\\/www.carl-abrc.ca\\\/wp-content\\\/uploads\\\/2024\\\/09\\\/NewsFeaturedImage-1.jpg\",\"contentUrl\":\"https:\\\/\\\/www.carl-abrc.ca\\\/wp-content\\\/uploads\\\/2024\\\/09\\\/NewsFeaturedImage-1.jpg\",\"width\":1920,\"height\":1080,\"caption\":\"C.A.R.L. Logo\"},{\"@type\":\"BreadcrumbList\",\"@id\":\"https:\\\/\\\/www.carl-abrc.ca\\\/fr\\\/nouvelles\\\/rapport-sur-la-fonctionnalite-de-conservation-dans-les-depots\\\/#breadcrumb\",\"itemListElement\":[{\"@type\":\"ListItem\",\"position\":1,\"name\":\"Accueil\",\"item\":\"https:\\\/\\\/www.carl-abrc.ca\\\/fr\\\/home-3\\\/\"},{\"@type\":\"ListItem\",\"position\":2,\"name\":\"L\u2019ABRC publie un rapport sur la fonctionnalit\u00e9 de conservation dans les d\u00e9p\u00f4ts\"}]},{\"@type\":\"WebSite\",\"@id\":\"https:\\\/\\\/www.carl-abrc.ca\\\/fr\\\/#website\",\"url\":\"https:\\\/\\\/www.carl-abrc.ca\\\/fr\\\/\",\"name\":\"Association des biblioth\u00e8ques de recherche du Canada\",\"description\":\"ABRC\",\"publisher\":{\"@id\":\"https:\\\/\\\/www.carl-abrc.ca\\\/fr\\\/#organization\"},\"potentialAction\":[{\"@type\":\"SearchAction\",\"target\":{\"@type\":\"EntryPoint\",\"urlTemplate\":\"https:\\\/\\\/www.carl-abrc.ca\\\/fr\\\/?s={search_term_string}\"},\"query-input\":{\"@type\":\"PropertyValueSpecification\",\"valueRequired\":true,\"valueName\":\"search_term_string\"}}],\"inLanguage\":\"fr-FR\"},{\"@type\":\"Organization\",\"@id\":\"https:\\\/\\\/www.carl-abrc.ca\\\/fr\\\/#organization\",\"name\":\"Association des biblioth\u00e8ques de recherche du Canada\",\"url\":\"https:\\\/\\\/www.carl-abrc.ca\\\/fr\\\/\",\"logo\":{\"@type\":\"ImageObject\",\"inLanguage\":\"fr-FR\",\"@id\":\"https:\\\/\\\/www.carl-abrc.ca\\\/fr\\\/#\\\/schema\\\/logo\\\/image\\\/\",\"url\":\"https:\\\/\\\/www.carl-abrc.ca\\\/wp-content\\\/uploads\\\/2024\\\/07\\\/cropped-Stacked_Colour_L.png\",\"contentUrl\":\"https:\\\/\\\/www.carl-abrc.ca\\\/wp-content\\\/uploads\\\/2024\\\/07\\\/cropped-Stacked_Colour_L.png\",\"width\":641,\"height\":250,\"caption\":\"Association des biblioth\u00e8ques de recherche du Canada\"},\"image\":{\"@id\":\"https:\\\/\\\/www.carl-abrc.ca\\\/fr\\\/#\\\/schema\\\/logo\\\/image\\\/\"},\"sameAs\":[\"https:\\\/\\\/x.com\\\/carlabrc\"]},{\"@type\":\"Person\",\"@id\":\"https:\\\/\\\/www.carl-abrc.ca\\\/fr\\\/#\\\/schema\\\/person\\\/98e5fc089af8c90ef31f178793d7f5d1\",\"name\":\"CARL ABRC\",\"image\":{\"@type\":\"ImageObject\",\"inLanguage\":\"fr-FR\",\"@id\":\"https:\\\/\\\/secure.gravatar.com\\\/avatar\\\/c2c9b376bd4002fbd30a8b9425e697c0b60aeef1966421e6ee3f5d8137228c29?s=96&d=mm&r=g\",\"url\":\"https:\\\/\\\/secure.gravatar.com\\\/avatar\\\/c2c9b376bd4002fbd30a8b9425e697c0b60aeef1966421e6ee3f5d8137228c29?s=96&d=mm&r=g\",\"contentUrl\":\"https:\\\/\\\/secure.gravatar.com\\\/avatar\\\/c2c9b376bd4002fbd30a8b9425e697c0b60aeef1966421e6ee3f5d8137228c29?s=96&d=mm&r=g\",\"caption\":\"CARL ABRC\"},\"url\":\"https:\\\/\\\/www.carl-abrc.ca\\\/fr\\\/author\\\/infocarl-abrc-ca\\\/\"}]}<\/script>\n<!-- \/ Yoast SEO plugin. -->","yoast_head_json":{"title":"L\u2019ABRC publie un rapport sur la fonctionnalit\u00e9 de conservation dans les d\u00e9p\u00f4ts - Association des biblioth\u00e8ques de recherche du Canada","robots":{"index":"index","follow":"follow","max-snippet":"max-snippet:-1","max-image-preview":"max-image-preview:large","max-video-preview":"max-video-preview:-1"},"canonical":"https:\/\/www.carl-abrc.ca\/fr\/nouvelles\/rapport-sur-la-fonctionnalite-de-conservation-dans-les-depots\/","og_locale":"fr_FR","og_type":"article","og_title":"L\u2019ABRC publie un rapport sur la fonctionnalit\u00e9 de conservation dans les d\u00e9p\u00f4ts - Association des biblioth\u00e8ques de recherche du Canada","og_description":"Le mercredi 18 d\u00e9cembre 2019. \u2013 L\u2019Association canadienne des biblioth\u00e8ques de recherche (ABRC) est heureuse d\u2019annoncer la publication d\u2019un deuxi\u00e8me rapport par son groupe de travail sur les d\u00e9p\u00f4ts ouverts [&hellip;]","og_url":"https:\/\/www.carl-abrc.ca\/fr\/nouvelles\/rapport-sur-la-fonctionnalite-de-conservation-dans-les-depots\/","og_site_name":"Association des biblioth\u00e8ques de recherche du Canada","article_published_time":"2019-12-18T18:31:07+00:00","article_modified_time":"2021-10-04T15:16:16+00:00","og_image":[{"width":1920,"height":1080,"url":"https:\/\/www.carl-abrc.ca\/wp-content\/uploads\/2024\/09\/NewsFeaturedImage-1.jpg","type":"image\/jpeg"}],"author":"CARL ABRC","twitter_misc":{"\u00c9crit par":"CARL ABRC","Dur\u00e9e de lecture estim\u00e9e":"2 minutes"},"schema":{"@context":"https:\/\/schema.org","@graph":[{"@type":"Article","@id":"https:\/\/www.carl-abrc.ca\/fr\/nouvelles\/rapport-sur-la-fonctionnalite-de-conservation-dans-les-depots\/#article","isPartOf":{"@id":"https:\/\/www.carl-abrc.ca\/fr\/nouvelles\/rapport-sur-la-fonctionnalite-de-conservation-dans-les-depots\/"},"author":{"name":"CARL ABRC","@id":"https:\/\/www.carl-abrc.ca\/fr\/#\/schema\/person\/98e5fc089af8c90ef31f178793d7f5d1"},"headline":"L\u2019ABRC publie un rapport sur la fonctionnalit\u00e9 de conservation dans les d\u00e9p\u00f4ts","datePublished":"2019-12-18T18:31:07+00:00","dateModified":"2021-10-04T15:16:16+00:00","mainEntityOfPage":{"@id":"https:\/\/www.carl-abrc.ca\/fr\/nouvelles\/rapport-sur-la-fonctionnalite-de-conservation-dans-les-depots\/"},"wordCount":412,"publisher":{"@id":"https:\/\/www.carl-abrc.ca\/fr\/#organization"},"image":{"@id":"https:\/\/www.carl-abrc.ca\/fr\/nouvelles\/rapport-sur-la-fonctionnalite-de-conservation-dans-les-depots\/#primaryimage"},"thumbnailUrl":"https:\/\/www.carl-abrc.ca\/wp-content\/uploads\/2024\/09\/NewsFeaturedImage-1.jpg","articleSection":["D\u00e9p\u00f4ts","Nouvelles"],"inLanguage":"fr-FR"},{"@type":"WebPage","@id":"https:\/\/www.carl-abrc.ca\/fr\/nouvelles\/rapport-sur-la-fonctionnalite-de-conservation-dans-les-depots\/","url":"https:\/\/www.carl-abrc.ca\/fr\/nouvelles\/rapport-sur-la-fonctionnalite-de-conservation-dans-les-depots\/","name":"L\u2019ABRC publie un rapport sur la fonctionnalit\u00e9 de conservation dans les d\u00e9p\u00f4ts - Association des biblioth\u00e8ques de recherche du Canada","isPartOf":{"@id":"https:\/\/www.carl-abrc.ca\/fr\/#website"},"primaryImageOfPage":{"@id":"https:\/\/www.carl-abrc.ca\/fr\/nouvelles\/rapport-sur-la-fonctionnalite-de-conservation-dans-les-depots\/#primaryimage"},"image":{"@id":"https:\/\/www.carl-abrc.ca\/fr\/nouvelles\/rapport-sur-la-fonctionnalite-de-conservation-dans-les-depots\/#primaryimage"},"thumbnailUrl":"https:\/\/www.carl-abrc.ca\/wp-content\/uploads\/2024\/09\/NewsFeaturedImage-1.jpg","datePublished":"2019-12-18T18:31:07+00:00","dateModified":"2021-10-04T15:16:16+00:00","breadcrumb":{"@id":"https:\/\/www.carl-abrc.ca\/fr\/nouvelles\/rapport-sur-la-fonctionnalite-de-conservation-dans-les-depots\/#breadcrumb"},"inLanguage":"fr-FR","potentialAction":[{"@type":"ReadAction","target":["https:\/\/www.carl-abrc.ca\/fr\/nouvelles\/rapport-sur-la-fonctionnalite-de-conservation-dans-les-depots\/"]}]},{"@type":"ImageObject","inLanguage":"fr-FR","@id":"https:\/\/www.carl-abrc.ca\/fr\/nouvelles\/rapport-sur-la-fonctionnalite-de-conservation-dans-les-depots\/#primaryimage","url":"https:\/\/www.carl-abrc.ca\/wp-content\/uploads\/2024\/09\/NewsFeaturedImage-1.jpg","contentUrl":"https:\/\/www.carl-abrc.ca\/wp-content\/uploads\/2024\/09\/NewsFeaturedImage-1.jpg","width":1920,"height":1080,"caption":"C.A.R.L. Logo"},{"@type":"BreadcrumbList","@id":"https:\/\/www.carl-abrc.ca\/fr\/nouvelles\/rapport-sur-la-fonctionnalite-de-conservation-dans-les-depots\/#breadcrumb","itemListElement":[{"@type":"ListItem","position":1,"name":"Accueil","item":"https:\/\/www.carl-abrc.ca\/fr\/home-3\/"},{"@type":"ListItem","position":2,"name":"L\u2019ABRC publie un rapport sur la fonctionnalit\u00e9 de conservation dans les d\u00e9p\u00f4ts"}]},{"@type":"WebSite","@id":"https:\/\/www.carl-abrc.ca\/fr\/#website","url":"https:\/\/www.carl-abrc.ca\/fr\/","name":"Association des biblioth\u00e8ques de recherche du Canada","description":"ABRC","publisher":{"@id":"https:\/\/www.carl-abrc.ca\/fr\/#organization"},"potentialAction":[{"@type":"SearchAction","target":{"@type":"EntryPoint","urlTemplate":"https:\/\/www.carl-abrc.ca\/fr\/?s={search_term_string}"},"query-input":{"@type":"PropertyValueSpecification","valueRequired":true,"valueName":"search_term_string"}}],"inLanguage":"fr-FR"},{"@type":"Organization","@id":"https:\/\/www.carl-abrc.ca\/fr\/#organization","name":"Association des biblioth\u00e8ques de recherche du Canada","url":"https:\/\/www.carl-abrc.ca\/fr\/","logo":{"@type":"ImageObject","inLanguage":"fr-FR","@id":"https:\/\/www.carl-abrc.ca\/fr\/#\/schema\/logo\/image\/","url":"https:\/\/www.carl-abrc.ca\/wp-content\/uploads\/2024\/07\/cropped-Stacked_Colour_L.png","contentUrl":"https:\/\/www.carl-abrc.ca\/wp-content\/uploads\/2024\/07\/cropped-Stacked_Colour_L.png","width":641,"height":250,"caption":"Association des biblioth\u00e8ques de recherche du Canada"},"image":{"@id":"https:\/\/www.carl-abrc.ca\/fr\/#\/schema\/logo\/image\/"},"sameAs":["https:\/\/x.com\/carlabrc"]},{"@type":"Person","@id":"https:\/\/www.carl-abrc.ca\/fr\/#\/schema\/person\/98e5fc089af8c90ef31f178793d7f5d1","name":"CARL ABRC","image":{"@type":"ImageObject","inLanguage":"fr-FR","@id":"https:\/\/secure.gravatar.com\/avatar\/c2c9b376bd4002fbd30a8b9425e697c0b60aeef1966421e6ee3f5d8137228c29?s=96&d=mm&r=g","url":"https:\/\/secure.gravatar.com\/avatar\/c2c9b376bd4002fbd30a8b9425e697c0b60aeef1966421e6ee3f5d8137228c29?s=96&d=mm&r=g","contentUrl":"https:\/\/secure.gravatar.com\/avatar\/c2c9b376bd4002fbd30a8b9425e697c0b60aeef1966421e6ee3f5d8137228c29?s=96&d=mm&r=g","caption":"CARL ABRC"},"url":"https:\/\/www.carl-abrc.ca\/fr\/author\/infocarl-abrc-ca\/"}]}},"_links":{"self":[{"href":"https:\/\/www.carl-abrc.ca\/fr\/wp-json\/wp\/v2\/posts\/13614","targetHints":{"allow":["GET"]}}],"collection":[{"href":"https:\/\/www.carl-abrc.ca\/fr\/wp-json\/wp\/v2\/posts"}],"about":[{"href":"https:\/\/www.carl-abrc.ca\/fr\/wp-json\/wp\/v2\/types\/post"}],"author":[{"embeddable":true,"href":"https:\/\/www.carl-abrc.ca\/fr\/wp-json\/wp\/v2\/users\/11"}],"replies":[{"embeddable":true,"href":"https:\/\/www.carl-abrc.ca\/fr\/wp-json\/wp\/v2\/comments?post=13614"}],"version-history":[{"count":0,"href":"https:\/\/www.carl-abrc.ca\/fr\/wp-json\/wp\/v2\/posts\/13614\/revisions"}],"wp:featuredmedia":[{"embeddable":true,"href":"https:\/\/www.carl-abrc.ca\/fr\/wp-json\/wp\/v2\/media\/36194"}],"wp:attachment":[{"href":"https:\/\/www.carl-abrc.ca\/fr\/wp-json\/wp\/v2\/media?parent=13614"}],"wp:term":[{"taxonomy":"category","embeddable":true,"href":"https:\/\/www.carl-abrc.ca\/fr\/wp-json\/wp\/v2\/categories?post=13614"},{"taxonomy":"post_tag","embeddable":true,"href":"https:\/\/www.carl-abrc.ca\/fr\/wp-json\/wp\/v2\/tags?post=13614"}],"curies":[{"name":"wp","href":"https:\/\/api.w.org\/{rel}","templated":true}]}}