{"id":26181,"date":"2020-09-15T16:00:58","date_gmt":"2020-09-15T20:00:58","guid":{"rendered":"https:\/\/www.carl-abrc.ca\/?p=26181"},"modified":"2020-09-15T16:00:58","modified_gmt":"2020-09-15T20:00:58","slug":"labrc-et-bac-proposent-de-former-un-reseau-national-des-collections-collectives-dimprimes","status":"publish","type":"post","link":"https:\/\/www.carl-abrc.ca\/fr\/nouvelles\/labrc-et-bac-proposent-de-former-un-reseau-national-des-collections-collectives-dimprimes\/","title":{"rendered":"L\u2019ABRC et BAC proposent dans un nouveau rapport de former un r\u00e9seau national des collections collectives d\u2019imprim\u00e9s pour le Canada"},"content":{"rendered":"<p><strong>Mardi 15 septembre 2020<\/strong>. \u2013 Le groupe de travail mixte form\u00e9 de l\u2019Association des biblioth\u00e8ques de recherche du Canada (ABRC) et Biblioth\u00e8ques et Archives Canada (BAC) a publi\u00e9 aujourd\u2019hui son rapport final, jetant les bases d\u2019un programme de collections collectives d\u2019imprim\u00e9s pour l\u2019ensemble des biblioth\u00e8ques du pays.<\/p>\n<p>Lanc\u00e9 en juillet 2018, le Groupe de travail sur la strat\u00e9gie canadienne de pr\u00e9servation des collections collectives d\u2019imprim\u00e9s (le \u00ab\u2009Groupe\u2009\u00bb) a r\u00e9uni 14 personnes repr\u00e9sentant les principales biblioth\u00e8ques universitaires, publiques et gouvernementales de m\u00eame que des consortiums r\u00e9gionaux g\u00e9rant d\u00e9j\u00e0 des programmes de collections collectives d\u2019imprim\u00e9s. Le Groupe a \u00e9tudi\u00e9 les initiatives en mati\u00e8re de collections collectives d\u2019imprim\u00e9s au Canada et aux \u00c9tats Unis ainsi que dans les installations d\u2019entreposage de biblioth\u00e8ques de partout au pays. Il a men\u00e9 une \u00e9tude pilote sur les chevauchements de publications du gouvernement f\u00e9d\u00e9ral d\u00e9tenues par 26 biblioth\u00e8ques. Le rapport final de cette \u00e9tude de chevauchement est inclus en annexe \u00e0 ce rapport. Le Groupe en a tir\u00e9 des enseignements utiles qui serviront \u00e0 d\u00e9finir les prochaines \u00e9tapes de l\u2019analyse des collections \u00e0 l\u2019\u00e9chelle nationale.<\/p>\n<p>On peut lire dans le rapport : \u00ab\u2009Une fois mise en \u0153uvre, la strat\u00e9gie nationale fournira aux biblioth\u00e8ques un moyen de regrouper les collections de publications imprim\u00e9es tout en assurant la conservation \u00e0 long terme du contenu et l\u2019acc\u00e8s pour les utilisateurs. La num\u00e9risation nous est apparue un facteur incontournable susceptible d\u2019avoir une incidence sur les exigences en mati\u00e8re de conservation des publications imprim\u00e9es et sur la prestation de l\u2019acc\u00e8s. La strat\u00e9gie englobe toutes les cat\u00e9gories d\u2019imprim\u00e9s (monographies, publications en s\u00e9rie, documents gouvernementaux), mais notre int\u00e9r\u00eat premier porte sur les documents canadiens.\u2009\u00bb<\/p>\n<p>Le rapport contient 13 recommandations portant sur la cr\u00e9ation d\u2019un r\u00e9seau national de collections collectives d\u2019imprim\u00e9s au Canada, notamment la nomination du conseil des biblioth\u00e8ques universitaires des Prairies et du Pacifique (COPPUL) au titre d\u2019administrateur du r\u00e9seau national. Lors de ses consultations aupr\u00e8s des biblioth\u00e8ques et des consortiums, le Groupe a pu d\u00e9celer un grand int\u00e9r\u00eat et beaucoup d\u2019enthousiasme \u00e0 l\u2019id\u00e9e de participer \u00e0 un tel r\u00e9seau et il pr\u00e9voit que le comit\u00e9 directeur sera en place au d\u00e9but de 2021.<\/p>\n<p>&gt; <a href=\"https:\/\/www.carl-abrc.ca\/wp-content\/uploads\/2020\/09\/GTSCPCCI_rapport_final_FR.pdf\">Rapport complet \u2013 fran\u00e7ais<\/a> (PDF)<br \/>\n&gt; <a href=\"https:\/\/www.carl-abrc.ca\/wp-content\/uploads\/2020\/09\/CCPSWG_final_report_EN.pdf\">Rapport complet \u2013 anglais<\/a>\u00a0(PDF)<\/p>\n<hr \/>\n<p>L\u2019ABRC est la voie des biblioth\u00e8ques de recherche canadiennes. Elle est compos\u00e9e des 29 plus grandes biblioth\u00e8ques universitaires et de deux \u00e9tablissements f\u00e9d\u00e9raux. L\u2019ABRC am\u00e9liore leur contribution \u00e0 la recherche et \u00e0 l\u2019enseignement sup\u00e9rieur\u2009; elle favorise l\u2019efficacit\u00e9 et la p\u00e9rennit\u00e9 de la cr\u00e9ation, de la diffusion et de la pr\u00e9servation de connaissances\u2009; elle d\u00e9fend la mise en \u0153uvre de politiques publiques garantissant un acc\u00e8s \u00e9largi \u00e0 l\u2019information savante. Les deux \u00e9tablissements f\u00e9d\u00e9raux membres de l\u2019ABRC contribuent aux activit\u00e9s de recherche du Canada et collaborent aux efforts coordonn\u00e9s de la communaut\u00e9 des biblioth\u00e8ques universitaires sans toutefois participer aux interventions de promotion de l\u2019ABRC aupr\u00e8s du gouvernement f\u00e9d\u00e9ral.<\/p>\n<p>Pour un compl\u00e9ment d\u2019information, veuillez communiquer avec :<\/p>\n<p>Susan Haigh<br \/>\nDirectrice g\u00e9n\u00e9rale, ABRC<br \/>\n<a href=\"mailto:susan.haigh@carl-abrc.ca\">susan.haigh@carl-abrc.ca<\/a><\/p>\n","protected":false},"excerpt":{"rendered":"<p>Mardi 15 septembre 2020. \u2013 Le groupe de travail mixte form\u00e9 de l\u2019Association des biblioth\u00e8ques de recherche du Canada (ABRC) et Biblioth\u00e8ques et Archives Canada (BAC) a publi\u00e9 aujourd\u2019hui son [&hellip;]<\/p>\n","protected":false},"author":11,"featured_media":0,"comment_status":"closed","ping_status":"open","sticky":false,"template":"","format":"standard","meta":{"_acf_changed":false,"_EventAllDay":false,"_EventTimezone":"","_EventStartDate":"","_EventEndDate":"","_EventStartDateUTC":"","_EventEndDateUTC":"","_EventShowMap":false,"_EventShowMapLink":false,"_EventURL":"","_EventCost":"","_EventCostDescription":"","_EventCurrencySymbol":"","_EventCurrencyCode":"","_EventCurrencyPosition":"","_EventDateTimeSeparator":"","_EventTimeRangeSeparator":"","_EventOrganizerID":[],"_EventVenueID":[],"_OrganizerEmail":"","_OrganizerPhone":"","_OrganizerWebsite":"","_VenueAddress":"","_VenueCity":"","_VenueCountry":"","_VenueProvince":"","_VenueState":"","_VenueZip":"","_VenuePhone":"","_VenueURL":"","_VenueStateProvince":"","_VenueLat":"","_VenueLng":"","_VenueShowMap":false,"_VenueShowMapLink":false,"footnotes":""},"categories":[2],"tags":[],"class_list":["post-26181","post","type-post","status-publish","format-standard","hentry","category-nouvelles"],"acf":[],"yoast_head":"<!-- This site is optimized with the Yoast SEO plugin v27.5 - https:\/\/yoast.com\/product\/yoast-seo-wordpress\/ -->\n<title>L\u2019ABRC et BAC proposent dans un nouveau rapport de former un r\u00e9seau national des collections collectives d\u2019imprim\u00e9s pour le Canada - Association des biblioth\u00e8ques de recherche du Canada<\/title>\n<meta name=\"robots\" content=\"index, follow, max-snippet:-1, max-image-preview:large, max-video-preview:-1\" \/>\n<link rel=\"canonical\" href=\"https:\/\/www.carl-abrc.ca\/fr\/nouvelles\/labrc-et-bac-proposent-de-former-un-reseau-national-des-collections-collectives-dimprimes\/\" \/>\n<meta property=\"og:locale\" content=\"fr_FR\" \/>\n<meta property=\"og:type\" content=\"article\" \/>\n<meta property=\"og:title\" content=\"L\u2019ABRC et BAC proposent dans un nouveau rapport de former un r\u00e9seau national des collections collectives d\u2019imprim\u00e9s pour le Canada - Association des biblioth\u00e8ques de recherche du Canada\" \/>\n<meta property=\"og:description\" content=\"Mardi 15 septembre 2020. \u2013 Le groupe de travail mixte form\u00e9 de l\u2019Association des biblioth\u00e8ques de recherche du Canada (ABRC) et Biblioth\u00e8ques et Archives Canada (BAC) a publi\u00e9 aujourd\u2019hui son [&hellip;]\" \/>\n<meta property=\"og:url\" content=\"https:\/\/www.carl-abrc.ca\/fr\/nouvelles\/labrc-et-bac-proposent-de-former-un-reseau-national-des-collections-collectives-dimprimes\/\" \/>\n<meta property=\"og:site_name\" content=\"Association des biblioth\u00e8ques de recherche du Canada\" \/>\n<meta property=\"article:published_time\" content=\"2020-09-15T20:00:58+00:00\" \/>\n<meta name=\"author\" content=\"CARL ABRC\" \/>\n<meta name=\"twitter:label1\" content=\"\u00c9crit par\" \/>\n\t<meta name=\"twitter:data1\" content=\"CARL ABRC\" \/>\n\t<meta name=\"twitter:label2\" content=\"Dur\u00e9e de lecture estim\u00e9e\" \/>\n\t<meta name=\"twitter:data2\" content=\"3 minutes\" \/>\n<script type=\"application\/ld+json\" class=\"yoast-schema-graph\">{\"@context\":\"https:\\\/\\\/schema.org\",\"@graph\":[{\"@type\":\"Article\",\"@id\":\"https:\\\/\\\/www.carl-abrc.ca\\\/fr\\\/nouvelles\\\/labrc-et-bac-proposent-de-former-un-reseau-national-des-collections-collectives-dimprimes\\\/#article\",\"isPartOf\":{\"@id\":\"https:\\\/\\\/www.carl-abrc.ca\\\/fr\\\/nouvelles\\\/labrc-et-bac-proposent-de-former-un-reseau-national-des-collections-collectives-dimprimes\\\/\"},\"author\":{\"name\":\"CARL ABRC\",\"@id\":\"https:\\\/\\\/www.carl-abrc.ca\\\/fr\\\/#\\\/schema\\\/person\\\/98e5fc089af8c90ef31f178793d7f5d1\"},\"headline\":\"L\u2019ABRC et BAC proposent dans un nouveau rapport de former un r\u00e9seau national des collections collectives d\u2019imprim\u00e9s pour le Canada\",\"datePublished\":\"2020-09-15T20:00:58+00:00\",\"mainEntityOfPage\":{\"@id\":\"https:\\\/\\\/www.carl-abrc.ca\\\/fr\\\/nouvelles\\\/labrc-et-bac-proposent-de-former-un-reseau-national-des-collections-collectives-dimprimes\\\/\"},\"wordCount\":591,\"publisher\":{\"@id\":\"https:\\\/\\\/www.carl-abrc.ca\\\/fr\\\/#organization\"},\"articleSection\":[\"Nouvelles\"],\"inLanguage\":\"fr-FR\"},{\"@type\":\"WebPage\",\"@id\":\"https:\\\/\\\/www.carl-abrc.ca\\\/fr\\\/nouvelles\\\/labrc-et-bac-proposent-de-former-un-reseau-national-des-collections-collectives-dimprimes\\\/\",\"url\":\"https:\\\/\\\/www.carl-abrc.ca\\\/fr\\\/nouvelles\\\/labrc-et-bac-proposent-de-former-un-reseau-national-des-collections-collectives-dimprimes\\\/\",\"name\":\"L\u2019ABRC et BAC proposent dans un nouveau rapport de former un r\u00e9seau national des collections collectives d\u2019imprim\u00e9s pour le Canada - Association des biblioth\u00e8ques de recherche du Canada\",\"isPartOf\":{\"@id\":\"https:\\\/\\\/www.carl-abrc.ca\\\/fr\\\/#website\"},\"datePublished\":\"2020-09-15T20:00:58+00:00\",\"breadcrumb\":{\"@id\":\"https:\\\/\\\/www.carl-abrc.ca\\\/fr\\\/nouvelles\\\/labrc-et-bac-proposent-de-former-un-reseau-national-des-collections-collectives-dimprimes\\\/#breadcrumb\"},\"inLanguage\":\"fr-FR\",\"potentialAction\":[{\"@type\":\"ReadAction\",\"target\":[\"https:\\\/\\\/www.carl-abrc.ca\\\/fr\\\/nouvelles\\\/labrc-et-bac-proposent-de-former-un-reseau-national-des-collections-collectives-dimprimes\\\/\"]}]},{\"@type\":\"BreadcrumbList\",\"@id\":\"https:\\\/\\\/www.carl-abrc.ca\\\/fr\\\/nouvelles\\\/labrc-et-bac-proposent-de-former-un-reseau-national-des-collections-collectives-dimprimes\\\/#breadcrumb\",\"itemListElement\":[{\"@type\":\"ListItem\",\"position\":1,\"name\":\"Accueil\",\"item\":\"https:\\\/\\\/www.carl-abrc.ca\\\/fr\\\/home-3\\\/\"},{\"@type\":\"ListItem\",\"position\":2,\"name\":\"L\u2019ABRC et BAC proposent dans un nouveau rapport de former un r\u00e9seau national des collections collectives d\u2019imprim\u00e9s pour le Canada\"}]},{\"@type\":\"WebSite\",\"@id\":\"https:\\\/\\\/www.carl-abrc.ca\\\/fr\\\/#website\",\"url\":\"https:\\\/\\\/www.carl-abrc.ca\\\/fr\\\/\",\"name\":\"Association des biblioth\u00e8ques de recherche du Canada\",\"description\":\"ABRC\",\"publisher\":{\"@id\":\"https:\\\/\\\/www.carl-abrc.ca\\\/fr\\\/#organization\"},\"potentialAction\":[{\"@type\":\"SearchAction\",\"target\":{\"@type\":\"EntryPoint\",\"urlTemplate\":\"https:\\\/\\\/www.carl-abrc.ca\\\/fr\\\/?s={search_term_string}\"},\"query-input\":{\"@type\":\"PropertyValueSpecification\",\"valueRequired\":true,\"valueName\":\"search_term_string\"}}],\"inLanguage\":\"fr-FR\"},{\"@type\":\"Organization\",\"@id\":\"https:\\\/\\\/www.carl-abrc.ca\\\/fr\\\/#organization\",\"name\":\"Association des biblioth\u00e8ques de recherche du Canada\",\"url\":\"https:\\\/\\\/www.carl-abrc.ca\\\/fr\\\/\",\"logo\":{\"@type\":\"ImageObject\",\"inLanguage\":\"fr-FR\",\"@id\":\"https:\\\/\\\/www.carl-abrc.ca\\\/fr\\\/#\\\/schema\\\/logo\\\/image\\\/\",\"url\":\"https:\\\/\\\/www.carl-abrc.ca\\\/wp-content\\\/uploads\\\/2024\\\/07\\\/cropped-Stacked_Colour_L.png\",\"contentUrl\":\"https:\\\/\\\/www.carl-abrc.ca\\\/wp-content\\\/uploads\\\/2024\\\/07\\\/cropped-Stacked_Colour_L.png\",\"width\":641,\"height\":250,\"caption\":\"Association des biblioth\u00e8ques de recherche du Canada\"},\"image\":{\"@id\":\"https:\\\/\\\/www.carl-abrc.ca\\\/fr\\\/#\\\/schema\\\/logo\\\/image\\\/\"},\"sameAs\":[\"https:\\\/\\\/x.com\\\/carlabrc\"]},{\"@type\":\"Person\",\"@id\":\"https:\\\/\\\/www.carl-abrc.ca\\\/fr\\\/#\\\/schema\\\/person\\\/98e5fc089af8c90ef31f178793d7f5d1\",\"name\":\"CARL ABRC\",\"image\":{\"@type\":\"ImageObject\",\"inLanguage\":\"fr-FR\",\"@id\":\"https:\\\/\\\/secure.gravatar.com\\\/avatar\\\/c2c9b376bd4002fbd30a8b9425e697c0b60aeef1966421e6ee3f5d8137228c29?s=96&d=mm&r=g\",\"url\":\"https:\\\/\\\/secure.gravatar.com\\\/avatar\\\/c2c9b376bd4002fbd30a8b9425e697c0b60aeef1966421e6ee3f5d8137228c29?s=96&d=mm&r=g\",\"contentUrl\":\"https:\\\/\\\/secure.gravatar.com\\\/avatar\\\/c2c9b376bd4002fbd30a8b9425e697c0b60aeef1966421e6ee3f5d8137228c29?s=96&d=mm&r=g\",\"caption\":\"CARL ABRC\"},\"url\":\"https:\\\/\\\/www.carl-abrc.ca\\\/fr\\\/author\\\/infocarl-abrc-ca\\\/\"}]}<\/script>\n<!-- \/ Yoast SEO plugin. -->","yoast_head_json":{"title":"L\u2019ABRC et BAC proposent dans un nouveau rapport de former un r\u00e9seau national des collections collectives d\u2019imprim\u00e9s pour le Canada - Association des biblioth\u00e8ques de recherche du Canada","robots":{"index":"index","follow":"follow","max-snippet":"max-snippet:-1","max-image-preview":"max-image-preview:large","max-video-preview":"max-video-preview:-1"},"canonical":"https:\/\/www.carl-abrc.ca\/fr\/nouvelles\/labrc-et-bac-proposent-de-former-un-reseau-national-des-collections-collectives-dimprimes\/","og_locale":"fr_FR","og_type":"article","og_title":"L\u2019ABRC et BAC proposent dans un nouveau rapport de former un r\u00e9seau national des collections collectives d\u2019imprim\u00e9s pour le Canada - Association des biblioth\u00e8ques de recherche du Canada","og_description":"Mardi 15 septembre 2020. \u2013 Le groupe de travail mixte form\u00e9 de l\u2019Association des biblioth\u00e8ques de recherche du Canada (ABRC) et Biblioth\u00e8ques et Archives Canada (BAC) a publi\u00e9 aujourd\u2019hui son [&hellip;]","og_url":"https:\/\/www.carl-abrc.ca\/fr\/nouvelles\/labrc-et-bac-proposent-de-former-un-reseau-national-des-collections-collectives-dimprimes\/","og_site_name":"Association des biblioth\u00e8ques de recherche du Canada","article_published_time":"2020-09-15T20:00:58+00:00","author":"CARL ABRC","twitter_misc":{"\u00c9crit par":"CARL ABRC","Dur\u00e9e de lecture estim\u00e9e":"3 minutes"},"schema":{"@context":"https:\/\/schema.org","@graph":[{"@type":"Article","@id":"https:\/\/www.carl-abrc.ca\/fr\/nouvelles\/labrc-et-bac-proposent-de-former-un-reseau-national-des-collections-collectives-dimprimes\/#article","isPartOf":{"@id":"https:\/\/www.carl-abrc.ca\/fr\/nouvelles\/labrc-et-bac-proposent-de-former-un-reseau-national-des-collections-collectives-dimprimes\/"},"author":{"name":"CARL ABRC","@id":"https:\/\/www.carl-abrc.ca\/fr\/#\/schema\/person\/98e5fc089af8c90ef31f178793d7f5d1"},"headline":"L\u2019ABRC et BAC proposent dans un nouveau rapport de former un r\u00e9seau national des collections collectives d\u2019imprim\u00e9s pour le Canada","datePublished":"2020-09-15T20:00:58+00:00","mainEntityOfPage":{"@id":"https:\/\/www.carl-abrc.ca\/fr\/nouvelles\/labrc-et-bac-proposent-de-former-un-reseau-national-des-collections-collectives-dimprimes\/"},"wordCount":591,"publisher":{"@id":"https:\/\/www.carl-abrc.ca\/fr\/#organization"},"articleSection":["Nouvelles"],"inLanguage":"fr-FR"},{"@type":"WebPage","@id":"https:\/\/www.carl-abrc.ca\/fr\/nouvelles\/labrc-et-bac-proposent-de-former-un-reseau-national-des-collections-collectives-dimprimes\/","url":"https:\/\/www.carl-abrc.ca\/fr\/nouvelles\/labrc-et-bac-proposent-de-former-un-reseau-national-des-collections-collectives-dimprimes\/","name":"L\u2019ABRC et BAC proposent dans un nouveau rapport de former un r\u00e9seau national des collections collectives d\u2019imprim\u00e9s pour le Canada - Association des biblioth\u00e8ques de recherche du Canada","isPartOf":{"@id":"https:\/\/www.carl-abrc.ca\/fr\/#website"},"datePublished":"2020-09-15T20:00:58+00:00","breadcrumb":{"@id":"https:\/\/www.carl-abrc.ca\/fr\/nouvelles\/labrc-et-bac-proposent-de-former-un-reseau-national-des-collections-collectives-dimprimes\/#breadcrumb"},"inLanguage":"fr-FR","potentialAction":[{"@type":"ReadAction","target":["https:\/\/www.carl-abrc.ca\/fr\/nouvelles\/labrc-et-bac-proposent-de-former-un-reseau-national-des-collections-collectives-dimprimes\/"]}]},{"@type":"BreadcrumbList","@id":"https:\/\/www.carl-abrc.ca\/fr\/nouvelles\/labrc-et-bac-proposent-de-former-un-reseau-national-des-collections-collectives-dimprimes\/#breadcrumb","itemListElement":[{"@type":"ListItem","position":1,"name":"Accueil","item":"https:\/\/www.carl-abrc.ca\/fr\/home-3\/"},{"@type":"ListItem","position":2,"name":"L\u2019ABRC et BAC proposent dans un nouveau rapport de former un r\u00e9seau national des collections collectives d\u2019imprim\u00e9s pour le Canada"}]},{"@type":"WebSite","@id":"https:\/\/www.carl-abrc.ca\/fr\/#website","url":"https:\/\/www.carl-abrc.ca\/fr\/","name":"Association des biblioth\u00e8ques de recherche du Canada","description":"ABRC","publisher":{"@id":"https:\/\/www.carl-abrc.ca\/fr\/#organization"},"potentialAction":[{"@type":"SearchAction","target":{"@type":"EntryPoint","urlTemplate":"https:\/\/www.carl-abrc.ca\/fr\/?s={search_term_string}"},"query-input":{"@type":"PropertyValueSpecification","valueRequired":true,"valueName":"search_term_string"}}],"inLanguage":"fr-FR"},{"@type":"Organization","@id":"https:\/\/www.carl-abrc.ca\/fr\/#organization","name":"Association des biblioth\u00e8ques de recherche du Canada","url":"https:\/\/www.carl-abrc.ca\/fr\/","logo":{"@type":"ImageObject","inLanguage":"fr-FR","@id":"https:\/\/www.carl-abrc.ca\/fr\/#\/schema\/logo\/image\/","url":"https:\/\/www.carl-abrc.ca\/wp-content\/uploads\/2024\/07\/cropped-Stacked_Colour_L.png","contentUrl":"https:\/\/www.carl-abrc.ca\/wp-content\/uploads\/2024\/07\/cropped-Stacked_Colour_L.png","width":641,"height":250,"caption":"Association des biblioth\u00e8ques de recherche du Canada"},"image":{"@id":"https:\/\/www.carl-abrc.ca\/fr\/#\/schema\/logo\/image\/"},"sameAs":["https:\/\/x.com\/carlabrc"]},{"@type":"Person","@id":"https:\/\/www.carl-abrc.ca\/fr\/#\/schema\/person\/98e5fc089af8c90ef31f178793d7f5d1","name":"CARL ABRC","image":{"@type":"ImageObject","inLanguage":"fr-FR","@id":"https:\/\/secure.gravatar.com\/avatar\/c2c9b376bd4002fbd30a8b9425e697c0b60aeef1966421e6ee3f5d8137228c29?s=96&d=mm&r=g","url":"https:\/\/secure.gravatar.com\/avatar\/c2c9b376bd4002fbd30a8b9425e697c0b60aeef1966421e6ee3f5d8137228c29?s=96&d=mm&r=g","contentUrl":"https:\/\/secure.gravatar.com\/avatar\/c2c9b376bd4002fbd30a8b9425e697c0b60aeef1966421e6ee3f5d8137228c29?s=96&d=mm&r=g","caption":"CARL ABRC"},"url":"https:\/\/www.carl-abrc.ca\/fr\/author\/infocarl-abrc-ca\/"}]}},"_links":{"self":[{"href":"https:\/\/www.carl-abrc.ca\/fr\/wp-json\/wp\/v2\/posts\/26181","targetHints":{"allow":["GET"]}}],"collection":[{"href":"https:\/\/www.carl-abrc.ca\/fr\/wp-json\/wp\/v2\/posts"}],"about":[{"href":"https:\/\/www.carl-abrc.ca\/fr\/wp-json\/wp\/v2\/types\/post"}],"author":[{"embeddable":true,"href":"https:\/\/www.carl-abrc.ca\/fr\/wp-json\/wp\/v2\/users\/11"}],"replies":[{"embeddable":true,"href":"https:\/\/www.carl-abrc.ca\/fr\/wp-json\/wp\/v2\/comments?post=26181"}],"version-history":[{"count":0,"href":"https:\/\/www.carl-abrc.ca\/fr\/wp-json\/wp\/v2\/posts\/26181\/revisions"}],"wp:attachment":[{"href":"https:\/\/www.carl-abrc.ca\/fr\/wp-json\/wp\/v2\/media?parent=26181"}],"wp:term":[{"taxonomy":"category","embeddable":true,"href":"https:\/\/www.carl-abrc.ca\/fr\/wp-json\/wp\/v2\/categories?post=26181"},{"taxonomy":"post_tag","embeddable":true,"href":"https:\/\/www.carl-abrc.ca\/fr\/wp-json\/wp\/v2\/tags?post=26181"}],"curies":[{"name":"wp","href":"https:\/\/api.w.org\/{rel}","templated":true}]}}