{"id":26954,"date":"2020-12-09T15:29:08","date_gmt":"2020-12-09T20:29:08","guid":{"rendered":"https:\/\/www.carl-abrc.ca\/?p=26954"},"modified":"2020-12-10T10:49:37","modified_gmt":"2020-12-10T15:49:37","slug":"labrc-publie-une-ressource-sur-les-strategies-et-pratiques-pour-lembauche-et-la-retention-de-talents-diversifies","status":"publish","type":"post","link":"https:\/\/www.carl-abrc.ca\/fr\/nouvelles\/labrc-publie-une-ressource-sur-les-strategies-et-pratiques-pour-lembauche-et-la-retention-de-talents-diversifies\/","title":{"rendered":"L&rsquo;ABRC publie une ressource sur les strat\u00e9gies et pratiques pour l&#8217;embauche et la r\u00e9tention de talents diversifi\u00e9s"},"content":{"rendered":"<p><strong>9 d\u00e9cembre 2020<\/strong> \u2013 L&rsquo;Association des biblioth\u00e8ques de recherche du Canada (ABRC) est heureuse d&rsquo;annoncer la publication de <span style=\"text-decoration: underline;\"><a href=\"https:\/\/www.carl-abrc.ca\/wp-content\/uploads\/2020\/12\/ABRC-Strategies-et-pratiques-pour-lembauche-et-la-retention-de-talents-diversifies-1.pdf\">Strat\u00e9gies et pratiques pour l&#8217;embauche et la r\u00e9tention de talents diversifi\u00e9s<\/a><\/span>.<\/p>\n<p>Ce document est destin\u00e9 aux directions de biblioth\u00e8ques de recherche du Canada et aux gestionnaires de biblioth\u00e8ques universitaires qui cherchent \u00e0 favoriser l\u2019\u00e9quit\u00e9, la diversit\u00e9 et l\u2019inclusion (EDI) au sein de leurs organisations. Il contient un ensemble de strat\u00e9gies g\u00e9n\u00e9rales de recrutement et de r\u00e9tention, chacune accompagn\u00e9e de pratiques sugg\u00e9r\u00e9es propos\u00e9es sous forme de puces et de sous-puces. Ces strat\u00e9gies et pratiques doivent s\u2019inscrire dans le contexte des priorit\u00e9s institutionnelles et des conventions collectives en vigueur et peuvent \u00eatre mises en oeuvre individuellement ou collectivement.<\/p>\n<p>Cette ressource a \u00e9t\u00e9 cr\u00e9\u00e9 par le sous-groupe sur la r\u00e9tention et le recrutement du <span style=\"text-decoration: underline;\"><a href=\"https:\/\/www.carl-abrc.ca\/fr\/groupe-de-travail-sur-lequite-la-diversite-et-linclusion-de-labrc\/\">Groupe de travail sur l&rsquo;\u00e9quit\u00e9, la diversit\u00e9 et l&rsquo;inclusion de l&rsquo;ABRC<\/a><\/span>.<\/p>\n","protected":false},"excerpt":{"rendered":"<p>9 d\u00e9cembre 2020 \u2013 L&rsquo;Association des biblioth\u00e8ques de recherche du Canada (ABRC) est heureuse d&rsquo;annoncer la publication de Strat\u00e9gies et pratiques pour l&#8217;embauche et la r\u00e9tention de talents diversifi\u00e9s. Ce [&hellip;]<\/p>\n","protected":false},"author":63,"featured_media":0,"comment_status":"closed","ping_status":"open","sticky":false,"template":"","format":"standard","meta":{"_acf_changed":false,"_EventAllDay":false,"_EventTimezone":"","_EventStartDate":"","_EventEndDate":"","_EventStartDateUTC":"","_EventEndDateUTC":"","_EventShowMap":false,"_EventShowMapLink":false,"_EventURL":"","_EventCost":"","_EventCostDescription":"","_EventCurrencySymbol":"","_EventCurrencyCode":"","_EventCurrencyPosition":"","_EventDateTimeSeparator":"","_EventTimeRangeSeparator":"","_EventOrganizerID":[],"_EventVenueID":[],"_OrganizerEmail":"","_OrganizerPhone":"","_OrganizerWebsite":"","_VenueAddress":"","_VenueCity":"","_VenueCountry":"","_VenueProvince":"","_VenueState":"","_VenueZip":"","_VenuePhone":"","_VenueURL":"","_VenueStateProvince":"","_VenueLat":"","_VenueLng":"","_VenueShowMap":false,"_VenueShowMapLink":false,"footnotes":""},"categories":[2],"tags":[],"class_list":["post-26954","post","type-post","status-publish","format-standard","hentry","category-nouvelles"],"acf":[],"yoast_head":"<!-- This site is optimized with the Yoast SEO plugin v27.4 - https:\/\/yoast.com\/product\/yoast-seo-wordpress\/ -->\n<title>L&#039;ABRC publie une ressource sur les strat\u00e9gies et pratiques pour l&#039;embauche et la r\u00e9tention de talents diversifi\u00e9s - Association des biblioth\u00e8ques de recherche du Canada<\/title>\n<meta name=\"robots\" content=\"index, follow, max-snippet:-1, max-image-preview:large, max-video-preview:-1\" \/>\n<link rel=\"canonical\" href=\"https:\/\/www.carl-abrc.ca\/fr\/nouvelles\/labrc-publie-une-ressource-sur-les-strategies-et-pratiques-pour-lembauche-et-la-retention-de-talents-diversifies\/\" \/>\n<meta property=\"og:locale\" content=\"fr_FR\" \/>\n<meta property=\"og:type\" content=\"article\" \/>\n<meta property=\"og:title\" content=\"L&#039;ABRC publie une ressource sur les strat\u00e9gies et pratiques pour l&#039;embauche et la r\u00e9tention de talents diversifi\u00e9s - Association des biblioth\u00e8ques de recherche du Canada\" \/>\n<meta property=\"og:description\" content=\"9 d\u00e9cembre 2020 \u2013 L&rsquo;Association des biblioth\u00e8ques de recherche du Canada (ABRC) est heureuse d&rsquo;annoncer la publication de Strat\u00e9gies et pratiques pour l&#8217;embauche et la r\u00e9tention de talents diversifi\u00e9s. Ce [&hellip;]\" \/>\n<meta property=\"og:url\" content=\"https:\/\/www.carl-abrc.ca\/fr\/nouvelles\/labrc-publie-une-ressource-sur-les-strategies-et-pratiques-pour-lembauche-et-la-retention-de-talents-diversifies\/\" \/>\n<meta property=\"og:site_name\" content=\"Association des biblioth\u00e8ques de recherche du Canada\" \/>\n<meta property=\"article:published_time\" content=\"2020-12-09T20:29:08+00:00\" \/>\n<meta property=\"article:modified_time\" content=\"2020-12-10T15:49:37+00:00\" \/>\n<meta name=\"author\" content=\"Julie Morin\" \/>\n<meta name=\"twitter:label1\" content=\"\u00c9crit par\" \/>\n\t<meta name=\"twitter:data1\" content=\"Julie Morin\" \/>\n\t<meta name=\"twitter:label2\" content=\"Dur\u00e9e de lecture estim\u00e9e\" \/>\n\t<meta name=\"twitter:data2\" content=\"1 minute\" \/>\n<script type=\"application\/ld+json\" class=\"yoast-schema-graph\">{\"@context\":\"https:\\\/\\\/schema.org\",\"@graph\":[{\"@type\":\"Article\",\"@id\":\"https:\\\/\\\/www.carl-abrc.ca\\\/fr\\\/nouvelles\\\/labrc-publie-une-ressource-sur-les-strategies-et-pratiques-pour-lembauche-et-la-retention-de-talents-diversifies\\\/#article\",\"isPartOf\":{\"@id\":\"https:\\\/\\\/www.carl-abrc.ca\\\/fr\\\/nouvelles\\\/labrc-publie-une-ressource-sur-les-strategies-et-pratiques-pour-lembauche-et-la-retention-de-talents-diversifies\\\/\"},\"author\":{\"name\":\"Julie Morin\",\"@id\":\"https:\\\/\\\/www.carl-abrc.ca\\\/fr\\\/#\\\/schema\\\/person\\\/d9b6bfb73c89f6e9eafbd338013764ed\"},\"headline\":\"L&rsquo;ABRC publie une ressource sur les strat\u00e9gies et pratiques pour l&#8217;embauche et la r\u00e9tention de talents diversifi\u00e9s\",\"datePublished\":\"2020-12-09T20:29:08+00:00\",\"dateModified\":\"2020-12-10T15:49:37+00:00\",\"mainEntityOfPage\":{\"@id\":\"https:\\\/\\\/www.carl-abrc.ca\\\/fr\\\/nouvelles\\\/labrc-publie-une-ressource-sur-les-strategies-et-pratiques-pour-lembauche-et-la-retention-de-talents-diversifies\\\/\"},\"wordCount\":185,\"publisher\":{\"@id\":\"https:\\\/\\\/www.carl-abrc.ca\\\/fr\\\/#organization\"},\"articleSection\":[\"Nouvelles\"],\"inLanguage\":\"fr-FR\"},{\"@type\":\"WebPage\",\"@id\":\"https:\\\/\\\/www.carl-abrc.ca\\\/fr\\\/nouvelles\\\/labrc-publie-une-ressource-sur-les-strategies-et-pratiques-pour-lembauche-et-la-retention-de-talents-diversifies\\\/\",\"url\":\"https:\\\/\\\/www.carl-abrc.ca\\\/fr\\\/nouvelles\\\/labrc-publie-une-ressource-sur-les-strategies-et-pratiques-pour-lembauche-et-la-retention-de-talents-diversifies\\\/\",\"name\":\"L'ABRC publie une ressource sur les strat\u00e9gies et pratiques pour l'embauche et la r\u00e9tention de talents diversifi\u00e9s - Association des biblioth\u00e8ques de recherche du Canada\",\"isPartOf\":{\"@id\":\"https:\\\/\\\/www.carl-abrc.ca\\\/fr\\\/#website\"},\"datePublished\":\"2020-12-09T20:29:08+00:00\",\"dateModified\":\"2020-12-10T15:49:37+00:00\",\"breadcrumb\":{\"@id\":\"https:\\\/\\\/www.carl-abrc.ca\\\/fr\\\/nouvelles\\\/labrc-publie-une-ressource-sur-les-strategies-et-pratiques-pour-lembauche-et-la-retention-de-talents-diversifies\\\/#breadcrumb\"},\"inLanguage\":\"fr-FR\",\"potentialAction\":[{\"@type\":\"ReadAction\",\"target\":[\"https:\\\/\\\/www.carl-abrc.ca\\\/fr\\\/nouvelles\\\/labrc-publie-une-ressource-sur-les-strategies-et-pratiques-pour-lembauche-et-la-retention-de-talents-diversifies\\\/\"]}]},{\"@type\":\"BreadcrumbList\",\"@id\":\"https:\\\/\\\/www.carl-abrc.ca\\\/fr\\\/nouvelles\\\/labrc-publie-une-ressource-sur-les-strategies-et-pratiques-pour-lembauche-et-la-retention-de-talents-diversifies\\\/#breadcrumb\",\"itemListElement\":[{\"@type\":\"ListItem\",\"position\":1,\"name\":\"Accueil\",\"item\":\"https:\\\/\\\/www.carl-abrc.ca\\\/fr\\\/home-3\\\/\"},{\"@type\":\"ListItem\",\"position\":2,\"name\":\"L&rsquo;ABRC publie une ressource sur les strat\u00e9gies et pratiques pour l&#8217;embauche et la r\u00e9tention de talents diversifi\u00e9s\"}]},{\"@type\":\"WebSite\",\"@id\":\"https:\\\/\\\/www.carl-abrc.ca\\\/fr\\\/#website\",\"url\":\"https:\\\/\\\/www.carl-abrc.ca\\\/fr\\\/\",\"name\":\"Association des biblioth\u00e8ques de recherche du Canada\",\"description\":\"ABRC\",\"publisher\":{\"@id\":\"https:\\\/\\\/www.carl-abrc.ca\\\/fr\\\/#organization\"},\"potentialAction\":[{\"@type\":\"SearchAction\",\"target\":{\"@type\":\"EntryPoint\",\"urlTemplate\":\"https:\\\/\\\/www.carl-abrc.ca\\\/fr\\\/?s={search_term_string}\"},\"query-input\":{\"@type\":\"PropertyValueSpecification\",\"valueRequired\":true,\"valueName\":\"search_term_string\"}}],\"inLanguage\":\"fr-FR\"},{\"@type\":\"Organization\",\"@id\":\"https:\\\/\\\/www.carl-abrc.ca\\\/fr\\\/#organization\",\"name\":\"Association des biblioth\u00e8ques de recherche du Canada\",\"url\":\"https:\\\/\\\/www.carl-abrc.ca\\\/fr\\\/\",\"logo\":{\"@type\":\"ImageObject\",\"inLanguage\":\"fr-FR\",\"@id\":\"https:\\\/\\\/www.carl-abrc.ca\\\/fr\\\/#\\\/schema\\\/logo\\\/image\\\/\",\"url\":\"https:\\\/\\\/www.carl-abrc.ca\\\/wp-content\\\/uploads\\\/2024\\\/07\\\/cropped-Stacked_Colour_L.png\",\"contentUrl\":\"https:\\\/\\\/www.carl-abrc.ca\\\/wp-content\\\/uploads\\\/2024\\\/07\\\/cropped-Stacked_Colour_L.png\",\"width\":641,\"height\":250,\"caption\":\"Association des biblioth\u00e8ques de recherche du Canada\"},\"image\":{\"@id\":\"https:\\\/\\\/www.carl-abrc.ca\\\/fr\\\/#\\\/schema\\\/logo\\\/image\\\/\"},\"sameAs\":[\"https:\\\/\\\/x.com\\\/carlabrc\"]},{\"@type\":\"Person\",\"@id\":\"https:\\\/\\\/www.carl-abrc.ca\\\/fr\\\/#\\\/schema\\\/person\\\/d9b6bfb73c89f6e9eafbd338013764ed\",\"name\":\"Julie Morin\",\"image\":{\"@type\":\"ImageObject\",\"inLanguage\":\"fr-FR\",\"@id\":\"https:\\\/\\\/secure.gravatar.com\\\/avatar\\\/8f563df894a5ea8e4663aea014d75f7ff272a49a318995c22006e48ba2fca63e?s=96&d=mm&r=g\",\"url\":\"https:\\\/\\\/secure.gravatar.com\\\/avatar\\\/8f563df894a5ea8e4663aea014d75f7ff272a49a318995c22006e48ba2fca63e?s=96&d=mm&r=g\",\"contentUrl\":\"https:\\\/\\\/secure.gravatar.com\\\/avatar\\\/8f563df894a5ea8e4663aea014d75f7ff272a49a318995c22006e48ba2fca63e?s=96&d=mm&r=g\",\"caption\":\"Julie Morin\"},\"url\":\"https:\\\/\\\/www.carl-abrc.ca\\\/fr\\\/author\\\/julie\\\/\"}]}<\/script>\n<!-- \/ Yoast SEO plugin. -->","yoast_head_json":{"title":"L'ABRC publie une ressource sur les strat\u00e9gies et pratiques pour l'embauche et la r\u00e9tention de talents diversifi\u00e9s - Association des biblioth\u00e8ques de recherche du Canada","robots":{"index":"index","follow":"follow","max-snippet":"max-snippet:-1","max-image-preview":"max-image-preview:large","max-video-preview":"max-video-preview:-1"},"canonical":"https:\/\/www.carl-abrc.ca\/fr\/nouvelles\/labrc-publie-une-ressource-sur-les-strategies-et-pratiques-pour-lembauche-et-la-retention-de-talents-diversifies\/","og_locale":"fr_FR","og_type":"article","og_title":"L'ABRC publie une ressource sur les strat\u00e9gies et pratiques pour l'embauche et la r\u00e9tention de talents diversifi\u00e9s - Association des biblioth\u00e8ques de recherche du Canada","og_description":"9 d\u00e9cembre 2020 \u2013 L&rsquo;Association des biblioth\u00e8ques de recherche du Canada (ABRC) est heureuse d&rsquo;annoncer la publication de Strat\u00e9gies et pratiques pour l&#8217;embauche et la r\u00e9tention de talents diversifi\u00e9s. Ce [&hellip;]","og_url":"https:\/\/www.carl-abrc.ca\/fr\/nouvelles\/labrc-publie-une-ressource-sur-les-strategies-et-pratiques-pour-lembauche-et-la-retention-de-talents-diversifies\/","og_site_name":"Association des biblioth\u00e8ques de recherche du Canada","article_published_time":"2020-12-09T20:29:08+00:00","article_modified_time":"2020-12-10T15:49:37+00:00","author":"Julie Morin","twitter_misc":{"\u00c9crit par":"Julie Morin","Dur\u00e9e de lecture estim\u00e9e":"1 minute"},"schema":{"@context":"https:\/\/schema.org","@graph":[{"@type":"Article","@id":"https:\/\/www.carl-abrc.ca\/fr\/nouvelles\/labrc-publie-une-ressource-sur-les-strategies-et-pratiques-pour-lembauche-et-la-retention-de-talents-diversifies\/#article","isPartOf":{"@id":"https:\/\/www.carl-abrc.ca\/fr\/nouvelles\/labrc-publie-une-ressource-sur-les-strategies-et-pratiques-pour-lembauche-et-la-retention-de-talents-diversifies\/"},"author":{"name":"Julie Morin","@id":"https:\/\/www.carl-abrc.ca\/fr\/#\/schema\/person\/d9b6bfb73c89f6e9eafbd338013764ed"},"headline":"L&rsquo;ABRC publie une ressource sur les strat\u00e9gies et pratiques pour l&#8217;embauche et la r\u00e9tention de talents diversifi\u00e9s","datePublished":"2020-12-09T20:29:08+00:00","dateModified":"2020-12-10T15:49:37+00:00","mainEntityOfPage":{"@id":"https:\/\/www.carl-abrc.ca\/fr\/nouvelles\/labrc-publie-une-ressource-sur-les-strategies-et-pratiques-pour-lembauche-et-la-retention-de-talents-diversifies\/"},"wordCount":185,"publisher":{"@id":"https:\/\/www.carl-abrc.ca\/fr\/#organization"},"articleSection":["Nouvelles"],"inLanguage":"fr-FR"},{"@type":"WebPage","@id":"https:\/\/www.carl-abrc.ca\/fr\/nouvelles\/labrc-publie-une-ressource-sur-les-strategies-et-pratiques-pour-lembauche-et-la-retention-de-talents-diversifies\/","url":"https:\/\/www.carl-abrc.ca\/fr\/nouvelles\/labrc-publie-une-ressource-sur-les-strategies-et-pratiques-pour-lembauche-et-la-retention-de-talents-diversifies\/","name":"L'ABRC publie une ressource sur les strat\u00e9gies et pratiques pour l'embauche et la r\u00e9tention de talents diversifi\u00e9s - Association des biblioth\u00e8ques de recherche du Canada","isPartOf":{"@id":"https:\/\/www.carl-abrc.ca\/fr\/#website"},"datePublished":"2020-12-09T20:29:08+00:00","dateModified":"2020-12-10T15:49:37+00:00","breadcrumb":{"@id":"https:\/\/www.carl-abrc.ca\/fr\/nouvelles\/labrc-publie-une-ressource-sur-les-strategies-et-pratiques-pour-lembauche-et-la-retention-de-talents-diversifies\/#breadcrumb"},"inLanguage":"fr-FR","potentialAction":[{"@type":"ReadAction","target":["https:\/\/www.carl-abrc.ca\/fr\/nouvelles\/labrc-publie-une-ressource-sur-les-strategies-et-pratiques-pour-lembauche-et-la-retention-de-talents-diversifies\/"]}]},{"@type":"BreadcrumbList","@id":"https:\/\/www.carl-abrc.ca\/fr\/nouvelles\/labrc-publie-une-ressource-sur-les-strategies-et-pratiques-pour-lembauche-et-la-retention-de-talents-diversifies\/#breadcrumb","itemListElement":[{"@type":"ListItem","position":1,"name":"Accueil","item":"https:\/\/www.carl-abrc.ca\/fr\/home-3\/"},{"@type":"ListItem","position":2,"name":"L&rsquo;ABRC publie une ressource sur les strat\u00e9gies et pratiques pour l&#8217;embauche et la r\u00e9tention de talents diversifi\u00e9s"}]},{"@type":"WebSite","@id":"https:\/\/www.carl-abrc.ca\/fr\/#website","url":"https:\/\/www.carl-abrc.ca\/fr\/","name":"Association des biblioth\u00e8ques de recherche du Canada","description":"ABRC","publisher":{"@id":"https:\/\/www.carl-abrc.ca\/fr\/#organization"},"potentialAction":[{"@type":"SearchAction","target":{"@type":"EntryPoint","urlTemplate":"https:\/\/www.carl-abrc.ca\/fr\/?s={search_term_string}"},"query-input":{"@type":"PropertyValueSpecification","valueRequired":true,"valueName":"search_term_string"}}],"inLanguage":"fr-FR"},{"@type":"Organization","@id":"https:\/\/www.carl-abrc.ca\/fr\/#organization","name":"Association des biblioth\u00e8ques de recherche du Canada","url":"https:\/\/www.carl-abrc.ca\/fr\/","logo":{"@type":"ImageObject","inLanguage":"fr-FR","@id":"https:\/\/www.carl-abrc.ca\/fr\/#\/schema\/logo\/image\/","url":"https:\/\/www.carl-abrc.ca\/wp-content\/uploads\/2024\/07\/cropped-Stacked_Colour_L.png","contentUrl":"https:\/\/www.carl-abrc.ca\/wp-content\/uploads\/2024\/07\/cropped-Stacked_Colour_L.png","width":641,"height":250,"caption":"Association des biblioth\u00e8ques de recherche du Canada"},"image":{"@id":"https:\/\/www.carl-abrc.ca\/fr\/#\/schema\/logo\/image\/"},"sameAs":["https:\/\/x.com\/carlabrc"]},{"@type":"Person","@id":"https:\/\/www.carl-abrc.ca\/fr\/#\/schema\/person\/d9b6bfb73c89f6e9eafbd338013764ed","name":"Julie Morin","image":{"@type":"ImageObject","inLanguage":"fr-FR","@id":"https:\/\/secure.gravatar.com\/avatar\/8f563df894a5ea8e4663aea014d75f7ff272a49a318995c22006e48ba2fca63e?s=96&d=mm&r=g","url":"https:\/\/secure.gravatar.com\/avatar\/8f563df894a5ea8e4663aea014d75f7ff272a49a318995c22006e48ba2fca63e?s=96&d=mm&r=g","contentUrl":"https:\/\/secure.gravatar.com\/avatar\/8f563df894a5ea8e4663aea014d75f7ff272a49a318995c22006e48ba2fca63e?s=96&d=mm&r=g","caption":"Julie Morin"},"url":"https:\/\/www.carl-abrc.ca\/fr\/author\/julie\/"}]}},"_links":{"self":[{"href":"https:\/\/www.carl-abrc.ca\/fr\/wp-json\/wp\/v2\/posts\/26954","targetHints":{"allow":["GET"]}}],"collection":[{"href":"https:\/\/www.carl-abrc.ca\/fr\/wp-json\/wp\/v2\/posts"}],"about":[{"href":"https:\/\/www.carl-abrc.ca\/fr\/wp-json\/wp\/v2\/types\/post"}],"author":[{"embeddable":true,"href":"https:\/\/www.carl-abrc.ca\/fr\/wp-json\/wp\/v2\/users\/63"}],"replies":[{"embeddable":true,"href":"https:\/\/www.carl-abrc.ca\/fr\/wp-json\/wp\/v2\/comments?post=26954"}],"version-history":[{"count":0,"href":"https:\/\/www.carl-abrc.ca\/fr\/wp-json\/wp\/v2\/posts\/26954\/revisions"}],"wp:attachment":[{"href":"https:\/\/www.carl-abrc.ca\/fr\/wp-json\/wp\/v2\/media?parent=26954"}],"wp:term":[{"taxonomy":"category","embeddable":true,"href":"https:\/\/www.carl-abrc.ca\/fr\/wp-json\/wp\/v2\/categories?post=26954"},{"taxonomy":"post_tag","embeddable":true,"href":"https:\/\/www.carl-abrc.ca\/fr\/wp-json\/wp\/v2\/tags?post=26954"}],"curies":[{"name":"wp","href":"https:\/\/api.w.org\/{rel}","templated":true}]}}