{"id":27060,"date":"2020-12-17T13:07:09","date_gmt":"2020-12-17T18:07:09","guid":{"rendered":"https:\/\/www.carl-abrc.ca\/?p=27060"},"modified":"2020-12-17T13:07:09","modified_gmt":"2020-12-17T18:07:09","slug":"lassociation-des-bibliotheques-de-recherche-du-canada-lance-une-ressource-en-matiere-de-droit-dauteur-pour-les-universites","status":"publish","type":"post","link":"https:\/\/www.carl-abrc.ca\/fr\/nouvelles\/lassociation-des-bibliotheques-de-recherche-du-canada-lance-une-ressource-en-matiere-de-droit-dauteur-pour-les-universites\/","title":{"rendered":"L\u2019Association des biblioth\u00e8ques de recherche du Canada lance une ressource en mati\u00e8re de droit d\u2019auteur pour les universit\u00e9s"},"content":{"rendered":"<p><strong>Le 17 d\u00e9cembre 2020, Ottawa (Ontario)<\/strong> \u2014 l\u2019Association des biblioth\u00e8ques de recherche du Canada (ABRC) a lanc\u00e9 aujourd\u2019hui une nouvelle ressource \u00e9ducative libre, \u00ab\u2009<a href=\"https:\/\/www.carl-abrc.ca\/fr\/influencer-les-politiques\/droit-dauteur\/rel-droit-dauteur\/\">Droit d\u2019auteur \u00e0 l\u2019intention du corps professoral et du personnel des universit\u00e9s<\/a>\u2009\u00bb. Dans une s\u00e9rie de sept courts modules en format d\u2019apprentissage autonome, des vid\u00e9os didactiques et des jeux-questionnaires renseignent les employ\u00e9s des universit\u00e9s sur les questions complexes de droit d\u2019auteur au Canada.<\/p>\n<p>\u00ab\u2009La compr\u00e9hension du droit d\u2019auteur est une composante essentielle de l\u2019enseignement et de l\u2019apprentissage sup\u00e9rieurs\u2009\u00bb, a relat\u00e9 Susan Haigh, directrice g\u00e9n\u00e9rale de l\u2019ABRC. \u00ab\u2009Cet ensemble de modules offre aux universit\u00e9s canadiennes une solution de remplacement \u00e0 l\u2019enseignement du droit d\u2019auteur en pr\u00e9sentiel, leur permettant de former plus facilement les personnes travaillant en dehors du campus et celles qui ne peuvent pas assister \u00e0 une formation en personne\u2009\u00bb.<\/p>\n<p>Le contenu des modules est prot\u00e9g\u00e9 par une <a href=\"http:\/\/creativecommons.org\/licenses\/by-nc\/4.0\/\">licence internationale Creative Commons attribution non-commerciale 4.0<\/a>. Les universit\u00e9s qui songent \u00e0 adopter ou adapter cette formation peuvent utiliser le guide de mise en \u0153uvre offert ici : <a href=\"https:\/\/www.carl-abrc.ca\/wp-content\/uploads\/2020\/12\/Guide_de_mise_en_oeuvre.pdf\">https:\/\/www.carl-abrc.ca\/wp-content\/uploads\/2020\/12\/Guide_de_mise_en_oeuvre.pdf<\/a>.<\/p>\n<p>\u00ab\u2009Le fait que tout le contenu des modules soit rendu disponible en utilisant une licence Creative Commons est tr\u00e8s avantageux pour les universit\u00e9s\u2009\u00bb, a affirm\u00e9 Carol Shepstone, pr\u00e9sidente du Comit\u00e9 sur les politiques publiques de l\u2019ABRC et biblioth\u00e9caire en chef de l\u2019Universit\u00e9 Ryerson. \u00ab\u2009Cela signifie que les universit\u00e9s peuvent facilement adapter, voire enrichir, ces modules afin de s\u2019assurer qu\u2019ils r\u00e9pondent aux besoins particuliers de leurs enseignants\u2009\u00bb.<\/p>\n<p>L\u2019ABRC est la voie des biblioth\u00e8ques de recherche canadiennes. Elle est compos\u00e9e des 29 plus grandes biblioth\u00e8ques universitaires et de deux \u00e9tablissements f\u00e9d\u00e9raux. L\u2019ABRC am\u00e9liore leur contribution \u00e0 la recherche et \u00e0 l\u2019enseignement sup\u00e9rieur\u2009; elle favorise l\u2019efficacit\u00e9 et la p\u00e9rennit\u00e9 de la cr\u00e9ation, de la diffusion et de la pr\u00e9servation de connaissances\u2009; elle d\u00e9fend la mise en \u0153uvre de politiques publiques garantissant un acc\u00e8s \u00e9largi \u00e0 l\u2019information savante.<\/p>\n<p><strong>Pour plus de renseignements :<\/strong><\/p>\n<p>Katherine McColgan<br \/>\nDirectrice, administration et programmes<br \/>\n<a href=\"mailto:katherine.mccolgan@carl-abrc.ca\">katherine.mccolgan@carl-abrc.ca<\/a><\/p>\n","protected":false},"excerpt":{"rendered":"<p>Le 17 d\u00e9cembre 2020, Ottawa (Ontario) \u2014 l\u2019Association des biblioth\u00e8ques de recherche du Canada (ABRC) a lanc\u00e9 aujourd\u2019hui une nouvelle ressource \u00e9ducative libre, \u00ab\u2009Droit d\u2019auteur \u00e0 l\u2019intention du corps professoral [&hellip;]<\/p>\n","protected":false},"author":5,"featured_media":0,"comment_status":"closed","ping_status":"open","sticky":false,"template":"","format":"standard","meta":{"_acf_changed":false,"_EventAllDay":false,"_EventTimezone":"","_EventStartDate":"","_EventEndDate":"","_EventStartDateUTC":"","_EventEndDateUTC":"","_EventShowMap":false,"_EventShowMapLink":false,"_EventURL":"","_EventCost":"","_EventCostDescription":"","_EventCurrencySymbol":"","_EventCurrencyCode":"","_EventCurrencyPosition":"","_EventDateTimeSeparator":"","_EventTimeRangeSeparator":"","_EventOrganizerID":[],"_EventVenueID":[],"_OrganizerEmail":"","_OrganizerPhone":"","_OrganizerWebsite":"","_VenueAddress":"","_VenueCity":"","_VenueCountry":"","_VenueProvince":"","_VenueState":"","_VenueZip":"","_VenuePhone":"","_VenueURL":"","_VenueStateProvince":"","_VenueLat":"","_VenueLng":"","_VenueShowMap":false,"_VenueShowMapLink":false,"footnotes":""},"categories":[2],"tags":[],"class_list":["post-27060","post","type-post","status-publish","format-standard","hentry","category-nouvelles"],"acf":[],"yoast_head":"<!-- This site is optimized with the Yoast SEO plugin v27.5 - https:\/\/yoast.com\/product\/yoast-seo-wordpress\/ -->\n<title>L\u2019Association des biblioth\u00e8ques de recherche du Canada lance une ressource en mati\u00e8re de droit d\u2019auteur pour les universit\u00e9s - Association des biblioth\u00e8ques de recherche du Canada<\/title>\n<meta name=\"robots\" content=\"index, follow, max-snippet:-1, max-image-preview:large, max-video-preview:-1\" \/>\n<link rel=\"canonical\" href=\"https:\/\/www.carl-abrc.ca\/fr\/nouvelles\/lassociation-des-bibliotheques-de-recherche-du-canada-lance-une-ressource-en-matiere-de-droit-dauteur-pour-les-universites\/\" \/>\n<meta property=\"og:locale\" content=\"fr_FR\" \/>\n<meta property=\"og:type\" content=\"article\" \/>\n<meta property=\"og:title\" content=\"L\u2019Association des biblioth\u00e8ques de recherche du Canada lance une ressource en mati\u00e8re de droit d\u2019auteur pour les universit\u00e9s - Association des biblioth\u00e8ques de recherche du Canada\" \/>\n<meta property=\"og:description\" content=\"Le 17 d\u00e9cembre 2020, Ottawa (Ontario) \u2014 l\u2019Association des biblioth\u00e8ques de recherche du Canada (ABRC) a lanc\u00e9 aujourd\u2019hui une nouvelle ressource \u00e9ducative libre, \u00ab\u2009Droit d\u2019auteur \u00e0 l\u2019intention du corps professoral [&hellip;]\" \/>\n<meta property=\"og:url\" content=\"https:\/\/www.carl-abrc.ca\/fr\/nouvelles\/lassociation-des-bibliotheques-de-recherche-du-canada-lance-une-ressource-en-matiere-de-droit-dauteur-pour-les-universites\/\" \/>\n<meta property=\"og:site_name\" content=\"Association des biblioth\u00e8ques de recherche du Canada\" \/>\n<meta property=\"article:published_time\" content=\"2020-12-17T18:07:09+00:00\" \/>\n<meta name=\"author\" content=\"Katherine McColgan\" \/>\n<meta name=\"twitter:label1\" content=\"\u00c9crit par\" \/>\n\t<meta name=\"twitter:data1\" content=\"Katherine McColgan\" \/>\n\t<meta name=\"twitter:label2\" content=\"Dur\u00e9e de lecture estim\u00e9e\" \/>\n\t<meta name=\"twitter:data2\" content=\"2 minutes\" \/>\n<script type=\"application\/ld+json\" class=\"yoast-schema-graph\">{\"@context\":\"https:\\\/\\\/schema.org\",\"@graph\":[{\"@type\":\"Article\",\"@id\":\"https:\\\/\\\/www.carl-abrc.ca\\\/fr\\\/nouvelles\\\/lassociation-des-bibliotheques-de-recherche-du-canada-lance-une-ressource-en-matiere-de-droit-dauteur-pour-les-universites\\\/#article\",\"isPartOf\":{\"@id\":\"https:\\\/\\\/www.carl-abrc.ca\\\/fr\\\/nouvelles\\\/lassociation-des-bibliotheques-de-recherche-du-canada-lance-une-ressource-en-matiere-de-droit-dauteur-pour-les-universites\\\/\"},\"author\":{\"name\":\"Katherine McColgan\",\"@id\":\"https:\\\/\\\/www.carl-abrc.ca\\\/fr\\\/#\\\/schema\\\/person\\\/0e28bc352eb584524dabf890f7141390\"},\"headline\":\"L\u2019Association des biblioth\u00e8ques de recherche du Canada lance une ressource en mati\u00e8re de droit d\u2019auteur pour les universit\u00e9s\",\"datePublished\":\"2020-12-17T18:07:09+00:00\",\"mainEntityOfPage\":{\"@id\":\"https:\\\/\\\/www.carl-abrc.ca\\\/fr\\\/nouvelles\\\/lassociation-des-bibliotheques-de-recherche-du-canada-lance-une-ressource-en-matiere-de-droit-dauteur-pour-les-universites\\\/\"},\"wordCount\":393,\"publisher\":{\"@id\":\"https:\\\/\\\/www.carl-abrc.ca\\\/fr\\\/#organization\"},\"articleSection\":[\"Nouvelles\"],\"inLanguage\":\"fr-FR\"},{\"@type\":\"WebPage\",\"@id\":\"https:\\\/\\\/www.carl-abrc.ca\\\/fr\\\/nouvelles\\\/lassociation-des-bibliotheques-de-recherche-du-canada-lance-une-ressource-en-matiere-de-droit-dauteur-pour-les-universites\\\/\",\"url\":\"https:\\\/\\\/www.carl-abrc.ca\\\/fr\\\/nouvelles\\\/lassociation-des-bibliotheques-de-recherche-du-canada-lance-une-ressource-en-matiere-de-droit-dauteur-pour-les-universites\\\/\",\"name\":\"L\u2019Association des biblioth\u00e8ques de recherche du Canada lance une ressource en mati\u00e8re de droit d\u2019auteur pour les universit\u00e9s - Association des biblioth\u00e8ques de recherche du Canada\",\"isPartOf\":{\"@id\":\"https:\\\/\\\/www.carl-abrc.ca\\\/fr\\\/#website\"},\"datePublished\":\"2020-12-17T18:07:09+00:00\",\"breadcrumb\":{\"@id\":\"https:\\\/\\\/www.carl-abrc.ca\\\/fr\\\/nouvelles\\\/lassociation-des-bibliotheques-de-recherche-du-canada-lance-une-ressource-en-matiere-de-droit-dauteur-pour-les-universites\\\/#breadcrumb\"},\"inLanguage\":\"fr-FR\",\"potentialAction\":[{\"@type\":\"ReadAction\",\"target\":[\"https:\\\/\\\/www.carl-abrc.ca\\\/fr\\\/nouvelles\\\/lassociation-des-bibliotheques-de-recherche-du-canada-lance-une-ressource-en-matiere-de-droit-dauteur-pour-les-universites\\\/\"]}]},{\"@type\":\"BreadcrumbList\",\"@id\":\"https:\\\/\\\/www.carl-abrc.ca\\\/fr\\\/nouvelles\\\/lassociation-des-bibliotheques-de-recherche-du-canada-lance-une-ressource-en-matiere-de-droit-dauteur-pour-les-universites\\\/#breadcrumb\",\"itemListElement\":[{\"@type\":\"ListItem\",\"position\":1,\"name\":\"Accueil\",\"item\":\"https:\\\/\\\/www.carl-abrc.ca\\\/fr\\\/home-3\\\/\"},{\"@type\":\"ListItem\",\"position\":2,\"name\":\"L\u2019Association des biblioth\u00e8ques de recherche du Canada lance une ressource en mati\u00e8re de droit d\u2019auteur pour les universit\u00e9s\"}]},{\"@type\":\"WebSite\",\"@id\":\"https:\\\/\\\/www.carl-abrc.ca\\\/fr\\\/#website\",\"url\":\"https:\\\/\\\/www.carl-abrc.ca\\\/fr\\\/\",\"name\":\"Association des biblioth\u00e8ques de recherche du Canada\",\"description\":\"ABRC\",\"publisher\":{\"@id\":\"https:\\\/\\\/www.carl-abrc.ca\\\/fr\\\/#organization\"},\"potentialAction\":[{\"@type\":\"SearchAction\",\"target\":{\"@type\":\"EntryPoint\",\"urlTemplate\":\"https:\\\/\\\/www.carl-abrc.ca\\\/fr\\\/?s={search_term_string}\"},\"query-input\":{\"@type\":\"PropertyValueSpecification\",\"valueRequired\":true,\"valueName\":\"search_term_string\"}}],\"inLanguage\":\"fr-FR\"},{\"@type\":\"Organization\",\"@id\":\"https:\\\/\\\/www.carl-abrc.ca\\\/fr\\\/#organization\",\"name\":\"Association des biblioth\u00e8ques de recherche du Canada\",\"url\":\"https:\\\/\\\/www.carl-abrc.ca\\\/fr\\\/\",\"logo\":{\"@type\":\"ImageObject\",\"inLanguage\":\"fr-FR\",\"@id\":\"https:\\\/\\\/www.carl-abrc.ca\\\/fr\\\/#\\\/schema\\\/logo\\\/image\\\/\",\"url\":\"https:\\\/\\\/www.carl-abrc.ca\\\/wp-content\\\/uploads\\\/2024\\\/07\\\/cropped-Stacked_Colour_L.png\",\"contentUrl\":\"https:\\\/\\\/www.carl-abrc.ca\\\/wp-content\\\/uploads\\\/2024\\\/07\\\/cropped-Stacked_Colour_L.png\",\"width\":641,\"height\":250,\"caption\":\"Association des biblioth\u00e8ques de recherche du Canada\"},\"image\":{\"@id\":\"https:\\\/\\\/www.carl-abrc.ca\\\/fr\\\/#\\\/schema\\\/logo\\\/image\\\/\"},\"sameAs\":[\"https:\\\/\\\/x.com\\\/carlabrc\"]},{\"@type\":\"Person\",\"@id\":\"https:\\\/\\\/www.carl-abrc.ca\\\/fr\\\/#\\\/schema\\\/person\\\/0e28bc352eb584524dabf890f7141390\",\"name\":\"Katherine McColgan\",\"image\":{\"@type\":\"ImageObject\",\"inLanguage\":\"fr-FR\",\"@id\":\"https:\\\/\\\/secure.gravatar.com\\\/avatar\\\/9d8770eea9a07ba623ec853aca1456d4292fa99407780727a6fd6eab3c3fc1ef?s=96&d=mm&r=g\",\"url\":\"https:\\\/\\\/secure.gravatar.com\\\/avatar\\\/9d8770eea9a07ba623ec853aca1456d4292fa99407780727a6fd6eab3c3fc1ef?s=96&d=mm&r=g\",\"contentUrl\":\"https:\\\/\\\/secure.gravatar.com\\\/avatar\\\/9d8770eea9a07ba623ec853aca1456d4292fa99407780727a6fd6eab3c3fc1ef?s=96&d=mm&r=g\",\"caption\":\"Katherine McColgan\"},\"url\":\"https:\\\/\\\/www.carl-abrc.ca\\\/fr\\\/author\\\/katherine\\\/\"}]}<\/script>\n<!-- \/ Yoast SEO plugin. -->","yoast_head_json":{"title":"L\u2019Association des biblioth\u00e8ques de recherche du Canada lance une ressource en mati\u00e8re de droit d\u2019auteur pour les universit\u00e9s - Association des biblioth\u00e8ques de recherche du Canada","robots":{"index":"index","follow":"follow","max-snippet":"max-snippet:-1","max-image-preview":"max-image-preview:large","max-video-preview":"max-video-preview:-1"},"canonical":"https:\/\/www.carl-abrc.ca\/fr\/nouvelles\/lassociation-des-bibliotheques-de-recherche-du-canada-lance-une-ressource-en-matiere-de-droit-dauteur-pour-les-universites\/","og_locale":"fr_FR","og_type":"article","og_title":"L\u2019Association des biblioth\u00e8ques de recherche du Canada lance une ressource en mati\u00e8re de droit d\u2019auteur pour les universit\u00e9s - Association des biblioth\u00e8ques de recherche du Canada","og_description":"Le 17 d\u00e9cembre 2020, Ottawa (Ontario) \u2014 l\u2019Association des biblioth\u00e8ques de recherche du Canada (ABRC) a lanc\u00e9 aujourd\u2019hui une nouvelle ressource \u00e9ducative libre, \u00ab\u2009Droit d\u2019auteur \u00e0 l\u2019intention du corps professoral [&hellip;]","og_url":"https:\/\/www.carl-abrc.ca\/fr\/nouvelles\/lassociation-des-bibliotheques-de-recherche-du-canada-lance-une-ressource-en-matiere-de-droit-dauteur-pour-les-universites\/","og_site_name":"Association des biblioth\u00e8ques de recherche du Canada","article_published_time":"2020-12-17T18:07:09+00:00","author":"Katherine McColgan","twitter_misc":{"\u00c9crit par":"Katherine McColgan","Dur\u00e9e de lecture estim\u00e9e":"2 minutes"},"schema":{"@context":"https:\/\/schema.org","@graph":[{"@type":"Article","@id":"https:\/\/www.carl-abrc.ca\/fr\/nouvelles\/lassociation-des-bibliotheques-de-recherche-du-canada-lance-une-ressource-en-matiere-de-droit-dauteur-pour-les-universites\/#article","isPartOf":{"@id":"https:\/\/www.carl-abrc.ca\/fr\/nouvelles\/lassociation-des-bibliotheques-de-recherche-du-canada-lance-une-ressource-en-matiere-de-droit-dauteur-pour-les-universites\/"},"author":{"name":"Katherine McColgan","@id":"https:\/\/www.carl-abrc.ca\/fr\/#\/schema\/person\/0e28bc352eb584524dabf890f7141390"},"headline":"L\u2019Association des biblioth\u00e8ques de recherche du Canada lance une ressource en mati\u00e8re de droit d\u2019auteur pour les universit\u00e9s","datePublished":"2020-12-17T18:07:09+00:00","mainEntityOfPage":{"@id":"https:\/\/www.carl-abrc.ca\/fr\/nouvelles\/lassociation-des-bibliotheques-de-recherche-du-canada-lance-une-ressource-en-matiere-de-droit-dauteur-pour-les-universites\/"},"wordCount":393,"publisher":{"@id":"https:\/\/www.carl-abrc.ca\/fr\/#organization"},"articleSection":["Nouvelles"],"inLanguage":"fr-FR"},{"@type":"WebPage","@id":"https:\/\/www.carl-abrc.ca\/fr\/nouvelles\/lassociation-des-bibliotheques-de-recherche-du-canada-lance-une-ressource-en-matiere-de-droit-dauteur-pour-les-universites\/","url":"https:\/\/www.carl-abrc.ca\/fr\/nouvelles\/lassociation-des-bibliotheques-de-recherche-du-canada-lance-une-ressource-en-matiere-de-droit-dauteur-pour-les-universites\/","name":"L\u2019Association des biblioth\u00e8ques de recherche du Canada lance une ressource en mati\u00e8re de droit d\u2019auteur pour les universit\u00e9s - Association des biblioth\u00e8ques de recherche du Canada","isPartOf":{"@id":"https:\/\/www.carl-abrc.ca\/fr\/#website"},"datePublished":"2020-12-17T18:07:09+00:00","breadcrumb":{"@id":"https:\/\/www.carl-abrc.ca\/fr\/nouvelles\/lassociation-des-bibliotheques-de-recherche-du-canada-lance-une-ressource-en-matiere-de-droit-dauteur-pour-les-universites\/#breadcrumb"},"inLanguage":"fr-FR","potentialAction":[{"@type":"ReadAction","target":["https:\/\/www.carl-abrc.ca\/fr\/nouvelles\/lassociation-des-bibliotheques-de-recherche-du-canada-lance-une-ressource-en-matiere-de-droit-dauteur-pour-les-universites\/"]}]},{"@type":"BreadcrumbList","@id":"https:\/\/www.carl-abrc.ca\/fr\/nouvelles\/lassociation-des-bibliotheques-de-recherche-du-canada-lance-une-ressource-en-matiere-de-droit-dauteur-pour-les-universites\/#breadcrumb","itemListElement":[{"@type":"ListItem","position":1,"name":"Accueil","item":"https:\/\/www.carl-abrc.ca\/fr\/home-3\/"},{"@type":"ListItem","position":2,"name":"L\u2019Association des biblioth\u00e8ques de recherche du Canada lance une ressource en mati\u00e8re de droit d\u2019auteur pour les universit\u00e9s"}]},{"@type":"WebSite","@id":"https:\/\/www.carl-abrc.ca\/fr\/#website","url":"https:\/\/www.carl-abrc.ca\/fr\/","name":"Association des biblioth\u00e8ques de recherche du Canada","description":"ABRC","publisher":{"@id":"https:\/\/www.carl-abrc.ca\/fr\/#organization"},"potentialAction":[{"@type":"SearchAction","target":{"@type":"EntryPoint","urlTemplate":"https:\/\/www.carl-abrc.ca\/fr\/?s={search_term_string}"},"query-input":{"@type":"PropertyValueSpecification","valueRequired":true,"valueName":"search_term_string"}}],"inLanguage":"fr-FR"},{"@type":"Organization","@id":"https:\/\/www.carl-abrc.ca\/fr\/#organization","name":"Association des biblioth\u00e8ques de recherche du Canada","url":"https:\/\/www.carl-abrc.ca\/fr\/","logo":{"@type":"ImageObject","inLanguage":"fr-FR","@id":"https:\/\/www.carl-abrc.ca\/fr\/#\/schema\/logo\/image\/","url":"https:\/\/www.carl-abrc.ca\/wp-content\/uploads\/2024\/07\/cropped-Stacked_Colour_L.png","contentUrl":"https:\/\/www.carl-abrc.ca\/wp-content\/uploads\/2024\/07\/cropped-Stacked_Colour_L.png","width":641,"height":250,"caption":"Association des biblioth\u00e8ques de recherche du Canada"},"image":{"@id":"https:\/\/www.carl-abrc.ca\/fr\/#\/schema\/logo\/image\/"},"sameAs":["https:\/\/x.com\/carlabrc"]},{"@type":"Person","@id":"https:\/\/www.carl-abrc.ca\/fr\/#\/schema\/person\/0e28bc352eb584524dabf890f7141390","name":"Katherine McColgan","image":{"@type":"ImageObject","inLanguage":"fr-FR","@id":"https:\/\/secure.gravatar.com\/avatar\/9d8770eea9a07ba623ec853aca1456d4292fa99407780727a6fd6eab3c3fc1ef?s=96&d=mm&r=g","url":"https:\/\/secure.gravatar.com\/avatar\/9d8770eea9a07ba623ec853aca1456d4292fa99407780727a6fd6eab3c3fc1ef?s=96&d=mm&r=g","contentUrl":"https:\/\/secure.gravatar.com\/avatar\/9d8770eea9a07ba623ec853aca1456d4292fa99407780727a6fd6eab3c3fc1ef?s=96&d=mm&r=g","caption":"Katherine McColgan"},"url":"https:\/\/www.carl-abrc.ca\/fr\/author\/katherine\/"}]}},"_links":{"self":[{"href":"https:\/\/www.carl-abrc.ca\/fr\/wp-json\/wp\/v2\/posts\/27060","targetHints":{"allow":["GET"]}}],"collection":[{"href":"https:\/\/www.carl-abrc.ca\/fr\/wp-json\/wp\/v2\/posts"}],"about":[{"href":"https:\/\/www.carl-abrc.ca\/fr\/wp-json\/wp\/v2\/types\/post"}],"author":[{"embeddable":true,"href":"https:\/\/www.carl-abrc.ca\/fr\/wp-json\/wp\/v2\/users\/5"}],"replies":[{"embeddable":true,"href":"https:\/\/www.carl-abrc.ca\/fr\/wp-json\/wp\/v2\/comments?post=27060"}],"version-history":[{"count":0,"href":"https:\/\/www.carl-abrc.ca\/fr\/wp-json\/wp\/v2\/posts\/27060\/revisions"}],"wp:attachment":[{"href":"https:\/\/www.carl-abrc.ca\/fr\/wp-json\/wp\/v2\/media?parent=27060"}],"wp:term":[{"taxonomy":"category","embeddable":true,"href":"https:\/\/www.carl-abrc.ca\/fr\/wp-json\/wp\/v2\/categories?post=27060"},{"taxonomy":"post_tag","embeddable":true,"href":"https:\/\/www.carl-abrc.ca\/fr\/wp-json\/wp\/v2\/tags?post=27060"}],"curies":[{"name":"wp","href":"https:\/\/api.w.org\/{rel}","templated":true}]}}