{"id":30802,"date":"2023-01-18T09:50:18","date_gmt":"2023-01-18T14:50:18","guid":{"rendered":"https:\/\/www.carl-abrc.ca\/?p=30802"},"modified":"2023-01-18T10:16:48","modified_gmt":"2023-01-18T15:16:48","slug":"appel-dinteret-agent-e-de-programme-invite-e-metadonnees-et-collaboration-abrc-openaire","status":"publish","type":"post","link":"https:\/\/www.carl-abrc.ca\/fr\/nouvelles\/appel-dinteret-agent-e-de-programme-invite-e-metadonnees-et-collaboration-abrc-openaire\/","title":{"rendered":"Appel d\u2019int\u00e9r\u00eat \u2013 Agent.e de programme invit\u00e9.e \u2013 M\u00e9tadonn\u00e9es et Collaboration ABRC-OpenAIRE"},"content":{"rendered":"<p><strong>18 janvier 2023.<\/strong> &#8211; L\u2019ABRC invite les personnes int\u00e9ress\u00e9es \u00e0 pr\u00e9senter leur candidature pour le poste d\u2019agent.e de programme invite\u0301.e (API) dans le domaine de m\u00e9tadonn\u00e9es et <span style=\"text-decoration: underline;\"><a href=\"https:\/\/www.carl-abrc.ca\/fr\/nouvelles\/collaboration-avec-openaire\/\">la collaboration ABRC-OpenAIRE<\/a><\/span>. Le titulaire travaillera avec le Groupe de travail canadien OpenAIRE pour diriger la collaboration continue de l&rsquo;ABRC avec OpenAIRE, un r\u00e9seau international qui favorise et partage des pratiques, normes et protocoles communs en vue d&rsquo;un \u00e9cosyst\u00e8me de recherche mondial ouvert et durable, et assurera la liaison entre OpenAIRE, les trois organismes et la communaut\u00e9 des d\u00e9p\u00f4ts canadiens au nom du groupe de travail.<\/p>\n<p>La personne retenue aura une expertise en mati\u00e8re de m\u00e9tadonn\u00e9es et de d\u00e9p\u00f4ts, la capacit\u00e9 de travailler en collaboration au sein d&rsquo;une \u00e9quipe et des comp\u00e9tences en mati\u00e8re d&rsquo;organisation et de communication. La capacit\u00e9 de travailler en anglais et en fran\u00e7ais serait un atout. Le poste implique de travailler pour l&rsquo;ABRC l&rsquo;\u00e9quivalent d&rsquo;une journ\u00e9e par semaine, pendant une p\u00e9riode d&rsquo;au moins un an. La date limite pour pr\u00e9senter une demande est le 15 f\u00e9vrier 23 h 59 HE.<\/p>\n<p>L\u2019Association des biblioth\u00e8ques de recherche du Canada (ABRC) repr\u00e9sente les vingt-neuf plus grandes biblioth\u00e8ques de recherche universitaires au pays et deux \u00e9tablissements f\u00e9d\u00e9raux. \u00c0 titre d\u2019organisme bilingue sans but lucratif, l\u2019ABRC coordonne les initiatives nationales de ses \u00e9tablissements membres et fait progresser leurs causes afin d\u2019atteindre l\u2019excellence dans la recherche et l\u2019enseignement sup\u00e9rieur. Le poste d\u2019API consiste en une entente entre l\u2019ABRC et l\u2019\u00e9tablissement d\u2019attache de la personne, normalement pour une p\u00e9riode minimale d\u2019un an \u00e0 20 % de son temps de travail. La r\u00e9mun\u00e9ration de ce poste n\u2019est pas assur\u00e9e par l\u2019ABRC, mais par l\u2019\u00e9tablissement d\u2019attache qui devra continuer \u00e0 payer le salaire de la personne. Gr\u00e2ce \u00e0 ce poste, le ou la titulaire et son \u00e9tablissement d\u2019attache \u00e9largiront leur exp\u00e9rience et leurs connaissances li\u00e9es a\u0300 des initiatives nationales, alors que l\u2019ABRC et ses membres feront progresser une priorit\u00e9 commune.<\/p>\n<h2>RESPONSABILIT\u00c9S<\/h2>\n<p>En collaboration avec le Groupe de travail canadien OpenAIRE (Dany Bouchard, UQAM ; Geoff Harder, University of Alberta ; Pierre Lasou, Universit\u00e9 Laval ; Kathleen Shearer, COAR), l&rsquo;Agent.e de programme invit\u00e9.e, M\u00e9tadonn\u00e9es et collaboration ABRC-OpenAIRE<\/p>\n<ul>\n<li aria-level=\"1\">coordonnera les activit\u00e9s du Groupe de travail canadien OpenAIRE ;<\/li>\n<li aria-level=\"1\">agira en tant qu&rsquo;agent de liaison entre OpenAIRE, la communaut\u00e9 des d\u00e9p\u00f4ts canadiens et les trois organismes ;<\/li>\n<li aria-level=\"1\">fera valoir OpenAIRE aupr\u00e8s des biblioth\u00e8ques universitaires canadiennes et des communaut\u00e9s de recherche ;<\/li>\n<li aria-level=\"1\">soutiendra la communaut\u00e9 canadienne des d\u00e9p\u00f4ts en fournissant des ressources et de la documentation relatives \u00e0 OpenAIRE et en organisant des s\u00e9ances d&rsquo;information et\/ou des webinaires en collaboration avec le groupe d&rsquo;engagement de la communaut\u00e9 de pratique des d\u00e9p\u00f4ts canadiens.<\/li>\n<\/ul>\n<h2>COMP\u00c9TENCES REQUISES<\/h2>\n<ul>\n<li aria-level=\"1\">\u00catre en poste dans un \u00e9tablissement d\u2019enseignement postsecondaire au Canada ;<\/li>\n<li aria-level=\"1\">Avoir obtenu l\u2019accord de sa direction de biblioth\u00e8que pour l\u2019entente avec l\u2019ABRC telle que d\u00e9crite ci-dessus ;<\/li>\n<li aria-level=\"1\">Une exp\u00e9rience et des connaissances techniques significatives en mati\u00e8re de m\u00e9tadonn\u00e9es et des plateformes de d\u00e9p\u00f4t et leurs flux de travail ; une connaissance d&rsquo;OpenAIRE sera consid\u00e9ree<br \/>\ncomme un atout ;<\/li>\n<li aria-level=\"1\">Connaissance des questions li\u00e9es au libre acc\u00e8s et \u00e0 la science ouverte ;<\/li>\n<li aria-level=\"1\">Exp\u00e9rience en gestion de projet ;<\/li>\n<li aria-level=\"1\">Comp\u00e9tences en mati\u00e8re d&rsquo;organisation et de gestion du temps ;<\/li>\n<li aria-level=\"1\">Excellentes comp\u00e9tences en communication, tant \u00e0 l&rsquo;oral qu&rsquo;\u00e0 l&rsquo;\u00e9crit ; la capacit\u00e9 de communiquer efficacement \u00e0 l&rsquo;oral et \u00e0 l&rsquo;\u00e9crit en fran\u00e7ais et en anglais sera consid\u00e9r\u00e9e comme un atout ;<\/li>\n<li aria-level=\"1\">La capacit\u00e9 de diriger une \u00e9quipe diversifi\u00e9e.<\/li>\n<\/ul>\n<p>Si plusieurs candidatures r\u00e9pondent aux crit\u00e8res ci-dessus, la s\u00e9lection sera fond\u00e9e sur le leadership d\u00e9montr\u00e9, l\u2019engagement pr\u00e9alable dans des initiatives d\u2019envergure nationale et le niveau de soutien institutionnel. Une entrevue pourrait \u00eatre exig\u00e9e.<\/p>\n<p>Pour postuler, veuillez envoyer une copie de votre CV et une lettre d&rsquo;introduction d\u00e9crivant votre aptitude \u00e0 ce poste et confirmant le soutien de votre direction de biblioth\u00e8que \u00e0 la nomination et \u00e0 l&rsquo;arrangement propos\u00e9. Ces documents doivent \u00eatre envoy\u00e9s \u00e0 <a href=\"mailto:opportunities-opportunites@carl-abrc.ca\"><span style=\"text-decoration: underline;\">opportunities-opportunites@carl-abrc.ca<\/span><\/a>.<\/p>\n","protected":false},"excerpt":{"rendered":"<p>18 janvier 2023. &#8211; L\u2019ABRC invite les personnes int\u00e9ress\u00e9es \u00e0 pr\u00e9senter leur candidature pour le poste d\u2019agent.e de programme invite\u0301.e (API) dans le domaine de m\u00e9tadonn\u00e9es et la collaboration ABRC-OpenAIRE. [&hellip;]<\/p>\n","protected":false},"author":11,"featured_media":36194,"comment_status":"closed","ping_status":"closed","sticky":false,"template":"","format":"standard","meta":{"_acf_changed":false,"_EventAllDay":false,"_EventTimezone":"","_EventStartDate":"","_EventEndDate":"","_EventStartDateUTC":"","_EventEndDateUTC":"","_EventShowMap":false,"_EventShowMapLink":false,"_EventURL":"","_EventCost":"","_EventCostDescription":"","_EventCurrencySymbol":"","_EventCurrencyCode":"","_EventCurrencyPosition":"","_EventDateTimeSeparator":"","_EventTimeRangeSeparator":"","_EventOrganizerID":[],"_EventVenueID":[],"_OrganizerEmail":"","_OrganizerPhone":"","_OrganizerWebsite":"","_VenueAddress":"","_VenueCity":"","_VenueCountry":"","_VenueProvince":"","_VenueState":"","_VenueZip":"","_VenuePhone":"","_VenueURL":"","_VenueStateProvince":"","_VenueLat":"","_VenueLng":"","_VenueShowMap":false,"_VenueShowMapLink":false,"footnotes":""},"categories":[23,2],"tags":[],"class_list":["post-30802","post","type-post","status-publish","format-standard","has-post-thumbnail","hentry","category-depots","category-nouvelles"],"acf":[],"yoast_head":"<!-- This site is optimized with the Yoast SEO plugin v27.4 - https:\/\/yoast.com\/product\/yoast-seo-wordpress\/ -->\n<title>Appel d\u2019int\u00e9r\u00eat \u2013 Agent.e de programme invit\u00e9.e \u2013 M\u00e9tadonn\u00e9es et Collaboration ABRC-OpenAIRE - Association des biblioth\u00e8ques de recherche du Canada<\/title>\n<meta name=\"robots\" content=\"index, follow, max-snippet:-1, max-image-preview:large, max-video-preview:-1\" \/>\n<link rel=\"canonical\" href=\"https:\/\/www.carl-abrc.ca\/fr\/nouvelles\/appel-dinteret-agent-e-de-programme-invite-e-metadonnees-et-collaboration-abrc-openaire\/\" \/>\n<meta property=\"og:locale\" content=\"fr_FR\" \/>\n<meta property=\"og:type\" content=\"article\" \/>\n<meta property=\"og:title\" content=\"Appel d\u2019int\u00e9r\u00eat \u2013 Agent.e de programme invit\u00e9.e \u2013 M\u00e9tadonn\u00e9es et Collaboration ABRC-OpenAIRE - Association des biblioth\u00e8ques de recherche du Canada\" \/>\n<meta property=\"og:description\" content=\"18 janvier 2023. &#8211; L\u2019ABRC invite les personnes int\u00e9ress\u00e9es \u00e0 pr\u00e9senter leur candidature pour le poste d\u2019agent.e de programme invite\u0301.e (API) dans le domaine de m\u00e9tadonn\u00e9es et la collaboration ABRC-OpenAIRE. [&hellip;]\" \/>\n<meta property=\"og:url\" content=\"https:\/\/www.carl-abrc.ca\/fr\/nouvelles\/appel-dinteret-agent-e-de-programme-invite-e-metadonnees-et-collaboration-abrc-openaire\/\" \/>\n<meta property=\"og:site_name\" content=\"Association des biblioth\u00e8ques de recherche du Canada\" \/>\n<meta property=\"article:published_time\" content=\"2023-01-18T14:50:18+00:00\" \/>\n<meta property=\"article:modified_time\" content=\"2023-01-18T15:16:48+00:00\" \/>\n<meta property=\"og:image\" content=\"https:\/\/www.carl-abrc.ca\/wp-content\/uploads\/2024\/09\/NewsFeaturedImage-1.jpg\" \/>\n\t<meta property=\"og:image:width\" content=\"1920\" \/>\n\t<meta property=\"og:image:height\" content=\"1080\" \/>\n\t<meta property=\"og:image:type\" content=\"image\/jpeg\" \/>\n<meta name=\"author\" content=\"CARL ABRC\" \/>\n<meta name=\"twitter:label1\" content=\"\u00c9crit par\" \/>\n\t<meta name=\"twitter:data1\" content=\"CARL ABRC\" \/>\n\t<meta name=\"twitter:label2\" content=\"Dur\u00e9e de lecture estim\u00e9e\" \/>\n\t<meta name=\"twitter:data2\" content=\"3 minutes\" \/>\n<script type=\"application\/ld+json\" class=\"yoast-schema-graph\">{\"@context\":\"https:\\\/\\\/schema.org\",\"@graph\":[{\"@type\":\"Article\",\"@id\":\"https:\\\/\\\/www.carl-abrc.ca\\\/fr\\\/nouvelles\\\/appel-dinteret-agent-e-de-programme-invite-e-metadonnees-et-collaboration-abrc-openaire\\\/#article\",\"isPartOf\":{\"@id\":\"https:\\\/\\\/www.carl-abrc.ca\\\/fr\\\/nouvelles\\\/appel-dinteret-agent-e-de-programme-invite-e-metadonnees-et-collaboration-abrc-openaire\\\/\"},\"author\":{\"name\":\"CARL ABRC\",\"@id\":\"https:\\\/\\\/www.carl-abrc.ca\\\/fr\\\/#\\\/schema\\\/person\\\/98e5fc089af8c90ef31f178793d7f5d1\"},\"headline\":\"Appel d\u2019int\u00e9r\u00eat \u2013 Agent.e de programme invit\u00e9.e \u2013 M\u00e9tadonn\u00e9es et Collaboration ABRC-OpenAIRE\",\"datePublished\":\"2023-01-18T14:50:18+00:00\",\"dateModified\":\"2023-01-18T15:16:48+00:00\",\"mainEntityOfPage\":{\"@id\":\"https:\\\/\\\/www.carl-abrc.ca\\\/fr\\\/nouvelles\\\/appel-dinteret-agent-e-de-programme-invite-e-metadonnees-et-collaboration-abrc-openaire\\\/\"},\"wordCount\":744,\"publisher\":{\"@id\":\"https:\\\/\\\/www.carl-abrc.ca\\\/fr\\\/#organization\"},\"image\":{\"@id\":\"https:\\\/\\\/www.carl-abrc.ca\\\/fr\\\/nouvelles\\\/appel-dinteret-agent-e-de-programme-invite-e-metadonnees-et-collaboration-abrc-openaire\\\/#primaryimage\"},\"thumbnailUrl\":\"https:\\\/\\\/www.carl-abrc.ca\\\/wp-content\\\/uploads\\\/2024\\\/09\\\/NewsFeaturedImage-1.jpg\",\"articleSection\":[\"D\u00e9p\u00f4ts\",\"Nouvelles\"],\"inLanguage\":\"fr-FR\"},{\"@type\":\"WebPage\",\"@id\":\"https:\\\/\\\/www.carl-abrc.ca\\\/fr\\\/nouvelles\\\/appel-dinteret-agent-e-de-programme-invite-e-metadonnees-et-collaboration-abrc-openaire\\\/\",\"url\":\"https:\\\/\\\/www.carl-abrc.ca\\\/fr\\\/nouvelles\\\/appel-dinteret-agent-e-de-programme-invite-e-metadonnees-et-collaboration-abrc-openaire\\\/\",\"name\":\"Appel d\u2019int\u00e9r\u00eat \u2013 Agent.e de programme invit\u00e9.e \u2013 M\u00e9tadonn\u00e9es et Collaboration ABRC-OpenAIRE - Association des biblioth\u00e8ques de recherche du Canada\",\"isPartOf\":{\"@id\":\"https:\\\/\\\/www.carl-abrc.ca\\\/fr\\\/#website\"},\"primaryImageOfPage\":{\"@id\":\"https:\\\/\\\/www.carl-abrc.ca\\\/fr\\\/nouvelles\\\/appel-dinteret-agent-e-de-programme-invite-e-metadonnees-et-collaboration-abrc-openaire\\\/#primaryimage\"},\"image\":{\"@id\":\"https:\\\/\\\/www.carl-abrc.ca\\\/fr\\\/nouvelles\\\/appel-dinteret-agent-e-de-programme-invite-e-metadonnees-et-collaboration-abrc-openaire\\\/#primaryimage\"},\"thumbnailUrl\":\"https:\\\/\\\/www.carl-abrc.ca\\\/wp-content\\\/uploads\\\/2024\\\/09\\\/NewsFeaturedImage-1.jpg\",\"datePublished\":\"2023-01-18T14:50:18+00:00\",\"dateModified\":\"2023-01-18T15:16:48+00:00\",\"breadcrumb\":{\"@id\":\"https:\\\/\\\/www.carl-abrc.ca\\\/fr\\\/nouvelles\\\/appel-dinteret-agent-e-de-programme-invite-e-metadonnees-et-collaboration-abrc-openaire\\\/#breadcrumb\"},\"inLanguage\":\"fr-FR\",\"potentialAction\":[{\"@type\":\"ReadAction\",\"target\":[\"https:\\\/\\\/www.carl-abrc.ca\\\/fr\\\/nouvelles\\\/appel-dinteret-agent-e-de-programme-invite-e-metadonnees-et-collaboration-abrc-openaire\\\/\"]}]},{\"@type\":\"ImageObject\",\"inLanguage\":\"fr-FR\",\"@id\":\"https:\\\/\\\/www.carl-abrc.ca\\\/fr\\\/nouvelles\\\/appel-dinteret-agent-e-de-programme-invite-e-metadonnees-et-collaboration-abrc-openaire\\\/#primaryimage\",\"url\":\"https:\\\/\\\/www.carl-abrc.ca\\\/wp-content\\\/uploads\\\/2024\\\/09\\\/NewsFeaturedImage-1.jpg\",\"contentUrl\":\"https:\\\/\\\/www.carl-abrc.ca\\\/wp-content\\\/uploads\\\/2024\\\/09\\\/NewsFeaturedImage-1.jpg\",\"width\":1920,\"height\":1080,\"caption\":\"C.A.R.L. Logo\"},{\"@type\":\"BreadcrumbList\",\"@id\":\"https:\\\/\\\/www.carl-abrc.ca\\\/fr\\\/nouvelles\\\/appel-dinteret-agent-e-de-programme-invite-e-metadonnees-et-collaboration-abrc-openaire\\\/#breadcrumb\",\"itemListElement\":[{\"@type\":\"ListItem\",\"position\":1,\"name\":\"Accueil\",\"item\":\"https:\\\/\\\/www.carl-abrc.ca\\\/fr\\\/home-3\\\/\"},{\"@type\":\"ListItem\",\"position\":2,\"name\":\"Appel d\u2019int\u00e9r\u00eat \u2013 Agent.e de programme invit\u00e9.e \u2013 M\u00e9tadonn\u00e9es et Collaboration ABRC-OpenAIRE\"}]},{\"@type\":\"WebSite\",\"@id\":\"https:\\\/\\\/www.carl-abrc.ca\\\/fr\\\/#website\",\"url\":\"https:\\\/\\\/www.carl-abrc.ca\\\/fr\\\/\",\"name\":\"Association des biblioth\u00e8ques de recherche du Canada\",\"description\":\"ABRC\",\"publisher\":{\"@id\":\"https:\\\/\\\/www.carl-abrc.ca\\\/fr\\\/#organization\"},\"potentialAction\":[{\"@type\":\"SearchAction\",\"target\":{\"@type\":\"EntryPoint\",\"urlTemplate\":\"https:\\\/\\\/www.carl-abrc.ca\\\/fr\\\/?s={search_term_string}\"},\"query-input\":{\"@type\":\"PropertyValueSpecification\",\"valueRequired\":true,\"valueName\":\"search_term_string\"}}],\"inLanguage\":\"fr-FR\"},{\"@type\":\"Organization\",\"@id\":\"https:\\\/\\\/www.carl-abrc.ca\\\/fr\\\/#organization\",\"name\":\"Association des biblioth\u00e8ques de recherche du Canada\",\"url\":\"https:\\\/\\\/www.carl-abrc.ca\\\/fr\\\/\",\"logo\":{\"@type\":\"ImageObject\",\"inLanguage\":\"fr-FR\",\"@id\":\"https:\\\/\\\/www.carl-abrc.ca\\\/fr\\\/#\\\/schema\\\/logo\\\/image\\\/\",\"url\":\"https:\\\/\\\/www.carl-abrc.ca\\\/wp-content\\\/uploads\\\/2024\\\/07\\\/cropped-Stacked_Colour_L.png\",\"contentUrl\":\"https:\\\/\\\/www.carl-abrc.ca\\\/wp-content\\\/uploads\\\/2024\\\/07\\\/cropped-Stacked_Colour_L.png\",\"width\":641,\"height\":250,\"caption\":\"Association des biblioth\u00e8ques de recherche du Canada\"},\"image\":{\"@id\":\"https:\\\/\\\/www.carl-abrc.ca\\\/fr\\\/#\\\/schema\\\/logo\\\/image\\\/\"},\"sameAs\":[\"https:\\\/\\\/x.com\\\/carlabrc\"]},{\"@type\":\"Person\",\"@id\":\"https:\\\/\\\/www.carl-abrc.ca\\\/fr\\\/#\\\/schema\\\/person\\\/98e5fc089af8c90ef31f178793d7f5d1\",\"name\":\"CARL ABRC\",\"image\":{\"@type\":\"ImageObject\",\"inLanguage\":\"fr-FR\",\"@id\":\"https:\\\/\\\/secure.gravatar.com\\\/avatar\\\/c2c9b376bd4002fbd30a8b9425e697c0b60aeef1966421e6ee3f5d8137228c29?s=96&d=mm&r=g\",\"url\":\"https:\\\/\\\/secure.gravatar.com\\\/avatar\\\/c2c9b376bd4002fbd30a8b9425e697c0b60aeef1966421e6ee3f5d8137228c29?s=96&d=mm&r=g\",\"contentUrl\":\"https:\\\/\\\/secure.gravatar.com\\\/avatar\\\/c2c9b376bd4002fbd30a8b9425e697c0b60aeef1966421e6ee3f5d8137228c29?s=96&d=mm&r=g\",\"caption\":\"CARL ABRC\"},\"url\":\"https:\\\/\\\/www.carl-abrc.ca\\\/fr\\\/author\\\/infocarl-abrc-ca\\\/\"}]}<\/script>\n<!-- \/ Yoast SEO plugin. -->","yoast_head_json":{"title":"Appel d\u2019int\u00e9r\u00eat \u2013 Agent.e de programme invit\u00e9.e \u2013 M\u00e9tadonn\u00e9es et Collaboration ABRC-OpenAIRE - Association des biblioth\u00e8ques de recherche du Canada","robots":{"index":"index","follow":"follow","max-snippet":"max-snippet:-1","max-image-preview":"max-image-preview:large","max-video-preview":"max-video-preview:-1"},"canonical":"https:\/\/www.carl-abrc.ca\/fr\/nouvelles\/appel-dinteret-agent-e-de-programme-invite-e-metadonnees-et-collaboration-abrc-openaire\/","og_locale":"fr_FR","og_type":"article","og_title":"Appel d\u2019int\u00e9r\u00eat \u2013 Agent.e de programme invit\u00e9.e \u2013 M\u00e9tadonn\u00e9es et Collaboration ABRC-OpenAIRE - Association des biblioth\u00e8ques de recherche du Canada","og_description":"18 janvier 2023. &#8211; L\u2019ABRC invite les personnes int\u00e9ress\u00e9es \u00e0 pr\u00e9senter leur candidature pour le poste d\u2019agent.e de programme invite\u0301.e (API) dans le domaine de m\u00e9tadonn\u00e9es et la collaboration ABRC-OpenAIRE. [&hellip;]","og_url":"https:\/\/www.carl-abrc.ca\/fr\/nouvelles\/appel-dinteret-agent-e-de-programme-invite-e-metadonnees-et-collaboration-abrc-openaire\/","og_site_name":"Association des biblioth\u00e8ques de recherche du Canada","article_published_time":"2023-01-18T14:50:18+00:00","article_modified_time":"2023-01-18T15:16:48+00:00","og_image":[{"width":1920,"height":1080,"url":"https:\/\/www.carl-abrc.ca\/wp-content\/uploads\/2024\/09\/NewsFeaturedImage-1.jpg","type":"image\/jpeg"}],"author":"CARL ABRC","twitter_misc":{"\u00c9crit par":"CARL ABRC","Dur\u00e9e de lecture estim\u00e9e":"3 minutes"},"schema":{"@context":"https:\/\/schema.org","@graph":[{"@type":"Article","@id":"https:\/\/www.carl-abrc.ca\/fr\/nouvelles\/appel-dinteret-agent-e-de-programme-invite-e-metadonnees-et-collaboration-abrc-openaire\/#article","isPartOf":{"@id":"https:\/\/www.carl-abrc.ca\/fr\/nouvelles\/appel-dinteret-agent-e-de-programme-invite-e-metadonnees-et-collaboration-abrc-openaire\/"},"author":{"name":"CARL ABRC","@id":"https:\/\/www.carl-abrc.ca\/fr\/#\/schema\/person\/98e5fc089af8c90ef31f178793d7f5d1"},"headline":"Appel d\u2019int\u00e9r\u00eat \u2013 Agent.e de programme invit\u00e9.e \u2013 M\u00e9tadonn\u00e9es et Collaboration ABRC-OpenAIRE","datePublished":"2023-01-18T14:50:18+00:00","dateModified":"2023-01-18T15:16:48+00:00","mainEntityOfPage":{"@id":"https:\/\/www.carl-abrc.ca\/fr\/nouvelles\/appel-dinteret-agent-e-de-programme-invite-e-metadonnees-et-collaboration-abrc-openaire\/"},"wordCount":744,"publisher":{"@id":"https:\/\/www.carl-abrc.ca\/fr\/#organization"},"image":{"@id":"https:\/\/www.carl-abrc.ca\/fr\/nouvelles\/appel-dinteret-agent-e-de-programme-invite-e-metadonnees-et-collaboration-abrc-openaire\/#primaryimage"},"thumbnailUrl":"https:\/\/www.carl-abrc.ca\/wp-content\/uploads\/2024\/09\/NewsFeaturedImage-1.jpg","articleSection":["D\u00e9p\u00f4ts","Nouvelles"],"inLanguage":"fr-FR"},{"@type":"WebPage","@id":"https:\/\/www.carl-abrc.ca\/fr\/nouvelles\/appel-dinteret-agent-e-de-programme-invite-e-metadonnees-et-collaboration-abrc-openaire\/","url":"https:\/\/www.carl-abrc.ca\/fr\/nouvelles\/appel-dinteret-agent-e-de-programme-invite-e-metadonnees-et-collaboration-abrc-openaire\/","name":"Appel d\u2019int\u00e9r\u00eat \u2013 Agent.e de programme invit\u00e9.e \u2013 M\u00e9tadonn\u00e9es et Collaboration ABRC-OpenAIRE - Association des biblioth\u00e8ques de recherche du Canada","isPartOf":{"@id":"https:\/\/www.carl-abrc.ca\/fr\/#website"},"primaryImageOfPage":{"@id":"https:\/\/www.carl-abrc.ca\/fr\/nouvelles\/appel-dinteret-agent-e-de-programme-invite-e-metadonnees-et-collaboration-abrc-openaire\/#primaryimage"},"image":{"@id":"https:\/\/www.carl-abrc.ca\/fr\/nouvelles\/appel-dinteret-agent-e-de-programme-invite-e-metadonnees-et-collaboration-abrc-openaire\/#primaryimage"},"thumbnailUrl":"https:\/\/www.carl-abrc.ca\/wp-content\/uploads\/2024\/09\/NewsFeaturedImage-1.jpg","datePublished":"2023-01-18T14:50:18+00:00","dateModified":"2023-01-18T15:16:48+00:00","breadcrumb":{"@id":"https:\/\/www.carl-abrc.ca\/fr\/nouvelles\/appel-dinteret-agent-e-de-programme-invite-e-metadonnees-et-collaboration-abrc-openaire\/#breadcrumb"},"inLanguage":"fr-FR","potentialAction":[{"@type":"ReadAction","target":["https:\/\/www.carl-abrc.ca\/fr\/nouvelles\/appel-dinteret-agent-e-de-programme-invite-e-metadonnees-et-collaboration-abrc-openaire\/"]}]},{"@type":"ImageObject","inLanguage":"fr-FR","@id":"https:\/\/www.carl-abrc.ca\/fr\/nouvelles\/appel-dinteret-agent-e-de-programme-invite-e-metadonnees-et-collaboration-abrc-openaire\/#primaryimage","url":"https:\/\/www.carl-abrc.ca\/wp-content\/uploads\/2024\/09\/NewsFeaturedImage-1.jpg","contentUrl":"https:\/\/www.carl-abrc.ca\/wp-content\/uploads\/2024\/09\/NewsFeaturedImage-1.jpg","width":1920,"height":1080,"caption":"C.A.R.L. Logo"},{"@type":"BreadcrumbList","@id":"https:\/\/www.carl-abrc.ca\/fr\/nouvelles\/appel-dinteret-agent-e-de-programme-invite-e-metadonnees-et-collaboration-abrc-openaire\/#breadcrumb","itemListElement":[{"@type":"ListItem","position":1,"name":"Accueil","item":"https:\/\/www.carl-abrc.ca\/fr\/home-3\/"},{"@type":"ListItem","position":2,"name":"Appel d\u2019int\u00e9r\u00eat \u2013 Agent.e de programme invit\u00e9.e \u2013 M\u00e9tadonn\u00e9es et Collaboration ABRC-OpenAIRE"}]},{"@type":"WebSite","@id":"https:\/\/www.carl-abrc.ca\/fr\/#website","url":"https:\/\/www.carl-abrc.ca\/fr\/","name":"Association des biblioth\u00e8ques de recherche du Canada","description":"ABRC","publisher":{"@id":"https:\/\/www.carl-abrc.ca\/fr\/#organization"},"potentialAction":[{"@type":"SearchAction","target":{"@type":"EntryPoint","urlTemplate":"https:\/\/www.carl-abrc.ca\/fr\/?s={search_term_string}"},"query-input":{"@type":"PropertyValueSpecification","valueRequired":true,"valueName":"search_term_string"}}],"inLanguage":"fr-FR"},{"@type":"Organization","@id":"https:\/\/www.carl-abrc.ca\/fr\/#organization","name":"Association des biblioth\u00e8ques de recherche du Canada","url":"https:\/\/www.carl-abrc.ca\/fr\/","logo":{"@type":"ImageObject","inLanguage":"fr-FR","@id":"https:\/\/www.carl-abrc.ca\/fr\/#\/schema\/logo\/image\/","url":"https:\/\/www.carl-abrc.ca\/wp-content\/uploads\/2024\/07\/cropped-Stacked_Colour_L.png","contentUrl":"https:\/\/www.carl-abrc.ca\/wp-content\/uploads\/2024\/07\/cropped-Stacked_Colour_L.png","width":641,"height":250,"caption":"Association des biblioth\u00e8ques de recherche du Canada"},"image":{"@id":"https:\/\/www.carl-abrc.ca\/fr\/#\/schema\/logo\/image\/"},"sameAs":["https:\/\/x.com\/carlabrc"]},{"@type":"Person","@id":"https:\/\/www.carl-abrc.ca\/fr\/#\/schema\/person\/98e5fc089af8c90ef31f178793d7f5d1","name":"CARL ABRC","image":{"@type":"ImageObject","inLanguage":"fr-FR","@id":"https:\/\/secure.gravatar.com\/avatar\/c2c9b376bd4002fbd30a8b9425e697c0b60aeef1966421e6ee3f5d8137228c29?s=96&d=mm&r=g","url":"https:\/\/secure.gravatar.com\/avatar\/c2c9b376bd4002fbd30a8b9425e697c0b60aeef1966421e6ee3f5d8137228c29?s=96&d=mm&r=g","contentUrl":"https:\/\/secure.gravatar.com\/avatar\/c2c9b376bd4002fbd30a8b9425e697c0b60aeef1966421e6ee3f5d8137228c29?s=96&d=mm&r=g","caption":"CARL ABRC"},"url":"https:\/\/www.carl-abrc.ca\/fr\/author\/infocarl-abrc-ca\/"}]}},"_links":{"self":[{"href":"https:\/\/www.carl-abrc.ca\/fr\/wp-json\/wp\/v2\/posts\/30802","targetHints":{"allow":["GET"]}}],"collection":[{"href":"https:\/\/www.carl-abrc.ca\/fr\/wp-json\/wp\/v2\/posts"}],"about":[{"href":"https:\/\/www.carl-abrc.ca\/fr\/wp-json\/wp\/v2\/types\/post"}],"author":[{"embeddable":true,"href":"https:\/\/www.carl-abrc.ca\/fr\/wp-json\/wp\/v2\/users\/11"}],"replies":[{"embeddable":true,"href":"https:\/\/www.carl-abrc.ca\/fr\/wp-json\/wp\/v2\/comments?post=30802"}],"version-history":[{"count":0,"href":"https:\/\/www.carl-abrc.ca\/fr\/wp-json\/wp\/v2\/posts\/30802\/revisions"}],"wp:featuredmedia":[{"embeddable":true,"href":"https:\/\/www.carl-abrc.ca\/fr\/wp-json\/wp\/v2\/media\/36194"}],"wp:attachment":[{"href":"https:\/\/www.carl-abrc.ca\/fr\/wp-json\/wp\/v2\/media?parent=30802"}],"wp:term":[{"taxonomy":"category","embeddable":true,"href":"https:\/\/www.carl-abrc.ca\/fr\/wp-json\/wp\/v2\/categories?post=30802"},{"taxonomy":"post_tag","embeddable":true,"href":"https:\/\/www.carl-abrc.ca\/fr\/wp-json\/wp\/v2\/tags?post=30802"}],"curies":[{"name":"wp","href":"https:\/\/api.w.org\/{rel}","templated":true}]}}