{"id":31317,"date":"2023-04-13T09:59:25","date_gmt":"2023-04-13T13:59:25","guid":{"rendered":"https:\/\/www.carl-abrc.ca\/?p=31317"},"modified":"2023-04-13T09:59:25","modified_gmt":"2023-04-13T13:59:25","slug":"nouvelle-api-de-labrc-pour-lequite-la-diversite-et-linclusion-2","status":"publish","type":"post","link":"https:\/\/www.carl-abrc.ca\/fr\/nouvelles\/nouvelle-api-de-labrc-pour-lequite-la-diversite-et-linclusion-2\/","title":{"rendered":"Nouvelle API de l\u2019ABRC pour l\u2019\u00e9quit\u00e9, la diversit\u00e9 et l\u2019inclusion"},"content":{"rendered":"<p><strong>13 avril 2023.<\/strong> &#8211; L\u2019Association des Biblioth\u00e8ques de Recherche du Canada est heureuse d\u2019accueillir Aditi Gupta \u00e0 titre d\u2019agente de programme invit\u00e9e pour l\u2019\u00e9quit\u00e9, la diversit\u00e9 et l\u2019inclusion.<\/p>\n<p>Aditi est biblioth\u00e9caire en g\u00e9nie et en sciences aux biblioth\u00e8ques de l&rsquo;Universit\u00e9 de Victoria. Elle a obtenu sa ma\u00eetrise en biblioth\u00e9conomie et sciences de l&rsquo;information de l&rsquo;Universit\u00e9 de la Colombie-Britannique en 2004 et a travaill\u00e9 dans des biblioth\u00e8ques pendant plus de 16 ans. Les int\u00e9r\u00eats de recherche d&rsquo;Aditi comprennent la diversit\u00e9 et l&rsquo;inclusion dans les biblioth\u00e8ques, les pratiques d&rsquo;enseignement inclusives, l&rsquo;enseignement de la ma\u00eetrise de l&rsquo;information et les comportements de recherche d&rsquo;information des minorit\u00e9s visibles, des \u00e9tudiants internationaux et des populations multiculturelles. Aditi est l&rsquo;ancien r\u00e9cipiendaire de la subvention pour la diversit\u00e9 de l&rsquo;ALA (2015-2016), de la subvention de recherche collaborative de l&rsquo;Institut indo-canadien Shastri (2018-2020), de la subvention pour les comp\u00e9tences en communication scientifique du CRSNG (2021-2022) et des bourses anti-racisme de Learning &amp; Teaching Support Innovation (2021-2023).<\/p>\n<p>Aditi travaillera en collaboration avec la pr\u00e9sidente et les membres du\u00a0<u><a href=\"https:\/\/www.carl-abrc.ca\/fr\/groupe-de-travail-sur-lequite-la-diversite-et-linclusion-de-labrc\/\">Groupe de travail sur l\u2019\u00e9quit\u00e9, la diversit\u00e9 et l\u2019inclusion<\/a><\/u>\u00a0(GTEDI) de l\u2019ABRC et avec l\u2019agente principale de programme \u00e0 temps plein de l\u2019ABRC qui appuie les initiatives du Comit\u00e9 sur l\u2019accroissement de la capacit\u00e9, pour faire avancer la\u00a0<u><a href=\"https:\/\/www.carl-abrc.ca\/fr\/edi\/\">liste croissante d\u2019initiatives d\u2019EDI de l\u2019ABRC<\/a><\/u>.<\/p>\n<p>L&rsquo;ABRC aimerait \u00e9galement profiter de cette occasion pour remercier la VPO-EDI de l\u2019ABRC sortante, Victoria Ho de l&rsquo;Universit\u00e9 du Manitoba, pour son leadership et ses contributions dans ce domaine au cours de la derni\u00e8re ann\u00e9e.<\/p>\n","protected":false},"excerpt":{"rendered":"<p>13 avril 2023. &#8211; L\u2019Association des Biblioth\u00e8ques de Recherche du Canada est heureuse d\u2019accueillir Aditi Gupta \u00e0 titre d\u2019agente de programme invit\u00e9e pour l\u2019\u00e9quit\u00e9, la diversit\u00e9 et l\u2019inclusion. Aditi est [&hellip;]<\/p>\n","protected":false},"author":63,"featured_media":36194,"comment_status":"closed","ping_status":"closed","sticky":false,"template":"","format":"standard","meta":{"_acf_changed":false,"_EventAllDay":false,"_EventTimezone":"","_EventStartDate":"","_EventEndDate":"","_EventStartDateUTC":"","_EventEndDateUTC":"","_EventShowMap":false,"_EventShowMapLink":false,"_EventURL":"","_EventCost":"","_EventCostDescription":"","_EventCurrencySymbol":"","_EventCurrencyCode":"","_EventCurrencyPosition":"","_EventDateTimeSeparator":"","_EventTimeRangeSeparator":"","_EventOrganizerID":[],"_EventVenueID":[],"_OrganizerEmail":"","_OrganizerPhone":"","_OrganizerWebsite":"","_VenueAddress":"","_VenueCity":"","_VenueCountry":"","_VenueProvince":"","_VenueState":"","_VenueZip":"","_VenuePhone":"","_VenueURL":"","_VenueStateProvince":"","_VenueLat":"","_VenueLng":"","_VenueShowMap":false,"_VenueShowMapLink":false,"footnotes":""},"categories":[36,2],"tags":[],"class_list":["post-31317","post","type-post","status-publish","format-standard","has-post-thumbnail","hentry","category-edi","category-nouvelles"],"acf":[],"yoast_head":"<!-- This site is optimized with the Yoast SEO plugin v27.5 - https:\/\/yoast.com\/product\/yoast-seo-wordpress\/ -->\n<title>Nouvelle API de l\u2019ABRC pour l\u2019\u00e9quit\u00e9, la diversit\u00e9 et l\u2019inclusion - Association des biblioth\u00e8ques de recherche du Canada<\/title>\n<meta name=\"robots\" content=\"index, follow, max-snippet:-1, max-image-preview:large, max-video-preview:-1\" \/>\n<link rel=\"canonical\" href=\"https:\/\/www.carl-abrc.ca\/fr\/nouvelles\/nouvelle-api-de-labrc-pour-lequite-la-diversite-et-linclusion-2\/\" \/>\n<meta property=\"og:locale\" content=\"fr_FR\" \/>\n<meta property=\"og:type\" content=\"article\" \/>\n<meta property=\"og:title\" content=\"Nouvelle API de l\u2019ABRC pour l\u2019\u00e9quit\u00e9, la diversit\u00e9 et l\u2019inclusion - Association des biblioth\u00e8ques de recherche du Canada\" \/>\n<meta property=\"og:description\" content=\"13 avril 2023. &#8211; L\u2019Association des Biblioth\u00e8ques de Recherche du Canada est heureuse d\u2019accueillir Aditi Gupta \u00e0 titre d\u2019agente de programme invit\u00e9e pour l\u2019\u00e9quit\u00e9, la diversit\u00e9 et l\u2019inclusion. Aditi est [&hellip;]\" \/>\n<meta property=\"og:url\" content=\"https:\/\/www.carl-abrc.ca\/fr\/nouvelles\/nouvelle-api-de-labrc-pour-lequite-la-diversite-et-linclusion-2\/\" \/>\n<meta property=\"og:site_name\" content=\"Association des biblioth\u00e8ques de recherche du Canada\" \/>\n<meta property=\"article:published_time\" content=\"2023-04-13T13:59:25+00:00\" \/>\n<meta property=\"og:image\" content=\"https:\/\/www.carl-abrc.ca\/wp-content\/uploads\/2024\/09\/NewsFeaturedImage-1.jpg\" \/>\n\t<meta property=\"og:image:width\" content=\"1920\" \/>\n\t<meta property=\"og:image:height\" content=\"1080\" \/>\n\t<meta property=\"og:image:type\" content=\"image\/jpeg\" \/>\n<meta name=\"author\" content=\"Julie Morin\" \/>\n<meta name=\"twitter:label1\" content=\"\u00c9crit par\" \/>\n\t<meta name=\"twitter:data1\" content=\"Julie Morin\" \/>\n\t<meta name=\"twitter:label2\" content=\"Dur\u00e9e de lecture estim\u00e9e\" \/>\n\t<meta name=\"twitter:data2\" content=\"2 minutes\" \/>\n<script type=\"application\/ld+json\" class=\"yoast-schema-graph\">{\"@context\":\"https:\\\/\\\/schema.org\",\"@graph\":[{\"@type\":\"Article\",\"@id\":\"https:\\\/\\\/www.carl-abrc.ca\\\/fr\\\/nouvelles\\\/nouvelle-api-de-labrc-pour-lequite-la-diversite-et-linclusion-2\\\/#article\",\"isPartOf\":{\"@id\":\"https:\\\/\\\/www.carl-abrc.ca\\\/fr\\\/nouvelles\\\/nouvelle-api-de-labrc-pour-lequite-la-diversite-et-linclusion-2\\\/\"},\"author\":{\"name\":\"Julie Morin\",\"@id\":\"https:\\\/\\\/www.carl-abrc.ca\\\/fr\\\/#\\\/schema\\\/person\\\/d9b6bfb73c89f6e9eafbd338013764ed\"},\"headline\":\"Nouvelle API de l\u2019ABRC pour l\u2019\u00e9quit\u00e9, la diversit\u00e9 et l\u2019inclusion\",\"datePublished\":\"2023-04-13T13:59:25+00:00\",\"mainEntityOfPage\":{\"@id\":\"https:\\\/\\\/www.carl-abrc.ca\\\/fr\\\/nouvelles\\\/nouvelle-api-de-labrc-pour-lequite-la-diversite-et-linclusion-2\\\/\"},\"wordCount\":301,\"publisher\":{\"@id\":\"https:\\\/\\\/www.carl-abrc.ca\\\/fr\\\/#organization\"},\"image\":{\"@id\":\"https:\\\/\\\/www.carl-abrc.ca\\\/fr\\\/nouvelles\\\/nouvelle-api-de-labrc-pour-lequite-la-diversite-et-linclusion-2\\\/#primaryimage\"},\"thumbnailUrl\":\"https:\\\/\\\/www.carl-abrc.ca\\\/wp-content\\\/uploads\\\/2024\\\/09\\\/NewsFeaturedImage-1.jpg\",\"articleSection\":[\"\u00c9DI\",\"Nouvelles\"],\"inLanguage\":\"fr-FR\"},{\"@type\":\"WebPage\",\"@id\":\"https:\\\/\\\/www.carl-abrc.ca\\\/fr\\\/nouvelles\\\/nouvelle-api-de-labrc-pour-lequite-la-diversite-et-linclusion-2\\\/\",\"url\":\"https:\\\/\\\/www.carl-abrc.ca\\\/fr\\\/nouvelles\\\/nouvelle-api-de-labrc-pour-lequite-la-diversite-et-linclusion-2\\\/\",\"name\":\"Nouvelle API de l\u2019ABRC pour l\u2019\u00e9quit\u00e9, la diversit\u00e9 et l\u2019inclusion - Association des biblioth\u00e8ques de recherche du Canada\",\"isPartOf\":{\"@id\":\"https:\\\/\\\/www.carl-abrc.ca\\\/fr\\\/#website\"},\"primaryImageOfPage\":{\"@id\":\"https:\\\/\\\/www.carl-abrc.ca\\\/fr\\\/nouvelles\\\/nouvelle-api-de-labrc-pour-lequite-la-diversite-et-linclusion-2\\\/#primaryimage\"},\"image\":{\"@id\":\"https:\\\/\\\/www.carl-abrc.ca\\\/fr\\\/nouvelles\\\/nouvelle-api-de-labrc-pour-lequite-la-diversite-et-linclusion-2\\\/#primaryimage\"},\"thumbnailUrl\":\"https:\\\/\\\/www.carl-abrc.ca\\\/wp-content\\\/uploads\\\/2024\\\/09\\\/NewsFeaturedImage-1.jpg\",\"datePublished\":\"2023-04-13T13:59:25+00:00\",\"breadcrumb\":{\"@id\":\"https:\\\/\\\/www.carl-abrc.ca\\\/fr\\\/nouvelles\\\/nouvelle-api-de-labrc-pour-lequite-la-diversite-et-linclusion-2\\\/#breadcrumb\"},\"inLanguage\":\"fr-FR\",\"potentialAction\":[{\"@type\":\"ReadAction\",\"target\":[\"https:\\\/\\\/www.carl-abrc.ca\\\/fr\\\/nouvelles\\\/nouvelle-api-de-labrc-pour-lequite-la-diversite-et-linclusion-2\\\/\"]}]},{\"@type\":\"ImageObject\",\"inLanguage\":\"fr-FR\",\"@id\":\"https:\\\/\\\/www.carl-abrc.ca\\\/fr\\\/nouvelles\\\/nouvelle-api-de-labrc-pour-lequite-la-diversite-et-linclusion-2\\\/#primaryimage\",\"url\":\"https:\\\/\\\/www.carl-abrc.ca\\\/wp-content\\\/uploads\\\/2024\\\/09\\\/NewsFeaturedImage-1.jpg\",\"contentUrl\":\"https:\\\/\\\/www.carl-abrc.ca\\\/wp-content\\\/uploads\\\/2024\\\/09\\\/NewsFeaturedImage-1.jpg\",\"width\":1920,\"height\":1080,\"caption\":\"C.A.R.L. Logo\"},{\"@type\":\"BreadcrumbList\",\"@id\":\"https:\\\/\\\/www.carl-abrc.ca\\\/fr\\\/nouvelles\\\/nouvelle-api-de-labrc-pour-lequite-la-diversite-et-linclusion-2\\\/#breadcrumb\",\"itemListElement\":[{\"@type\":\"ListItem\",\"position\":1,\"name\":\"Accueil\",\"item\":\"https:\\\/\\\/www.carl-abrc.ca\\\/fr\\\/home-3\\\/\"},{\"@type\":\"ListItem\",\"position\":2,\"name\":\"Nouvelle API de l\u2019ABRC pour l\u2019\u00e9quit\u00e9, la diversit\u00e9 et l\u2019inclusion\"}]},{\"@type\":\"WebSite\",\"@id\":\"https:\\\/\\\/www.carl-abrc.ca\\\/fr\\\/#website\",\"url\":\"https:\\\/\\\/www.carl-abrc.ca\\\/fr\\\/\",\"name\":\"Association des biblioth\u00e8ques de recherche du Canada\",\"description\":\"ABRC\",\"publisher\":{\"@id\":\"https:\\\/\\\/www.carl-abrc.ca\\\/fr\\\/#organization\"},\"potentialAction\":[{\"@type\":\"SearchAction\",\"target\":{\"@type\":\"EntryPoint\",\"urlTemplate\":\"https:\\\/\\\/www.carl-abrc.ca\\\/fr\\\/?s={search_term_string}\"},\"query-input\":{\"@type\":\"PropertyValueSpecification\",\"valueRequired\":true,\"valueName\":\"search_term_string\"}}],\"inLanguage\":\"fr-FR\"},{\"@type\":\"Organization\",\"@id\":\"https:\\\/\\\/www.carl-abrc.ca\\\/fr\\\/#organization\",\"name\":\"Association des biblioth\u00e8ques de recherche du Canada\",\"url\":\"https:\\\/\\\/www.carl-abrc.ca\\\/fr\\\/\",\"logo\":{\"@type\":\"ImageObject\",\"inLanguage\":\"fr-FR\",\"@id\":\"https:\\\/\\\/www.carl-abrc.ca\\\/fr\\\/#\\\/schema\\\/logo\\\/image\\\/\",\"url\":\"https:\\\/\\\/www.carl-abrc.ca\\\/wp-content\\\/uploads\\\/2024\\\/07\\\/cropped-Stacked_Colour_L.png\",\"contentUrl\":\"https:\\\/\\\/www.carl-abrc.ca\\\/wp-content\\\/uploads\\\/2024\\\/07\\\/cropped-Stacked_Colour_L.png\",\"width\":641,\"height\":250,\"caption\":\"Association des biblioth\u00e8ques de recherche du Canada\"},\"image\":{\"@id\":\"https:\\\/\\\/www.carl-abrc.ca\\\/fr\\\/#\\\/schema\\\/logo\\\/image\\\/\"},\"sameAs\":[\"https:\\\/\\\/x.com\\\/carlabrc\"]},{\"@type\":\"Person\",\"@id\":\"https:\\\/\\\/www.carl-abrc.ca\\\/fr\\\/#\\\/schema\\\/person\\\/d9b6bfb73c89f6e9eafbd338013764ed\",\"name\":\"Julie Morin\",\"image\":{\"@type\":\"ImageObject\",\"inLanguage\":\"fr-FR\",\"@id\":\"https:\\\/\\\/secure.gravatar.com\\\/avatar\\\/8f563df894a5ea8e4663aea014d75f7ff272a49a318995c22006e48ba2fca63e?s=96&d=mm&r=g\",\"url\":\"https:\\\/\\\/secure.gravatar.com\\\/avatar\\\/8f563df894a5ea8e4663aea014d75f7ff272a49a318995c22006e48ba2fca63e?s=96&d=mm&r=g\",\"contentUrl\":\"https:\\\/\\\/secure.gravatar.com\\\/avatar\\\/8f563df894a5ea8e4663aea014d75f7ff272a49a318995c22006e48ba2fca63e?s=96&d=mm&r=g\",\"caption\":\"Julie Morin\"},\"url\":\"https:\\\/\\\/www.carl-abrc.ca\\\/fr\\\/author\\\/julie\\\/\"}]}<\/script>\n<!-- \/ Yoast SEO plugin. -->","yoast_head_json":{"title":"Nouvelle API de l\u2019ABRC pour l\u2019\u00e9quit\u00e9, la diversit\u00e9 et l\u2019inclusion - Association des biblioth\u00e8ques de recherche du Canada","robots":{"index":"index","follow":"follow","max-snippet":"max-snippet:-1","max-image-preview":"max-image-preview:large","max-video-preview":"max-video-preview:-1"},"canonical":"https:\/\/www.carl-abrc.ca\/fr\/nouvelles\/nouvelle-api-de-labrc-pour-lequite-la-diversite-et-linclusion-2\/","og_locale":"fr_FR","og_type":"article","og_title":"Nouvelle API de l\u2019ABRC pour l\u2019\u00e9quit\u00e9, la diversit\u00e9 et l\u2019inclusion - Association des biblioth\u00e8ques de recherche du Canada","og_description":"13 avril 2023. &#8211; L\u2019Association des Biblioth\u00e8ques de Recherche du Canada est heureuse d\u2019accueillir Aditi Gupta \u00e0 titre d\u2019agente de programme invit\u00e9e pour l\u2019\u00e9quit\u00e9, la diversit\u00e9 et l\u2019inclusion. Aditi est [&hellip;]","og_url":"https:\/\/www.carl-abrc.ca\/fr\/nouvelles\/nouvelle-api-de-labrc-pour-lequite-la-diversite-et-linclusion-2\/","og_site_name":"Association des biblioth\u00e8ques de recherche du Canada","article_published_time":"2023-04-13T13:59:25+00:00","og_image":[{"width":1920,"height":1080,"url":"https:\/\/www.carl-abrc.ca\/wp-content\/uploads\/2024\/09\/NewsFeaturedImage-1.jpg","type":"image\/jpeg"}],"author":"Julie Morin","twitter_misc":{"\u00c9crit par":"Julie Morin","Dur\u00e9e de lecture estim\u00e9e":"2 minutes"},"schema":{"@context":"https:\/\/schema.org","@graph":[{"@type":"Article","@id":"https:\/\/www.carl-abrc.ca\/fr\/nouvelles\/nouvelle-api-de-labrc-pour-lequite-la-diversite-et-linclusion-2\/#article","isPartOf":{"@id":"https:\/\/www.carl-abrc.ca\/fr\/nouvelles\/nouvelle-api-de-labrc-pour-lequite-la-diversite-et-linclusion-2\/"},"author":{"name":"Julie Morin","@id":"https:\/\/www.carl-abrc.ca\/fr\/#\/schema\/person\/d9b6bfb73c89f6e9eafbd338013764ed"},"headline":"Nouvelle API de l\u2019ABRC pour l\u2019\u00e9quit\u00e9, la diversit\u00e9 et l\u2019inclusion","datePublished":"2023-04-13T13:59:25+00:00","mainEntityOfPage":{"@id":"https:\/\/www.carl-abrc.ca\/fr\/nouvelles\/nouvelle-api-de-labrc-pour-lequite-la-diversite-et-linclusion-2\/"},"wordCount":301,"publisher":{"@id":"https:\/\/www.carl-abrc.ca\/fr\/#organization"},"image":{"@id":"https:\/\/www.carl-abrc.ca\/fr\/nouvelles\/nouvelle-api-de-labrc-pour-lequite-la-diversite-et-linclusion-2\/#primaryimage"},"thumbnailUrl":"https:\/\/www.carl-abrc.ca\/wp-content\/uploads\/2024\/09\/NewsFeaturedImage-1.jpg","articleSection":["\u00c9DI","Nouvelles"],"inLanguage":"fr-FR"},{"@type":"WebPage","@id":"https:\/\/www.carl-abrc.ca\/fr\/nouvelles\/nouvelle-api-de-labrc-pour-lequite-la-diversite-et-linclusion-2\/","url":"https:\/\/www.carl-abrc.ca\/fr\/nouvelles\/nouvelle-api-de-labrc-pour-lequite-la-diversite-et-linclusion-2\/","name":"Nouvelle API de l\u2019ABRC pour l\u2019\u00e9quit\u00e9, la diversit\u00e9 et l\u2019inclusion - Association des biblioth\u00e8ques de recherche du Canada","isPartOf":{"@id":"https:\/\/www.carl-abrc.ca\/fr\/#website"},"primaryImageOfPage":{"@id":"https:\/\/www.carl-abrc.ca\/fr\/nouvelles\/nouvelle-api-de-labrc-pour-lequite-la-diversite-et-linclusion-2\/#primaryimage"},"image":{"@id":"https:\/\/www.carl-abrc.ca\/fr\/nouvelles\/nouvelle-api-de-labrc-pour-lequite-la-diversite-et-linclusion-2\/#primaryimage"},"thumbnailUrl":"https:\/\/www.carl-abrc.ca\/wp-content\/uploads\/2024\/09\/NewsFeaturedImage-1.jpg","datePublished":"2023-04-13T13:59:25+00:00","breadcrumb":{"@id":"https:\/\/www.carl-abrc.ca\/fr\/nouvelles\/nouvelle-api-de-labrc-pour-lequite-la-diversite-et-linclusion-2\/#breadcrumb"},"inLanguage":"fr-FR","potentialAction":[{"@type":"ReadAction","target":["https:\/\/www.carl-abrc.ca\/fr\/nouvelles\/nouvelle-api-de-labrc-pour-lequite-la-diversite-et-linclusion-2\/"]}]},{"@type":"ImageObject","inLanguage":"fr-FR","@id":"https:\/\/www.carl-abrc.ca\/fr\/nouvelles\/nouvelle-api-de-labrc-pour-lequite-la-diversite-et-linclusion-2\/#primaryimage","url":"https:\/\/www.carl-abrc.ca\/wp-content\/uploads\/2024\/09\/NewsFeaturedImage-1.jpg","contentUrl":"https:\/\/www.carl-abrc.ca\/wp-content\/uploads\/2024\/09\/NewsFeaturedImage-1.jpg","width":1920,"height":1080,"caption":"C.A.R.L. Logo"},{"@type":"BreadcrumbList","@id":"https:\/\/www.carl-abrc.ca\/fr\/nouvelles\/nouvelle-api-de-labrc-pour-lequite-la-diversite-et-linclusion-2\/#breadcrumb","itemListElement":[{"@type":"ListItem","position":1,"name":"Accueil","item":"https:\/\/www.carl-abrc.ca\/fr\/home-3\/"},{"@type":"ListItem","position":2,"name":"Nouvelle API de l\u2019ABRC pour l\u2019\u00e9quit\u00e9, la diversit\u00e9 et l\u2019inclusion"}]},{"@type":"WebSite","@id":"https:\/\/www.carl-abrc.ca\/fr\/#website","url":"https:\/\/www.carl-abrc.ca\/fr\/","name":"Association des biblioth\u00e8ques de recherche du Canada","description":"ABRC","publisher":{"@id":"https:\/\/www.carl-abrc.ca\/fr\/#organization"},"potentialAction":[{"@type":"SearchAction","target":{"@type":"EntryPoint","urlTemplate":"https:\/\/www.carl-abrc.ca\/fr\/?s={search_term_string}"},"query-input":{"@type":"PropertyValueSpecification","valueRequired":true,"valueName":"search_term_string"}}],"inLanguage":"fr-FR"},{"@type":"Organization","@id":"https:\/\/www.carl-abrc.ca\/fr\/#organization","name":"Association des biblioth\u00e8ques de recherche du Canada","url":"https:\/\/www.carl-abrc.ca\/fr\/","logo":{"@type":"ImageObject","inLanguage":"fr-FR","@id":"https:\/\/www.carl-abrc.ca\/fr\/#\/schema\/logo\/image\/","url":"https:\/\/www.carl-abrc.ca\/wp-content\/uploads\/2024\/07\/cropped-Stacked_Colour_L.png","contentUrl":"https:\/\/www.carl-abrc.ca\/wp-content\/uploads\/2024\/07\/cropped-Stacked_Colour_L.png","width":641,"height":250,"caption":"Association des biblioth\u00e8ques de recherche du Canada"},"image":{"@id":"https:\/\/www.carl-abrc.ca\/fr\/#\/schema\/logo\/image\/"},"sameAs":["https:\/\/x.com\/carlabrc"]},{"@type":"Person","@id":"https:\/\/www.carl-abrc.ca\/fr\/#\/schema\/person\/d9b6bfb73c89f6e9eafbd338013764ed","name":"Julie Morin","image":{"@type":"ImageObject","inLanguage":"fr-FR","@id":"https:\/\/secure.gravatar.com\/avatar\/8f563df894a5ea8e4663aea014d75f7ff272a49a318995c22006e48ba2fca63e?s=96&d=mm&r=g","url":"https:\/\/secure.gravatar.com\/avatar\/8f563df894a5ea8e4663aea014d75f7ff272a49a318995c22006e48ba2fca63e?s=96&d=mm&r=g","contentUrl":"https:\/\/secure.gravatar.com\/avatar\/8f563df894a5ea8e4663aea014d75f7ff272a49a318995c22006e48ba2fca63e?s=96&d=mm&r=g","caption":"Julie Morin"},"url":"https:\/\/www.carl-abrc.ca\/fr\/author\/julie\/"}]}},"_links":{"self":[{"href":"https:\/\/www.carl-abrc.ca\/fr\/wp-json\/wp\/v2\/posts\/31317","targetHints":{"allow":["GET"]}}],"collection":[{"href":"https:\/\/www.carl-abrc.ca\/fr\/wp-json\/wp\/v2\/posts"}],"about":[{"href":"https:\/\/www.carl-abrc.ca\/fr\/wp-json\/wp\/v2\/types\/post"}],"author":[{"embeddable":true,"href":"https:\/\/www.carl-abrc.ca\/fr\/wp-json\/wp\/v2\/users\/63"}],"replies":[{"embeddable":true,"href":"https:\/\/www.carl-abrc.ca\/fr\/wp-json\/wp\/v2\/comments?post=31317"}],"version-history":[{"count":0,"href":"https:\/\/www.carl-abrc.ca\/fr\/wp-json\/wp\/v2\/posts\/31317\/revisions"}],"wp:featuredmedia":[{"embeddable":true,"href":"https:\/\/www.carl-abrc.ca\/fr\/wp-json\/wp\/v2\/media\/36194"}],"wp:attachment":[{"href":"https:\/\/www.carl-abrc.ca\/fr\/wp-json\/wp\/v2\/media?parent=31317"}],"wp:term":[{"taxonomy":"category","embeddable":true,"href":"https:\/\/www.carl-abrc.ca\/fr\/wp-json\/wp\/v2\/categories?post=31317"},{"taxonomy":"post_tag","embeddable":true,"href":"https:\/\/www.carl-abrc.ca\/fr\/wp-json\/wp\/v2\/tags?post=31317"}],"curies":[{"name":"wp","href":"https:\/\/api.w.org\/{rel}","templated":true}]}}