{"id":31505,"date":"2023-05-18T14:09:43","date_gmt":"2023-05-18T18:09:43","guid":{"rendered":"https:\/\/www.carl-abrc.ca\/?p=31505"},"modified":"2023-06-09T13:35:54","modified_gmt":"2023-06-09T17:35:54","slug":"lassociation-des-bibliotheques-de-recherche-du-canada-abrc-publie-le-cadre-national-de-revendication-pour-les-ressources-educatives-libres-rel","status":"publish","type":"post","link":"https:\/\/www.carl-abrc.ca\/fr\/nouvelles\/lassociation-des-bibliotheques-de-recherche-du-canada-abrc-publie-le-cadre-national-de-revendication-pour-les-ressources-educatives-libres-rel\/","title":{"rendered":"L&rsquo;Association des biblioth\u00e8ques de recherche du Canada (ABRC) publie le Cadre national de revendication pour les ressources \u00e9ducatives libres (REL)"},"content":{"rendered":"<p><strong>Le 18 mai 2023<\/strong> &#8211; L&rsquo;Association des biblioth\u00e8ques de recherche du Canada (ABRC) est fi\u00e8re d&rsquo;annoncer la publication d&rsquo;un document exhaustif, <a href=\"https:\/\/www.carl-abrc.ca\/wp-content\/uploads\/2023\/06\/Cadre-national-de-revendication-pour-les-ressources-educatives-libres-au-Canada.pdf\"><span lang=\"FR-CA\">Cadre national de revendication pour les ressources \u00e9ducatives libres au Canada<\/span><\/a>, qui vise \u00e0 promouvoir l&rsquo;adoption et le soutien des ressources \u00e9ducatives libres (REL) dans l&rsquo;ensemble du pays.<\/p>\n<p>Ce cadre est le fruit d&rsquo;une collaboration entre diverses parties prenantes, notamment des groupes d&rsquo;\u00e9tudiants nationaux, des organisations provinciales d&rsquo;\u00e9ducation ouverte, des universitaires, des d\u00e9fenseurs de l&rsquo;\u00e9ducation ouverte et des repr\u00e9sentants d&rsquo;\u00e9tablissements d&rsquo;enseignement sup\u00e9rieur.\u00a0 Il a pour but d&rsquo;aider \u00e0 faire progresser et \u00e0 informer les efforts de promotion aupr\u00e8s du gouvernement f\u00e9d\u00e9ral. L&rsquo;objectif final est de fournir des conseils aux parties prenantes pour qu&rsquo;elles plaident en faveur de l&rsquo;implication du gouvernement f\u00e9d\u00e9ral dans les REL.<\/p>\n<p>Fruit du travail du groupe <a href=\"https:\/\/www.carl-abrc.ca\/fr\/faire-avancer-la-recherche\/communication-savante\/education-ouverte\/strategie-nationale-en-matiere-de-ressources-educatives-libres-rel\/\">Open Educational Resources (OER) National Strategy &#8211; Strat\u00e9gie nationale en mati\u00e8re de ressources \u00e9ducatives libres (REL)<\/a>, un consortium d\u00e9di\u00e9 de parties prenantes anim\u00e9 par l&rsquo;ABRC, le Cadre a \u00e9t\u00e9 r\u00e9dig\u00e9 et revu par des praticiens et des experts issus de divers horizons du syst\u00e8me postsecondaire canadien. Divis\u00e9 en six sections et accompagn\u00e9 de cinq annexes, le document pr\u00e9sente un examen d\u00e9taill\u00e9 des REL dans l&rsquo;enseignement sup\u00e9rieur canadien et de leurs liens avec les programmes f\u00e9d\u00e9raux existants. Il propose des principes pour \u00e9tayer la participation f\u00e9d\u00e9rale et des priorit\u00e9s pour une approche nationale de l&rsquo;\u00e9ducation ouverte.<\/p>\n<p>L&rsquo;ABRC encourage toutes les parties prenantes du paysage \u00e9ducatif canadien \u00e0 examiner le Cadre national de revendication pour les ressources \u00e9ducatives libres au Canada et \u00e0 s&rsquo;engager activement dans les efforts de promotion de l&rsquo;implication du gouvernement f\u00e9d\u00e9ral dans les REL. En travaillant ensemble, nous pouvons favoriser une \u00e9ducation \u00e9quitable et accessible pour tous les Canadiens.<\/p>\n<p><a href=\"https:\/\/www.carl-abrc.ca\/wp-content\/uploads\/2023\/06\/Cadre-national-de-revendication-pour-les-ressources-educatives-libres-au-Canada.pdf\">Cadre national de revendication pour les ressources e\u0301ducatives libres au Canada<\/a><\/p>\n<p><a href=\"https:\/\/www.carl-abrc.ca\/wp-content\/uploads\/2023\/06\/A-National-Advocacy-Framework-for-Open-Educational-Resources-in-Canada.pdf\">A National Advocacy Framework for Open Educational Resources in Canada<\/a><\/p>\n<p>Pour plus d&rsquo;informations, veuillez contacter<\/p>\n<p>Susan Haigh, directrice g\u00e9n\u00e9rale<br \/>\nL&rsquo;Association des biblioth\u00e8ques de recherche du Canada \/ Canadian Association of Research Libraries (ABRC\/CARL)<br \/>\n<a href=\"mailto:susan.haigh@carl-abrc.ca\">susan.haigh@carl-abrc.ca<\/a><br \/>\n309, rue Cooper, bureau 203<br \/>\nOttawa (Ontario)<br \/>\nK2P 0G5<\/p>\n<p><strong>\u00c0 propos de l&rsquo;ABRC :<\/strong><\/p>\n<p>L&rsquo;Association des biblioth\u00e8ques de recherche du Canada \/ Canadian Association of Research Libraries (ABRC\/CARL) est un organisme sans but lucratif qui repr\u00e9sente les biblioth\u00e8ques de recherche du Canada. Nos membres comprennent les vingt-neuf plus grandes biblioth\u00e8ques universitaires du Canada et deux institutions f\u00e9d\u00e9rales. L&rsquo;ABRC soutient la communaut\u00e9 des chercheurs canadiens en jouant un r\u00f4le de chef de file dans les domaines de la communication savante, de l&rsquo;infrastructure de recherche et des pratiques des biblioth\u00e8ques de recherche factuelles.<\/p>\n","protected":false},"excerpt":{"rendered":"<p>Le 18 mai 2023 &#8211; L&rsquo;Association des biblioth\u00e8ques de recherche du Canada (ABRC) est fi\u00e8re d&rsquo;annoncer la publication d&rsquo;un document exhaustif, Cadre national de revendication pour les ressources \u00e9ducatives libres [&hellip;]<\/p>\n","protected":false},"author":11,"featured_media":36194,"comment_status":"closed","ping_status":"closed","sticky":false,"template":"","format":"standard","meta":{"_acf_changed":false,"_EventAllDay":false,"_EventTimezone":"","_EventStartDate":"","_EventEndDate":"","_EventStartDateUTC":"","_EventEndDateUTC":"","_EventShowMap":false,"_EventShowMapLink":false,"_EventURL":"","_EventCost":"","_EventCostDescription":"","_EventCurrencySymbol":"","_EventCurrencyCode":"","_EventCurrencyPosition":"","_EventDateTimeSeparator":"","_EventTimeRangeSeparator":"","_EventOrganizerID":[],"_EventVenueID":[],"_OrganizerEmail":"","_OrganizerPhone":"","_OrganizerWebsite":"","_VenueAddress":"","_VenueCity":"","_VenueCountry":"","_VenueProvince":"","_VenueState":"","_VenueZip":"","_VenuePhone":"","_VenueURL":"","_VenueStateProvince":"","_VenueLat":"","_VenueLng":"","_VenueShowMap":false,"_VenueShowMapLink":false,"footnotes":""},"categories":[27,2],"tags":[],"class_list":["post-31505","post","type-post","status-publish","format-standard","has-post-thumbnail","hentry","category-education-ouverte","category-nouvelles"],"acf":[],"yoast_head":"<!-- This site is optimized with the Yoast SEO plugin v27.4 - https:\/\/yoast.com\/product\/yoast-seo-wordpress\/ -->\n<title>L&#039;Association des biblioth\u00e8ques de recherche du Canada (ABRC) publie le Cadre national de revendication pour les ressources \u00e9ducatives libres (REL) - Association des biblioth\u00e8ques de recherche du Canada<\/title>\n<meta name=\"robots\" content=\"index, follow, max-snippet:-1, max-image-preview:large, max-video-preview:-1\" \/>\n<link rel=\"canonical\" href=\"https:\/\/www.carl-abrc.ca\/fr\/nouvelles\/lassociation-des-bibliotheques-de-recherche-du-canada-abrc-publie-le-cadre-national-de-revendication-pour-les-ressources-educatives-libres-rel\/\" \/>\n<meta property=\"og:locale\" content=\"fr_FR\" \/>\n<meta property=\"og:type\" content=\"article\" \/>\n<meta property=\"og:title\" content=\"L&#039;Association des biblioth\u00e8ques de recherche du Canada (ABRC) publie le Cadre national de revendication pour les ressources \u00e9ducatives libres (REL) - Association des biblioth\u00e8ques de recherche du Canada\" \/>\n<meta property=\"og:description\" content=\"Le 18 mai 2023 &#8211; L&rsquo;Association des biblioth\u00e8ques de recherche du Canada (ABRC) est fi\u00e8re d&rsquo;annoncer la publication d&rsquo;un document exhaustif, Cadre national de revendication pour les ressources \u00e9ducatives libres [&hellip;]\" \/>\n<meta property=\"og:url\" content=\"https:\/\/www.carl-abrc.ca\/fr\/nouvelles\/lassociation-des-bibliotheques-de-recherche-du-canada-abrc-publie-le-cadre-national-de-revendication-pour-les-ressources-educatives-libres-rel\/\" \/>\n<meta property=\"og:site_name\" content=\"Association des biblioth\u00e8ques de recherche du Canada\" \/>\n<meta property=\"article:published_time\" content=\"2023-05-18T18:09:43+00:00\" \/>\n<meta property=\"article:modified_time\" content=\"2023-06-09T17:35:54+00:00\" \/>\n<meta property=\"og:image\" content=\"https:\/\/www.carl-abrc.ca\/wp-content\/uploads\/2024\/09\/NewsFeaturedImage-1.jpg\" \/>\n\t<meta property=\"og:image:width\" content=\"1920\" \/>\n\t<meta property=\"og:image:height\" content=\"1080\" \/>\n\t<meta property=\"og:image:type\" content=\"image\/jpeg\" \/>\n<meta name=\"author\" content=\"CARL ABRC\" \/>\n<meta name=\"twitter:label1\" content=\"\u00c9crit par\" \/>\n\t<meta name=\"twitter:data1\" content=\"CARL ABRC\" \/>\n\t<meta name=\"twitter:label2\" content=\"Dur\u00e9e de lecture estim\u00e9e\" \/>\n\t<meta name=\"twitter:data2\" content=\"2 minutes\" \/>\n<script type=\"application\/ld+json\" class=\"yoast-schema-graph\">{\"@context\":\"https:\\\/\\\/schema.org\",\"@graph\":[{\"@type\":\"Article\",\"@id\":\"https:\\\/\\\/www.carl-abrc.ca\\\/fr\\\/nouvelles\\\/lassociation-des-bibliotheques-de-recherche-du-canada-abrc-publie-le-cadre-national-de-revendication-pour-les-ressources-educatives-libres-rel\\\/#article\",\"isPartOf\":{\"@id\":\"https:\\\/\\\/www.carl-abrc.ca\\\/fr\\\/nouvelles\\\/lassociation-des-bibliotheques-de-recherche-du-canada-abrc-publie-le-cadre-national-de-revendication-pour-les-ressources-educatives-libres-rel\\\/\"},\"author\":{\"name\":\"CARL ABRC\",\"@id\":\"https:\\\/\\\/www.carl-abrc.ca\\\/fr\\\/#\\\/schema\\\/person\\\/98e5fc089af8c90ef31f178793d7f5d1\"},\"headline\":\"L&rsquo;Association des biblioth\u00e8ques de recherche du Canada (ABRC) publie le Cadre national de revendication pour les ressources \u00e9ducatives libres (REL)\",\"datePublished\":\"2023-05-18T18:09:43+00:00\",\"dateModified\":\"2023-06-09T17:35:54+00:00\",\"mainEntityOfPage\":{\"@id\":\"https:\\\/\\\/www.carl-abrc.ca\\\/fr\\\/nouvelles\\\/lassociation-des-bibliotheques-de-recherche-du-canada-abrc-publie-le-cadre-national-de-revendication-pour-les-ressources-educatives-libres-rel\\\/\"},\"wordCount\":496,\"publisher\":{\"@id\":\"https:\\\/\\\/www.carl-abrc.ca\\\/fr\\\/#organization\"},\"image\":{\"@id\":\"https:\\\/\\\/www.carl-abrc.ca\\\/fr\\\/nouvelles\\\/lassociation-des-bibliotheques-de-recherche-du-canada-abrc-publie-le-cadre-national-de-revendication-pour-les-ressources-educatives-libres-rel\\\/#primaryimage\"},\"thumbnailUrl\":\"https:\\\/\\\/www.carl-abrc.ca\\\/wp-content\\\/uploads\\\/2024\\\/09\\\/NewsFeaturedImage-1.jpg\",\"articleSection\":[\"\u00c9ducation ouverte\",\"Nouvelles\"],\"inLanguage\":\"fr-FR\"},{\"@type\":\"WebPage\",\"@id\":\"https:\\\/\\\/www.carl-abrc.ca\\\/fr\\\/nouvelles\\\/lassociation-des-bibliotheques-de-recherche-du-canada-abrc-publie-le-cadre-national-de-revendication-pour-les-ressources-educatives-libres-rel\\\/\",\"url\":\"https:\\\/\\\/www.carl-abrc.ca\\\/fr\\\/nouvelles\\\/lassociation-des-bibliotheques-de-recherche-du-canada-abrc-publie-le-cadre-national-de-revendication-pour-les-ressources-educatives-libres-rel\\\/\",\"name\":\"L'Association des biblioth\u00e8ques de recherche du Canada (ABRC) publie le Cadre national de revendication pour les ressources \u00e9ducatives libres (REL) - Association des biblioth\u00e8ques de recherche du Canada\",\"isPartOf\":{\"@id\":\"https:\\\/\\\/www.carl-abrc.ca\\\/fr\\\/#website\"},\"primaryImageOfPage\":{\"@id\":\"https:\\\/\\\/www.carl-abrc.ca\\\/fr\\\/nouvelles\\\/lassociation-des-bibliotheques-de-recherche-du-canada-abrc-publie-le-cadre-national-de-revendication-pour-les-ressources-educatives-libres-rel\\\/#primaryimage\"},\"image\":{\"@id\":\"https:\\\/\\\/www.carl-abrc.ca\\\/fr\\\/nouvelles\\\/lassociation-des-bibliotheques-de-recherche-du-canada-abrc-publie-le-cadre-national-de-revendication-pour-les-ressources-educatives-libres-rel\\\/#primaryimage\"},\"thumbnailUrl\":\"https:\\\/\\\/www.carl-abrc.ca\\\/wp-content\\\/uploads\\\/2024\\\/09\\\/NewsFeaturedImage-1.jpg\",\"datePublished\":\"2023-05-18T18:09:43+00:00\",\"dateModified\":\"2023-06-09T17:35:54+00:00\",\"breadcrumb\":{\"@id\":\"https:\\\/\\\/www.carl-abrc.ca\\\/fr\\\/nouvelles\\\/lassociation-des-bibliotheques-de-recherche-du-canada-abrc-publie-le-cadre-national-de-revendication-pour-les-ressources-educatives-libres-rel\\\/#breadcrumb\"},\"inLanguage\":\"fr-FR\",\"potentialAction\":[{\"@type\":\"ReadAction\",\"target\":[\"https:\\\/\\\/www.carl-abrc.ca\\\/fr\\\/nouvelles\\\/lassociation-des-bibliotheques-de-recherche-du-canada-abrc-publie-le-cadre-national-de-revendication-pour-les-ressources-educatives-libres-rel\\\/\"]}]},{\"@type\":\"ImageObject\",\"inLanguage\":\"fr-FR\",\"@id\":\"https:\\\/\\\/www.carl-abrc.ca\\\/fr\\\/nouvelles\\\/lassociation-des-bibliotheques-de-recherche-du-canada-abrc-publie-le-cadre-national-de-revendication-pour-les-ressources-educatives-libres-rel\\\/#primaryimage\",\"url\":\"https:\\\/\\\/www.carl-abrc.ca\\\/wp-content\\\/uploads\\\/2024\\\/09\\\/NewsFeaturedImage-1.jpg\",\"contentUrl\":\"https:\\\/\\\/www.carl-abrc.ca\\\/wp-content\\\/uploads\\\/2024\\\/09\\\/NewsFeaturedImage-1.jpg\",\"width\":1920,\"height\":1080,\"caption\":\"C.A.R.L. Logo\"},{\"@type\":\"BreadcrumbList\",\"@id\":\"https:\\\/\\\/www.carl-abrc.ca\\\/fr\\\/nouvelles\\\/lassociation-des-bibliotheques-de-recherche-du-canada-abrc-publie-le-cadre-national-de-revendication-pour-les-ressources-educatives-libres-rel\\\/#breadcrumb\",\"itemListElement\":[{\"@type\":\"ListItem\",\"position\":1,\"name\":\"Accueil\",\"item\":\"https:\\\/\\\/www.carl-abrc.ca\\\/fr\\\/home-3\\\/\"},{\"@type\":\"ListItem\",\"position\":2,\"name\":\"L&rsquo;Association des biblioth\u00e8ques de recherche du Canada (ABRC) publie le Cadre national de revendication pour les ressources \u00e9ducatives libres (REL)\"}]},{\"@type\":\"WebSite\",\"@id\":\"https:\\\/\\\/www.carl-abrc.ca\\\/fr\\\/#website\",\"url\":\"https:\\\/\\\/www.carl-abrc.ca\\\/fr\\\/\",\"name\":\"Association des biblioth\u00e8ques de recherche du Canada\",\"description\":\"ABRC\",\"publisher\":{\"@id\":\"https:\\\/\\\/www.carl-abrc.ca\\\/fr\\\/#organization\"},\"potentialAction\":[{\"@type\":\"SearchAction\",\"target\":{\"@type\":\"EntryPoint\",\"urlTemplate\":\"https:\\\/\\\/www.carl-abrc.ca\\\/fr\\\/?s={search_term_string}\"},\"query-input\":{\"@type\":\"PropertyValueSpecification\",\"valueRequired\":true,\"valueName\":\"search_term_string\"}}],\"inLanguage\":\"fr-FR\"},{\"@type\":\"Organization\",\"@id\":\"https:\\\/\\\/www.carl-abrc.ca\\\/fr\\\/#organization\",\"name\":\"Association des biblioth\u00e8ques de recherche du Canada\",\"url\":\"https:\\\/\\\/www.carl-abrc.ca\\\/fr\\\/\",\"logo\":{\"@type\":\"ImageObject\",\"inLanguage\":\"fr-FR\",\"@id\":\"https:\\\/\\\/www.carl-abrc.ca\\\/fr\\\/#\\\/schema\\\/logo\\\/image\\\/\",\"url\":\"https:\\\/\\\/www.carl-abrc.ca\\\/wp-content\\\/uploads\\\/2024\\\/07\\\/cropped-Stacked_Colour_L.png\",\"contentUrl\":\"https:\\\/\\\/www.carl-abrc.ca\\\/wp-content\\\/uploads\\\/2024\\\/07\\\/cropped-Stacked_Colour_L.png\",\"width\":641,\"height\":250,\"caption\":\"Association des biblioth\u00e8ques de recherche du Canada\"},\"image\":{\"@id\":\"https:\\\/\\\/www.carl-abrc.ca\\\/fr\\\/#\\\/schema\\\/logo\\\/image\\\/\"},\"sameAs\":[\"https:\\\/\\\/x.com\\\/carlabrc\"]},{\"@type\":\"Person\",\"@id\":\"https:\\\/\\\/www.carl-abrc.ca\\\/fr\\\/#\\\/schema\\\/person\\\/98e5fc089af8c90ef31f178793d7f5d1\",\"name\":\"CARL ABRC\",\"image\":{\"@type\":\"ImageObject\",\"inLanguage\":\"fr-FR\",\"@id\":\"https:\\\/\\\/secure.gravatar.com\\\/avatar\\\/c2c9b376bd4002fbd30a8b9425e697c0b60aeef1966421e6ee3f5d8137228c29?s=96&d=mm&r=g\",\"url\":\"https:\\\/\\\/secure.gravatar.com\\\/avatar\\\/c2c9b376bd4002fbd30a8b9425e697c0b60aeef1966421e6ee3f5d8137228c29?s=96&d=mm&r=g\",\"contentUrl\":\"https:\\\/\\\/secure.gravatar.com\\\/avatar\\\/c2c9b376bd4002fbd30a8b9425e697c0b60aeef1966421e6ee3f5d8137228c29?s=96&d=mm&r=g\",\"caption\":\"CARL ABRC\"},\"url\":\"https:\\\/\\\/www.carl-abrc.ca\\\/fr\\\/author\\\/infocarl-abrc-ca\\\/\"}]}<\/script>\n<!-- \/ Yoast SEO plugin. -->","yoast_head_json":{"title":"L'Association des biblioth\u00e8ques de recherche du Canada (ABRC) publie le Cadre national de revendication pour les ressources \u00e9ducatives libres (REL) - Association des biblioth\u00e8ques de recherche du Canada","robots":{"index":"index","follow":"follow","max-snippet":"max-snippet:-1","max-image-preview":"max-image-preview:large","max-video-preview":"max-video-preview:-1"},"canonical":"https:\/\/www.carl-abrc.ca\/fr\/nouvelles\/lassociation-des-bibliotheques-de-recherche-du-canada-abrc-publie-le-cadre-national-de-revendication-pour-les-ressources-educatives-libres-rel\/","og_locale":"fr_FR","og_type":"article","og_title":"L'Association des biblioth\u00e8ques de recherche du Canada (ABRC) publie le Cadre national de revendication pour les ressources \u00e9ducatives libres (REL) - Association des biblioth\u00e8ques de recherche du Canada","og_description":"Le 18 mai 2023 &#8211; L&rsquo;Association des biblioth\u00e8ques de recherche du Canada (ABRC) est fi\u00e8re d&rsquo;annoncer la publication d&rsquo;un document exhaustif, Cadre national de revendication pour les ressources \u00e9ducatives libres [&hellip;]","og_url":"https:\/\/www.carl-abrc.ca\/fr\/nouvelles\/lassociation-des-bibliotheques-de-recherche-du-canada-abrc-publie-le-cadre-national-de-revendication-pour-les-ressources-educatives-libres-rel\/","og_site_name":"Association des biblioth\u00e8ques de recherche du Canada","article_published_time":"2023-05-18T18:09:43+00:00","article_modified_time":"2023-06-09T17:35:54+00:00","og_image":[{"width":1920,"height":1080,"url":"https:\/\/www.carl-abrc.ca\/wp-content\/uploads\/2024\/09\/NewsFeaturedImage-1.jpg","type":"image\/jpeg"}],"author":"CARL ABRC","twitter_misc":{"\u00c9crit par":"CARL ABRC","Dur\u00e9e de lecture estim\u00e9e":"2 minutes"},"schema":{"@context":"https:\/\/schema.org","@graph":[{"@type":"Article","@id":"https:\/\/www.carl-abrc.ca\/fr\/nouvelles\/lassociation-des-bibliotheques-de-recherche-du-canada-abrc-publie-le-cadre-national-de-revendication-pour-les-ressources-educatives-libres-rel\/#article","isPartOf":{"@id":"https:\/\/www.carl-abrc.ca\/fr\/nouvelles\/lassociation-des-bibliotheques-de-recherche-du-canada-abrc-publie-le-cadre-national-de-revendication-pour-les-ressources-educatives-libres-rel\/"},"author":{"name":"CARL ABRC","@id":"https:\/\/www.carl-abrc.ca\/fr\/#\/schema\/person\/98e5fc089af8c90ef31f178793d7f5d1"},"headline":"L&rsquo;Association des biblioth\u00e8ques de recherche du Canada (ABRC) publie le Cadre national de revendication pour les ressources \u00e9ducatives libres (REL)","datePublished":"2023-05-18T18:09:43+00:00","dateModified":"2023-06-09T17:35:54+00:00","mainEntityOfPage":{"@id":"https:\/\/www.carl-abrc.ca\/fr\/nouvelles\/lassociation-des-bibliotheques-de-recherche-du-canada-abrc-publie-le-cadre-national-de-revendication-pour-les-ressources-educatives-libres-rel\/"},"wordCount":496,"publisher":{"@id":"https:\/\/www.carl-abrc.ca\/fr\/#organization"},"image":{"@id":"https:\/\/www.carl-abrc.ca\/fr\/nouvelles\/lassociation-des-bibliotheques-de-recherche-du-canada-abrc-publie-le-cadre-national-de-revendication-pour-les-ressources-educatives-libres-rel\/#primaryimage"},"thumbnailUrl":"https:\/\/www.carl-abrc.ca\/wp-content\/uploads\/2024\/09\/NewsFeaturedImage-1.jpg","articleSection":["\u00c9ducation ouverte","Nouvelles"],"inLanguage":"fr-FR"},{"@type":"WebPage","@id":"https:\/\/www.carl-abrc.ca\/fr\/nouvelles\/lassociation-des-bibliotheques-de-recherche-du-canada-abrc-publie-le-cadre-national-de-revendication-pour-les-ressources-educatives-libres-rel\/","url":"https:\/\/www.carl-abrc.ca\/fr\/nouvelles\/lassociation-des-bibliotheques-de-recherche-du-canada-abrc-publie-le-cadre-national-de-revendication-pour-les-ressources-educatives-libres-rel\/","name":"L'Association des biblioth\u00e8ques de recherche du Canada (ABRC) publie le Cadre national de revendication pour les ressources \u00e9ducatives libres (REL) - Association des biblioth\u00e8ques de recherche du Canada","isPartOf":{"@id":"https:\/\/www.carl-abrc.ca\/fr\/#website"},"primaryImageOfPage":{"@id":"https:\/\/www.carl-abrc.ca\/fr\/nouvelles\/lassociation-des-bibliotheques-de-recherche-du-canada-abrc-publie-le-cadre-national-de-revendication-pour-les-ressources-educatives-libres-rel\/#primaryimage"},"image":{"@id":"https:\/\/www.carl-abrc.ca\/fr\/nouvelles\/lassociation-des-bibliotheques-de-recherche-du-canada-abrc-publie-le-cadre-national-de-revendication-pour-les-ressources-educatives-libres-rel\/#primaryimage"},"thumbnailUrl":"https:\/\/www.carl-abrc.ca\/wp-content\/uploads\/2024\/09\/NewsFeaturedImage-1.jpg","datePublished":"2023-05-18T18:09:43+00:00","dateModified":"2023-06-09T17:35:54+00:00","breadcrumb":{"@id":"https:\/\/www.carl-abrc.ca\/fr\/nouvelles\/lassociation-des-bibliotheques-de-recherche-du-canada-abrc-publie-le-cadre-national-de-revendication-pour-les-ressources-educatives-libres-rel\/#breadcrumb"},"inLanguage":"fr-FR","potentialAction":[{"@type":"ReadAction","target":["https:\/\/www.carl-abrc.ca\/fr\/nouvelles\/lassociation-des-bibliotheques-de-recherche-du-canada-abrc-publie-le-cadre-national-de-revendication-pour-les-ressources-educatives-libres-rel\/"]}]},{"@type":"ImageObject","inLanguage":"fr-FR","@id":"https:\/\/www.carl-abrc.ca\/fr\/nouvelles\/lassociation-des-bibliotheques-de-recherche-du-canada-abrc-publie-le-cadre-national-de-revendication-pour-les-ressources-educatives-libres-rel\/#primaryimage","url":"https:\/\/www.carl-abrc.ca\/wp-content\/uploads\/2024\/09\/NewsFeaturedImage-1.jpg","contentUrl":"https:\/\/www.carl-abrc.ca\/wp-content\/uploads\/2024\/09\/NewsFeaturedImage-1.jpg","width":1920,"height":1080,"caption":"C.A.R.L. Logo"},{"@type":"BreadcrumbList","@id":"https:\/\/www.carl-abrc.ca\/fr\/nouvelles\/lassociation-des-bibliotheques-de-recherche-du-canada-abrc-publie-le-cadre-national-de-revendication-pour-les-ressources-educatives-libres-rel\/#breadcrumb","itemListElement":[{"@type":"ListItem","position":1,"name":"Accueil","item":"https:\/\/www.carl-abrc.ca\/fr\/home-3\/"},{"@type":"ListItem","position":2,"name":"L&rsquo;Association des biblioth\u00e8ques de recherche du Canada (ABRC) publie le Cadre national de revendication pour les ressources \u00e9ducatives libres (REL)"}]},{"@type":"WebSite","@id":"https:\/\/www.carl-abrc.ca\/fr\/#website","url":"https:\/\/www.carl-abrc.ca\/fr\/","name":"Association des biblioth\u00e8ques de recherche du Canada","description":"ABRC","publisher":{"@id":"https:\/\/www.carl-abrc.ca\/fr\/#organization"},"potentialAction":[{"@type":"SearchAction","target":{"@type":"EntryPoint","urlTemplate":"https:\/\/www.carl-abrc.ca\/fr\/?s={search_term_string}"},"query-input":{"@type":"PropertyValueSpecification","valueRequired":true,"valueName":"search_term_string"}}],"inLanguage":"fr-FR"},{"@type":"Organization","@id":"https:\/\/www.carl-abrc.ca\/fr\/#organization","name":"Association des biblioth\u00e8ques de recherche du Canada","url":"https:\/\/www.carl-abrc.ca\/fr\/","logo":{"@type":"ImageObject","inLanguage":"fr-FR","@id":"https:\/\/www.carl-abrc.ca\/fr\/#\/schema\/logo\/image\/","url":"https:\/\/www.carl-abrc.ca\/wp-content\/uploads\/2024\/07\/cropped-Stacked_Colour_L.png","contentUrl":"https:\/\/www.carl-abrc.ca\/wp-content\/uploads\/2024\/07\/cropped-Stacked_Colour_L.png","width":641,"height":250,"caption":"Association des biblioth\u00e8ques de recherche du Canada"},"image":{"@id":"https:\/\/www.carl-abrc.ca\/fr\/#\/schema\/logo\/image\/"},"sameAs":["https:\/\/x.com\/carlabrc"]},{"@type":"Person","@id":"https:\/\/www.carl-abrc.ca\/fr\/#\/schema\/person\/98e5fc089af8c90ef31f178793d7f5d1","name":"CARL ABRC","image":{"@type":"ImageObject","inLanguage":"fr-FR","@id":"https:\/\/secure.gravatar.com\/avatar\/c2c9b376bd4002fbd30a8b9425e697c0b60aeef1966421e6ee3f5d8137228c29?s=96&d=mm&r=g","url":"https:\/\/secure.gravatar.com\/avatar\/c2c9b376bd4002fbd30a8b9425e697c0b60aeef1966421e6ee3f5d8137228c29?s=96&d=mm&r=g","contentUrl":"https:\/\/secure.gravatar.com\/avatar\/c2c9b376bd4002fbd30a8b9425e697c0b60aeef1966421e6ee3f5d8137228c29?s=96&d=mm&r=g","caption":"CARL ABRC"},"url":"https:\/\/www.carl-abrc.ca\/fr\/author\/infocarl-abrc-ca\/"}]}},"_links":{"self":[{"href":"https:\/\/www.carl-abrc.ca\/fr\/wp-json\/wp\/v2\/posts\/31505","targetHints":{"allow":["GET"]}}],"collection":[{"href":"https:\/\/www.carl-abrc.ca\/fr\/wp-json\/wp\/v2\/posts"}],"about":[{"href":"https:\/\/www.carl-abrc.ca\/fr\/wp-json\/wp\/v2\/types\/post"}],"author":[{"embeddable":true,"href":"https:\/\/www.carl-abrc.ca\/fr\/wp-json\/wp\/v2\/users\/11"}],"replies":[{"embeddable":true,"href":"https:\/\/www.carl-abrc.ca\/fr\/wp-json\/wp\/v2\/comments?post=31505"}],"version-history":[{"count":0,"href":"https:\/\/www.carl-abrc.ca\/fr\/wp-json\/wp\/v2\/posts\/31505\/revisions"}],"wp:featuredmedia":[{"embeddable":true,"href":"https:\/\/www.carl-abrc.ca\/fr\/wp-json\/wp\/v2\/media\/36194"}],"wp:attachment":[{"href":"https:\/\/www.carl-abrc.ca\/fr\/wp-json\/wp\/v2\/media?parent=31505"}],"wp:term":[{"taxonomy":"category","embeddable":true,"href":"https:\/\/www.carl-abrc.ca\/fr\/wp-json\/wp\/v2\/categories?post=31505"},{"taxonomy":"post_tag","embeddable":true,"href":"https:\/\/www.carl-abrc.ca\/fr\/wp-json\/wp\/v2\/tags?post=31505"}],"curies":[{"name":"wp","href":"https:\/\/api.w.org\/{rel}","templated":true}]}}