{"id":33886,"date":"2024-02-15T16:03:44","date_gmt":"2024-02-15T21:03:44","guid":{"rendered":"https:\/\/www.carl-abrc.ca\/?p=33886"},"modified":"2024-02-15T16:07:48","modified_gmt":"2024-02-15T21:07:48","slug":"groupe-de-travail-arl-abrc-mise-en-oeuvre-du-traite-de-marrakech-rapport-final","status":"publish","type":"post","link":"https:\/\/www.carl-abrc.ca\/fr\/nouvelles\/groupe-de-travail-arl-abrc-mise-en-oeuvre-du-traite-de-marrakech-rapport-final\/","title":{"rendered":"Le groupe de travail ARL\/ABRC sur la mise en \u0153uvre du trait\u00e9 de Marrakech publie un rapport final et des recommandations visant \u00e0 accro\u00eetre les pr\u00eats de documents accessibles \u00e0 l&rsquo;\u00e9chelle mondiale"},"content":{"rendered":"<p><strong>Washington et Ottawa, 15 f\u00e9vrier 2024 &#8211;\u00a0<\/strong>Seulement 7\u00a0% des \u0153uvres imprim\u00e9es sont disponibles dans des formats accessibles dans le monde. Le trait\u00e9 de Marrakech visant \u00e0 faciliter l&rsquo;acc\u00e8s des personnes aveugles, malvoyantes ou souffrant d&rsquo;un handicap de lecture aux \u0153uvres publi\u00e9es est destin\u00e9 \u00e0 rem\u00e9dier \u00e0 cette insuffisance d&rsquo;\u0153uvres en format accessible. En vertu de ce trait\u00e9, les pays signataires doivent modifier leurs lois sur le droit d&rsquo;auteur afin de permettre l&rsquo;\u00e9change transfrontalier de livres et d&rsquo;autres \u0153uvres accessibles \u00e0 l&rsquo;usage des b\u00e9n\u00e9ficiaires du trait\u00e9.<\/p>\n<p>Les biblioth\u00e8ques jouent un r\u00f4le d\u00e9terminant dans la mise en \u0153uvre du trait\u00e9 de Marrakech. L&rsquo;Association of Research Libraries (ARL) et l&rsquo;Association des biblioth\u00e8ques de recherche du Canada (ABRC) ont r\u00e9cemment achev\u00e9 un projet pilote de trois ans men\u00e9 par un groupe de travail conjoint charg\u00e9 d&rsquo;\u00e9tudier les \u00e9l\u00e9ments de la mise en \u0153uvre du trait\u00e9 de Marrakech aux \u00c9tats-Unis et au Canada. Le groupe de travail a examin\u00e9 ce qui \u00e9tait n\u00e9cessaire pour mettre \u00e0 la disposition des chercheurs des \u0153uvres en formats accessibles dans leurs domaines de recherche et leurs langues pr\u00e9f\u00e9r\u00e9es. Le projet pilote de l&rsquo;ARL\/ABRC a permis d&rsquo;\u00e9tudier plusieurs aspects de la mise en \u0153uvre du trait\u00e9 de Marrakech, notamment le recensement des besoins des b\u00e9n\u00e9ficiaires dans un cadre universitaire, la d\u00e9termination et la mise en \u0153uvre des exigences en mati\u00e8re de m\u00e9tadonn\u00e9es pour les capacit\u00e9s de recherche, la mise en \u0153uvre des syst\u00e8mes de recherche dans les biblioth\u00e8ques pilotes et l&rsquo;\u00e9laboration de strat\u00e9gies et d&rsquo;opportunit\u00e9s permettant aux membres du projet pilote de diffuser les travaux r\u00e9alis\u00e9s.<\/p>\n<p>\u00ab\u2009Bien que l&rsquo;essence du trait\u00e9 soit l&rsquo;\u00e9limination des barri\u00e8res juridiques qui entravent l&rsquo;acc\u00e8s aux \u0153uvres, d&rsquo;autres obstacles subsistent\u2009\u00bb, a d\u00e9clar\u00e9 Victoria Owen, pr\u00e9sidente du groupe de travail de l&rsquo;ARL\/ABRC sur la mise en \u0153uvre du trait\u00e9 de Marrakech. \u00ab\u2009L&rsquo;atteinte des objectifs du projet, soit le recensement et la recommandation des ressources n\u00e9cessaires aux biblioth\u00e8ques de recherche pour tenir les promesses du trait\u00e9, a r\u00e9v\u00e9l\u00e9 une complexit\u00e9 impr\u00e9vue, notamment l&rsquo;absence de normes en mati\u00e8re de m\u00e9tadonn\u00e9es pour d\u00e9crire les \u0153uvres accessibles, des syst\u00e8mes de gestion de biblioth\u00e8que dot\u00e9s de fonctions d&rsquo;accessibilit\u00e9 inexploit\u00e9es ou inad\u00e9quates, ainsi qu&rsquo;un r\u00e9seau de politiques et de pratiques qui entravent l&rsquo;acc\u00e8s\u2009\u00bb.<\/p>\n<p>L&rsquo;ARL et l&rsquo;ABRC ont publi\u00e9 aujourd&rsquo;hui un <a href=\"https:\/\/doi.org\/10.29242\/report.marrakesh2023\">rapport<\/a><u> final<\/u> qui r\u00e9sume les recommandations faites aux biblioth\u00e8ques dans chacun des domaines \u00e9tudi\u00e9s par le groupe de travail. Le rapport comprend \u00e9galement des recommandations pour l&rsquo;ARL et l&rsquo;ABRC\u2009; les comit\u00e9s respectifs de chaque association donneront suite \u00e0 ces recommandations. Le rapport est disponible en anglais et en fran\u00e7ais.<\/p>\n<p><span style=\"font-size: 14pt;\"><strong>\u00c0 propos de l&rsquo;Association of Research Libraries<\/strong><\/span><\/p>\n<p>L&rsquo;<em>Association of Research Libraries <\/em>(ARL) est une organisation \u00e0 but non lucratif regroupant des <a href=\"https:\/\/www.arl.org\/category\/who-we-are\/member-institutions\/\">biblioth\u00e8ques de recherche au Canada et aux \u00c9tats-Unis<\/a> dont la vision est de cr\u00e9er un \u00e9cosyst\u00e8me de recherche et d&rsquo;apprentissage fiable, \u00e9quitable et inclusif et de pr\u00e9parer les dirigeants de biblioth\u00e8ques \u00e0 faire avancer ce travail en partenariat strat\u00e9gique avec les biblioth\u00e8ques membres et d&rsquo;autres organisations dans le monde entier. La mission de l&rsquo;ARL est d&rsquo;habiliter et de d\u00e9fendre les biblioth\u00e8ques de recherche et les archives afin de fa\u00e7onner, d&rsquo;influencer et de mettre en \u0153uvre des politiques institutionnelles, nationales et internationales. L&rsquo;ARL encadre la prochaine g\u00e9n\u00e9ration de dirigeants et permet une coop\u00e9ration strat\u00e9gique entre les \u00e9tablissements partenaires au profit de la recherche et de la soci\u00e9t\u00e9. L&rsquo;ARL est pr\u00e9sente sur le Web \u00e0 l&rsquo;adresse <a href=\"https:\/\/arl.org\/\">ARL.org<\/a>.<\/p>\n<p><span style=\"font-size: 14pt;\"><strong>\u00c0 propos de l&rsquo;Association des biblioth\u00e8ques de recherche du Canada<\/strong><\/span><\/p>\n<p>L&rsquo;Association des biblioth\u00e8ques de recherche du Canada (<a href=\"https:\/\/www.carl-abrc.ca\/fr\/\">ABRC<\/a>) est constitu\u00e9e des vingt-neuf plus grandes biblioth\u00e8ques universitaires du Canada ainsi que de deux biblioth\u00e8ques nationales. L&rsquo;ABRC assure le leadership au nom des biblioth\u00e8ques de recherche du Canada et renforce la capacit\u00e9 de faire progresser la recherche et l&rsquo;enseignement sup\u00e9rieur. Elle encourage la cr\u00e9ation, la diffusion et la pr\u00e9servation efficaces et durables des connaissances et d\u00e9fend les politiques publiques permettant l&rsquo;acc\u00e8s g\u00e9n\u00e9ralis\u00e9 \u00e0 l&rsquo;information scientifique.<\/p>\n<p>Pour plus amples renseignements : \u00a0Katherine McColgan <a href=\"mailto:katherine.mccolgan@carl-abrc.ca\">katherine.mccolgan@carl-abrc.ca <\/a>ou Katherine Klosek<a href=\"mailto:kklosek@arl.org\"> kklosek@arl.org<\/a><\/p>\n","protected":false},"excerpt":{"rendered":"<p>Washington et Ottawa, 15 f\u00e9vrier 2024 &#8211;\u00a0Seulement 7\u00a0% des \u0153uvres imprim\u00e9es sont disponibles dans des formats accessibles dans le monde. Le trait\u00e9 de Marrakech visant \u00e0 faciliter l&rsquo;acc\u00e8s des personnes [&hellip;]<\/p>\n","protected":false},"author":5,"featured_media":0,"comment_status":"closed","ping_status":"open","sticky":false,"template":"","format":"standard","meta":{"_acf_changed":false,"_EventAllDay":false,"_EventTimezone":"","_EventStartDate":"","_EventEndDate":"","_EventStartDateUTC":"","_EventEndDateUTC":"","_EventShowMap":false,"_EventShowMapLink":false,"_EventURL":"","_EventCost":"","_EventCostDescription":"","_EventCurrencySymbol":"","_EventCurrencyCode":"","_EventCurrencyPosition":"","_EventDateTimeSeparator":"","_EventTimeRangeSeparator":"","_EventOrganizerID":[],"_EventVenueID":[],"_OrganizerEmail":"","_OrganizerPhone":"","_OrganizerWebsite":"","_VenueAddress":"","_VenueCity":"","_VenueCountry":"","_VenueProvince":"","_VenueState":"","_VenueZip":"","_VenuePhone":"","_VenueURL":"","_VenueStateProvince":"","_VenueLat":"","_VenueLng":"","_VenueShowMap":false,"_VenueShowMapLink":false,"footnotes":""},"categories":[2],"tags":[],"class_list":["post-33886","post","type-post","status-publish","format-standard","hentry","category-nouvelles"],"acf":[],"yoast_head":"<!-- This site is optimized with the Yoast SEO plugin v27.5 - https:\/\/yoast.com\/product\/yoast-seo-wordpress\/ -->\n<title>Le groupe de travail ARL\/ABRC sur la mise en \u0153uvre du trait\u00e9 de Marrakech publie un rapport final et des recommandations visant \u00e0 accro\u00eetre les pr\u00eats de documents accessibles \u00e0 l&#039;\u00e9chelle mondiale - Association des biblioth\u00e8ques de recherche du Canada<\/title>\n<meta name=\"robots\" content=\"index, follow, max-snippet:-1, max-image-preview:large, max-video-preview:-1\" \/>\n<link rel=\"canonical\" href=\"https:\/\/www.carl-abrc.ca\/fr\/nouvelles\/groupe-de-travail-arl-abrc-mise-en-oeuvre-du-traite-de-marrakech-rapport-final\/\" \/>\n<meta property=\"og:locale\" content=\"fr_FR\" \/>\n<meta property=\"og:type\" content=\"article\" \/>\n<meta property=\"og:title\" content=\"Le groupe de travail ARL\/ABRC sur la mise en \u0153uvre du trait\u00e9 de Marrakech publie un rapport final et des recommandations visant \u00e0 accro\u00eetre les pr\u00eats de documents accessibles \u00e0 l&#039;\u00e9chelle mondiale - Association des biblioth\u00e8ques de recherche du Canada\" \/>\n<meta property=\"og:description\" content=\"Washington et Ottawa, 15 f\u00e9vrier 2024 &#8211;\u00a0Seulement 7\u00a0% des \u0153uvres imprim\u00e9es sont disponibles dans des formats accessibles dans le monde. Le trait\u00e9 de Marrakech visant \u00e0 faciliter l&rsquo;acc\u00e8s des personnes [&hellip;]\" \/>\n<meta property=\"og:url\" content=\"https:\/\/www.carl-abrc.ca\/fr\/nouvelles\/groupe-de-travail-arl-abrc-mise-en-oeuvre-du-traite-de-marrakech-rapport-final\/\" \/>\n<meta property=\"og:site_name\" content=\"Association des biblioth\u00e8ques de recherche du Canada\" \/>\n<meta property=\"article:published_time\" content=\"2024-02-15T21:03:44+00:00\" \/>\n<meta property=\"article:modified_time\" content=\"2024-02-15T21:07:48+00:00\" \/>\n<meta name=\"author\" content=\"Katherine McColgan\" \/>\n<meta name=\"twitter:label1\" content=\"\u00c9crit par\" \/>\n\t<meta name=\"twitter:data1\" content=\"Katherine McColgan\" \/>\n\t<meta name=\"twitter:label2\" content=\"Dur\u00e9e de lecture estim\u00e9e\" \/>\n\t<meta name=\"twitter:data2\" content=\"3 minutes\" \/>\n<script type=\"application\/ld+json\" class=\"yoast-schema-graph\">{\"@context\":\"https:\\\/\\\/schema.org\",\"@graph\":[{\"@type\":\"Article\",\"@id\":\"https:\\\/\\\/www.carl-abrc.ca\\\/fr\\\/nouvelles\\\/groupe-de-travail-arl-abrc-mise-en-oeuvre-du-traite-de-marrakech-rapport-final\\\/#article\",\"isPartOf\":{\"@id\":\"https:\\\/\\\/www.carl-abrc.ca\\\/fr\\\/nouvelles\\\/groupe-de-travail-arl-abrc-mise-en-oeuvre-du-traite-de-marrakech-rapport-final\\\/\"},\"author\":{\"name\":\"Katherine McColgan\",\"@id\":\"https:\\\/\\\/www.carl-abrc.ca\\\/fr\\\/#\\\/schema\\\/person\\\/0e28bc352eb584524dabf890f7141390\"},\"headline\":\"Le groupe de travail ARL\\\/ABRC sur la mise en \u0153uvre du trait\u00e9 de Marrakech publie un rapport final et des recommandations visant \u00e0 accro\u00eetre les pr\u00eats de documents accessibles \u00e0 l&rsquo;\u00e9chelle mondiale\",\"datePublished\":\"2024-02-15T21:03:44+00:00\",\"dateModified\":\"2024-02-15T21:07:48+00:00\",\"mainEntityOfPage\":{\"@id\":\"https:\\\/\\\/www.carl-abrc.ca\\\/fr\\\/nouvelles\\\/groupe-de-travail-arl-abrc-mise-en-oeuvre-du-traite-de-marrakech-rapport-final\\\/\"},\"wordCount\":803,\"publisher\":{\"@id\":\"https:\\\/\\\/www.carl-abrc.ca\\\/fr\\\/#organization\"},\"articleSection\":[\"Nouvelles\"],\"inLanguage\":\"fr-FR\"},{\"@type\":\"WebPage\",\"@id\":\"https:\\\/\\\/www.carl-abrc.ca\\\/fr\\\/nouvelles\\\/groupe-de-travail-arl-abrc-mise-en-oeuvre-du-traite-de-marrakech-rapport-final\\\/\",\"url\":\"https:\\\/\\\/www.carl-abrc.ca\\\/fr\\\/nouvelles\\\/groupe-de-travail-arl-abrc-mise-en-oeuvre-du-traite-de-marrakech-rapport-final\\\/\",\"name\":\"Le groupe de travail ARL\\\/ABRC sur la mise en \u0153uvre du trait\u00e9 de Marrakech publie un rapport final et des recommandations visant \u00e0 accro\u00eetre les pr\u00eats de documents accessibles \u00e0 l'\u00e9chelle mondiale - Association des biblioth\u00e8ques de recherche du Canada\",\"isPartOf\":{\"@id\":\"https:\\\/\\\/www.carl-abrc.ca\\\/fr\\\/#website\"},\"datePublished\":\"2024-02-15T21:03:44+00:00\",\"dateModified\":\"2024-02-15T21:07:48+00:00\",\"breadcrumb\":{\"@id\":\"https:\\\/\\\/www.carl-abrc.ca\\\/fr\\\/nouvelles\\\/groupe-de-travail-arl-abrc-mise-en-oeuvre-du-traite-de-marrakech-rapport-final\\\/#breadcrumb\"},\"inLanguage\":\"fr-FR\",\"potentialAction\":[{\"@type\":\"ReadAction\",\"target\":[\"https:\\\/\\\/www.carl-abrc.ca\\\/fr\\\/nouvelles\\\/groupe-de-travail-arl-abrc-mise-en-oeuvre-du-traite-de-marrakech-rapport-final\\\/\"]}]},{\"@type\":\"BreadcrumbList\",\"@id\":\"https:\\\/\\\/www.carl-abrc.ca\\\/fr\\\/nouvelles\\\/groupe-de-travail-arl-abrc-mise-en-oeuvre-du-traite-de-marrakech-rapport-final\\\/#breadcrumb\",\"itemListElement\":[{\"@type\":\"ListItem\",\"position\":1,\"name\":\"Accueil\",\"item\":\"https:\\\/\\\/www.carl-abrc.ca\\\/fr\\\/home-3\\\/\"},{\"@type\":\"ListItem\",\"position\":2,\"name\":\"Le groupe de travail ARL\\\/ABRC sur la mise en \u0153uvre du trait\u00e9 de Marrakech publie un rapport final et des recommandations visant \u00e0 accro\u00eetre les pr\u00eats de documents accessibles \u00e0 l&rsquo;\u00e9chelle mondiale\"}]},{\"@type\":\"WebSite\",\"@id\":\"https:\\\/\\\/www.carl-abrc.ca\\\/fr\\\/#website\",\"url\":\"https:\\\/\\\/www.carl-abrc.ca\\\/fr\\\/\",\"name\":\"Association des biblioth\u00e8ques de recherche du Canada\",\"description\":\"ABRC\",\"publisher\":{\"@id\":\"https:\\\/\\\/www.carl-abrc.ca\\\/fr\\\/#organization\"},\"potentialAction\":[{\"@type\":\"SearchAction\",\"target\":{\"@type\":\"EntryPoint\",\"urlTemplate\":\"https:\\\/\\\/www.carl-abrc.ca\\\/fr\\\/?s={search_term_string}\"},\"query-input\":{\"@type\":\"PropertyValueSpecification\",\"valueRequired\":true,\"valueName\":\"search_term_string\"}}],\"inLanguage\":\"fr-FR\"},{\"@type\":\"Organization\",\"@id\":\"https:\\\/\\\/www.carl-abrc.ca\\\/fr\\\/#organization\",\"name\":\"Association des biblioth\u00e8ques de recherche du Canada\",\"url\":\"https:\\\/\\\/www.carl-abrc.ca\\\/fr\\\/\",\"logo\":{\"@type\":\"ImageObject\",\"inLanguage\":\"fr-FR\",\"@id\":\"https:\\\/\\\/www.carl-abrc.ca\\\/fr\\\/#\\\/schema\\\/logo\\\/image\\\/\",\"url\":\"https:\\\/\\\/www.carl-abrc.ca\\\/wp-content\\\/uploads\\\/2024\\\/07\\\/cropped-Stacked_Colour_L.png\",\"contentUrl\":\"https:\\\/\\\/www.carl-abrc.ca\\\/wp-content\\\/uploads\\\/2024\\\/07\\\/cropped-Stacked_Colour_L.png\",\"width\":641,\"height\":250,\"caption\":\"Association des biblioth\u00e8ques de recherche du Canada\"},\"image\":{\"@id\":\"https:\\\/\\\/www.carl-abrc.ca\\\/fr\\\/#\\\/schema\\\/logo\\\/image\\\/\"},\"sameAs\":[\"https:\\\/\\\/x.com\\\/carlabrc\"]},{\"@type\":\"Person\",\"@id\":\"https:\\\/\\\/www.carl-abrc.ca\\\/fr\\\/#\\\/schema\\\/person\\\/0e28bc352eb584524dabf890f7141390\",\"name\":\"Katherine McColgan\",\"image\":{\"@type\":\"ImageObject\",\"inLanguage\":\"fr-FR\",\"@id\":\"https:\\\/\\\/secure.gravatar.com\\\/avatar\\\/9d8770eea9a07ba623ec853aca1456d4292fa99407780727a6fd6eab3c3fc1ef?s=96&d=mm&r=g\",\"url\":\"https:\\\/\\\/secure.gravatar.com\\\/avatar\\\/9d8770eea9a07ba623ec853aca1456d4292fa99407780727a6fd6eab3c3fc1ef?s=96&d=mm&r=g\",\"contentUrl\":\"https:\\\/\\\/secure.gravatar.com\\\/avatar\\\/9d8770eea9a07ba623ec853aca1456d4292fa99407780727a6fd6eab3c3fc1ef?s=96&d=mm&r=g\",\"caption\":\"Katherine McColgan\"},\"url\":\"https:\\\/\\\/www.carl-abrc.ca\\\/fr\\\/author\\\/katherine\\\/\"}]}<\/script>\n<!-- \/ Yoast SEO plugin. -->","yoast_head_json":{"title":"Le groupe de travail ARL\/ABRC sur la mise en \u0153uvre du trait\u00e9 de Marrakech publie un rapport final et des recommandations visant \u00e0 accro\u00eetre les pr\u00eats de documents accessibles \u00e0 l'\u00e9chelle mondiale - Association des biblioth\u00e8ques de recherche du Canada","robots":{"index":"index","follow":"follow","max-snippet":"max-snippet:-1","max-image-preview":"max-image-preview:large","max-video-preview":"max-video-preview:-1"},"canonical":"https:\/\/www.carl-abrc.ca\/fr\/nouvelles\/groupe-de-travail-arl-abrc-mise-en-oeuvre-du-traite-de-marrakech-rapport-final\/","og_locale":"fr_FR","og_type":"article","og_title":"Le groupe de travail ARL\/ABRC sur la mise en \u0153uvre du trait\u00e9 de Marrakech publie un rapport final et des recommandations visant \u00e0 accro\u00eetre les pr\u00eats de documents accessibles \u00e0 l'\u00e9chelle mondiale - Association des biblioth\u00e8ques de recherche du Canada","og_description":"Washington et Ottawa, 15 f\u00e9vrier 2024 &#8211;\u00a0Seulement 7\u00a0% des \u0153uvres imprim\u00e9es sont disponibles dans des formats accessibles dans le monde. Le trait\u00e9 de Marrakech visant \u00e0 faciliter l&rsquo;acc\u00e8s des personnes [&hellip;]","og_url":"https:\/\/www.carl-abrc.ca\/fr\/nouvelles\/groupe-de-travail-arl-abrc-mise-en-oeuvre-du-traite-de-marrakech-rapport-final\/","og_site_name":"Association des biblioth\u00e8ques de recherche du Canada","article_published_time":"2024-02-15T21:03:44+00:00","article_modified_time":"2024-02-15T21:07:48+00:00","author":"Katherine McColgan","twitter_misc":{"\u00c9crit par":"Katherine McColgan","Dur\u00e9e de lecture estim\u00e9e":"3 minutes"},"schema":{"@context":"https:\/\/schema.org","@graph":[{"@type":"Article","@id":"https:\/\/www.carl-abrc.ca\/fr\/nouvelles\/groupe-de-travail-arl-abrc-mise-en-oeuvre-du-traite-de-marrakech-rapport-final\/#article","isPartOf":{"@id":"https:\/\/www.carl-abrc.ca\/fr\/nouvelles\/groupe-de-travail-arl-abrc-mise-en-oeuvre-du-traite-de-marrakech-rapport-final\/"},"author":{"name":"Katherine McColgan","@id":"https:\/\/www.carl-abrc.ca\/fr\/#\/schema\/person\/0e28bc352eb584524dabf890f7141390"},"headline":"Le groupe de travail ARL\/ABRC sur la mise en \u0153uvre du trait\u00e9 de Marrakech publie un rapport final et des recommandations visant \u00e0 accro\u00eetre les pr\u00eats de documents accessibles \u00e0 l&rsquo;\u00e9chelle mondiale","datePublished":"2024-02-15T21:03:44+00:00","dateModified":"2024-02-15T21:07:48+00:00","mainEntityOfPage":{"@id":"https:\/\/www.carl-abrc.ca\/fr\/nouvelles\/groupe-de-travail-arl-abrc-mise-en-oeuvre-du-traite-de-marrakech-rapport-final\/"},"wordCount":803,"publisher":{"@id":"https:\/\/www.carl-abrc.ca\/fr\/#organization"},"articleSection":["Nouvelles"],"inLanguage":"fr-FR"},{"@type":"WebPage","@id":"https:\/\/www.carl-abrc.ca\/fr\/nouvelles\/groupe-de-travail-arl-abrc-mise-en-oeuvre-du-traite-de-marrakech-rapport-final\/","url":"https:\/\/www.carl-abrc.ca\/fr\/nouvelles\/groupe-de-travail-arl-abrc-mise-en-oeuvre-du-traite-de-marrakech-rapport-final\/","name":"Le groupe de travail ARL\/ABRC sur la mise en \u0153uvre du trait\u00e9 de Marrakech publie un rapport final et des recommandations visant \u00e0 accro\u00eetre les pr\u00eats de documents accessibles \u00e0 l'\u00e9chelle mondiale - Association des biblioth\u00e8ques de recherche du Canada","isPartOf":{"@id":"https:\/\/www.carl-abrc.ca\/fr\/#website"},"datePublished":"2024-02-15T21:03:44+00:00","dateModified":"2024-02-15T21:07:48+00:00","breadcrumb":{"@id":"https:\/\/www.carl-abrc.ca\/fr\/nouvelles\/groupe-de-travail-arl-abrc-mise-en-oeuvre-du-traite-de-marrakech-rapport-final\/#breadcrumb"},"inLanguage":"fr-FR","potentialAction":[{"@type":"ReadAction","target":["https:\/\/www.carl-abrc.ca\/fr\/nouvelles\/groupe-de-travail-arl-abrc-mise-en-oeuvre-du-traite-de-marrakech-rapport-final\/"]}]},{"@type":"BreadcrumbList","@id":"https:\/\/www.carl-abrc.ca\/fr\/nouvelles\/groupe-de-travail-arl-abrc-mise-en-oeuvre-du-traite-de-marrakech-rapport-final\/#breadcrumb","itemListElement":[{"@type":"ListItem","position":1,"name":"Accueil","item":"https:\/\/www.carl-abrc.ca\/fr\/home-3\/"},{"@type":"ListItem","position":2,"name":"Le groupe de travail ARL\/ABRC sur la mise en \u0153uvre du trait\u00e9 de Marrakech publie un rapport final et des recommandations visant \u00e0 accro\u00eetre les pr\u00eats de documents accessibles \u00e0 l&rsquo;\u00e9chelle mondiale"}]},{"@type":"WebSite","@id":"https:\/\/www.carl-abrc.ca\/fr\/#website","url":"https:\/\/www.carl-abrc.ca\/fr\/","name":"Association des biblioth\u00e8ques de recherche du Canada","description":"ABRC","publisher":{"@id":"https:\/\/www.carl-abrc.ca\/fr\/#organization"},"potentialAction":[{"@type":"SearchAction","target":{"@type":"EntryPoint","urlTemplate":"https:\/\/www.carl-abrc.ca\/fr\/?s={search_term_string}"},"query-input":{"@type":"PropertyValueSpecification","valueRequired":true,"valueName":"search_term_string"}}],"inLanguage":"fr-FR"},{"@type":"Organization","@id":"https:\/\/www.carl-abrc.ca\/fr\/#organization","name":"Association des biblioth\u00e8ques de recherche du Canada","url":"https:\/\/www.carl-abrc.ca\/fr\/","logo":{"@type":"ImageObject","inLanguage":"fr-FR","@id":"https:\/\/www.carl-abrc.ca\/fr\/#\/schema\/logo\/image\/","url":"https:\/\/www.carl-abrc.ca\/wp-content\/uploads\/2024\/07\/cropped-Stacked_Colour_L.png","contentUrl":"https:\/\/www.carl-abrc.ca\/wp-content\/uploads\/2024\/07\/cropped-Stacked_Colour_L.png","width":641,"height":250,"caption":"Association des biblioth\u00e8ques de recherche du Canada"},"image":{"@id":"https:\/\/www.carl-abrc.ca\/fr\/#\/schema\/logo\/image\/"},"sameAs":["https:\/\/x.com\/carlabrc"]},{"@type":"Person","@id":"https:\/\/www.carl-abrc.ca\/fr\/#\/schema\/person\/0e28bc352eb584524dabf890f7141390","name":"Katherine McColgan","image":{"@type":"ImageObject","inLanguage":"fr-FR","@id":"https:\/\/secure.gravatar.com\/avatar\/9d8770eea9a07ba623ec853aca1456d4292fa99407780727a6fd6eab3c3fc1ef?s=96&d=mm&r=g","url":"https:\/\/secure.gravatar.com\/avatar\/9d8770eea9a07ba623ec853aca1456d4292fa99407780727a6fd6eab3c3fc1ef?s=96&d=mm&r=g","contentUrl":"https:\/\/secure.gravatar.com\/avatar\/9d8770eea9a07ba623ec853aca1456d4292fa99407780727a6fd6eab3c3fc1ef?s=96&d=mm&r=g","caption":"Katherine McColgan"},"url":"https:\/\/www.carl-abrc.ca\/fr\/author\/katherine\/"}]}},"_links":{"self":[{"href":"https:\/\/www.carl-abrc.ca\/fr\/wp-json\/wp\/v2\/posts\/33886","targetHints":{"allow":["GET"]}}],"collection":[{"href":"https:\/\/www.carl-abrc.ca\/fr\/wp-json\/wp\/v2\/posts"}],"about":[{"href":"https:\/\/www.carl-abrc.ca\/fr\/wp-json\/wp\/v2\/types\/post"}],"author":[{"embeddable":true,"href":"https:\/\/www.carl-abrc.ca\/fr\/wp-json\/wp\/v2\/users\/5"}],"replies":[{"embeddable":true,"href":"https:\/\/www.carl-abrc.ca\/fr\/wp-json\/wp\/v2\/comments?post=33886"}],"version-history":[{"count":0,"href":"https:\/\/www.carl-abrc.ca\/fr\/wp-json\/wp\/v2\/posts\/33886\/revisions"}],"wp:attachment":[{"href":"https:\/\/www.carl-abrc.ca\/fr\/wp-json\/wp\/v2\/media?parent=33886"}],"wp:term":[{"taxonomy":"category","embeddable":true,"href":"https:\/\/www.carl-abrc.ca\/fr\/wp-json\/wp\/v2\/categories?post=33886"},{"taxonomy":"post_tag","embeddable":true,"href":"https:\/\/www.carl-abrc.ca\/fr\/wp-json\/wp\/v2\/tags?post=33886"}],"curies":[{"name":"wp","href":"https:\/\/api.w.org\/{rel}","templated":true}]}}