{"id":34472,"date":"2024-04-04T10:13:45","date_gmt":"2024-04-04T14:13:45","guid":{"rendered":"https:\/\/www.carl-abrc.ca\/?p=34472"},"modified":"2024-04-04T10:38:44","modified_gmt":"2024-04-04T14:38:44","slug":"labrc-prend-position-sur-les-modeles-de-facturation-automatique-des-manuels-didactiques","status":"publish","type":"post","link":"https:\/\/www.carl-abrc.ca\/fr\/nouvelles\/labrc-prend-position-sur-les-modeles-de-facturation-automatique-des-manuels-didactiques\/","title":{"rendered":"L&rsquo;ABRC prend position sur les mod\u00e8les de facturation automatique des manuels didactiques"},"content":{"rendered":"<p><strong>Le 4 avril 2024<\/strong> \u2013 Les mod\u00e8les de facturation automatique des manuels, tels que les programmes d&rsquo; \u00ab acc\u00e8s inclusif \u00bb et d&rsquo; \u00ab acc\u00e8s \u00e9quitable \u00bb, \u00e9mergent en tant que mod\u00e8les de vente de manuels num\u00e9riques dans l&rsquo;enseignement sup\u00e9rieur et suscitent l&rsquo;attention dans tout le Canada. Malgr\u00e9 certains avantages, l&rsquo;ABRC fait \u00e9tat de pr\u00e9occupations importantes et recommande aux \u00e9tablissements de ne pas les adopter. Voici les principaux points de la d\u00e9claration :<\/p>\n<ul>\n<li><strong>Programmes d&rsquo;acc\u00e8s inclusifs et \u00e9quitables<\/strong> : Ces programmes int\u00e8grent les co\u00fbts des manuels num\u00e9riques dans les frais de scolarit\u00e9 ou facturent des frais fixes par cr\u00e9dit de cours, ce qui limite la libert\u00e9 des \u00e9tudiants et risque de les accabler de d\u00e9penses inutiles.<\/li>\n<li><strong>Inconv\u00e9nients<\/strong> : Tout en offrant des r\u00e9ductions, ces mod\u00e8les limitent l&rsquo;acc\u00e8s \u00e0 d&rsquo;autres options de manuels, y compris les documents imprim\u00e9s, et soul\u00e8vent des pr\u00e9occupations en mati\u00e8re d&rsquo;\u00e9quit\u00e9, de confidentialit\u00e9 des donn\u00e9es et de libert\u00e9 acad\u00e9mique.<\/li>\n<li><strong>D\u00e9fis li\u00e9s \u00e0 la repr\u00e9sentation du contenu canadien<\/strong> : Le contenu canadien peut \u00eatre sous-repr\u00e9sent\u00e9, ce qui marginalise les petits \u00e9diteurs et les diverses perspectives.<\/li>\n<li><strong>Impact sur les services de biblioth\u00e8que<\/strong> : Les mod\u00e8les de facturation automatique entravent l&rsquo;acc\u00e8s aux documents sous licence de la biblioth\u00e8que et perturbent les services \u00e9tablis, tels que les programmes de r\u00e9serve \u00e9lectronique.<\/li>\n<\/ul>\n<p>L&rsquo;ABRC demande instamment aux parties prenantes d&rsquo;\u00e9valuer l&rsquo;impact de la facturation automatique sur l&rsquo;accessibilit\u00e9 et la qualit\u00e9 de l&rsquo;enseignement, en accordant la priorit\u00e9 \u00e0 une s\u00e9lection responsable du mat\u00e9riel de cours. S&rsquo;opposer aux accords de vente automatis\u00e9e de manuels scolaires est conforme aux principes d&rsquo;une \u00e9ducation ouverte et abordable.<\/p>\n<p>Pour plus de d\u00e9tails, voir la <a href=\"https:\/\/www.carl-abrc.ca\/fr\/publications-et-documents\/declaration-de-labrc-sur-les-modeles-de-facturation-automatique-des-manuels-didactiques\/\" rel=\"noopener\">d\u00e9claration compl\u00e8te sur les mod\u00e8les de facturation automatique des manuels didactiques<\/a> ou <a href=\"https:\/\/www.carl-abrc.ca\/wp-content\/uploads\/2024\/03\/CARL_Statement_AutomaticTextbookBillingModels_FR.docx.pdf\" target=\"_blank\" rel=\"noopener\">t\u00e9l\u00e9charger la version PDF<\/a>.<\/p>\n","protected":false},"excerpt":{"rendered":"<p>Le 4 avril 2024 \u2013 Les mod\u00e8les de facturation automatique des manuels, tels que les programmes d&rsquo; \u00ab acc\u00e8s inclusif \u00bb et d&rsquo; \u00ab acc\u00e8s \u00e9quitable \u00bb, \u00e9mergent en tant [&hellip;]<\/p>\n","protected":false},"author":131,"featured_media":0,"comment_status":"closed","ping_status":"open","sticky":false,"template":"","format":"standard","meta":{"_acf_changed":false,"_EventAllDay":false,"_EventTimezone":"","_EventStartDate":"","_EventEndDate":"","_EventStartDateUTC":"","_EventEndDateUTC":"","_EventShowMap":false,"_EventShowMapLink":false,"_EventURL":"","_EventCost":"","_EventCostDescription":"","_EventCurrencySymbol":"","_EventCurrencyCode":"","_EventCurrencyPosition":"","_EventDateTimeSeparator":"","_EventTimeRangeSeparator":"","_EventOrganizerID":[],"_EventVenueID":[],"_OrganizerEmail":"","_OrganizerPhone":"","_OrganizerWebsite":"","_VenueAddress":"","_VenueCity":"","_VenueCountry":"","_VenueProvince":"","_VenueState":"","_VenueZip":"","_VenuePhone":"","_VenueURL":"","_VenueStateProvince":"","_VenueLat":"","_VenueLng":"","_VenueShowMap":false,"_VenueShowMapLink":false,"footnotes":""},"categories":[2],"tags":[],"class_list":["post-34472","post","type-post","status-publish","format-standard","hentry","category-nouvelles"],"acf":[],"yoast_head":"<!-- This site is optimized with the Yoast SEO plugin v27.5 - https:\/\/yoast.com\/product\/yoast-seo-wordpress\/ -->\n<title>L&#039;ABRC prend position sur les mod\u00e8les de facturation automatique des manuels didactiques - Association des biblioth\u00e8ques de recherche du Canada<\/title>\n<meta name=\"robots\" content=\"index, follow, max-snippet:-1, max-image-preview:large, max-video-preview:-1\" \/>\n<link rel=\"canonical\" href=\"https:\/\/www.carl-abrc.ca\/fr\/nouvelles\/labrc-prend-position-sur-les-modeles-de-facturation-automatique-des-manuels-didactiques\/\" \/>\n<meta property=\"og:locale\" content=\"fr_FR\" \/>\n<meta property=\"og:type\" content=\"article\" \/>\n<meta property=\"og:title\" content=\"L&#039;ABRC prend position sur les mod\u00e8les de facturation automatique des manuels didactiques - Association des biblioth\u00e8ques de recherche du Canada\" \/>\n<meta property=\"og:description\" content=\"Le 4 avril 2024 \u2013 Les mod\u00e8les de facturation automatique des manuels, tels que les programmes d&rsquo; \u00ab acc\u00e8s inclusif \u00bb et d&rsquo; \u00ab acc\u00e8s \u00e9quitable \u00bb, \u00e9mergent en tant [&hellip;]\" \/>\n<meta property=\"og:url\" content=\"https:\/\/www.carl-abrc.ca\/fr\/nouvelles\/labrc-prend-position-sur-les-modeles-de-facturation-automatique-des-manuels-didactiques\/\" \/>\n<meta property=\"og:site_name\" content=\"Association des biblioth\u00e8ques de recherche du Canada\" \/>\n<meta property=\"article:published_time\" content=\"2024-04-04T14:13:45+00:00\" \/>\n<meta property=\"article:modified_time\" content=\"2024-04-04T14:38:44+00:00\" \/>\n<meta name=\"author\" content=\"Taleen Aktorosian\" \/>\n<meta name=\"twitter:label1\" content=\"\u00c9crit par\" \/>\n\t<meta name=\"twitter:data1\" content=\"Taleen Aktorosian\" \/>\n\t<meta name=\"twitter:label2\" content=\"Dur\u00e9e de lecture estim\u00e9e\" \/>\n\t<meta name=\"twitter:data2\" content=\"2 minutes\" \/>\n<script type=\"application\/ld+json\" class=\"yoast-schema-graph\">{\"@context\":\"https:\\\/\\\/schema.org\",\"@graph\":[{\"@type\":\"Article\",\"@id\":\"https:\\\/\\\/www.carl-abrc.ca\\\/fr\\\/nouvelles\\\/labrc-prend-position-sur-les-modeles-de-facturation-automatique-des-manuels-didactiques\\\/#article\",\"isPartOf\":{\"@id\":\"https:\\\/\\\/www.carl-abrc.ca\\\/fr\\\/nouvelles\\\/labrc-prend-position-sur-les-modeles-de-facturation-automatique-des-manuels-didactiques\\\/\"},\"author\":{\"name\":\"Taleen Aktorosian\",\"@id\":\"https:\\\/\\\/www.carl-abrc.ca\\\/fr\\\/#\\\/schema\\\/person\\\/0249489ce3cdcef7d6e8d117510a9fb3\"},\"headline\":\"L&rsquo;ABRC prend position sur les mod\u00e8les de facturation automatique des manuels didactiques\",\"datePublished\":\"2024-04-04T14:13:45+00:00\",\"dateModified\":\"2024-04-04T14:38:44+00:00\",\"mainEntityOfPage\":{\"@id\":\"https:\\\/\\\/www.carl-abrc.ca\\\/fr\\\/nouvelles\\\/labrc-prend-position-sur-les-modeles-de-facturation-automatique-des-manuels-didactiques\\\/\"},\"wordCount\":337,\"publisher\":{\"@id\":\"https:\\\/\\\/www.carl-abrc.ca\\\/fr\\\/#organization\"},\"articleSection\":[\"Nouvelles\"],\"inLanguage\":\"fr-FR\"},{\"@type\":\"WebPage\",\"@id\":\"https:\\\/\\\/www.carl-abrc.ca\\\/fr\\\/nouvelles\\\/labrc-prend-position-sur-les-modeles-de-facturation-automatique-des-manuels-didactiques\\\/\",\"url\":\"https:\\\/\\\/www.carl-abrc.ca\\\/fr\\\/nouvelles\\\/labrc-prend-position-sur-les-modeles-de-facturation-automatique-des-manuels-didactiques\\\/\",\"name\":\"L'ABRC prend position sur les mod\u00e8les de facturation automatique des manuels didactiques - Association des biblioth\u00e8ques de recherche du Canada\",\"isPartOf\":{\"@id\":\"https:\\\/\\\/www.carl-abrc.ca\\\/fr\\\/#website\"},\"datePublished\":\"2024-04-04T14:13:45+00:00\",\"dateModified\":\"2024-04-04T14:38:44+00:00\",\"breadcrumb\":{\"@id\":\"https:\\\/\\\/www.carl-abrc.ca\\\/fr\\\/nouvelles\\\/labrc-prend-position-sur-les-modeles-de-facturation-automatique-des-manuels-didactiques\\\/#breadcrumb\"},\"inLanguage\":\"fr-FR\",\"potentialAction\":[{\"@type\":\"ReadAction\",\"target\":[\"https:\\\/\\\/www.carl-abrc.ca\\\/fr\\\/nouvelles\\\/labrc-prend-position-sur-les-modeles-de-facturation-automatique-des-manuels-didactiques\\\/\"]}]},{\"@type\":\"BreadcrumbList\",\"@id\":\"https:\\\/\\\/www.carl-abrc.ca\\\/fr\\\/nouvelles\\\/labrc-prend-position-sur-les-modeles-de-facturation-automatique-des-manuels-didactiques\\\/#breadcrumb\",\"itemListElement\":[{\"@type\":\"ListItem\",\"position\":1,\"name\":\"Accueil\",\"item\":\"https:\\\/\\\/www.carl-abrc.ca\\\/fr\\\/home-3\\\/\"},{\"@type\":\"ListItem\",\"position\":2,\"name\":\"L&rsquo;ABRC prend position sur les mod\u00e8les de facturation automatique des manuels didactiques\"}]},{\"@type\":\"WebSite\",\"@id\":\"https:\\\/\\\/www.carl-abrc.ca\\\/fr\\\/#website\",\"url\":\"https:\\\/\\\/www.carl-abrc.ca\\\/fr\\\/\",\"name\":\"Association des biblioth\u00e8ques de recherche du Canada\",\"description\":\"ABRC\",\"publisher\":{\"@id\":\"https:\\\/\\\/www.carl-abrc.ca\\\/fr\\\/#organization\"},\"potentialAction\":[{\"@type\":\"SearchAction\",\"target\":{\"@type\":\"EntryPoint\",\"urlTemplate\":\"https:\\\/\\\/www.carl-abrc.ca\\\/fr\\\/?s={search_term_string}\"},\"query-input\":{\"@type\":\"PropertyValueSpecification\",\"valueRequired\":true,\"valueName\":\"search_term_string\"}}],\"inLanguage\":\"fr-FR\"},{\"@type\":\"Organization\",\"@id\":\"https:\\\/\\\/www.carl-abrc.ca\\\/fr\\\/#organization\",\"name\":\"Association des biblioth\u00e8ques de recherche du Canada\",\"url\":\"https:\\\/\\\/www.carl-abrc.ca\\\/fr\\\/\",\"logo\":{\"@type\":\"ImageObject\",\"inLanguage\":\"fr-FR\",\"@id\":\"https:\\\/\\\/www.carl-abrc.ca\\\/fr\\\/#\\\/schema\\\/logo\\\/image\\\/\",\"url\":\"https:\\\/\\\/www.carl-abrc.ca\\\/wp-content\\\/uploads\\\/2024\\\/07\\\/cropped-Stacked_Colour_L.png\",\"contentUrl\":\"https:\\\/\\\/www.carl-abrc.ca\\\/wp-content\\\/uploads\\\/2024\\\/07\\\/cropped-Stacked_Colour_L.png\",\"width\":641,\"height\":250,\"caption\":\"Association des biblioth\u00e8ques de recherche du Canada\"},\"image\":{\"@id\":\"https:\\\/\\\/www.carl-abrc.ca\\\/fr\\\/#\\\/schema\\\/logo\\\/image\\\/\"},\"sameAs\":[\"https:\\\/\\\/x.com\\\/carlabrc\"]},{\"@type\":\"Person\",\"@id\":\"https:\\\/\\\/www.carl-abrc.ca\\\/fr\\\/#\\\/schema\\\/person\\\/0249489ce3cdcef7d6e8d117510a9fb3\",\"name\":\"Taleen Aktorosian\",\"image\":{\"@type\":\"ImageObject\",\"inLanguage\":\"fr-FR\",\"@id\":\"https:\\\/\\\/secure.gravatar.com\\\/avatar\\\/a1b9ed12420a3a1e0f083aa2522c618cebd777c8170eaf61dac438cba806f2cc?s=96&d=mm&r=g\",\"url\":\"https:\\\/\\\/secure.gravatar.com\\\/avatar\\\/a1b9ed12420a3a1e0f083aa2522c618cebd777c8170eaf61dac438cba806f2cc?s=96&d=mm&r=g\",\"contentUrl\":\"https:\\\/\\\/secure.gravatar.com\\\/avatar\\\/a1b9ed12420a3a1e0f083aa2522c618cebd777c8170eaf61dac438cba806f2cc?s=96&d=mm&r=g\",\"caption\":\"Taleen Aktorosian\"},\"url\":\"https:\\\/\\\/www.carl-abrc.ca\\\/fr\\\/author\\\/taleen-aktorosian\\\/\"}]}<\/script>\n<!-- \/ Yoast SEO plugin. -->","yoast_head_json":{"title":"L'ABRC prend position sur les mod\u00e8les de facturation automatique des manuels didactiques - Association des biblioth\u00e8ques de recherche du Canada","robots":{"index":"index","follow":"follow","max-snippet":"max-snippet:-1","max-image-preview":"max-image-preview:large","max-video-preview":"max-video-preview:-1"},"canonical":"https:\/\/www.carl-abrc.ca\/fr\/nouvelles\/labrc-prend-position-sur-les-modeles-de-facturation-automatique-des-manuels-didactiques\/","og_locale":"fr_FR","og_type":"article","og_title":"L'ABRC prend position sur les mod\u00e8les de facturation automatique des manuels didactiques - Association des biblioth\u00e8ques de recherche du Canada","og_description":"Le 4 avril 2024 \u2013 Les mod\u00e8les de facturation automatique des manuels, tels que les programmes d&rsquo; \u00ab acc\u00e8s inclusif \u00bb et d&rsquo; \u00ab acc\u00e8s \u00e9quitable \u00bb, \u00e9mergent en tant [&hellip;]","og_url":"https:\/\/www.carl-abrc.ca\/fr\/nouvelles\/labrc-prend-position-sur-les-modeles-de-facturation-automatique-des-manuels-didactiques\/","og_site_name":"Association des biblioth\u00e8ques de recherche du Canada","article_published_time":"2024-04-04T14:13:45+00:00","article_modified_time":"2024-04-04T14:38:44+00:00","author":"Taleen Aktorosian","twitter_misc":{"\u00c9crit par":"Taleen Aktorosian","Dur\u00e9e de lecture estim\u00e9e":"2 minutes"},"schema":{"@context":"https:\/\/schema.org","@graph":[{"@type":"Article","@id":"https:\/\/www.carl-abrc.ca\/fr\/nouvelles\/labrc-prend-position-sur-les-modeles-de-facturation-automatique-des-manuels-didactiques\/#article","isPartOf":{"@id":"https:\/\/www.carl-abrc.ca\/fr\/nouvelles\/labrc-prend-position-sur-les-modeles-de-facturation-automatique-des-manuels-didactiques\/"},"author":{"name":"Taleen Aktorosian","@id":"https:\/\/www.carl-abrc.ca\/fr\/#\/schema\/person\/0249489ce3cdcef7d6e8d117510a9fb3"},"headline":"L&rsquo;ABRC prend position sur les mod\u00e8les de facturation automatique des manuels didactiques","datePublished":"2024-04-04T14:13:45+00:00","dateModified":"2024-04-04T14:38:44+00:00","mainEntityOfPage":{"@id":"https:\/\/www.carl-abrc.ca\/fr\/nouvelles\/labrc-prend-position-sur-les-modeles-de-facturation-automatique-des-manuels-didactiques\/"},"wordCount":337,"publisher":{"@id":"https:\/\/www.carl-abrc.ca\/fr\/#organization"},"articleSection":["Nouvelles"],"inLanguage":"fr-FR"},{"@type":"WebPage","@id":"https:\/\/www.carl-abrc.ca\/fr\/nouvelles\/labrc-prend-position-sur-les-modeles-de-facturation-automatique-des-manuels-didactiques\/","url":"https:\/\/www.carl-abrc.ca\/fr\/nouvelles\/labrc-prend-position-sur-les-modeles-de-facturation-automatique-des-manuels-didactiques\/","name":"L'ABRC prend position sur les mod\u00e8les de facturation automatique des manuels didactiques - Association des biblioth\u00e8ques de recherche du Canada","isPartOf":{"@id":"https:\/\/www.carl-abrc.ca\/fr\/#website"},"datePublished":"2024-04-04T14:13:45+00:00","dateModified":"2024-04-04T14:38:44+00:00","breadcrumb":{"@id":"https:\/\/www.carl-abrc.ca\/fr\/nouvelles\/labrc-prend-position-sur-les-modeles-de-facturation-automatique-des-manuels-didactiques\/#breadcrumb"},"inLanguage":"fr-FR","potentialAction":[{"@type":"ReadAction","target":["https:\/\/www.carl-abrc.ca\/fr\/nouvelles\/labrc-prend-position-sur-les-modeles-de-facturation-automatique-des-manuels-didactiques\/"]}]},{"@type":"BreadcrumbList","@id":"https:\/\/www.carl-abrc.ca\/fr\/nouvelles\/labrc-prend-position-sur-les-modeles-de-facturation-automatique-des-manuels-didactiques\/#breadcrumb","itemListElement":[{"@type":"ListItem","position":1,"name":"Accueil","item":"https:\/\/www.carl-abrc.ca\/fr\/home-3\/"},{"@type":"ListItem","position":2,"name":"L&rsquo;ABRC prend position sur les mod\u00e8les de facturation automatique des manuels didactiques"}]},{"@type":"WebSite","@id":"https:\/\/www.carl-abrc.ca\/fr\/#website","url":"https:\/\/www.carl-abrc.ca\/fr\/","name":"Association des biblioth\u00e8ques de recherche du Canada","description":"ABRC","publisher":{"@id":"https:\/\/www.carl-abrc.ca\/fr\/#organization"},"potentialAction":[{"@type":"SearchAction","target":{"@type":"EntryPoint","urlTemplate":"https:\/\/www.carl-abrc.ca\/fr\/?s={search_term_string}"},"query-input":{"@type":"PropertyValueSpecification","valueRequired":true,"valueName":"search_term_string"}}],"inLanguage":"fr-FR"},{"@type":"Organization","@id":"https:\/\/www.carl-abrc.ca\/fr\/#organization","name":"Association des biblioth\u00e8ques de recherche du Canada","url":"https:\/\/www.carl-abrc.ca\/fr\/","logo":{"@type":"ImageObject","inLanguage":"fr-FR","@id":"https:\/\/www.carl-abrc.ca\/fr\/#\/schema\/logo\/image\/","url":"https:\/\/www.carl-abrc.ca\/wp-content\/uploads\/2024\/07\/cropped-Stacked_Colour_L.png","contentUrl":"https:\/\/www.carl-abrc.ca\/wp-content\/uploads\/2024\/07\/cropped-Stacked_Colour_L.png","width":641,"height":250,"caption":"Association des biblioth\u00e8ques de recherche du Canada"},"image":{"@id":"https:\/\/www.carl-abrc.ca\/fr\/#\/schema\/logo\/image\/"},"sameAs":["https:\/\/x.com\/carlabrc"]},{"@type":"Person","@id":"https:\/\/www.carl-abrc.ca\/fr\/#\/schema\/person\/0249489ce3cdcef7d6e8d117510a9fb3","name":"Taleen Aktorosian","image":{"@type":"ImageObject","inLanguage":"fr-FR","@id":"https:\/\/secure.gravatar.com\/avatar\/a1b9ed12420a3a1e0f083aa2522c618cebd777c8170eaf61dac438cba806f2cc?s=96&d=mm&r=g","url":"https:\/\/secure.gravatar.com\/avatar\/a1b9ed12420a3a1e0f083aa2522c618cebd777c8170eaf61dac438cba806f2cc?s=96&d=mm&r=g","contentUrl":"https:\/\/secure.gravatar.com\/avatar\/a1b9ed12420a3a1e0f083aa2522c618cebd777c8170eaf61dac438cba806f2cc?s=96&d=mm&r=g","caption":"Taleen Aktorosian"},"url":"https:\/\/www.carl-abrc.ca\/fr\/author\/taleen-aktorosian\/"}]}},"_links":{"self":[{"href":"https:\/\/www.carl-abrc.ca\/fr\/wp-json\/wp\/v2\/posts\/34472","targetHints":{"allow":["GET"]}}],"collection":[{"href":"https:\/\/www.carl-abrc.ca\/fr\/wp-json\/wp\/v2\/posts"}],"about":[{"href":"https:\/\/www.carl-abrc.ca\/fr\/wp-json\/wp\/v2\/types\/post"}],"author":[{"embeddable":true,"href":"https:\/\/www.carl-abrc.ca\/fr\/wp-json\/wp\/v2\/users\/131"}],"replies":[{"embeddable":true,"href":"https:\/\/www.carl-abrc.ca\/fr\/wp-json\/wp\/v2\/comments?post=34472"}],"version-history":[{"count":0,"href":"https:\/\/www.carl-abrc.ca\/fr\/wp-json\/wp\/v2\/posts\/34472\/revisions"}],"wp:attachment":[{"href":"https:\/\/www.carl-abrc.ca\/fr\/wp-json\/wp\/v2\/media?parent=34472"}],"wp:term":[{"taxonomy":"category","embeddable":true,"href":"https:\/\/www.carl-abrc.ca\/fr\/wp-json\/wp\/v2\/categories?post=34472"},{"taxonomy":"post_tag","embeddable":true,"href":"https:\/\/www.carl-abrc.ca\/fr\/wp-json\/wp\/v2\/tags?post=34472"}],"curies":[{"name":"wp","href":"https:\/\/api.w.org\/{rel}","templated":true}]}}