{"id":35930,"date":"2024-10-21T12:47:38","date_gmt":"2024-10-21T16:47:38","guid":{"rendered":"https:\/\/www.carl-abrc.ca\/?p=35930"},"modified":"2024-10-21T12:47:38","modified_gmt":"2024-10-21T16:47:38","slug":"labrc-celebre-la-semaine-du-libre-acces-2024","status":"publish","type":"post","link":"https:\/\/www.carl-abrc.ca\/fr\/nouvelles\/labrc-celebre-la-semaine-du-libre-acces-2024\/","title":{"rendered":"L&rsquo;ABRC c\u00e9l\u00e8bre la Semaine du libre acc\u00e8s 2024 !"},"content":{"rendered":"<p><strong>21 octobre 2024<\/strong> &#8211; L&rsquo;Association des biblioth\u00e8ques de recherche du Canada (ABRC) est fi\u00e8re de c\u00e9l\u00e9brer la Semaine du libre acc\u00e8s 2024, qui se d\u00e9roulera du 21 au 27 octobre. Le th\u00e8me de cette ann\u00e9e, <em>La communaut\u00e9 avant la commercialisation<\/em>, souligne l&rsquo;importance des efforts men\u00e9s par la communaut\u00e9 pour faire progresser le libre acc\u00e8s dans le milieu de la recherche universitaire.<\/p>\n<p>Le libre acc\u00e8s joue un r\u00f4le crucial dans les institutions de recherche canadiennes en rendant les publications savantes librement accessibles au grand public, en encourageant une plus grande collaboration, et en acc\u00e9l\u00e9rant le d\u00e9veloppement des connaissances. En supprimant les obstacles \u00e0 l&rsquo;information, le libre acc\u00e8s am\u00e9liore la visibilit\u00e9 et l&rsquo;impact de la recherche canadienne. Il favorise \u00e9galement l&rsquo;\u00e9quit\u00e9 dans la diffusion des connaissances, au b\u00e9n\u00e9fice des chercheurs, des \u00e9tudiants et du public.<\/p>\n<hr \/>\n<p>Dans le cadre des \u00e9v\u00e9nements de la semaine, l&rsquo;ABRC et Scholars Portal organisent conjointement un webinaire sp\u00e9cial :<\/p>\n<p><strong>Renforcer les d\u00e9p\u00f4ts institutionnels gr\u00e2ce au r\u00e9seau d&rsquo;experts Scholaris<\/strong><br \/>\nDate : lundi 21 octobre 2024<br \/>\nHeure : 13h00 &#8211; 14h00 HE<\/p>\n<p>Dans ce webinaire, les membres du r\u00e9seau d&rsquo;experts Scholaris partageront les projets du groupe d&rsquo;experts sur les m\u00e9tadonn\u00e9es et la d\u00e9couverte (GEMD-S) et du groupe d&rsquo;experts sur les th\u00e8ses et m\u00e9moires \u00e9lectroniques (GETE-S). Depuis mars 2024, ces groupes d&rsquo;experts collaborent sur des aspects essentiels de l&rsquo;infrastructure de d\u00e9p\u00f4t partag\u00e9 Scholaris, contribuant ainsi \u00e0 la d\u00e9couvrabilit\u00e9 et \u00e0 l&rsquo;impact de la recherche canadienne. Acc\u00e9dez aux <span style=\"text-decoration: underline;\"><a href=\"https:\/\/www.carl-abrc.ca\/fr\/mini-site-page\/renforcer-les-depots-institutionnels-grace-au-reseau-dexperts-scholaris-webinaire-de-la-semaine-du-libre-acces-2024-de-labrc-et-scholars-portal\/\">d\u00e9tails<\/a><\/span> et<span style=\"text-decoration: underline;\"><a href=\"https:\/\/youtu.be\/34A8FgUuxHQ\" target=\"_blank\" rel=\"noopener\"> l&rsquo;enregistrement du webinaire (YouTube)<\/a>.<\/span><\/p>\n<hr \/>\n<p><strong>Projet \u00ab Paper Pledge \u00bb :<\/strong> <strong>Une initiative mondiale pour la recherche sur le changement climatique<\/strong><\/p>\n<p>L&rsquo;ABRC participe \u00e9galement au Paper Pledge Project, une initiative mondiale coordonn\u00e9e par le COAR pour d\u00e9poser et promouvoir la recherche sur le changement climatique. L&rsquo;objectif est d&rsquo;accro\u00eetre la visibilit\u00e9 et l&rsquo;accessibilit\u00e9 de la recherche sur le climat afin d&rsquo;\u00e9clairer la prise de d\u00e9cision et les politiques publiques. La <span style=\"text-decoration: underline;\"><a href=\"https:\/\/www.carl-abrc.ca\/fr\/faire-avancer-la-recherche\/depots-institutionnels\/communaute-de-pratique-des-depots-canadiens\/\">Communaut\u00e9 de pratique des d\u00e9p\u00f4ts canadiens<\/a><\/span>, soutenue par l&rsquo;ABRC, joue un r\u00f4le cl\u00e9 dans la r\u00e9ussite de cette initiative. Pour en savoir plus et d\u00e9couvrir comment s&rsquo;impliquer : <span style=\"text-decoration: underline;\"><a href=\"https:\/\/coar-repositories.org\/paper-pledge-for-the-planet\/\" target=\"_blank\" rel=\"noopener\">Paper Pledge Project<\/a><\/span>.<\/p>\n<hr \/>\n<p><strong>Comment les organismes canadiens soutiennent le libre acc\u00e8s &#8211; Article du CRSH<\/strong><\/p>\n<p>L&rsquo;ABRC est fi\u00e8re de figurer dans l&rsquo;article du CRSH intitul\u00e9 \u00ab Comment les organismes canadiens soutiennent le libre acc\u00e8s \u00bb, dans le cadre de la Semaine internationale du libre acc\u00e8s de cette ann\u00e9e.<\/p>\n<p>Le travail de l&rsquo;ABRC est \u00e0 l&rsquo;origine d&rsquo;initiatives telles que le d\u00e9veloppement de Scholaris, un service de d\u00e9p\u00f4t institutionnel partag\u00e9 qui soutient un r\u00e9seau de d\u00e9p\u00f4ts canadiens en libre acc\u00e8s. L&rsquo;ABRC joue \u00e9galement un r\u00f4le cl\u00e9 dans l&rsquo;\u00e9laboration des politiques nationales et internationales en mati\u00e8re de libre acc\u00e8s, renfor\u00e7ant ainsi l&rsquo;infrastructure n\u00e9cessaire pour assurer un acc\u00e8s imm\u00e9diat et sans obstacle \u00e0 la recherche savante.<\/p>\n<p>Lisez l <a href=\"https:\/\/www.linkedin.com\/pulse\/comment-les-organismes-canadiens-soutiennent-w8smc\/\" target=\"_blank\" rel=\"noopener\">&lsquo;<span style=\"text-decoration: underline;\">article complet du CRSH<\/span><\/a> pour en savoir plus sur la fa\u00e7on dont l&rsquo;ABRC et d&rsquo;autres organismes canadiens contribuent au mouvement du libre acc\u00e8s et favorisent une diffusion de la recherche durable et ax\u00e9e sur la communaut\u00e9.<\/p>\n<hr \/>\n<p><strong>Campagne de sensibilisation Twitter #OAWeek<\/strong><\/p>\n<p>Tout au long de la semaine, l&rsquo;ABRC partagera et rediffusera sur son r\u00e9seau Twitter des initiatives et des \u00e9v\u00e9nements int\u00e9ressants en mati\u00e8re de libre acc\u00e8s organis\u00e9s par les biblioth\u00e8ques membres et les organisations partenaires. Restez \u00e0 l&rsquo;aff\u00fbt pour les mises \u00e0 jour quotidiennes et joignez-vous \u00e0 nous pour c\u00e9l\u00e9brer la Semaine du libre acc\u00e8s 2024 ! Visitez <span style=\"text-decoration: underline;\"><a href=\"https:\/\/twitter.com\/carlabrc\" target=\"_blank\" rel=\"noopener\">la page Twitter de l&rsquo;ABRC<\/a><\/span>.<\/p>\n<p><a href=\"https:\/\/www.carl-abrc.ca\/wp-content\/uploads\/2024\/10\/16-9-Twitter-French-Tile.png\"><img fetchpriority=\"high\" decoding=\"async\" class=\"alignnone wp-image-35937\" src=\"https:\/\/www.carl-abrc.ca\/wp-content\/uploads\/2024\/10\/16-9-Twitter-French-Tile-300x169.png\" alt=\"\" width=\"747\" height=\"421\" srcset=\"https:\/\/www.carl-abrc.ca\/wp-content\/uploads\/2024\/10\/16-9-Twitter-French-Tile-300x169.png 300w, https:\/\/www.carl-abrc.ca\/wp-content\/uploads\/2024\/10\/16-9-Twitter-French-Tile-1024x576.png 1024w, https:\/\/www.carl-abrc.ca\/wp-content\/uploads\/2024\/10\/16-9-Twitter-French-Tile-768x432.png 768w, https:\/\/www.carl-abrc.ca\/wp-content\/uploads\/2024\/10\/16-9-Twitter-French-Tile-1536x864.png 1536w, https:\/\/www.carl-abrc.ca\/wp-content\/uploads\/2024\/10\/16-9-Twitter-French-Tile-2048x1152.png 2048w\" sizes=\"(max-width: 747px) 100vw, 747px\" \/><\/a><\/p>\n","protected":false},"excerpt":{"rendered":"<p>21 octobre 2024 &#8211; L&rsquo;Association des biblioth\u00e8ques de recherche du Canada (ABRC) est fi\u00e8re de c\u00e9l\u00e9brer la Semaine du libre acc\u00e8s 2024, qui se d\u00e9roulera du 21 au 27 octobre. [&hellip;]<\/p>\n","protected":false},"author":131,"featured_media":36193,"comment_status":"closed","ping_status":"closed","sticky":false,"template":"","format":"standard","meta":{"_acf_changed":false,"_EventAllDay":false,"_EventTimezone":"","_EventStartDate":"","_EventEndDate":"","_EventStartDateUTC":"","_EventEndDateUTC":"","_EventShowMap":false,"_EventShowMapLink":false,"_EventURL":"","_EventCost":"","_EventCostDescription":"","_EventCurrencySymbol":"","_EventCurrencyCode":"","_EventCurrencyPosition":"","_EventDateTimeSeparator":"","_EventTimeRangeSeparator":"","_EventOrganizerID":[],"_EventVenueID":[],"_OrganizerEmail":"","_OrganizerPhone":"","_OrganizerWebsite":"","_VenueAddress":"","_VenueCity":"","_VenueCountry":"","_VenueProvince":"","_VenueState":"","_VenueZip":"","_VenuePhone":"","_VenueURL":"","_VenueStateProvince":"","_VenueLat":"","_VenueLng":"","_VenueShowMap":false,"_VenueShowMapLink":false,"footnotes":""},"categories":[23,2,31],"tags":[],"class_list":["post-35930","post","type-post","status-publish","format-standard","has-post-thumbnail","hentry","category-depots","category-nouvelles","category-scholaris-fr"],"acf":[],"yoast_head":"<!-- This site is optimized with the Yoast SEO plugin v27.5 - https:\/\/yoast.com\/product\/yoast-seo-wordpress\/ -->\n<title>L&#039;ABRC c\u00e9l\u00e8bre la Semaine du libre acc\u00e8s 2024 ! - Association des biblioth\u00e8ques de recherche du Canada<\/title>\n<meta name=\"robots\" content=\"index, follow, max-snippet:-1, max-image-preview:large, max-video-preview:-1\" \/>\n<link rel=\"canonical\" href=\"https:\/\/www.carl-abrc.ca\/fr\/nouvelles\/labrc-celebre-la-semaine-du-libre-acces-2024\/\" \/>\n<meta property=\"og:locale\" content=\"fr_FR\" \/>\n<meta property=\"og:type\" content=\"article\" \/>\n<meta property=\"og:title\" content=\"L&#039;ABRC c\u00e9l\u00e8bre la Semaine du libre acc\u00e8s 2024 ! - Association des biblioth\u00e8ques de recherche du Canada\" \/>\n<meta property=\"og:description\" content=\"21 octobre 2024 &#8211; L&rsquo;Association des biblioth\u00e8ques de recherche du Canada (ABRC) est fi\u00e8re de c\u00e9l\u00e9brer la Semaine du libre acc\u00e8s 2024, qui se d\u00e9roulera du 21 au 27 octobre. [&hellip;]\" \/>\n<meta property=\"og:url\" content=\"https:\/\/www.carl-abrc.ca\/fr\/nouvelles\/labrc-celebre-la-semaine-du-libre-acces-2024\/\" \/>\n<meta property=\"og:site_name\" content=\"Association des biblioth\u00e8ques de recherche du Canada\" \/>\n<meta property=\"article:published_time\" content=\"2024-10-21T16:47:38+00:00\" \/>\n<meta property=\"og:image\" content=\"https:\/\/www.carl-abrc.ca\/wp-content\/uploads\/2024\/09\/NewsFeaturedImage-1.jpg\" \/>\n\t<meta property=\"og:image:width\" content=\"1920\" \/>\n\t<meta property=\"og:image:height\" content=\"1080\" \/>\n\t<meta property=\"og:image:type\" content=\"image\/jpeg\" \/>\n<meta name=\"author\" content=\"Taleen Aktorosian\" \/>\n<meta name=\"twitter:label1\" content=\"\u00c9crit par\" \/>\n\t<meta name=\"twitter:data1\" content=\"Taleen Aktorosian\" \/>\n\t<meta name=\"twitter:label2\" content=\"Dur\u00e9e de lecture estim\u00e9e\" \/>\n\t<meta name=\"twitter:data2\" content=\"3 minutes\" \/>\n<script type=\"application\/ld+json\" class=\"yoast-schema-graph\">{\"@context\":\"https:\\\/\\\/schema.org\",\"@graph\":[{\"@type\":\"Article\",\"@id\":\"https:\\\/\\\/www.carl-abrc.ca\\\/fr\\\/nouvelles\\\/labrc-celebre-la-semaine-du-libre-acces-2024\\\/#article\",\"isPartOf\":{\"@id\":\"https:\\\/\\\/www.carl-abrc.ca\\\/fr\\\/nouvelles\\\/labrc-celebre-la-semaine-du-libre-acces-2024\\\/\"},\"author\":{\"name\":\"Taleen Aktorosian\",\"@id\":\"https:\\\/\\\/www.carl-abrc.ca\\\/fr\\\/#\\\/schema\\\/person\\\/0249489ce3cdcef7d6e8d117510a9fb3\"},\"headline\":\"L&rsquo;ABRC c\u00e9l\u00e8bre la Semaine du libre acc\u00e8s 2024 !\",\"datePublished\":\"2024-10-21T16:47:38+00:00\",\"mainEntityOfPage\":{\"@id\":\"https:\\\/\\\/www.carl-abrc.ca\\\/fr\\\/nouvelles\\\/labrc-celebre-la-semaine-du-libre-acces-2024\\\/\"},\"wordCount\":647,\"publisher\":{\"@id\":\"https:\\\/\\\/www.carl-abrc.ca\\\/fr\\\/#organization\"},\"image\":{\"@id\":\"https:\\\/\\\/www.carl-abrc.ca\\\/fr\\\/nouvelles\\\/labrc-celebre-la-semaine-du-libre-acces-2024\\\/#primaryimage\"},\"thumbnailUrl\":\"https:\\\/\\\/www.carl-abrc.ca\\\/wp-content\\\/uploads\\\/2024\\\/09\\\/NewsFeaturedImage-1.jpg\",\"articleSection\":[\"D\u00e9p\u00f4ts\",\"Nouvelles\",\"Scholaris\"],\"inLanguage\":\"fr-FR\"},{\"@type\":\"WebPage\",\"@id\":\"https:\\\/\\\/www.carl-abrc.ca\\\/fr\\\/nouvelles\\\/labrc-celebre-la-semaine-du-libre-acces-2024\\\/\",\"url\":\"https:\\\/\\\/www.carl-abrc.ca\\\/fr\\\/nouvelles\\\/labrc-celebre-la-semaine-du-libre-acces-2024\\\/\",\"name\":\"L'ABRC c\u00e9l\u00e8bre la Semaine du libre acc\u00e8s 2024 ! - Association des biblioth\u00e8ques de recherche du Canada\",\"isPartOf\":{\"@id\":\"https:\\\/\\\/www.carl-abrc.ca\\\/fr\\\/#website\"},\"primaryImageOfPage\":{\"@id\":\"https:\\\/\\\/www.carl-abrc.ca\\\/fr\\\/nouvelles\\\/labrc-celebre-la-semaine-du-libre-acces-2024\\\/#primaryimage\"},\"image\":{\"@id\":\"https:\\\/\\\/www.carl-abrc.ca\\\/fr\\\/nouvelles\\\/labrc-celebre-la-semaine-du-libre-acces-2024\\\/#primaryimage\"},\"thumbnailUrl\":\"https:\\\/\\\/www.carl-abrc.ca\\\/wp-content\\\/uploads\\\/2024\\\/09\\\/NewsFeaturedImage-1.jpg\",\"datePublished\":\"2024-10-21T16:47:38+00:00\",\"breadcrumb\":{\"@id\":\"https:\\\/\\\/www.carl-abrc.ca\\\/fr\\\/nouvelles\\\/labrc-celebre-la-semaine-du-libre-acces-2024\\\/#breadcrumb\"},\"inLanguage\":\"fr-FR\",\"potentialAction\":[{\"@type\":\"ReadAction\",\"target\":[\"https:\\\/\\\/www.carl-abrc.ca\\\/fr\\\/nouvelles\\\/labrc-celebre-la-semaine-du-libre-acces-2024\\\/\"]}]},{\"@type\":\"ImageObject\",\"inLanguage\":\"fr-FR\",\"@id\":\"https:\\\/\\\/www.carl-abrc.ca\\\/fr\\\/nouvelles\\\/labrc-celebre-la-semaine-du-libre-acces-2024\\\/#primaryimage\",\"url\":\"https:\\\/\\\/www.carl-abrc.ca\\\/wp-content\\\/uploads\\\/2024\\\/09\\\/NewsFeaturedImage-1.jpg\",\"contentUrl\":\"https:\\\/\\\/www.carl-abrc.ca\\\/wp-content\\\/uploads\\\/2024\\\/09\\\/NewsFeaturedImage-1.jpg\",\"width\":1920,\"height\":1080,\"caption\":\"C.A.R.L. Logo\"},{\"@type\":\"BreadcrumbList\",\"@id\":\"https:\\\/\\\/www.carl-abrc.ca\\\/fr\\\/nouvelles\\\/labrc-celebre-la-semaine-du-libre-acces-2024\\\/#breadcrumb\",\"itemListElement\":[{\"@type\":\"ListItem\",\"position\":1,\"name\":\"Accueil\",\"item\":\"https:\\\/\\\/www.carl-abrc.ca\\\/fr\\\/home-3\\\/\"},{\"@type\":\"ListItem\",\"position\":2,\"name\":\"L&rsquo;ABRC c\u00e9l\u00e8bre la Semaine du libre acc\u00e8s 2024 !\"}]},{\"@type\":\"WebSite\",\"@id\":\"https:\\\/\\\/www.carl-abrc.ca\\\/fr\\\/#website\",\"url\":\"https:\\\/\\\/www.carl-abrc.ca\\\/fr\\\/\",\"name\":\"Association des biblioth\u00e8ques de recherche du Canada\",\"description\":\"ABRC\",\"publisher\":{\"@id\":\"https:\\\/\\\/www.carl-abrc.ca\\\/fr\\\/#organization\"},\"potentialAction\":[{\"@type\":\"SearchAction\",\"target\":{\"@type\":\"EntryPoint\",\"urlTemplate\":\"https:\\\/\\\/www.carl-abrc.ca\\\/fr\\\/?s={search_term_string}\"},\"query-input\":{\"@type\":\"PropertyValueSpecification\",\"valueRequired\":true,\"valueName\":\"search_term_string\"}}],\"inLanguage\":\"fr-FR\"},{\"@type\":\"Organization\",\"@id\":\"https:\\\/\\\/www.carl-abrc.ca\\\/fr\\\/#organization\",\"name\":\"Association des biblioth\u00e8ques de recherche du Canada\",\"url\":\"https:\\\/\\\/www.carl-abrc.ca\\\/fr\\\/\",\"logo\":{\"@type\":\"ImageObject\",\"inLanguage\":\"fr-FR\",\"@id\":\"https:\\\/\\\/www.carl-abrc.ca\\\/fr\\\/#\\\/schema\\\/logo\\\/image\\\/\",\"url\":\"https:\\\/\\\/www.carl-abrc.ca\\\/wp-content\\\/uploads\\\/2024\\\/07\\\/cropped-Stacked_Colour_L.png\",\"contentUrl\":\"https:\\\/\\\/www.carl-abrc.ca\\\/wp-content\\\/uploads\\\/2024\\\/07\\\/cropped-Stacked_Colour_L.png\",\"width\":641,\"height\":250,\"caption\":\"Association des biblioth\u00e8ques de recherche du Canada\"},\"image\":{\"@id\":\"https:\\\/\\\/www.carl-abrc.ca\\\/fr\\\/#\\\/schema\\\/logo\\\/image\\\/\"},\"sameAs\":[\"https:\\\/\\\/x.com\\\/carlabrc\"]},{\"@type\":\"Person\",\"@id\":\"https:\\\/\\\/www.carl-abrc.ca\\\/fr\\\/#\\\/schema\\\/person\\\/0249489ce3cdcef7d6e8d117510a9fb3\",\"name\":\"Taleen Aktorosian\",\"image\":{\"@type\":\"ImageObject\",\"inLanguage\":\"fr-FR\",\"@id\":\"https:\\\/\\\/secure.gravatar.com\\\/avatar\\\/a1b9ed12420a3a1e0f083aa2522c618cebd777c8170eaf61dac438cba806f2cc?s=96&d=mm&r=g\",\"url\":\"https:\\\/\\\/secure.gravatar.com\\\/avatar\\\/a1b9ed12420a3a1e0f083aa2522c618cebd777c8170eaf61dac438cba806f2cc?s=96&d=mm&r=g\",\"contentUrl\":\"https:\\\/\\\/secure.gravatar.com\\\/avatar\\\/a1b9ed12420a3a1e0f083aa2522c618cebd777c8170eaf61dac438cba806f2cc?s=96&d=mm&r=g\",\"caption\":\"Taleen Aktorosian\"},\"url\":\"https:\\\/\\\/www.carl-abrc.ca\\\/fr\\\/author\\\/taleen-aktorosian\\\/\"}]}<\/script>\n<!-- \/ Yoast SEO plugin. -->","yoast_head_json":{"title":"L'ABRC c\u00e9l\u00e8bre la Semaine du libre acc\u00e8s 2024 ! - Association des biblioth\u00e8ques de recherche du Canada","robots":{"index":"index","follow":"follow","max-snippet":"max-snippet:-1","max-image-preview":"max-image-preview:large","max-video-preview":"max-video-preview:-1"},"canonical":"https:\/\/www.carl-abrc.ca\/fr\/nouvelles\/labrc-celebre-la-semaine-du-libre-acces-2024\/","og_locale":"fr_FR","og_type":"article","og_title":"L'ABRC c\u00e9l\u00e8bre la Semaine du libre acc\u00e8s 2024 ! - Association des biblioth\u00e8ques de recherche du Canada","og_description":"21 octobre 2024 &#8211; L&rsquo;Association des biblioth\u00e8ques de recherche du Canada (ABRC) est fi\u00e8re de c\u00e9l\u00e9brer la Semaine du libre acc\u00e8s 2024, qui se d\u00e9roulera du 21 au 27 octobre. [&hellip;]","og_url":"https:\/\/www.carl-abrc.ca\/fr\/nouvelles\/labrc-celebre-la-semaine-du-libre-acces-2024\/","og_site_name":"Association des biblioth\u00e8ques de recherche du Canada","article_published_time":"2024-10-21T16:47:38+00:00","og_image":[{"width":1920,"height":1080,"url":"https:\/\/www.carl-abrc.ca\/wp-content\/uploads\/2024\/09\/NewsFeaturedImage-1.jpg","type":"image\/jpeg"}],"author":"Taleen Aktorosian","twitter_misc":{"\u00c9crit par":"Taleen Aktorosian","Dur\u00e9e de lecture estim\u00e9e":"3 minutes"},"schema":{"@context":"https:\/\/schema.org","@graph":[{"@type":"Article","@id":"https:\/\/www.carl-abrc.ca\/fr\/nouvelles\/labrc-celebre-la-semaine-du-libre-acces-2024\/#article","isPartOf":{"@id":"https:\/\/www.carl-abrc.ca\/fr\/nouvelles\/labrc-celebre-la-semaine-du-libre-acces-2024\/"},"author":{"name":"Taleen Aktorosian","@id":"https:\/\/www.carl-abrc.ca\/fr\/#\/schema\/person\/0249489ce3cdcef7d6e8d117510a9fb3"},"headline":"L&rsquo;ABRC c\u00e9l\u00e8bre la Semaine du libre acc\u00e8s 2024 !","datePublished":"2024-10-21T16:47:38+00:00","mainEntityOfPage":{"@id":"https:\/\/www.carl-abrc.ca\/fr\/nouvelles\/labrc-celebre-la-semaine-du-libre-acces-2024\/"},"wordCount":647,"publisher":{"@id":"https:\/\/www.carl-abrc.ca\/fr\/#organization"},"image":{"@id":"https:\/\/www.carl-abrc.ca\/fr\/nouvelles\/labrc-celebre-la-semaine-du-libre-acces-2024\/#primaryimage"},"thumbnailUrl":"https:\/\/www.carl-abrc.ca\/wp-content\/uploads\/2024\/09\/NewsFeaturedImage-1.jpg","articleSection":["D\u00e9p\u00f4ts","Nouvelles","Scholaris"],"inLanguage":"fr-FR"},{"@type":"WebPage","@id":"https:\/\/www.carl-abrc.ca\/fr\/nouvelles\/labrc-celebre-la-semaine-du-libre-acces-2024\/","url":"https:\/\/www.carl-abrc.ca\/fr\/nouvelles\/labrc-celebre-la-semaine-du-libre-acces-2024\/","name":"L'ABRC c\u00e9l\u00e8bre la Semaine du libre acc\u00e8s 2024 ! - Association des biblioth\u00e8ques de recherche du Canada","isPartOf":{"@id":"https:\/\/www.carl-abrc.ca\/fr\/#website"},"primaryImageOfPage":{"@id":"https:\/\/www.carl-abrc.ca\/fr\/nouvelles\/labrc-celebre-la-semaine-du-libre-acces-2024\/#primaryimage"},"image":{"@id":"https:\/\/www.carl-abrc.ca\/fr\/nouvelles\/labrc-celebre-la-semaine-du-libre-acces-2024\/#primaryimage"},"thumbnailUrl":"https:\/\/www.carl-abrc.ca\/wp-content\/uploads\/2024\/09\/NewsFeaturedImage-1.jpg","datePublished":"2024-10-21T16:47:38+00:00","breadcrumb":{"@id":"https:\/\/www.carl-abrc.ca\/fr\/nouvelles\/labrc-celebre-la-semaine-du-libre-acces-2024\/#breadcrumb"},"inLanguage":"fr-FR","potentialAction":[{"@type":"ReadAction","target":["https:\/\/www.carl-abrc.ca\/fr\/nouvelles\/labrc-celebre-la-semaine-du-libre-acces-2024\/"]}]},{"@type":"ImageObject","inLanguage":"fr-FR","@id":"https:\/\/www.carl-abrc.ca\/fr\/nouvelles\/labrc-celebre-la-semaine-du-libre-acces-2024\/#primaryimage","url":"https:\/\/www.carl-abrc.ca\/wp-content\/uploads\/2024\/09\/NewsFeaturedImage-1.jpg","contentUrl":"https:\/\/www.carl-abrc.ca\/wp-content\/uploads\/2024\/09\/NewsFeaturedImage-1.jpg","width":1920,"height":1080,"caption":"C.A.R.L. Logo"},{"@type":"BreadcrumbList","@id":"https:\/\/www.carl-abrc.ca\/fr\/nouvelles\/labrc-celebre-la-semaine-du-libre-acces-2024\/#breadcrumb","itemListElement":[{"@type":"ListItem","position":1,"name":"Accueil","item":"https:\/\/www.carl-abrc.ca\/fr\/home-3\/"},{"@type":"ListItem","position":2,"name":"L&rsquo;ABRC c\u00e9l\u00e8bre la Semaine du libre acc\u00e8s 2024 !"}]},{"@type":"WebSite","@id":"https:\/\/www.carl-abrc.ca\/fr\/#website","url":"https:\/\/www.carl-abrc.ca\/fr\/","name":"Association des biblioth\u00e8ques de recherche du Canada","description":"ABRC","publisher":{"@id":"https:\/\/www.carl-abrc.ca\/fr\/#organization"},"potentialAction":[{"@type":"SearchAction","target":{"@type":"EntryPoint","urlTemplate":"https:\/\/www.carl-abrc.ca\/fr\/?s={search_term_string}"},"query-input":{"@type":"PropertyValueSpecification","valueRequired":true,"valueName":"search_term_string"}}],"inLanguage":"fr-FR"},{"@type":"Organization","@id":"https:\/\/www.carl-abrc.ca\/fr\/#organization","name":"Association des biblioth\u00e8ques de recherche du Canada","url":"https:\/\/www.carl-abrc.ca\/fr\/","logo":{"@type":"ImageObject","inLanguage":"fr-FR","@id":"https:\/\/www.carl-abrc.ca\/fr\/#\/schema\/logo\/image\/","url":"https:\/\/www.carl-abrc.ca\/wp-content\/uploads\/2024\/07\/cropped-Stacked_Colour_L.png","contentUrl":"https:\/\/www.carl-abrc.ca\/wp-content\/uploads\/2024\/07\/cropped-Stacked_Colour_L.png","width":641,"height":250,"caption":"Association des biblioth\u00e8ques de recherche du Canada"},"image":{"@id":"https:\/\/www.carl-abrc.ca\/fr\/#\/schema\/logo\/image\/"},"sameAs":["https:\/\/x.com\/carlabrc"]},{"@type":"Person","@id":"https:\/\/www.carl-abrc.ca\/fr\/#\/schema\/person\/0249489ce3cdcef7d6e8d117510a9fb3","name":"Taleen Aktorosian","image":{"@type":"ImageObject","inLanguage":"fr-FR","@id":"https:\/\/secure.gravatar.com\/avatar\/a1b9ed12420a3a1e0f083aa2522c618cebd777c8170eaf61dac438cba806f2cc?s=96&d=mm&r=g","url":"https:\/\/secure.gravatar.com\/avatar\/a1b9ed12420a3a1e0f083aa2522c618cebd777c8170eaf61dac438cba806f2cc?s=96&d=mm&r=g","contentUrl":"https:\/\/secure.gravatar.com\/avatar\/a1b9ed12420a3a1e0f083aa2522c618cebd777c8170eaf61dac438cba806f2cc?s=96&d=mm&r=g","caption":"Taleen Aktorosian"},"url":"https:\/\/www.carl-abrc.ca\/fr\/author\/taleen-aktorosian\/"}]}},"_links":{"self":[{"href":"https:\/\/www.carl-abrc.ca\/fr\/wp-json\/wp\/v2\/posts\/35930","targetHints":{"allow":["GET"]}}],"collection":[{"href":"https:\/\/www.carl-abrc.ca\/fr\/wp-json\/wp\/v2\/posts"}],"about":[{"href":"https:\/\/www.carl-abrc.ca\/fr\/wp-json\/wp\/v2\/types\/post"}],"author":[{"embeddable":true,"href":"https:\/\/www.carl-abrc.ca\/fr\/wp-json\/wp\/v2\/users\/131"}],"replies":[{"embeddable":true,"href":"https:\/\/www.carl-abrc.ca\/fr\/wp-json\/wp\/v2\/comments?post=35930"}],"version-history":[{"count":0,"href":"https:\/\/www.carl-abrc.ca\/fr\/wp-json\/wp\/v2\/posts\/35930\/revisions"}],"wp:featuredmedia":[{"embeddable":true,"href":"https:\/\/www.carl-abrc.ca\/fr\/wp-json\/wp\/v2\/media\/36193"}],"wp:attachment":[{"href":"https:\/\/www.carl-abrc.ca\/fr\/wp-json\/wp\/v2\/media?parent=35930"}],"wp:term":[{"taxonomy":"category","embeddable":true,"href":"https:\/\/www.carl-abrc.ca\/fr\/wp-json\/wp\/v2\/categories?post=35930"},{"taxonomy":"post_tag","embeddable":true,"href":"https:\/\/www.carl-abrc.ca\/fr\/wp-json\/wp\/v2\/tags?post=35930"}],"curies":[{"name":"wp","href":"https:\/\/api.w.org\/{rel}","templated":true}]}}