{"id":3619,"date":"2014-11-14T16:16:48","date_gmt":"2014-11-14T21:16:48","guid":{"rendered":"http:\/\/www.carl-abrc.ca\/fr\/?p=3619"},"modified":"2024-03-02T12:10:32","modified_gmt":"2024-03-02T17:10:32","slug":"labrc-se-rejouit-de-la-publication-du-rapport-du-groupe-dexperts-de-la-societe-royale-du-canada","status":"publish","type":"post","link":"https:\/\/www.carl-abrc.ca\/fr\/nouvelles\/labrc-se-rejouit-de-la-publication-du-rapport-du-groupe-dexperts-de-la-societe-royale-du-canada\/","title":{"rendered":"L\u2019ABRC se r\u00e9jouit de la publication du rapport du groupe d\u2019experts de la Soci\u00e9t\u00e9 royale du Canada"},"content":{"rendered":"<p><strong>OTTAWA, le 14 novembre 2014<\/strong> \u2013 L\u2019Association des biblioth\u00e8ques de recherche du Canada (ABRC) se r\u00e9jouit de la publication du rapport <a href=\"https:\/\/rsc-src.ca\/fr\/node\/3439\"><em>L\u2019avenir au pr\u00e9sent : Les biblioth\u00e8ques, les centres d\u2019archives, et la m\u00e9moire collective au Canada<\/em><\/a>, par un groupe d\u2019experts de la Soci\u00e9t\u00e9 royale du Canada. Depuis hier, la Soci\u00e9t\u00e9 permet le t\u00e9l\u00e9chargement gratuit du document ou l\u2019achat de sa version papier.<\/p>\n<p>Le rapport de 216 pages dresse un portrait complet de la situation des biblioth\u00e8ques et des archives du Canada et contient 70 recommandations de toutes sortes sur la consolidation de leur avenir.<\/p>\n<p>\u00ab L\u2019ABRC se r\u00e9jouit de l\u2019attention accord\u00e9e \u00e0 notre secteur par la Soci\u00e9t\u00e9 royale. Celle ci a mis en lumi\u00e8re les r\u00f4les importants et rapidement changeants que les biblioth\u00e8ques et les archives jouent dans la soci\u00e9t\u00e9 canadienne, a d\u00e9clar\u00e9 Gerald Beasley, pr\u00e9sident de l\u2019ABRC. Nous croyons bien que nos \u00e9tablissements membres \u2013 parmi lesquels on compte Biblioth\u00e8que et Archives Canada \u2013 avancent tous dans les directions recommand\u00e9es par le groupe d\u2019experts. \u00bb<\/p>\n<p>\u00ab Nous sommes fiers du fait qu\u2019un de nos anciens pr\u00e9sidents et deux de nos membres actuels faisaient partie du groupe d\u2019experts, a dit Susan Haigh, directrice g\u00e9n\u00e9rale de l\u2019ABRC. Le rapport formule un grand nombre de recommandations pertinentes pour les biblioth\u00e8ques de recherche, et l\u2019ABRC se fera un plaisir d\u2019offrir sa pleine participation aux discussions que le rapport engendrera. \u00bb<\/p>\n<p>L&rsquo;ABRC regroupe les vingt-neuf plus grandes biblioth\u00e8ques universitaires du Canada et deux institutions f\u00e9d\u00e9rales. L\u2019am\u00e9lioration de la recherche et de l\u2019enseignement sup\u00e9rieur est au c\u0153ur de sa mission. L\u2019ABRC favorise l\u2019efficacit\u00e9 et la p\u00e9rennit\u00e9 de la communication savante, de m\u00eame que la mise en \u0153uvre de politiques publiques assurant un plus large acc\u00e8s aux r\u00e9sultats de la recherche.<\/p>\n<p style=\"text-align: center;\">-30-<\/p>\n<p>Pour information :<\/p>\n<p>Susan Haigh<br \/>\nDirectrice g\u00e9n\u00e9rale, ABRC<br \/>\n<a href=\"mailto:susan.haigh@carl-abrc.ca\">susan.haigh@carl-abrc.ca<\/a><br \/>\n613 482 9344, p. 101<\/p>\n","protected":false},"excerpt":{"rendered":"<p>OTTAWA, le 14 novembre 2014 \u2013 L\u2019Association des biblioth\u00e8ques de recherche du Canada (ABRC) se r\u00e9jouit de la publication du rapport L\u2019avenir au pr\u00e9sent : Les biblioth\u00e8ques, les centres d\u2019archives, [&hellip;]<\/p>\n","protected":false},"author":5,"featured_media":0,"comment_status":"closed","ping_status":"closed","sticky":false,"template":"","format":"standard","meta":{"_acf_changed":false,"_EventAllDay":false,"_EventTimezone":"","_EventStartDate":"","_EventEndDate":"","_EventStartDateUTC":"","_EventEndDateUTC":"","_EventShowMap":false,"_EventShowMapLink":false,"_EventURL":"","_EventCost":"","_EventCostDescription":"","_EventCurrencySymbol":"","_EventCurrencyCode":"","_EventCurrencyPosition":"","_EventDateTimeSeparator":"","_EventTimeRangeSeparator":"","_EventOrganizerID":[],"_EventVenueID":[],"_OrganizerEmail":"","_OrganizerPhone":"","_OrganizerWebsite":"","_VenueAddress":"","_VenueCity":"","_VenueCountry":"","_VenueProvince":"","_VenueState":"","_VenueZip":"","_VenuePhone":"","_VenueURL":"","_VenueStateProvince":"","_VenueLat":"","_VenueLng":"","_VenueShowMap":false,"_VenueShowMapLink":false,"footnotes":""},"categories":[2],"tags":[],"class_list":["post-3619","post","type-post","status-publish","format-standard","hentry","category-nouvelles"],"acf":[],"yoast_head":"<!-- This site is optimized with the Yoast SEO plugin v27.5 - https:\/\/yoast.com\/product\/yoast-seo-wordpress\/ -->\n<title>L\u2019ABRC se r\u00e9jouit de la publication du rapport du groupe d\u2019experts de la Soci\u00e9t\u00e9 royale du Canada - Association des biblioth\u00e8ques de recherche du Canada<\/title>\n<meta name=\"robots\" content=\"index, follow, max-snippet:-1, max-image-preview:large, max-video-preview:-1\" \/>\n<link rel=\"canonical\" href=\"https:\/\/www.carl-abrc.ca\/fr\/nouvelles\/labrc-se-rejouit-de-la-publication-du-rapport-du-groupe-dexperts-de-la-societe-royale-du-canada\/\" \/>\n<meta property=\"og:locale\" content=\"fr_FR\" \/>\n<meta property=\"og:type\" content=\"article\" \/>\n<meta property=\"og:title\" content=\"L\u2019ABRC se r\u00e9jouit de la publication du rapport du groupe d\u2019experts de la Soci\u00e9t\u00e9 royale du Canada - Association des biblioth\u00e8ques de recherche du Canada\" \/>\n<meta property=\"og:description\" content=\"OTTAWA, le 14 novembre 2014 \u2013 L\u2019Association des biblioth\u00e8ques de recherche du Canada (ABRC) se r\u00e9jouit de la publication du rapport L\u2019avenir au pr\u00e9sent : Les biblioth\u00e8ques, les centres d\u2019archives, [&hellip;]\" \/>\n<meta property=\"og:url\" content=\"https:\/\/www.carl-abrc.ca\/fr\/nouvelles\/labrc-se-rejouit-de-la-publication-du-rapport-du-groupe-dexperts-de-la-societe-royale-du-canada\/\" \/>\n<meta property=\"og:site_name\" content=\"Association des biblioth\u00e8ques de recherche du Canada\" \/>\n<meta property=\"article:published_time\" content=\"2014-11-14T21:16:48+00:00\" \/>\n<meta property=\"article:modified_time\" content=\"2024-03-02T17:10:32+00:00\" \/>\n<meta name=\"author\" content=\"Katherine McColgan\" \/>\n<meta name=\"twitter:label1\" content=\"\u00c9crit par\" \/>\n\t<meta name=\"twitter:data1\" content=\"Katherine McColgan\" \/>\n\t<meta name=\"twitter:label2\" content=\"Dur\u00e9e de lecture estim\u00e9e\" \/>\n\t<meta name=\"twitter:data2\" content=\"2 minutes\" \/>\n<script type=\"application\/ld+json\" class=\"yoast-schema-graph\">{\"@context\":\"https:\\\/\\\/schema.org\",\"@graph\":[{\"@type\":\"Article\",\"@id\":\"https:\\\/\\\/www.carl-abrc.ca\\\/fr\\\/nouvelles\\\/labrc-se-rejouit-de-la-publication-du-rapport-du-groupe-dexperts-de-la-societe-royale-du-canada\\\/#article\",\"isPartOf\":{\"@id\":\"https:\\\/\\\/www.carl-abrc.ca\\\/fr\\\/nouvelles\\\/labrc-se-rejouit-de-la-publication-du-rapport-du-groupe-dexperts-de-la-societe-royale-du-canada\\\/\"},\"author\":{\"name\":\"Katherine McColgan\",\"@id\":\"https:\\\/\\\/www.carl-abrc.ca\\\/fr\\\/#\\\/schema\\\/person\\\/0e28bc352eb584524dabf890f7141390\"},\"headline\":\"L\u2019ABRC se r\u00e9jouit de la publication du rapport du groupe d\u2019experts de la Soci\u00e9t\u00e9 royale du Canada\",\"datePublished\":\"2014-11-14T21:16:48+00:00\",\"dateModified\":\"2024-03-02T17:10:32+00:00\",\"mainEntityOfPage\":{\"@id\":\"https:\\\/\\\/www.carl-abrc.ca\\\/fr\\\/nouvelles\\\/labrc-se-rejouit-de-la-publication-du-rapport-du-groupe-dexperts-de-la-societe-royale-du-canada\\\/\"},\"wordCount\":363,\"publisher\":{\"@id\":\"https:\\\/\\\/www.carl-abrc.ca\\\/fr\\\/#organization\"},\"articleSection\":[\"Nouvelles\"],\"inLanguage\":\"fr-FR\"},{\"@type\":\"WebPage\",\"@id\":\"https:\\\/\\\/www.carl-abrc.ca\\\/fr\\\/nouvelles\\\/labrc-se-rejouit-de-la-publication-du-rapport-du-groupe-dexperts-de-la-societe-royale-du-canada\\\/\",\"url\":\"https:\\\/\\\/www.carl-abrc.ca\\\/fr\\\/nouvelles\\\/labrc-se-rejouit-de-la-publication-du-rapport-du-groupe-dexperts-de-la-societe-royale-du-canada\\\/\",\"name\":\"L\u2019ABRC se r\u00e9jouit de la publication du rapport du groupe d\u2019experts de la Soci\u00e9t\u00e9 royale du Canada - Association des biblioth\u00e8ques de recherche du Canada\",\"isPartOf\":{\"@id\":\"https:\\\/\\\/www.carl-abrc.ca\\\/fr\\\/#website\"},\"datePublished\":\"2014-11-14T21:16:48+00:00\",\"dateModified\":\"2024-03-02T17:10:32+00:00\",\"breadcrumb\":{\"@id\":\"https:\\\/\\\/www.carl-abrc.ca\\\/fr\\\/nouvelles\\\/labrc-se-rejouit-de-la-publication-du-rapport-du-groupe-dexperts-de-la-societe-royale-du-canada\\\/#breadcrumb\"},\"inLanguage\":\"fr-FR\",\"potentialAction\":[{\"@type\":\"ReadAction\",\"target\":[\"https:\\\/\\\/www.carl-abrc.ca\\\/fr\\\/nouvelles\\\/labrc-se-rejouit-de-la-publication-du-rapport-du-groupe-dexperts-de-la-societe-royale-du-canada\\\/\"]}]},{\"@type\":\"BreadcrumbList\",\"@id\":\"https:\\\/\\\/www.carl-abrc.ca\\\/fr\\\/nouvelles\\\/labrc-se-rejouit-de-la-publication-du-rapport-du-groupe-dexperts-de-la-societe-royale-du-canada\\\/#breadcrumb\",\"itemListElement\":[{\"@type\":\"ListItem\",\"position\":1,\"name\":\"Accueil\",\"item\":\"https:\\\/\\\/www.carl-abrc.ca\\\/fr\\\/home-3\\\/\"},{\"@type\":\"ListItem\",\"position\":2,\"name\":\"L\u2019ABRC se r\u00e9jouit de la publication du rapport du groupe d\u2019experts de la Soci\u00e9t\u00e9 royale du Canada\"}]},{\"@type\":\"WebSite\",\"@id\":\"https:\\\/\\\/www.carl-abrc.ca\\\/fr\\\/#website\",\"url\":\"https:\\\/\\\/www.carl-abrc.ca\\\/fr\\\/\",\"name\":\"Association des biblioth\u00e8ques de recherche du Canada\",\"description\":\"ABRC\",\"publisher\":{\"@id\":\"https:\\\/\\\/www.carl-abrc.ca\\\/fr\\\/#organization\"},\"potentialAction\":[{\"@type\":\"SearchAction\",\"target\":{\"@type\":\"EntryPoint\",\"urlTemplate\":\"https:\\\/\\\/www.carl-abrc.ca\\\/fr\\\/?s={search_term_string}\"},\"query-input\":{\"@type\":\"PropertyValueSpecification\",\"valueRequired\":true,\"valueName\":\"search_term_string\"}}],\"inLanguage\":\"fr-FR\"},{\"@type\":\"Organization\",\"@id\":\"https:\\\/\\\/www.carl-abrc.ca\\\/fr\\\/#organization\",\"name\":\"Association des biblioth\u00e8ques de recherche du Canada\",\"url\":\"https:\\\/\\\/www.carl-abrc.ca\\\/fr\\\/\",\"logo\":{\"@type\":\"ImageObject\",\"inLanguage\":\"fr-FR\",\"@id\":\"https:\\\/\\\/www.carl-abrc.ca\\\/fr\\\/#\\\/schema\\\/logo\\\/image\\\/\",\"url\":\"https:\\\/\\\/www.carl-abrc.ca\\\/wp-content\\\/uploads\\\/2024\\\/07\\\/cropped-Stacked_Colour_L.png\",\"contentUrl\":\"https:\\\/\\\/www.carl-abrc.ca\\\/wp-content\\\/uploads\\\/2024\\\/07\\\/cropped-Stacked_Colour_L.png\",\"width\":641,\"height\":250,\"caption\":\"Association des biblioth\u00e8ques de recherche du Canada\"},\"image\":{\"@id\":\"https:\\\/\\\/www.carl-abrc.ca\\\/fr\\\/#\\\/schema\\\/logo\\\/image\\\/\"},\"sameAs\":[\"https:\\\/\\\/x.com\\\/carlabrc\"]},{\"@type\":\"Person\",\"@id\":\"https:\\\/\\\/www.carl-abrc.ca\\\/fr\\\/#\\\/schema\\\/person\\\/0e28bc352eb584524dabf890f7141390\",\"name\":\"Katherine McColgan\",\"image\":{\"@type\":\"ImageObject\",\"inLanguage\":\"fr-FR\",\"@id\":\"https:\\\/\\\/secure.gravatar.com\\\/avatar\\\/9d8770eea9a07ba623ec853aca1456d4292fa99407780727a6fd6eab3c3fc1ef?s=96&d=mm&r=g\",\"url\":\"https:\\\/\\\/secure.gravatar.com\\\/avatar\\\/9d8770eea9a07ba623ec853aca1456d4292fa99407780727a6fd6eab3c3fc1ef?s=96&d=mm&r=g\",\"contentUrl\":\"https:\\\/\\\/secure.gravatar.com\\\/avatar\\\/9d8770eea9a07ba623ec853aca1456d4292fa99407780727a6fd6eab3c3fc1ef?s=96&d=mm&r=g\",\"caption\":\"Katherine McColgan\"},\"url\":\"https:\\\/\\\/www.carl-abrc.ca\\\/fr\\\/author\\\/katherine\\\/\"}]}<\/script>\n<!-- \/ Yoast SEO plugin. -->","yoast_head_json":{"title":"L\u2019ABRC se r\u00e9jouit de la publication du rapport du groupe d\u2019experts de la Soci\u00e9t\u00e9 royale du Canada - Association des biblioth\u00e8ques de recherche du Canada","robots":{"index":"index","follow":"follow","max-snippet":"max-snippet:-1","max-image-preview":"max-image-preview:large","max-video-preview":"max-video-preview:-1"},"canonical":"https:\/\/www.carl-abrc.ca\/fr\/nouvelles\/labrc-se-rejouit-de-la-publication-du-rapport-du-groupe-dexperts-de-la-societe-royale-du-canada\/","og_locale":"fr_FR","og_type":"article","og_title":"L\u2019ABRC se r\u00e9jouit de la publication du rapport du groupe d\u2019experts de la Soci\u00e9t\u00e9 royale du Canada - Association des biblioth\u00e8ques de recherche du Canada","og_description":"OTTAWA, le 14 novembre 2014 \u2013 L\u2019Association des biblioth\u00e8ques de recherche du Canada (ABRC) se r\u00e9jouit de la publication du rapport L\u2019avenir au pr\u00e9sent : Les biblioth\u00e8ques, les centres d\u2019archives, [&hellip;]","og_url":"https:\/\/www.carl-abrc.ca\/fr\/nouvelles\/labrc-se-rejouit-de-la-publication-du-rapport-du-groupe-dexperts-de-la-societe-royale-du-canada\/","og_site_name":"Association des biblioth\u00e8ques de recherche du Canada","article_published_time":"2014-11-14T21:16:48+00:00","article_modified_time":"2024-03-02T17:10:32+00:00","author":"Katherine McColgan","twitter_misc":{"\u00c9crit par":"Katherine McColgan","Dur\u00e9e de lecture estim\u00e9e":"2 minutes"},"schema":{"@context":"https:\/\/schema.org","@graph":[{"@type":"Article","@id":"https:\/\/www.carl-abrc.ca\/fr\/nouvelles\/labrc-se-rejouit-de-la-publication-du-rapport-du-groupe-dexperts-de-la-societe-royale-du-canada\/#article","isPartOf":{"@id":"https:\/\/www.carl-abrc.ca\/fr\/nouvelles\/labrc-se-rejouit-de-la-publication-du-rapport-du-groupe-dexperts-de-la-societe-royale-du-canada\/"},"author":{"name":"Katherine McColgan","@id":"https:\/\/www.carl-abrc.ca\/fr\/#\/schema\/person\/0e28bc352eb584524dabf890f7141390"},"headline":"L\u2019ABRC se r\u00e9jouit de la publication du rapport du groupe d\u2019experts de la Soci\u00e9t\u00e9 royale du Canada","datePublished":"2014-11-14T21:16:48+00:00","dateModified":"2024-03-02T17:10:32+00:00","mainEntityOfPage":{"@id":"https:\/\/www.carl-abrc.ca\/fr\/nouvelles\/labrc-se-rejouit-de-la-publication-du-rapport-du-groupe-dexperts-de-la-societe-royale-du-canada\/"},"wordCount":363,"publisher":{"@id":"https:\/\/www.carl-abrc.ca\/fr\/#organization"},"articleSection":["Nouvelles"],"inLanguage":"fr-FR"},{"@type":"WebPage","@id":"https:\/\/www.carl-abrc.ca\/fr\/nouvelles\/labrc-se-rejouit-de-la-publication-du-rapport-du-groupe-dexperts-de-la-societe-royale-du-canada\/","url":"https:\/\/www.carl-abrc.ca\/fr\/nouvelles\/labrc-se-rejouit-de-la-publication-du-rapport-du-groupe-dexperts-de-la-societe-royale-du-canada\/","name":"L\u2019ABRC se r\u00e9jouit de la publication du rapport du groupe d\u2019experts de la Soci\u00e9t\u00e9 royale du Canada - Association des biblioth\u00e8ques de recherche du Canada","isPartOf":{"@id":"https:\/\/www.carl-abrc.ca\/fr\/#website"},"datePublished":"2014-11-14T21:16:48+00:00","dateModified":"2024-03-02T17:10:32+00:00","breadcrumb":{"@id":"https:\/\/www.carl-abrc.ca\/fr\/nouvelles\/labrc-se-rejouit-de-la-publication-du-rapport-du-groupe-dexperts-de-la-societe-royale-du-canada\/#breadcrumb"},"inLanguage":"fr-FR","potentialAction":[{"@type":"ReadAction","target":["https:\/\/www.carl-abrc.ca\/fr\/nouvelles\/labrc-se-rejouit-de-la-publication-du-rapport-du-groupe-dexperts-de-la-societe-royale-du-canada\/"]}]},{"@type":"BreadcrumbList","@id":"https:\/\/www.carl-abrc.ca\/fr\/nouvelles\/labrc-se-rejouit-de-la-publication-du-rapport-du-groupe-dexperts-de-la-societe-royale-du-canada\/#breadcrumb","itemListElement":[{"@type":"ListItem","position":1,"name":"Accueil","item":"https:\/\/www.carl-abrc.ca\/fr\/home-3\/"},{"@type":"ListItem","position":2,"name":"L\u2019ABRC se r\u00e9jouit de la publication du rapport du groupe d\u2019experts de la Soci\u00e9t\u00e9 royale du Canada"}]},{"@type":"WebSite","@id":"https:\/\/www.carl-abrc.ca\/fr\/#website","url":"https:\/\/www.carl-abrc.ca\/fr\/","name":"Association des biblioth\u00e8ques de recherche du Canada","description":"ABRC","publisher":{"@id":"https:\/\/www.carl-abrc.ca\/fr\/#organization"},"potentialAction":[{"@type":"SearchAction","target":{"@type":"EntryPoint","urlTemplate":"https:\/\/www.carl-abrc.ca\/fr\/?s={search_term_string}"},"query-input":{"@type":"PropertyValueSpecification","valueRequired":true,"valueName":"search_term_string"}}],"inLanguage":"fr-FR"},{"@type":"Organization","@id":"https:\/\/www.carl-abrc.ca\/fr\/#organization","name":"Association des biblioth\u00e8ques de recherche du Canada","url":"https:\/\/www.carl-abrc.ca\/fr\/","logo":{"@type":"ImageObject","inLanguage":"fr-FR","@id":"https:\/\/www.carl-abrc.ca\/fr\/#\/schema\/logo\/image\/","url":"https:\/\/www.carl-abrc.ca\/wp-content\/uploads\/2024\/07\/cropped-Stacked_Colour_L.png","contentUrl":"https:\/\/www.carl-abrc.ca\/wp-content\/uploads\/2024\/07\/cropped-Stacked_Colour_L.png","width":641,"height":250,"caption":"Association des biblioth\u00e8ques de recherche du Canada"},"image":{"@id":"https:\/\/www.carl-abrc.ca\/fr\/#\/schema\/logo\/image\/"},"sameAs":["https:\/\/x.com\/carlabrc"]},{"@type":"Person","@id":"https:\/\/www.carl-abrc.ca\/fr\/#\/schema\/person\/0e28bc352eb584524dabf890f7141390","name":"Katherine McColgan","image":{"@type":"ImageObject","inLanguage":"fr-FR","@id":"https:\/\/secure.gravatar.com\/avatar\/9d8770eea9a07ba623ec853aca1456d4292fa99407780727a6fd6eab3c3fc1ef?s=96&d=mm&r=g","url":"https:\/\/secure.gravatar.com\/avatar\/9d8770eea9a07ba623ec853aca1456d4292fa99407780727a6fd6eab3c3fc1ef?s=96&d=mm&r=g","contentUrl":"https:\/\/secure.gravatar.com\/avatar\/9d8770eea9a07ba623ec853aca1456d4292fa99407780727a6fd6eab3c3fc1ef?s=96&d=mm&r=g","caption":"Katherine McColgan"},"url":"https:\/\/www.carl-abrc.ca\/fr\/author\/katherine\/"}]}},"_links":{"self":[{"href":"https:\/\/www.carl-abrc.ca\/fr\/wp-json\/wp\/v2\/posts\/3619","targetHints":{"allow":["GET"]}}],"collection":[{"href":"https:\/\/www.carl-abrc.ca\/fr\/wp-json\/wp\/v2\/posts"}],"about":[{"href":"https:\/\/www.carl-abrc.ca\/fr\/wp-json\/wp\/v2\/types\/post"}],"author":[{"embeddable":true,"href":"https:\/\/www.carl-abrc.ca\/fr\/wp-json\/wp\/v2\/users\/5"}],"replies":[{"embeddable":true,"href":"https:\/\/www.carl-abrc.ca\/fr\/wp-json\/wp\/v2\/comments?post=3619"}],"version-history":[{"count":0,"href":"https:\/\/www.carl-abrc.ca\/fr\/wp-json\/wp\/v2\/posts\/3619\/revisions"}],"wp:attachment":[{"href":"https:\/\/www.carl-abrc.ca\/fr\/wp-json\/wp\/v2\/media?parent=3619"}],"wp:term":[{"taxonomy":"category","embeddable":true,"href":"https:\/\/www.carl-abrc.ca\/fr\/wp-json\/wp\/v2\/categories?post=3619"},{"taxonomy":"post_tag","embeddable":true,"href":"https:\/\/www.carl-abrc.ca\/fr\/wp-json\/wp\/v2\/tags?post=3619"}],"curies":[{"name":"wp","href":"https:\/\/api.w.org\/{rel}","templated":true}]}}