{"id":36322,"date":"2025-01-07T14:30:47","date_gmt":"2025-01-07T19:30:47","guid":{"rendered":"https:\/\/www.carl-abrc.ca\/?p=36322"},"modified":"2025-01-07T14:30:47","modified_gmt":"2025-01-07T19:30:47","slug":"la-bibliotheque-du-parlement-se-joint-a-lassociation-des-bibliotheques-de-recherche-du-canada","status":"publish","type":"post","link":"https:\/\/www.carl-abrc.ca\/fr\/nouvelles\/la-bibliotheque-du-parlement-se-joint-a-lassociation-des-bibliotheques-de-recherche-du-canada\/","title":{"rendered":"La Biblioth\u00e8que du Parlement se joint \u00e0 l\u2019Association des biblioth\u00e8ques de recherche du Canada"},"content":{"rendered":"<p><b>7 janvier 2025<\/b><span style=\"font-weight: 400;\">\u00a0\u2013 L\u2019Association des biblioth\u00e8ques de recherche du Canada a le plaisir d\u2019accueillir la Biblioth\u00e8que du Parlement \u00e0 titre de nouveau membre, qui se joint \u00e0 29 biblioth\u00e8ques universitaires et 2 institutions f\u00e9d\u00e9rales.<\/span><\/p>\n<p><span style=\"font-weight: 400;\">En tant que porte-parole des biblioth\u00e8ques de recherche du Canada, l\u2019ABRC am\u00e9liore la capacit\u00e9 de ses membres \u00e0 faire avancer la recherche et l\u2019enseignement sup\u00e9rieur, fait la promotion de l\u2019efficacit\u00e9 et de la p\u00e9rennit\u00e9 de la cr\u00e9ation, de la diffusion et de la pr\u00e9servation des connaissances et d\u00e9fend les politiques publiques permettant un vaste acc\u00e8s \u00e0 l\u2019information savante.<\/span><\/p>\n<p><span style=\"font-weight: 400;\">La Biblioth\u00e8que du Parlement, une biblioth\u00e8que dot\u00e9e d\u2019une vaste expertise en recherche et d\u2019une riche collection, contribue \u00e0 la d\u00e9mocratie parlementaire canadienne en cr\u00e9ant, en g\u00e9rant et en diffusant une information et des connaissances s\u00fbres, pertinentes et faisant autorit\u00e9 pour le Parlement et au sujet de celui-ci.<\/span><\/p>\n<p><span style=\"font-weight: 400;\">Comme pour Biblioth\u00e8que et Archives Canada et le r\u00e9seau des biblioth\u00e8ques scientifiques f\u00e9d\u00e9rales du Conseil national de recherches du Canada, la Biblioth\u00e8que du Parlement collaborera \u00e0 des efforts coordonn\u00e9s avec les biblioth\u00e8ques universitaires, mais ne participera pas au plaidoyer de l&rsquo;ABRC aupr\u00e8s du gouvernement f\u00e9d\u00e9ral.\u00a0<\/span><\/p>\n<p><a href=\"https:\/\/www.pm.gc.ca\/fr\/nouvelles\/communiques\/2024\/06\/22\/premier-ministre-salue-la-nomination-de-christine-ivory-au-poste\"><span style=\"font-weight: 400;\"><span style=\"text-decoration: underline;\">Christine Ivory a \u00e9t\u00e9 nomm\u00e9e nouvelle biblioth\u00e9caire parlementaire<\/span><\/span><\/a><span style=\"font-weight: 400;\"> \u00e0 compter du 21 octobre 2024 et sera la principale repr\u00e9sentante de la Biblioth\u00e8que du Parlement au sein de l\u2019ABRC.<\/span><\/p>\n<p><span style=\"font-weight: 400;\">La Biblioth\u00e8que du Parlement apporte une richesse d\u2019expertise, de talent et de ressources en recherche qui profitera au travail de l\u2019ABRC et de ses membres, et nous nous nous r\u00e9jouissons de leur engagement dans les vastes programmes et activit\u00e9s de l\u2019ABRC.<\/span><\/p>\n","protected":false},"excerpt":{"rendered":"<p>7 janvier 2025\u00a0\u2013 L\u2019Association des biblioth\u00e8ques de recherche du Canada a le plaisir d\u2019accueillir la Biblioth\u00e8que du Parlement \u00e0 titre de nouveau membre, qui se joint \u00e0 29 biblioth\u00e8ques universitaires [&hellip;]<\/p>\n","protected":false},"author":63,"featured_media":36193,"comment_status":"closed","ping_status":"closed","sticky":false,"template":"","format":"standard","meta":{"_acf_changed":false,"_EventAllDay":false,"_EventTimezone":"","_EventStartDate":"","_EventEndDate":"","_EventStartDateUTC":"","_EventEndDateUTC":"","_EventShowMap":false,"_EventShowMapLink":false,"_EventURL":"","_EventCost":"","_EventCostDescription":"","_EventCurrencySymbol":"","_EventCurrencyCode":"","_EventCurrencyPosition":"","_EventDateTimeSeparator":"","_EventTimeRangeSeparator":"","_EventOrganizerID":[],"_EventVenueID":[],"_OrganizerEmail":"","_OrganizerPhone":"","_OrganizerWebsite":"","_VenueAddress":"","_VenueCity":"","_VenueCountry":"","_VenueProvince":"","_VenueState":"","_VenueZip":"","_VenuePhone":"","_VenueURL":"","_VenueStateProvince":"","_VenueLat":"","_VenueLng":"","_VenueShowMap":false,"_VenueShowMapLink":false,"footnotes":""},"categories":[2],"tags":[],"class_list":["post-36322","post","type-post","status-publish","format-standard","has-post-thumbnail","hentry","category-nouvelles"],"acf":[],"yoast_head":"<!-- This site is optimized with the Yoast SEO plugin v27.5 - https:\/\/yoast.com\/product\/yoast-seo-wordpress\/ -->\n<title>La Biblioth\u00e8que du Parlement se joint \u00e0 l\u2019Association des biblioth\u00e8ques de recherche du Canada - Association des biblioth\u00e8ques de recherche du Canada<\/title>\n<meta name=\"robots\" content=\"index, follow, max-snippet:-1, max-image-preview:large, max-video-preview:-1\" \/>\n<link rel=\"canonical\" href=\"https:\/\/www.carl-abrc.ca\/fr\/nouvelles\/la-bibliotheque-du-parlement-se-joint-a-lassociation-des-bibliotheques-de-recherche-du-canada\/\" \/>\n<meta property=\"og:locale\" content=\"fr_FR\" \/>\n<meta property=\"og:type\" content=\"article\" \/>\n<meta property=\"og:title\" content=\"La Biblioth\u00e8que du Parlement se joint \u00e0 l\u2019Association des biblioth\u00e8ques de recherche du Canada - Association des biblioth\u00e8ques de recherche du Canada\" \/>\n<meta property=\"og:description\" content=\"7 janvier 2025\u00a0\u2013 L\u2019Association des biblioth\u00e8ques de recherche du Canada a le plaisir d\u2019accueillir la Biblioth\u00e8que du Parlement \u00e0 titre de nouveau membre, qui se joint \u00e0 29 biblioth\u00e8ques universitaires [&hellip;]\" \/>\n<meta property=\"og:url\" content=\"https:\/\/www.carl-abrc.ca\/fr\/nouvelles\/la-bibliotheque-du-parlement-se-joint-a-lassociation-des-bibliotheques-de-recherche-du-canada\/\" \/>\n<meta property=\"og:site_name\" content=\"Association des biblioth\u00e8ques de recherche du Canada\" \/>\n<meta property=\"article:published_time\" content=\"2025-01-07T19:30:47+00:00\" \/>\n<meta property=\"og:image\" content=\"https:\/\/www.carl-abrc.ca\/wp-content\/uploads\/2024\/09\/NewsFeaturedImage-1.jpg\" \/>\n\t<meta property=\"og:image:width\" content=\"1920\" \/>\n\t<meta property=\"og:image:height\" content=\"1080\" \/>\n\t<meta property=\"og:image:type\" content=\"image\/jpeg\" \/>\n<meta name=\"author\" content=\"Julie Morin\" \/>\n<meta name=\"twitter:label1\" content=\"\u00c9crit par\" \/>\n\t<meta name=\"twitter:data1\" content=\"Julie Morin\" \/>\n\t<meta name=\"twitter:label2\" content=\"Dur\u00e9e de lecture estim\u00e9e\" \/>\n\t<meta name=\"twitter:data2\" content=\"2 minutes\" \/>\n<script type=\"application\/ld+json\" class=\"yoast-schema-graph\">{\"@context\":\"https:\\\/\\\/schema.org\",\"@graph\":[{\"@type\":\"Article\",\"@id\":\"https:\\\/\\\/www.carl-abrc.ca\\\/fr\\\/nouvelles\\\/la-bibliotheque-du-parlement-se-joint-a-lassociation-des-bibliotheques-de-recherche-du-canada\\\/#article\",\"isPartOf\":{\"@id\":\"https:\\\/\\\/www.carl-abrc.ca\\\/fr\\\/nouvelles\\\/la-bibliotheque-du-parlement-se-joint-a-lassociation-des-bibliotheques-de-recherche-du-canada\\\/\"},\"author\":{\"name\":\"Julie Morin\",\"@id\":\"https:\\\/\\\/www.carl-abrc.ca\\\/fr\\\/#\\\/schema\\\/person\\\/d9b6bfb73c89f6e9eafbd338013764ed\"},\"headline\":\"La Biblioth\u00e8que du Parlement se joint \u00e0 l\u2019Association des biblioth\u00e8ques de recherche du Canada\",\"datePublished\":\"2025-01-07T19:30:47+00:00\",\"mainEntityOfPage\":{\"@id\":\"https:\\\/\\\/www.carl-abrc.ca\\\/fr\\\/nouvelles\\\/la-bibliotheque-du-parlement-se-joint-a-lassociation-des-bibliotheques-de-recherche-du-canada\\\/\"},\"wordCount\":307,\"publisher\":{\"@id\":\"https:\\\/\\\/www.carl-abrc.ca\\\/fr\\\/#organization\"},\"image\":{\"@id\":\"https:\\\/\\\/www.carl-abrc.ca\\\/fr\\\/nouvelles\\\/la-bibliotheque-du-parlement-se-joint-a-lassociation-des-bibliotheques-de-recherche-du-canada\\\/#primaryimage\"},\"thumbnailUrl\":\"https:\\\/\\\/www.carl-abrc.ca\\\/wp-content\\\/uploads\\\/2024\\\/09\\\/NewsFeaturedImage-1.jpg\",\"articleSection\":[\"Nouvelles\"],\"inLanguage\":\"fr-FR\"},{\"@type\":\"WebPage\",\"@id\":\"https:\\\/\\\/www.carl-abrc.ca\\\/fr\\\/nouvelles\\\/la-bibliotheque-du-parlement-se-joint-a-lassociation-des-bibliotheques-de-recherche-du-canada\\\/\",\"url\":\"https:\\\/\\\/www.carl-abrc.ca\\\/fr\\\/nouvelles\\\/la-bibliotheque-du-parlement-se-joint-a-lassociation-des-bibliotheques-de-recherche-du-canada\\\/\",\"name\":\"La Biblioth\u00e8que du Parlement se joint \u00e0 l\u2019Association des biblioth\u00e8ques de recherche du Canada - Association des biblioth\u00e8ques de recherche du Canada\",\"isPartOf\":{\"@id\":\"https:\\\/\\\/www.carl-abrc.ca\\\/fr\\\/#website\"},\"primaryImageOfPage\":{\"@id\":\"https:\\\/\\\/www.carl-abrc.ca\\\/fr\\\/nouvelles\\\/la-bibliotheque-du-parlement-se-joint-a-lassociation-des-bibliotheques-de-recherche-du-canada\\\/#primaryimage\"},\"image\":{\"@id\":\"https:\\\/\\\/www.carl-abrc.ca\\\/fr\\\/nouvelles\\\/la-bibliotheque-du-parlement-se-joint-a-lassociation-des-bibliotheques-de-recherche-du-canada\\\/#primaryimage\"},\"thumbnailUrl\":\"https:\\\/\\\/www.carl-abrc.ca\\\/wp-content\\\/uploads\\\/2024\\\/09\\\/NewsFeaturedImage-1.jpg\",\"datePublished\":\"2025-01-07T19:30:47+00:00\",\"breadcrumb\":{\"@id\":\"https:\\\/\\\/www.carl-abrc.ca\\\/fr\\\/nouvelles\\\/la-bibliotheque-du-parlement-se-joint-a-lassociation-des-bibliotheques-de-recherche-du-canada\\\/#breadcrumb\"},\"inLanguage\":\"fr-FR\",\"potentialAction\":[{\"@type\":\"ReadAction\",\"target\":[\"https:\\\/\\\/www.carl-abrc.ca\\\/fr\\\/nouvelles\\\/la-bibliotheque-du-parlement-se-joint-a-lassociation-des-bibliotheques-de-recherche-du-canada\\\/\"]}]},{\"@type\":\"ImageObject\",\"inLanguage\":\"fr-FR\",\"@id\":\"https:\\\/\\\/www.carl-abrc.ca\\\/fr\\\/nouvelles\\\/la-bibliotheque-du-parlement-se-joint-a-lassociation-des-bibliotheques-de-recherche-du-canada\\\/#primaryimage\",\"url\":\"https:\\\/\\\/www.carl-abrc.ca\\\/wp-content\\\/uploads\\\/2024\\\/09\\\/NewsFeaturedImage-1.jpg\",\"contentUrl\":\"https:\\\/\\\/www.carl-abrc.ca\\\/wp-content\\\/uploads\\\/2024\\\/09\\\/NewsFeaturedImage-1.jpg\",\"width\":1920,\"height\":1080,\"caption\":\"C.A.R.L. Logo\"},{\"@type\":\"BreadcrumbList\",\"@id\":\"https:\\\/\\\/www.carl-abrc.ca\\\/fr\\\/nouvelles\\\/la-bibliotheque-du-parlement-se-joint-a-lassociation-des-bibliotheques-de-recherche-du-canada\\\/#breadcrumb\",\"itemListElement\":[{\"@type\":\"ListItem\",\"position\":1,\"name\":\"Accueil\",\"item\":\"https:\\\/\\\/www.carl-abrc.ca\\\/fr\\\/home-3\\\/\"},{\"@type\":\"ListItem\",\"position\":2,\"name\":\"La Biblioth\u00e8que du Parlement se joint \u00e0 l\u2019Association des biblioth\u00e8ques de recherche du Canada\"}]},{\"@type\":\"WebSite\",\"@id\":\"https:\\\/\\\/www.carl-abrc.ca\\\/fr\\\/#website\",\"url\":\"https:\\\/\\\/www.carl-abrc.ca\\\/fr\\\/\",\"name\":\"Association des biblioth\u00e8ques de recherche du Canada\",\"description\":\"ABRC\",\"publisher\":{\"@id\":\"https:\\\/\\\/www.carl-abrc.ca\\\/fr\\\/#organization\"},\"potentialAction\":[{\"@type\":\"SearchAction\",\"target\":{\"@type\":\"EntryPoint\",\"urlTemplate\":\"https:\\\/\\\/www.carl-abrc.ca\\\/fr\\\/?s={search_term_string}\"},\"query-input\":{\"@type\":\"PropertyValueSpecification\",\"valueRequired\":true,\"valueName\":\"search_term_string\"}}],\"inLanguage\":\"fr-FR\"},{\"@type\":\"Organization\",\"@id\":\"https:\\\/\\\/www.carl-abrc.ca\\\/fr\\\/#organization\",\"name\":\"Association des biblioth\u00e8ques de recherche du Canada\",\"url\":\"https:\\\/\\\/www.carl-abrc.ca\\\/fr\\\/\",\"logo\":{\"@type\":\"ImageObject\",\"inLanguage\":\"fr-FR\",\"@id\":\"https:\\\/\\\/www.carl-abrc.ca\\\/fr\\\/#\\\/schema\\\/logo\\\/image\\\/\",\"url\":\"https:\\\/\\\/www.carl-abrc.ca\\\/wp-content\\\/uploads\\\/2024\\\/07\\\/cropped-Stacked_Colour_L.png\",\"contentUrl\":\"https:\\\/\\\/www.carl-abrc.ca\\\/wp-content\\\/uploads\\\/2024\\\/07\\\/cropped-Stacked_Colour_L.png\",\"width\":641,\"height\":250,\"caption\":\"Association des biblioth\u00e8ques de recherche du Canada\"},\"image\":{\"@id\":\"https:\\\/\\\/www.carl-abrc.ca\\\/fr\\\/#\\\/schema\\\/logo\\\/image\\\/\"},\"sameAs\":[\"https:\\\/\\\/x.com\\\/carlabrc\"]},{\"@type\":\"Person\",\"@id\":\"https:\\\/\\\/www.carl-abrc.ca\\\/fr\\\/#\\\/schema\\\/person\\\/d9b6bfb73c89f6e9eafbd338013764ed\",\"name\":\"Julie Morin\",\"image\":{\"@type\":\"ImageObject\",\"inLanguage\":\"fr-FR\",\"@id\":\"https:\\\/\\\/secure.gravatar.com\\\/avatar\\\/8f563df894a5ea8e4663aea014d75f7ff272a49a318995c22006e48ba2fca63e?s=96&d=mm&r=g\",\"url\":\"https:\\\/\\\/secure.gravatar.com\\\/avatar\\\/8f563df894a5ea8e4663aea014d75f7ff272a49a318995c22006e48ba2fca63e?s=96&d=mm&r=g\",\"contentUrl\":\"https:\\\/\\\/secure.gravatar.com\\\/avatar\\\/8f563df894a5ea8e4663aea014d75f7ff272a49a318995c22006e48ba2fca63e?s=96&d=mm&r=g\",\"caption\":\"Julie Morin\"},\"url\":\"https:\\\/\\\/www.carl-abrc.ca\\\/fr\\\/author\\\/julie\\\/\"}]}<\/script>\n<!-- \/ Yoast SEO plugin. -->","yoast_head_json":{"title":"La Biblioth\u00e8que du Parlement se joint \u00e0 l\u2019Association des biblioth\u00e8ques de recherche du Canada - Association des biblioth\u00e8ques de recherche du Canada","robots":{"index":"index","follow":"follow","max-snippet":"max-snippet:-1","max-image-preview":"max-image-preview:large","max-video-preview":"max-video-preview:-1"},"canonical":"https:\/\/www.carl-abrc.ca\/fr\/nouvelles\/la-bibliotheque-du-parlement-se-joint-a-lassociation-des-bibliotheques-de-recherche-du-canada\/","og_locale":"fr_FR","og_type":"article","og_title":"La Biblioth\u00e8que du Parlement se joint \u00e0 l\u2019Association des biblioth\u00e8ques de recherche du Canada - Association des biblioth\u00e8ques de recherche du Canada","og_description":"7 janvier 2025\u00a0\u2013 L\u2019Association des biblioth\u00e8ques de recherche du Canada a le plaisir d\u2019accueillir la Biblioth\u00e8que du Parlement \u00e0 titre de nouveau membre, qui se joint \u00e0 29 biblioth\u00e8ques universitaires [&hellip;]","og_url":"https:\/\/www.carl-abrc.ca\/fr\/nouvelles\/la-bibliotheque-du-parlement-se-joint-a-lassociation-des-bibliotheques-de-recherche-du-canada\/","og_site_name":"Association des biblioth\u00e8ques de recherche du Canada","article_published_time":"2025-01-07T19:30:47+00:00","og_image":[{"width":1920,"height":1080,"url":"https:\/\/www.carl-abrc.ca\/wp-content\/uploads\/2024\/09\/NewsFeaturedImage-1.jpg","type":"image\/jpeg"}],"author":"Julie Morin","twitter_misc":{"\u00c9crit par":"Julie Morin","Dur\u00e9e de lecture estim\u00e9e":"2 minutes"},"schema":{"@context":"https:\/\/schema.org","@graph":[{"@type":"Article","@id":"https:\/\/www.carl-abrc.ca\/fr\/nouvelles\/la-bibliotheque-du-parlement-se-joint-a-lassociation-des-bibliotheques-de-recherche-du-canada\/#article","isPartOf":{"@id":"https:\/\/www.carl-abrc.ca\/fr\/nouvelles\/la-bibliotheque-du-parlement-se-joint-a-lassociation-des-bibliotheques-de-recherche-du-canada\/"},"author":{"name":"Julie Morin","@id":"https:\/\/www.carl-abrc.ca\/fr\/#\/schema\/person\/d9b6bfb73c89f6e9eafbd338013764ed"},"headline":"La Biblioth\u00e8que du Parlement se joint \u00e0 l\u2019Association des biblioth\u00e8ques de recherche du Canada","datePublished":"2025-01-07T19:30:47+00:00","mainEntityOfPage":{"@id":"https:\/\/www.carl-abrc.ca\/fr\/nouvelles\/la-bibliotheque-du-parlement-se-joint-a-lassociation-des-bibliotheques-de-recherche-du-canada\/"},"wordCount":307,"publisher":{"@id":"https:\/\/www.carl-abrc.ca\/fr\/#organization"},"image":{"@id":"https:\/\/www.carl-abrc.ca\/fr\/nouvelles\/la-bibliotheque-du-parlement-se-joint-a-lassociation-des-bibliotheques-de-recherche-du-canada\/#primaryimage"},"thumbnailUrl":"https:\/\/www.carl-abrc.ca\/wp-content\/uploads\/2024\/09\/NewsFeaturedImage-1.jpg","articleSection":["Nouvelles"],"inLanguage":"fr-FR"},{"@type":"WebPage","@id":"https:\/\/www.carl-abrc.ca\/fr\/nouvelles\/la-bibliotheque-du-parlement-se-joint-a-lassociation-des-bibliotheques-de-recherche-du-canada\/","url":"https:\/\/www.carl-abrc.ca\/fr\/nouvelles\/la-bibliotheque-du-parlement-se-joint-a-lassociation-des-bibliotheques-de-recherche-du-canada\/","name":"La Biblioth\u00e8que du Parlement se joint \u00e0 l\u2019Association des biblioth\u00e8ques de recherche du Canada - Association des biblioth\u00e8ques de recherche du Canada","isPartOf":{"@id":"https:\/\/www.carl-abrc.ca\/fr\/#website"},"primaryImageOfPage":{"@id":"https:\/\/www.carl-abrc.ca\/fr\/nouvelles\/la-bibliotheque-du-parlement-se-joint-a-lassociation-des-bibliotheques-de-recherche-du-canada\/#primaryimage"},"image":{"@id":"https:\/\/www.carl-abrc.ca\/fr\/nouvelles\/la-bibliotheque-du-parlement-se-joint-a-lassociation-des-bibliotheques-de-recherche-du-canada\/#primaryimage"},"thumbnailUrl":"https:\/\/www.carl-abrc.ca\/wp-content\/uploads\/2024\/09\/NewsFeaturedImage-1.jpg","datePublished":"2025-01-07T19:30:47+00:00","breadcrumb":{"@id":"https:\/\/www.carl-abrc.ca\/fr\/nouvelles\/la-bibliotheque-du-parlement-se-joint-a-lassociation-des-bibliotheques-de-recherche-du-canada\/#breadcrumb"},"inLanguage":"fr-FR","potentialAction":[{"@type":"ReadAction","target":["https:\/\/www.carl-abrc.ca\/fr\/nouvelles\/la-bibliotheque-du-parlement-se-joint-a-lassociation-des-bibliotheques-de-recherche-du-canada\/"]}]},{"@type":"ImageObject","inLanguage":"fr-FR","@id":"https:\/\/www.carl-abrc.ca\/fr\/nouvelles\/la-bibliotheque-du-parlement-se-joint-a-lassociation-des-bibliotheques-de-recherche-du-canada\/#primaryimage","url":"https:\/\/www.carl-abrc.ca\/wp-content\/uploads\/2024\/09\/NewsFeaturedImage-1.jpg","contentUrl":"https:\/\/www.carl-abrc.ca\/wp-content\/uploads\/2024\/09\/NewsFeaturedImage-1.jpg","width":1920,"height":1080,"caption":"C.A.R.L. Logo"},{"@type":"BreadcrumbList","@id":"https:\/\/www.carl-abrc.ca\/fr\/nouvelles\/la-bibliotheque-du-parlement-se-joint-a-lassociation-des-bibliotheques-de-recherche-du-canada\/#breadcrumb","itemListElement":[{"@type":"ListItem","position":1,"name":"Accueil","item":"https:\/\/www.carl-abrc.ca\/fr\/home-3\/"},{"@type":"ListItem","position":2,"name":"La Biblioth\u00e8que du Parlement se joint \u00e0 l\u2019Association des biblioth\u00e8ques de recherche du Canada"}]},{"@type":"WebSite","@id":"https:\/\/www.carl-abrc.ca\/fr\/#website","url":"https:\/\/www.carl-abrc.ca\/fr\/","name":"Association des biblioth\u00e8ques de recherche du Canada","description":"ABRC","publisher":{"@id":"https:\/\/www.carl-abrc.ca\/fr\/#organization"},"potentialAction":[{"@type":"SearchAction","target":{"@type":"EntryPoint","urlTemplate":"https:\/\/www.carl-abrc.ca\/fr\/?s={search_term_string}"},"query-input":{"@type":"PropertyValueSpecification","valueRequired":true,"valueName":"search_term_string"}}],"inLanguage":"fr-FR"},{"@type":"Organization","@id":"https:\/\/www.carl-abrc.ca\/fr\/#organization","name":"Association des biblioth\u00e8ques de recherche du Canada","url":"https:\/\/www.carl-abrc.ca\/fr\/","logo":{"@type":"ImageObject","inLanguage":"fr-FR","@id":"https:\/\/www.carl-abrc.ca\/fr\/#\/schema\/logo\/image\/","url":"https:\/\/www.carl-abrc.ca\/wp-content\/uploads\/2024\/07\/cropped-Stacked_Colour_L.png","contentUrl":"https:\/\/www.carl-abrc.ca\/wp-content\/uploads\/2024\/07\/cropped-Stacked_Colour_L.png","width":641,"height":250,"caption":"Association des biblioth\u00e8ques de recherche du Canada"},"image":{"@id":"https:\/\/www.carl-abrc.ca\/fr\/#\/schema\/logo\/image\/"},"sameAs":["https:\/\/x.com\/carlabrc"]},{"@type":"Person","@id":"https:\/\/www.carl-abrc.ca\/fr\/#\/schema\/person\/d9b6bfb73c89f6e9eafbd338013764ed","name":"Julie Morin","image":{"@type":"ImageObject","inLanguage":"fr-FR","@id":"https:\/\/secure.gravatar.com\/avatar\/8f563df894a5ea8e4663aea014d75f7ff272a49a318995c22006e48ba2fca63e?s=96&d=mm&r=g","url":"https:\/\/secure.gravatar.com\/avatar\/8f563df894a5ea8e4663aea014d75f7ff272a49a318995c22006e48ba2fca63e?s=96&d=mm&r=g","contentUrl":"https:\/\/secure.gravatar.com\/avatar\/8f563df894a5ea8e4663aea014d75f7ff272a49a318995c22006e48ba2fca63e?s=96&d=mm&r=g","caption":"Julie Morin"},"url":"https:\/\/www.carl-abrc.ca\/fr\/author\/julie\/"}]}},"_links":{"self":[{"href":"https:\/\/www.carl-abrc.ca\/fr\/wp-json\/wp\/v2\/posts\/36322","targetHints":{"allow":["GET"]}}],"collection":[{"href":"https:\/\/www.carl-abrc.ca\/fr\/wp-json\/wp\/v2\/posts"}],"about":[{"href":"https:\/\/www.carl-abrc.ca\/fr\/wp-json\/wp\/v2\/types\/post"}],"author":[{"embeddable":true,"href":"https:\/\/www.carl-abrc.ca\/fr\/wp-json\/wp\/v2\/users\/63"}],"replies":[{"embeddable":true,"href":"https:\/\/www.carl-abrc.ca\/fr\/wp-json\/wp\/v2\/comments?post=36322"}],"version-history":[{"count":1,"href":"https:\/\/www.carl-abrc.ca\/fr\/wp-json\/wp\/v2\/posts\/36322\/revisions"}],"predecessor-version":[{"id":38562,"href":"https:\/\/www.carl-abrc.ca\/fr\/wp-json\/wp\/v2\/posts\/36322\/revisions\/38562"}],"wp:featuredmedia":[{"embeddable":true,"href":"https:\/\/www.carl-abrc.ca\/fr\/wp-json\/wp\/v2\/media\/36193"}],"wp:attachment":[{"href":"https:\/\/www.carl-abrc.ca\/fr\/wp-json\/wp\/v2\/media?parent=36322"}],"wp:term":[{"taxonomy":"category","embeddable":true,"href":"https:\/\/www.carl-abrc.ca\/fr\/wp-json\/wp\/v2\/categories?post=36322"},{"taxonomy":"post_tag","embeddable":true,"href":"https:\/\/www.carl-abrc.ca\/fr\/wp-json\/wp\/v2\/tags?post=36322"}],"curies":[{"name":"wp","href":"https:\/\/api.w.org\/{rel}","templated":true}]}}