{"id":38571,"date":"2024-08-21T13:48:57","date_gmt":"2024-08-21T17:48:57","guid":{"rendered":"https:\/\/www.carl-abrc.ca\/nouvelles\/call-for-expressions-of-interest-carl-visiting-program-officer-vpo-for-copyright-and-other-public-policy-matters\/"},"modified":"2025-11-07T13:51:31","modified_gmt":"2025-11-07T18:51:31","slug":"appel-dinteret-agent-e-de-programme-invite-e-de-labrc-pour-le-droit-dauteur-et-autre-matiere-sur-les-politiques-publiques","status":"publish","type":"post","link":"https:\/\/www.carl-abrc.ca\/fr\/nouvelles\/appel-dinteret-agent-e-de-programme-invite-e-de-labrc-pour-le-droit-dauteur-et-autre-matiere-sur-les-politiques-publiques\/","title":{"rendered":"Appel d\u2019int\u00e9r\u00eat \u2013 Agent.e de programme invit\u00e9.e de l\u2019ABRC pour le droit d\u2019auteur et autre mati\u00e8re sur les politiques publiques"},"content":{"rendered":"<p><b>19 ao\u00fbt 2024 \u2013 <\/b><span style=\"font-weight: 400;\">L\u2019Association des biblioth\u00e8ques de recherche du Canada (ABRC) repr\u00e9sente les vingt-neuf plus grandes biblioth\u00e8ques de recherche universitaires au pays et deux \u00e9tablissements f\u00e9d\u00e9raux. \u00c0 titre d\u2019organisme bilingue sans but lucratif, l\u2019ABRC coordonne les initiatives nationales de ses \u00e9tablissements membres et fait progresser leurs causes afin d\u2019atteindre l\u2019excellence dans la recherche et l\u2019enseignement sup\u00e9rieur.<\/span><\/p>\n<p><span style=\"font-weight: 400;\">L&rsquo;ABRC invite les mises en candidature pour une agent.e de programme invit\u00e9.e (API) afin de soutenir les travaux de l&rsquo;ABRC dans le domaine de la d\u00e9fense des politiques publiques et des projets connexes. Le poste impliquera de travailler pour l&rsquo;ABRC l&rsquo;\u00e9quivalent d&rsquo;un jour par semaine pendant une p\u00e9riode d&rsquo;au moins un an. <\/span><b>La date limite de candidature est le 9 septembre 2024.<\/b><\/p>\n<p><span style=\"font-weight: 400;\">Le poste d\u2019API est une entente conclue entre l\u2019ABRC et l\u2019\u00e9tablissement d\u2019attache de la personne, normalement pour une p\u00e9riode minimale d\u2019un an \u00e0 20 % de son temps. Il n\u2019y a pas de r\u00e9mun\u00e9ration de l\u2019ABRC associ\u00e9e \u00e0 ce poste; l\u2019\u00e9tablissement d\u2019attache continue de payer le salaire de l\u2019agent.e de programme invit\u00e9.e. Les avantages d\u00e9coulant de cette exp\u00e9rience pour le titulaire et l\u2019\u00e9tablissement d\u2019attache comprennent l\u2019\u00e9largissement de l\u2019exp\u00e9rience et des connaissances acquises en travaillant \u00e0 des initiatives nationales, tandis que pour l\u2019ABRC et ses membres, le poste aide \u00e0 faire progresser une priorit\u00e9 commune.<\/span><\/p>\n<p><span style=\"font-weight: 400;\">L&rsquo;ABRC est une voix active en mati\u00e8re de droit d&rsquo;auteur au nom des utilisateurs du niveau postsecondaire et de la communaut\u00e9 des biblioth\u00e8ques universitaires depuis de nombreuses ann\u00e9es. Les API apportent les connaissances des praticiens et une r\u00e9flexion strat\u00e9gique \u00e9clair\u00e9e pour renforcer la capacit\u00e9 de l&rsquo;ABRC dans ce domaine complexe.\u00a0<\/span><\/p>\n<h2><b>Responsabilit\u00e9s<\/b><\/h2>\n<p><span style=\"font-weight: 400;\">En collaboration avec l\u2019\u00e9quipe des politiques publiques actuelle (Rowena Johnson, Katherine McColgan, et Temple Scott Associates) l\u2019API jouera un r\u00f4le de premier plan ou de contribution dans l\u2019\u00e9laboration des d\u00e9clarations, des m\u00e9moires et des communications de l\u2019ABRC li\u00e9s \u00e0 la d\u00e9fense des int\u00e9r\u00eats f\u00e9d\u00e9raux \u00e0 l\u2019appui des positions de l\u2019ABRC en mati\u00e8re de droit d\u2019auteur, ainsi que les enjeux comme l&rsquo;octroi de licences, le pr\u00eat num\u00e9rique contr\u00f4l\u00e9, la vie priv\u00e9e, l\u2019accessibilit\u00e9, acc\u00e8s num\u00e9rique, l&rsquo;acc\u00e8s \u00e0 l&rsquo;information, intelligence artificielle et\/ou d&rsquo;autres questions de politique f\u00e9d\u00e9rale susceptibles d&rsquo;avoir un impact sur les biblioth\u00e8ques de l&rsquo;ABRC ou les collectivit\u00e9s qu&rsquo;elles desservent.<\/span><\/p>\n<h2><b>Comp\u00e9tences requises<\/b><\/h2>\n<ul>\n<li style=\"font-weight: 400;\" aria-level=\"1\"><span style=\"font-weight: 400;\">Dois travailler<\/span> <span style=\"font-weight: 400;\">dans un \u00e9tablissement d\u2019enseignement postsecondaire canadien;<\/span><\/li>\n<li style=\"font-weight: 400;\" aria-level=\"1\"><span style=\"font-weight: 400;\">Avoir obtenu l\u2019accord de sa direction de biblioth\u00e8que pour l\u2019entente avec l\u2019ABRC, telle que d\u00e9crite;<\/span><\/li>\n<li style=\"font-weight: 400;\" aria-level=\"1\"><span style=\"font-weight: 400;\">Poss\u00e8de d\u2019excellentes comp\u00e9tences de communication, tant \u00e0 l\u2019oral qu\u2019\u00e0 l\u2019\u00e9crit;<\/span><\/li>\n<li style=\"font-weight: 400;\" aria-level=\"1\"><span style=\"font-weight: 400;\">Poss\u00e8de une expertise et une exp\u00e9rience approfondies dans le domaine du droit d\u2019auteur ou d\u2019autres domaines de politique publique tel qu&rsquo;indiqu\u00e9 ci-dessus;<\/span><\/li>\n<li style=\"font-weight: 400;\" aria-level=\"1\"><span style=\"font-weight: 400;\">Poss\u00e8de la capacit\u00e9 \u00e0 s\u2019assurer que les diverses exp\u00e9riences et perspectives sont trait\u00e9es avec respect;<\/span><\/li>\n<li style=\"font-weight: 400;\" aria-level=\"1\"><span style=\"font-weight: 400;\">La capacit\u00e9 de communiquer efficacement tant \u00e0 l\u2019oral qu\u2019\u00e0 l\u2019\u00e9crit en fran\u00e7ais et en anglais sera consid\u00e9r\u00e9e comme un atout.<\/span><\/li>\n<\/ul>\n<p><span style=\"font-weight: 400;\">Si plusieurs candidatures r\u00e9pondent aux crit\u00e8res ci-dessus, la s\u00e9lection sera fond\u00e9e sur le leadership d\u00e9montr\u00e9, la participation ant\u00e9rieure \u00e0 des initiatives nationales et le niveau de soutien institutionnel, et peut comprendre une entrevue.<\/span><\/p>\n<p><span style=\"font-weight: 400;\">Pour poser votre candidature, veuillez envoyer un exemplaire de votre CV, une lettre de pr\u00e9sentation d\u00e9crivant votre aptitude \u00e0 ce r\u00f4le et une confirmation de la part de votre direction de biblioth\u00e8que de son appui \u00e0 votre mise en candidature et son accord \u00e0 l\u2019entente propos\u00e9e, \u00e0 <\/span><span style=\"font-weight: 400;\">opportunities-opportunites [a-commerciale] carl-abrc [Point] ca<\/span><span style=\"font-weight: 400;\">.\u00a0<\/span><\/p>\n","protected":false},"excerpt":{"rendered":"<p>19 ao\u00fbt 2024 \u2013 L\u2019Association des biblioth\u00e8ques de recherche du Canada (ABRC) repr\u00e9sente les vingt-neuf plus grandes biblioth\u00e8ques de recherche universitaires au pays et deux \u00e9tablissements f\u00e9d\u00e9raux. \u00c0 titre d\u2019organisme [&hellip;]<\/p>\n","protected":false},"author":1,"featured_media":36194,"comment_status":"closed","ping_status":"closed","sticky":false,"template":"","format":"standard","meta":{"_acf_changed":false,"_EventAllDay":false,"_EventTimezone":"","_EventStartDate":"","_EventEndDate":"","_EventStartDateUTC":"","_EventEndDateUTC":"","_EventShowMap":false,"_EventShowMapLink":false,"_EventURL":"","_EventCost":"","_EventCostDescription":"","_EventCurrencySymbol":"","_EventCurrencyCode":"","_EventCurrencyPosition":"","_EventDateTimeSeparator":"","_EventTimeRangeSeparator":"","_EventOrganizerID":[],"_EventVenueID":[],"_OrganizerEmail":"","_OrganizerPhone":"","_OrganizerWebsite":"","_VenueAddress":"","_VenueCity":"","_VenueCountry":"","_VenueProvince":"","_VenueState":"","_VenueZip":"","_VenuePhone":"","_VenueURL":"","_VenueStateProvince":"","_VenueLat":"","_VenueLng":"","_VenueShowMap":false,"_VenueShowMapLink":false,"footnotes":""},"categories":[2],"tags":[],"class_list":["post-38571","post","type-post","status-publish","format-standard","has-post-thumbnail","hentry","category-nouvelles"],"acf":[],"yoast_head":"<!-- This site is optimized with the Yoast SEO plugin v27.5 - https:\/\/yoast.com\/product\/yoast-seo-wordpress\/ -->\n<title>Appel d\u2019int\u00e9r\u00eat \u2013 Agent.e de programme invit\u00e9.e de l\u2019ABRC pour le droit d\u2019auteur et autre mati\u00e8re sur les politiques publiques - Association des biblioth\u00e8ques de recherche du Canada<\/title>\n<meta name=\"robots\" content=\"index, follow, max-snippet:-1, max-image-preview:large, max-video-preview:-1\" \/>\n<link rel=\"canonical\" href=\"https:\/\/www.carl-abrc.ca\/fr\/nouvelles\/appel-dinteret-agent-e-de-programme-invite-e-de-labrc-pour-le-droit-dauteur-et-autre-matiere-sur-les-politiques-publiques\/\" \/>\n<meta property=\"og:locale\" content=\"fr_FR\" \/>\n<meta property=\"og:type\" content=\"article\" \/>\n<meta property=\"og:title\" content=\"Appel d\u2019int\u00e9r\u00eat \u2013 Agent.e de programme invit\u00e9.e de l\u2019ABRC pour le droit d\u2019auteur et autre mati\u00e8re sur les politiques publiques - Association des biblioth\u00e8ques de recherche du Canada\" \/>\n<meta property=\"og:description\" content=\"19 ao\u00fbt 2024 \u2013 L\u2019Association des biblioth\u00e8ques de recherche du Canada (ABRC) repr\u00e9sente les vingt-neuf plus grandes biblioth\u00e8ques de recherche universitaires au pays et deux \u00e9tablissements f\u00e9d\u00e9raux. \u00c0 titre d\u2019organisme [&hellip;]\" \/>\n<meta property=\"og:url\" content=\"https:\/\/www.carl-abrc.ca\/fr\/nouvelles\/appel-dinteret-agent-e-de-programme-invite-e-de-labrc-pour-le-droit-dauteur-et-autre-matiere-sur-les-politiques-publiques\/\" \/>\n<meta property=\"og:site_name\" content=\"Association des biblioth\u00e8ques de recherche du Canada\" \/>\n<meta property=\"article:published_time\" content=\"2024-08-21T17:48:57+00:00\" \/>\n<meta property=\"article:modified_time\" content=\"2025-11-07T18:51:31+00:00\" \/>\n<meta property=\"og:image\" content=\"https:\/\/www.carl-abrc.ca\/wp-content\/uploads\/2024\/09\/NewsFeaturedImage-1.jpg\" \/>\n\t<meta property=\"og:image:width\" content=\"1920\" \/>\n\t<meta property=\"og:image:height\" content=\"1080\" \/>\n\t<meta property=\"og:image:type\" content=\"image\/jpeg\" \/>\n<meta name=\"author\" content=\"rdbrinkhurst\" \/>\n<meta name=\"twitter:label1\" content=\"\u00c9crit par\" \/>\n\t<meta name=\"twitter:data1\" content=\"rdbrinkhurst\" \/>\n\t<meta name=\"twitter:label2\" content=\"Dur\u00e9e de lecture estim\u00e9e\" \/>\n\t<meta name=\"twitter:data2\" content=\"3 minutes\" \/>\n<script type=\"application\/ld+json\" class=\"yoast-schema-graph\">{\"@context\":\"https:\\\/\\\/schema.org\",\"@graph\":[{\"@type\":\"Article\",\"@id\":\"https:\\\/\\\/www.carl-abrc.ca\\\/fr\\\/nouvelles\\\/appel-dinteret-agent-e-de-programme-invite-e-de-labrc-pour-le-droit-dauteur-et-autre-matiere-sur-les-politiques-publiques\\\/#article\",\"isPartOf\":{\"@id\":\"https:\\\/\\\/www.carl-abrc.ca\\\/fr\\\/nouvelles\\\/appel-dinteret-agent-e-de-programme-invite-e-de-labrc-pour-le-droit-dauteur-et-autre-matiere-sur-les-politiques-publiques\\\/\"},\"author\":{\"name\":\"rdbrinkhurst\",\"@id\":\"https:\\\/\\\/www.carl-abrc.ca\\\/fr\\\/#\\\/schema\\\/person\\\/bc0c44c1a8b89352227ef83fb9a5687b\"},\"headline\":\"Appel d\u2019int\u00e9r\u00eat \u2013 Agent.e de programme invit\u00e9.e de l\u2019ABRC pour le droit d\u2019auteur et autre mati\u00e8re sur les politiques publiques\",\"datePublished\":\"2024-08-21T17:48:57+00:00\",\"dateModified\":\"2025-11-07T18:51:31+00:00\",\"mainEntityOfPage\":{\"@id\":\"https:\\\/\\\/www.carl-abrc.ca\\\/fr\\\/nouvelles\\\/appel-dinteret-agent-e-de-programme-invite-e-de-labrc-pour-le-droit-dauteur-et-autre-matiere-sur-les-politiques-publiques\\\/\"},\"wordCount\":675,\"publisher\":{\"@id\":\"https:\\\/\\\/www.carl-abrc.ca\\\/fr\\\/#organization\"},\"image\":{\"@id\":\"https:\\\/\\\/www.carl-abrc.ca\\\/fr\\\/nouvelles\\\/appel-dinteret-agent-e-de-programme-invite-e-de-labrc-pour-le-droit-dauteur-et-autre-matiere-sur-les-politiques-publiques\\\/#primaryimage\"},\"thumbnailUrl\":\"https:\\\/\\\/www.carl-abrc.ca\\\/wp-content\\\/uploads\\\/2024\\\/09\\\/NewsFeaturedImage-1.jpg\",\"articleSection\":[\"Nouvelles\"],\"inLanguage\":\"fr-FR\"},{\"@type\":\"WebPage\",\"@id\":\"https:\\\/\\\/www.carl-abrc.ca\\\/fr\\\/nouvelles\\\/appel-dinteret-agent-e-de-programme-invite-e-de-labrc-pour-le-droit-dauteur-et-autre-matiere-sur-les-politiques-publiques\\\/\",\"url\":\"https:\\\/\\\/www.carl-abrc.ca\\\/fr\\\/nouvelles\\\/appel-dinteret-agent-e-de-programme-invite-e-de-labrc-pour-le-droit-dauteur-et-autre-matiere-sur-les-politiques-publiques\\\/\",\"name\":\"Appel d\u2019int\u00e9r\u00eat \u2013 Agent.e de programme invit\u00e9.e de l\u2019ABRC pour le droit d\u2019auteur et autre mati\u00e8re sur les politiques publiques - Association des biblioth\u00e8ques de recherche du Canada\",\"isPartOf\":{\"@id\":\"https:\\\/\\\/www.carl-abrc.ca\\\/fr\\\/#website\"},\"primaryImageOfPage\":{\"@id\":\"https:\\\/\\\/www.carl-abrc.ca\\\/fr\\\/nouvelles\\\/appel-dinteret-agent-e-de-programme-invite-e-de-labrc-pour-le-droit-dauteur-et-autre-matiere-sur-les-politiques-publiques\\\/#primaryimage\"},\"image\":{\"@id\":\"https:\\\/\\\/www.carl-abrc.ca\\\/fr\\\/nouvelles\\\/appel-dinteret-agent-e-de-programme-invite-e-de-labrc-pour-le-droit-dauteur-et-autre-matiere-sur-les-politiques-publiques\\\/#primaryimage\"},\"thumbnailUrl\":\"https:\\\/\\\/www.carl-abrc.ca\\\/wp-content\\\/uploads\\\/2024\\\/09\\\/NewsFeaturedImage-1.jpg\",\"datePublished\":\"2024-08-21T17:48:57+00:00\",\"dateModified\":\"2025-11-07T18:51:31+00:00\",\"breadcrumb\":{\"@id\":\"https:\\\/\\\/www.carl-abrc.ca\\\/fr\\\/nouvelles\\\/appel-dinteret-agent-e-de-programme-invite-e-de-labrc-pour-le-droit-dauteur-et-autre-matiere-sur-les-politiques-publiques\\\/#breadcrumb\"},\"inLanguage\":\"fr-FR\",\"potentialAction\":[{\"@type\":\"ReadAction\",\"target\":[\"https:\\\/\\\/www.carl-abrc.ca\\\/fr\\\/nouvelles\\\/appel-dinteret-agent-e-de-programme-invite-e-de-labrc-pour-le-droit-dauteur-et-autre-matiere-sur-les-politiques-publiques\\\/\"]}]},{\"@type\":\"ImageObject\",\"inLanguage\":\"fr-FR\",\"@id\":\"https:\\\/\\\/www.carl-abrc.ca\\\/fr\\\/nouvelles\\\/appel-dinteret-agent-e-de-programme-invite-e-de-labrc-pour-le-droit-dauteur-et-autre-matiere-sur-les-politiques-publiques\\\/#primaryimage\",\"url\":\"https:\\\/\\\/www.carl-abrc.ca\\\/wp-content\\\/uploads\\\/2024\\\/09\\\/NewsFeaturedImage-1.jpg\",\"contentUrl\":\"https:\\\/\\\/www.carl-abrc.ca\\\/wp-content\\\/uploads\\\/2024\\\/09\\\/NewsFeaturedImage-1.jpg\",\"width\":1920,\"height\":1080,\"caption\":\"C.A.R.L. Logo\"},{\"@type\":\"BreadcrumbList\",\"@id\":\"https:\\\/\\\/www.carl-abrc.ca\\\/fr\\\/nouvelles\\\/appel-dinteret-agent-e-de-programme-invite-e-de-labrc-pour-le-droit-dauteur-et-autre-matiere-sur-les-politiques-publiques\\\/#breadcrumb\",\"itemListElement\":[{\"@type\":\"ListItem\",\"position\":1,\"name\":\"Accueil\",\"item\":\"https:\\\/\\\/www.carl-abrc.ca\\\/fr\\\/home-3\\\/\"},{\"@type\":\"ListItem\",\"position\":2,\"name\":\"Appel d\u2019int\u00e9r\u00eat \u2013 Agent.e de programme invit\u00e9.e de l\u2019ABRC pour le droit d\u2019auteur et autre mati\u00e8re sur les politiques publiques\"}]},{\"@type\":\"WebSite\",\"@id\":\"https:\\\/\\\/www.carl-abrc.ca\\\/fr\\\/#website\",\"url\":\"https:\\\/\\\/www.carl-abrc.ca\\\/fr\\\/\",\"name\":\"Association des biblioth\u00e8ques de recherche du Canada\",\"description\":\"ABRC\",\"publisher\":{\"@id\":\"https:\\\/\\\/www.carl-abrc.ca\\\/fr\\\/#organization\"},\"potentialAction\":[{\"@type\":\"SearchAction\",\"target\":{\"@type\":\"EntryPoint\",\"urlTemplate\":\"https:\\\/\\\/www.carl-abrc.ca\\\/fr\\\/?s={search_term_string}\"},\"query-input\":{\"@type\":\"PropertyValueSpecification\",\"valueRequired\":true,\"valueName\":\"search_term_string\"}}],\"inLanguage\":\"fr-FR\"},{\"@type\":\"Organization\",\"@id\":\"https:\\\/\\\/www.carl-abrc.ca\\\/fr\\\/#organization\",\"name\":\"Association des biblioth\u00e8ques de recherche du Canada\",\"url\":\"https:\\\/\\\/www.carl-abrc.ca\\\/fr\\\/\",\"logo\":{\"@type\":\"ImageObject\",\"inLanguage\":\"fr-FR\",\"@id\":\"https:\\\/\\\/www.carl-abrc.ca\\\/fr\\\/#\\\/schema\\\/logo\\\/image\\\/\",\"url\":\"https:\\\/\\\/www.carl-abrc.ca\\\/wp-content\\\/uploads\\\/2024\\\/07\\\/cropped-Stacked_Colour_L.png\",\"contentUrl\":\"https:\\\/\\\/www.carl-abrc.ca\\\/wp-content\\\/uploads\\\/2024\\\/07\\\/cropped-Stacked_Colour_L.png\",\"width\":641,\"height\":250,\"caption\":\"Association des biblioth\u00e8ques de recherche du Canada\"},\"image\":{\"@id\":\"https:\\\/\\\/www.carl-abrc.ca\\\/fr\\\/#\\\/schema\\\/logo\\\/image\\\/\"},\"sameAs\":[\"https:\\\/\\\/x.com\\\/carlabrc\"]},{\"@type\":\"Person\",\"@id\":\"https:\\\/\\\/www.carl-abrc.ca\\\/fr\\\/#\\\/schema\\\/person\\\/bc0c44c1a8b89352227ef83fb9a5687b\",\"name\":\"rdbrinkhurst\",\"image\":{\"@type\":\"ImageObject\",\"inLanguage\":\"fr-FR\",\"@id\":\"https:\\\/\\\/secure.gravatar.com\\\/avatar\\\/a3d7f73335e11e23586bf6f6797538d6efd6d4aee2123aecc67c0a5604c6b283?s=96&d=mm&r=g\",\"url\":\"https:\\\/\\\/secure.gravatar.com\\\/avatar\\\/a3d7f73335e11e23586bf6f6797538d6efd6d4aee2123aecc67c0a5604c6b283?s=96&d=mm&r=g\",\"contentUrl\":\"https:\\\/\\\/secure.gravatar.com\\\/avatar\\\/a3d7f73335e11e23586bf6f6797538d6efd6d4aee2123aecc67c0a5604c6b283?s=96&d=mm&r=g\",\"caption\":\"rdbrinkhurst\"},\"url\":\"https:\\\/\\\/www.carl-abrc.ca\\\/fr\\\/author\\\/rdbrinkhurst\\\/\"}]}<\/script>\n<!-- \/ Yoast SEO plugin. -->","yoast_head_json":{"title":"Appel d\u2019int\u00e9r\u00eat \u2013 Agent.e de programme invit\u00e9.e de l\u2019ABRC pour le droit d\u2019auteur et autre mati\u00e8re sur les politiques publiques - Association des biblioth\u00e8ques de recherche du Canada","robots":{"index":"index","follow":"follow","max-snippet":"max-snippet:-1","max-image-preview":"max-image-preview:large","max-video-preview":"max-video-preview:-1"},"canonical":"https:\/\/www.carl-abrc.ca\/fr\/nouvelles\/appel-dinteret-agent-e-de-programme-invite-e-de-labrc-pour-le-droit-dauteur-et-autre-matiere-sur-les-politiques-publiques\/","og_locale":"fr_FR","og_type":"article","og_title":"Appel d\u2019int\u00e9r\u00eat \u2013 Agent.e de programme invit\u00e9.e de l\u2019ABRC pour le droit d\u2019auteur et autre mati\u00e8re sur les politiques publiques - Association des biblioth\u00e8ques de recherche du Canada","og_description":"19 ao\u00fbt 2024 \u2013 L\u2019Association des biblioth\u00e8ques de recherche du Canada (ABRC) repr\u00e9sente les vingt-neuf plus grandes biblioth\u00e8ques de recherche universitaires au pays et deux \u00e9tablissements f\u00e9d\u00e9raux. \u00c0 titre d\u2019organisme [&hellip;]","og_url":"https:\/\/www.carl-abrc.ca\/fr\/nouvelles\/appel-dinteret-agent-e-de-programme-invite-e-de-labrc-pour-le-droit-dauteur-et-autre-matiere-sur-les-politiques-publiques\/","og_site_name":"Association des biblioth\u00e8ques de recherche du Canada","article_published_time":"2024-08-21T17:48:57+00:00","article_modified_time":"2025-11-07T18:51:31+00:00","og_image":[{"width":1920,"height":1080,"url":"https:\/\/www.carl-abrc.ca\/wp-content\/uploads\/2024\/09\/NewsFeaturedImage-1.jpg","type":"image\/jpeg"}],"author":"rdbrinkhurst","twitter_misc":{"\u00c9crit par":"rdbrinkhurst","Dur\u00e9e de lecture estim\u00e9e":"3 minutes"},"schema":{"@context":"https:\/\/schema.org","@graph":[{"@type":"Article","@id":"https:\/\/www.carl-abrc.ca\/fr\/nouvelles\/appel-dinteret-agent-e-de-programme-invite-e-de-labrc-pour-le-droit-dauteur-et-autre-matiere-sur-les-politiques-publiques\/#article","isPartOf":{"@id":"https:\/\/www.carl-abrc.ca\/fr\/nouvelles\/appel-dinteret-agent-e-de-programme-invite-e-de-labrc-pour-le-droit-dauteur-et-autre-matiere-sur-les-politiques-publiques\/"},"author":{"name":"rdbrinkhurst","@id":"https:\/\/www.carl-abrc.ca\/fr\/#\/schema\/person\/bc0c44c1a8b89352227ef83fb9a5687b"},"headline":"Appel d\u2019int\u00e9r\u00eat \u2013 Agent.e de programme invit\u00e9.e de l\u2019ABRC pour le droit d\u2019auteur et autre mati\u00e8re sur les politiques publiques","datePublished":"2024-08-21T17:48:57+00:00","dateModified":"2025-11-07T18:51:31+00:00","mainEntityOfPage":{"@id":"https:\/\/www.carl-abrc.ca\/fr\/nouvelles\/appel-dinteret-agent-e-de-programme-invite-e-de-labrc-pour-le-droit-dauteur-et-autre-matiere-sur-les-politiques-publiques\/"},"wordCount":675,"publisher":{"@id":"https:\/\/www.carl-abrc.ca\/fr\/#organization"},"image":{"@id":"https:\/\/www.carl-abrc.ca\/fr\/nouvelles\/appel-dinteret-agent-e-de-programme-invite-e-de-labrc-pour-le-droit-dauteur-et-autre-matiere-sur-les-politiques-publiques\/#primaryimage"},"thumbnailUrl":"https:\/\/www.carl-abrc.ca\/wp-content\/uploads\/2024\/09\/NewsFeaturedImage-1.jpg","articleSection":["Nouvelles"],"inLanguage":"fr-FR"},{"@type":"WebPage","@id":"https:\/\/www.carl-abrc.ca\/fr\/nouvelles\/appel-dinteret-agent-e-de-programme-invite-e-de-labrc-pour-le-droit-dauteur-et-autre-matiere-sur-les-politiques-publiques\/","url":"https:\/\/www.carl-abrc.ca\/fr\/nouvelles\/appel-dinteret-agent-e-de-programme-invite-e-de-labrc-pour-le-droit-dauteur-et-autre-matiere-sur-les-politiques-publiques\/","name":"Appel d\u2019int\u00e9r\u00eat \u2013 Agent.e de programme invit\u00e9.e de l\u2019ABRC pour le droit d\u2019auteur et autre mati\u00e8re sur les politiques publiques - Association des biblioth\u00e8ques de recherche du Canada","isPartOf":{"@id":"https:\/\/www.carl-abrc.ca\/fr\/#website"},"primaryImageOfPage":{"@id":"https:\/\/www.carl-abrc.ca\/fr\/nouvelles\/appel-dinteret-agent-e-de-programme-invite-e-de-labrc-pour-le-droit-dauteur-et-autre-matiere-sur-les-politiques-publiques\/#primaryimage"},"image":{"@id":"https:\/\/www.carl-abrc.ca\/fr\/nouvelles\/appel-dinteret-agent-e-de-programme-invite-e-de-labrc-pour-le-droit-dauteur-et-autre-matiere-sur-les-politiques-publiques\/#primaryimage"},"thumbnailUrl":"https:\/\/www.carl-abrc.ca\/wp-content\/uploads\/2024\/09\/NewsFeaturedImage-1.jpg","datePublished":"2024-08-21T17:48:57+00:00","dateModified":"2025-11-07T18:51:31+00:00","breadcrumb":{"@id":"https:\/\/www.carl-abrc.ca\/fr\/nouvelles\/appel-dinteret-agent-e-de-programme-invite-e-de-labrc-pour-le-droit-dauteur-et-autre-matiere-sur-les-politiques-publiques\/#breadcrumb"},"inLanguage":"fr-FR","potentialAction":[{"@type":"ReadAction","target":["https:\/\/www.carl-abrc.ca\/fr\/nouvelles\/appel-dinteret-agent-e-de-programme-invite-e-de-labrc-pour-le-droit-dauteur-et-autre-matiere-sur-les-politiques-publiques\/"]}]},{"@type":"ImageObject","inLanguage":"fr-FR","@id":"https:\/\/www.carl-abrc.ca\/fr\/nouvelles\/appel-dinteret-agent-e-de-programme-invite-e-de-labrc-pour-le-droit-dauteur-et-autre-matiere-sur-les-politiques-publiques\/#primaryimage","url":"https:\/\/www.carl-abrc.ca\/wp-content\/uploads\/2024\/09\/NewsFeaturedImage-1.jpg","contentUrl":"https:\/\/www.carl-abrc.ca\/wp-content\/uploads\/2024\/09\/NewsFeaturedImage-1.jpg","width":1920,"height":1080,"caption":"C.A.R.L. Logo"},{"@type":"BreadcrumbList","@id":"https:\/\/www.carl-abrc.ca\/fr\/nouvelles\/appel-dinteret-agent-e-de-programme-invite-e-de-labrc-pour-le-droit-dauteur-et-autre-matiere-sur-les-politiques-publiques\/#breadcrumb","itemListElement":[{"@type":"ListItem","position":1,"name":"Accueil","item":"https:\/\/www.carl-abrc.ca\/fr\/home-3\/"},{"@type":"ListItem","position":2,"name":"Appel d\u2019int\u00e9r\u00eat \u2013 Agent.e de programme invit\u00e9.e de l\u2019ABRC pour le droit d\u2019auteur et autre mati\u00e8re sur les politiques publiques"}]},{"@type":"WebSite","@id":"https:\/\/www.carl-abrc.ca\/fr\/#website","url":"https:\/\/www.carl-abrc.ca\/fr\/","name":"Association des biblioth\u00e8ques de recherche du Canada","description":"ABRC","publisher":{"@id":"https:\/\/www.carl-abrc.ca\/fr\/#organization"},"potentialAction":[{"@type":"SearchAction","target":{"@type":"EntryPoint","urlTemplate":"https:\/\/www.carl-abrc.ca\/fr\/?s={search_term_string}"},"query-input":{"@type":"PropertyValueSpecification","valueRequired":true,"valueName":"search_term_string"}}],"inLanguage":"fr-FR"},{"@type":"Organization","@id":"https:\/\/www.carl-abrc.ca\/fr\/#organization","name":"Association des biblioth\u00e8ques de recherche du Canada","url":"https:\/\/www.carl-abrc.ca\/fr\/","logo":{"@type":"ImageObject","inLanguage":"fr-FR","@id":"https:\/\/www.carl-abrc.ca\/fr\/#\/schema\/logo\/image\/","url":"https:\/\/www.carl-abrc.ca\/wp-content\/uploads\/2024\/07\/cropped-Stacked_Colour_L.png","contentUrl":"https:\/\/www.carl-abrc.ca\/wp-content\/uploads\/2024\/07\/cropped-Stacked_Colour_L.png","width":641,"height":250,"caption":"Association des biblioth\u00e8ques de recherche du Canada"},"image":{"@id":"https:\/\/www.carl-abrc.ca\/fr\/#\/schema\/logo\/image\/"},"sameAs":["https:\/\/x.com\/carlabrc"]},{"@type":"Person","@id":"https:\/\/www.carl-abrc.ca\/fr\/#\/schema\/person\/bc0c44c1a8b89352227ef83fb9a5687b","name":"rdbrinkhurst","image":{"@type":"ImageObject","inLanguage":"fr-FR","@id":"https:\/\/secure.gravatar.com\/avatar\/a3d7f73335e11e23586bf6f6797538d6efd6d4aee2123aecc67c0a5604c6b283?s=96&d=mm&r=g","url":"https:\/\/secure.gravatar.com\/avatar\/a3d7f73335e11e23586bf6f6797538d6efd6d4aee2123aecc67c0a5604c6b283?s=96&d=mm&r=g","contentUrl":"https:\/\/secure.gravatar.com\/avatar\/a3d7f73335e11e23586bf6f6797538d6efd6d4aee2123aecc67c0a5604c6b283?s=96&d=mm&r=g","caption":"rdbrinkhurst"},"url":"https:\/\/www.carl-abrc.ca\/fr\/author\/rdbrinkhurst\/"}]}},"_links":{"self":[{"href":"https:\/\/www.carl-abrc.ca\/fr\/wp-json\/wp\/v2\/posts\/38571","targetHints":{"allow":["GET"]}}],"collection":[{"href":"https:\/\/www.carl-abrc.ca\/fr\/wp-json\/wp\/v2\/posts"}],"about":[{"href":"https:\/\/www.carl-abrc.ca\/fr\/wp-json\/wp\/v2\/types\/post"}],"author":[{"embeddable":true,"href":"https:\/\/www.carl-abrc.ca\/fr\/wp-json\/wp\/v2\/users\/1"}],"replies":[{"embeddable":true,"href":"https:\/\/www.carl-abrc.ca\/fr\/wp-json\/wp\/v2\/comments?post=38571"}],"version-history":[{"count":0,"href":"https:\/\/www.carl-abrc.ca\/fr\/wp-json\/wp\/v2\/posts\/38571\/revisions"}],"wp:featuredmedia":[{"embeddable":true,"href":"https:\/\/www.carl-abrc.ca\/fr\/wp-json\/wp\/v2\/media\/36194"}],"wp:attachment":[{"href":"https:\/\/www.carl-abrc.ca\/fr\/wp-json\/wp\/v2\/media?parent=38571"}],"wp:term":[{"taxonomy":"category","embeddable":true,"href":"https:\/\/www.carl-abrc.ca\/fr\/wp-json\/wp\/v2\/categories?post=38571"},{"taxonomy":"post_tag","embeddable":true,"href":"https:\/\/www.carl-abrc.ca\/fr\/wp-json\/wp\/v2\/tags?post=38571"}],"curies":[{"name":"wp","href":"https:\/\/api.w.org\/{rel}","templated":true}]}}