{"id":4086,"date":"2016-10-24T12:23:48","date_gmt":"2016-10-24T16:23:48","guid":{"rendered":"http:\/\/www.carl-abrc.ca\/fr\/?p=4086"},"modified":"2016-10-27T08:25:17","modified_gmt":"2016-10-27T12:25:17","slug":"labrc-annonce-linstitut-de-recherche-des-bibliothecaires-2017","status":"publish","type":"post","link":"https:\/\/www.carl-abrc.ca\/fr\/nouvelles\/labrc-annonce-linstitut-de-recherche-des-bibliothecaires-2017\/","title":{"rendered":"L&rsquo;ABRC annonce l\u2019Institut de recherche des biblioth\u00e9caires 2017"},"content":{"rendered":"<p><strong>OTTAWA, le 24 octobre 2016 \u2013<\/strong> L\u2019ABRC a le plaisir\u00a0d\u2019annoncer l\u2019Institut de recherche des biblioth\u00e9caires (IRB) 2017 qui se d\u00e9roulera du 12 au 15 juin \u00e0 la Western University, \u00e0 London, en Ontario.<\/p>\n<p>\u00ab Les comp\u00e9tences en recherche constituent un aspect de plus en plus important du travail quotidien des biblioth\u00e9caires universitaires \u00bb, fait valoir Vivian Lewis, pr\u00e9sidente du Comit\u00e9 du renforcement de la capacit\u00e9 et biblioth\u00e9caire universitaire \u00e0 la McMaster University. \u00ab Nous sommes heureux de pouvoir offrir l\u2019Institut, une grande r\u00e9ussite, \u00e0 une nouvelle cohorte de biblioth\u00e9caires qui ont tr\u00e8s \u00e0 c\u0153ur l&rsquo;am\u00e9lioration de leurs comp\u00e9tences en recherche. \u00bb<\/p>\n<p>L\u2019IRB 2017 sera dirig\u00e9e par une \u00e9quipe de pairs mentors compos\u00e9e de Kristin Hoffmann (biblioth\u00e9caire adjointe, Western University, et pr\u00e9sidente du programme IRB 2017); Selinda Berg (chef des services d\u2019information, University of Windsor); Tony Horava (biblioth\u00e9caire universitaire adjoint [Collections], Universit\u00e9 d\u2019Ottawa); Kevin Manuel (biblioth\u00e9caire de donn\u00e9es, Ryerson University); et Sarah Polkinghorne (biblioth\u00e9caire des services publics, University of Alberta).<\/p>\n<p>Tenu \u00e0 la Western University et parrain\u00e9 par l\u2019ABRC, l\u2019Institut de recherche des biblioth\u00e9caires offre aux biblioth\u00e9caires universitaires en exercice la possibilit\u00e9 de se plonger dans des activit\u00e9s et des \u00e9changes soutenus sur la recherche, l\u2019investigation et l\u2019\u00e9dition en milieu universitaire.<\/p>\n<p>Pour en savoir plus sur l\u2019Institut de recherche des biblioth\u00e9caires, consultez le site Web de l\u2019ABRC \u00e0 <a href=\"http:\/\/www.carl-abrc.ca\/fr\/accroitre-la-capacite-2\/ateliers-et-formation\/institut-de-recherche-des-bibliothecaires\/\">http:\/\/www.carl-abrc.ca\/fr\/accroitre-la-capacite-2\/ateliers-et-formation\/institut-de-recherche-des-bibliothecaires\/<\/a>.<\/p>\n<p>L\u2019ABRC compte parmi ses membres les vingt-neuf plus grosses biblioth\u00e8ques universitaires du Canada et deux institutions f\u00e9d\u00e9rales. L\u2019am\u00e9lioration de la recherche et de l\u2019\u00e9ducation sup\u00e9rieure se trouve au c\u0153ur de notre mission. L\u2019ABRC promeut l\u2019efficacit\u00e9 et la p\u00e9rennit\u00e9 de la communication savante, ainsi que la mise en \u0153uvre de politiques publiques qui garantissent un acc\u00e8s plus large aux r\u00e9sultats de la recherche.<\/p>\n<p style=\"text-align: center;\">-30-<\/p>\n<p>Pour en savoir plus, veuillez vous adresser \u00e0 :<\/p>\n<p>Katherine McColgan<br \/>\nDirectrice, Administration et programmes, ABRC-CARL<br \/>\n<a href=\"mailto:katherine.mccolgan@carl-abrc.ca\">katherine.mccolgan@carl-abrc.ca<\/a><br \/>\n613-482-9344, poste 102<\/p>\n<p>Parrain\u00e9 par :<\/p>\n<p><a href=\"http:\/\/www.carl-abrc.ca\/wp-content\/uploads\/2016\/10\/Horizontal_Colour_tagline_S.png\"><img decoding=\"async\" class=\"alignleft size-full wp-image-4061\" src=\"http:\/\/www.carl-abrc.ca\/wp-content\/uploads\/2016\/10\/Horizontal_Colour_tagline_S.png\" alt=\"horizontal_colour_tagline_s\" width=\"305\" height=\"78\" srcset=\"https:\/\/www.carl-abrc.ca\/wp-content\/uploads\/2016\/10\/Horizontal_Colour_tagline_S.png 305w, https:\/\/www.carl-abrc.ca\/wp-content\/uploads\/2016\/10\/Horizontal_Colour_tagline_S-300x77.png 300w\" sizes=\"(max-width: 305px) 100vw, 305px\" \/><\/a><\/p>\n<p>&nbsp;<\/p>\n<p>&nbsp;<\/p>\n<p><a href=\"http:\/\/www.carl-abrc.ca\/wp-content\/uploads\/2016\/10\/Western_library_logo.png\"><img decoding=\"async\" class=\"alignleft size-full wp-image-4063\" src=\"http:\/\/www.carl-abrc.ca\/wp-content\/uploads\/2016\/10\/Western_library_logo.png\" alt=\"western_library_logo\" width=\"346\" height=\"64\" srcset=\"https:\/\/www.carl-abrc.ca\/wp-content\/uploads\/2016\/10\/Western_library_logo.png 346w, https:\/\/www.carl-abrc.ca\/wp-content\/uploads\/2016\/10\/Western_library_logo-300x55.png 300w\" sizes=\"(max-width: 346px) 100vw, 346px\" \/><\/a><\/p>\n","protected":false},"excerpt":{"rendered":"<p>OTTAWA, le 24 octobre 2016 \u2013 L\u2019ABRC a le plaisir\u00a0d\u2019annoncer l\u2019Institut de recherche des biblioth\u00e9caires (IRB) 2017 qui se d\u00e9roulera du 12 au 15 juin \u00e0 la Western University, \u00e0 [&hellip;]<\/p>\n","protected":false},"author":5,"featured_media":0,"comment_status":"closed","ping_status":"closed","sticky":false,"template":"","format":"standard","meta":{"_acf_changed":false,"_EventAllDay":false,"_EventTimezone":"","_EventStartDate":"","_EventEndDate":"","_EventStartDateUTC":"","_EventEndDateUTC":"","_EventShowMap":false,"_EventShowMapLink":false,"_EventURL":"","_EventCost":"","_EventCostDescription":"","_EventCurrencySymbol":"","_EventCurrencyCode":"","_EventCurrencyPosition":"","_EventDateTimeSeparator":"","_EventTimeRangeSeparator":"","_EventOrganizerID":[],"_EventVenueID":[],"_OrganizerEmail":"","_OrganizerPhone":"","_OrganizerWebsite":"","_VenueAddress":"","_VenueCity":"","_VenueCountry":"","_VenueProvince":"","_VenueState":"","_VenueZip":"","_VenuePhone":"","_VenueURL":"","_VenueStateProvince":"","_VenueLat":"","_VenueLng":"","_VenueShowMap":false,"_VenueShowMapLink":false,"footnotes":""},"categories":[2],"tags":[],"class_list":["post-4086","post","type-post","status-publish","format-standard","hentry","category-nouvelles"],"acf":[],"yoast_head":"<!-- This site is optimized with the Yoast SEO plugin v27.5 - https:\/\/yoast.com\/product\/yoast-seo-wordpress\/ -->\n<title>L&#039;ABRC annonce l\u2019Institut de recherche des biblioth\u00e9caires 2017 - Association des biblioth\u00e8ques de recherche du Canada<\/title>\n<meta name=\"robots\" content=\"index, follow, max-snippet:-1, max-image-preview:large, max-video-preview:-1\" \/>\n<link rel=\"canonical\" href=\"https:\/\/www.carl-abrc.ca\/fr\/nouvelles\/labrc-annonce-linstitut-de-recherche-des-bibliothecaires-2017\/\" \/>\n<meta property=\"og:locale\" content=\"fr_FR\" \/>\n<meta property=\"og:type\" content=\"article\" \/>\n<meta property=\"og:title\" content=\"L&#039;ABRC annonce l\u2019Institut de recherche des biblioth\u00e9caires 2017 - Association des biblioth\u00e8ques de recherche du Canada\" \/>\n<meta property=\"og:description\" content=\"OTTAWA, le 24 octobre 2016 \u2013 L\u2019ABRC a le plaisir\u00a0d\u2019annoncer l\u2019Institut de recherche des biblioth\u00e9caires (IRB) 2017 qui se d\u00e9roulera du 12 au 15 juin \u00e0 la Western University, \u00e0 [&hellip;]\" \/>\n<meta property=\"og:url\" content=\"https:\/\/www.carl-abrc.ca\/fr\/nouvelles\/labrc-annonce-linstitut-de-recherche-des-bibliothecaires-2017\/\" \/>\n<meta property=\"og:site_name\" content=\"Association des biblioth\u00e8ques de recherche du Canada\" \/>\n<meta property=\"article:published_time\" content=\"2016-10-24T16:23:48+00:00\" \/>\n<meta property=\"article:modified_time\" content=\"2016-10-27T12:25:17+00:00\" \/>\n<meta property=\"og:image\" content=\"http:\/\/www.carl-abrc.ca\/wp-content\/uploads\/2016\/10\/Horizontal_Colour_tagline_S.png\" \/>\n<meta name=\"author\" content=\"Katherine McColgan\" \/>\n<meta name=\"twitter:label1\" content=\"\u00c9crit par\" \/>\n\t<meta name=\"twitter:data1\" content=\"Katherine McColgan\" \/>\n\t<meta name=\"twitter:label2\" content=\"Dur\u00e9e de lecture estim\u00e9e\" \/>\n\t<meta name=\"twitter:data2\" content=\"2 minutes\" \/>\n<script type=\"application\/ld+json\" class=\"yoast-schema-graph\">{\"@context\":\"https:\\\/\\\/schema.org\",\"@graph\":[{\"@type\":\"Article\",\"@id\":\"https:\\\/\\\/www.carl-abrc.ca\\\/fr\\\/nouvelles\\\/labrc-annonce-linstitut-de-recherche-des-bibliothecaires-2017\\\/#article\",\"isPartOf\":{\"@id\":\"https:\\\/\\\/www.carl-abrc.ca\\\/fr\\\/nouvelles\\\/labrc-annonce-linstitut-de-recherche-des-bibliothecaires-2017\\\/\"},\"author\":{\"name\":\"Katherine McColgan\",\"@id\":\"https:\\\/\\\/www.carl-abrc.ca\\\/fr\\\/#\\\/schema\\\/person\\\/0e28bc352eb584524dabf890f7141390\"},\"headline\":\"L&rsquo;ABRC annonce l\u2019Institut de recherche des biblioth\u00e9caires 2017\",\"datePublished\":\"2016-10-24T16:23:48+00:00\",\"dateModified\":\"2016-10-27T12:25:17+00:00\",\"mainEntityOfPage\":{\"@id\":\"https:\\\/\\\/www.carl-abrc.ca\\\/fr\\\/nouvelles\\\/labrc-annonce-linstitut-de-recherche-des-bibliothecaires-2017\\\/\"},\"wordCount\":358,\"publisher\":{\"@id\":\"https:\\\/\\\/www.carl-abrc.ca\\\/fr\\\/#organization\"},\"image\":{\"@id\":\"https:\\\/\\\/www.carl-abrc.ca\\\/fr\\\/nouvelles\\\/labrc-annonce-linstitut-de-recherche-des-bibliothecaires-2017\\\/#primaryimage\"},\"thumbnailUrl\":\"http:\\\/\\\/www.carl-abrc.ca\\\/wp-content\\\/uploads\\\/2016\\\/10\\\/Horizontal_Colour_tagline_S.png\",\"articleSection\":[\"Nouvelles\"],\"inLanguage\":\"fr-FR\"},{\"@type\":\"WebPage\",\"@id\":\"https:\\\/\\\/www.carl-abrc.ca\\\/fr\\\/nouvelles\\\/labrc-annonce-linstitut-de-recherche-des-bibliothecaires-2017\\\/\",\"url\":\"https:\\\/\\\/www.carl-abrc.ca\\\/fr\\\/nouvelles\\\/labrc-annonce-linstitut-de-recherche-des-bibliothecaires-2017\\\/\",\"name\":\"L'ABRC annonce l\u2019Institut de recherche des biblioth\u00e9caires 2017 - Association des biblioth\u00e8ques de recherche du Canada\",\"isPartOf\":{\"@id\":\"https:\\\/\\\/www.carl-abrc.ca\\\/fr\\\/#website\"},\"primaryImageOfPage\":{\"@id\":\"https:\\\/\\\/www.carl-abrc.ca\\\/fr\\\/nouvelles\\\/labrc-annonce-linstitut-de-recherche-des-bibliothecaires-2017\\\/#primaryimage\"},\"image\":{\"@id\":\"https:\\\/\\\/www.carl-abrc.ca\\\/fr\\\/nouvelles\\\/labrc-annonce-linstitut-de-recherche-des-bibliothecaires-2017\\\/#primaryimage\"},\"thumbnailUrl\":\"http:\\\/\\\/www.carl-abrc.ca\\\/wp-content\\\/uploads\\\/2016\\\/10\\\/Horizontal_Colour_tagline_S.png\",\"datePublished\":\"2016-10-24T16:23:48+00:00\",\"dateModified\":\"2016-10-27T12:25:17+00:00\",\"breadcrumb\":{\"@id\":\"https:\\\/\\\/www.carl-abrc.ca\\\/fr\\\/nouvelles\\\/labrc-annonce-linstitut-de-recherche-des-bibliothecaires-2017\\\/#breadcrumb\"},\"inLanguage\":\"fr-FR\",\"potentialAction\":[{\"@type\":\"ReadAction\",\"target\":[\"https:\\\/\\\/www.carl-abrc.ca\\\/fr\\\/nouvelles\\\/labrc-annonce-linstitut-de-recherche-des-bibliothecaires-2017\\\/\"]}]},{\"@type\":\"ImageObject\",\"inLanguage\":\"fr-FR\",\"@id\":\"https:\\\/\\\/www.carl-abrc.ca\\\/fr\\\/nouvelles\\\/labrc-annonce-linstitut-de-recherche-des-bibliothecaires-2017\\\/#primaryimage\",\"url\":\"http:\\\/\\\/www.carl-abrc.ca\\\/wp-content\\\/uploads\\\/2016\\\/10\\\/Horizontal_Colour_tagline_S.png\",\"contentUrl\":\"http:\\\/\\\/www.carl-abrc.ca\\\/wp-content\\\/uploads\\\/2016\\\/10\\\/Horizontal_Colour_tagline_S.png\"},{\"@type\":\"BreadcrumbList\",\"@id\":\"https:\\\/\\\/www.carl-abrc.ca\\\/fr\\\/nouvelles\\\/labrc-annonce-linstitut-de-recherche-des-bibliothecaires-2017\\\/#breadcrumb\",\"itemListElement\":[{\"@type\":\"ListItem\",\"position\":1,\"name\":\"Accueil\",\"item\":\"https:\\\/\\\/www.carl-abrc.ca\\\/fr\\\/home-3\\\/\"},{\"@type\":\"ListItem\",\"position\":2,\"name\":\"L&rsquo;ABRC annonce l\u2019Institut de recherche des biblioth\u00e9caires 2017\"}]},{\"@type\":\"WebSite\",\"@id\":\"https:\\\/\\\/www.carl-abrc.ca\\\/fr\\\/#website\",\"url\":\"https:\\\/\\\/www.carl-abrc.ca\\\/fr\\\/\",\"name\":\"Association des biblioth\u00e8ques de recherche du Canada\",\"description\":\"ABRC\",\"publisher\":{\"@id\":\"https:\\\/\\\/www.carl-abrc.ca\\\/fr\\\/#organization\"},\"potentialAction\":[{\"@type\":\"SearchAction\",\"target\":{\"@type\":\"EntryPoint\",\"urlTemplate\":\"https:\\\/\\\/www.carl-abrc.ca\\\/fr\\\/?s={search_term_string}\"},\"query-input\":{\"@type\":\"PropertyValueSpecification\",\"valueRequired\":true,\"valueName\":\"search_term_string\"}}],\"inLanguage\":\"fr-FR\"},{\"@type\":\"Organization\",\"@id\":\"https:\\\/\\\/www.carl-abrc.ca\\\/fr\\\/#organization\",\"name\":\"Association des biblioth\u00e8ques de recherche du Canada\",\"url\":\"https:\\\/\\\/www.carl-abrc.ca\\\/fr\\\/\",\"logo\":{\"@type\":\"ImageObject\",\"inLanguage\":\"fr-FR\",\"@id\":\"https:\\\/\\\/www.carl-abrc.ca\\\/fr\\\/#\\\/schema\\\/logo\\\/image\\\/\",\"url\":\"https:\\\/\\\/www.carl-abrc.ca\\\/wp-content\\\/uploads\\\/2024\\\/07\\\/cropped-Stacked_Colour_L.png\",\"contentUrl\":\"https:\\\/\\\/www.carl-abrc.ca\\\/wp-content\\\/uploads\\\/2024\\\/07\\\/cropped-Stacked_Colour_L.png\",\"width\":641,\"height\":250,\"caption\":\"Association des biblioth\u00e8ques de recherche du Canada\"},\"image\":{\"@id\":\"https:\\\/\\\/www.carl-abrc.ca\\\/fr\\\/#\\\/schema\\\/logo\\\/image\\\/\"},\"sameAs\":[\"https:\\\/\\\/x.com\\\/carlabrc\"]},{\"@type\":\"Person\",\"@id\":\"https:\\\/\\\/www.carl-abrc.ca\\\/fr\\\/#\\\/schema\\\/person\\\/0e28bc352eb584524dabf890f7141390\",\"name\":\"Katherine McColgan\",\"image\":{\"@type\":\"ImageObject\",\"inLanguage\":\"fr-FR\",\"@id\":\"https:\\\/\\\/secure.gravatar.com\\\/avatar\\\/9d8770eea9a07ba623ec853aca1456d4292fa99407780727a6fd6eab3c3fc1ef?s=96&d=mm&r=g\",\"url\":\"https:\\\/\\\/secure.gravatar.com\\\/avatar\\\/9d8770eea9a07ba623ec853aca1456d4292fa99407780727a6fd6eab3c3fc1ef?s=96&d=mm&r=g\",\"contentUrl\":\"https:\\\/\\\/secure.gravatar.com\\\/avatar\\\/9d8770eea9a07ba623ec853aca1456d4292fa99407780727a6fd6eab3c3fc1ef?s=96&d=mm&r=g\",\"caption\":\"Katherine McColgan\"},\"url\":\"https:\\\/\\\/www.carl-abrc.ca\\\/fr\\\/author\\\/katherine\\\/\"}]}<\/script>\n<!-- \/ Yoast SEO plugin. -->","yoast_head_json":{"title":"L'ABRC annonce l\u2019Institut de recherche des biblioth\u00e9caires 2017 - Association des biblioth\u00e8ques de recherche du Canada","robots":{"index":"index","follow":"follow","max-snippet":"max-snippet:-1","max-image-preview":"max-image-preview:large","max-video-preview":"max-video-preview:-1"},"canonical":"https:\/\/www.carl-abrc.ca\/fr\/nouvelles\/labrc-annonce-linstitut-de-recherche-des-bibliothecaires-2017\/","og_locale":"fr_FR","og_type":"article","og_title":"L'ABRC annonce l\u2019Institut de recherche des biblioth\u00e9caires 2017 - Association des biblioth\u00e8ques de recherche du Canada","og_description":"OTTAWA, le 24 octobre 2016 \u2013 L\u2019ABRC a le plaisir\u00a0d\u2019annoncer l\u2019Institut de recherche des biblioth\u00e9caires (IRB) 2017 qui se d\u00e9roulera du 12 au 15 juin \u00e0 la Western University, \u00e0 [&hellip;]","og_url":"https:\/\/www.carl-abrc.ca\/fr\/nouvelles\/labrc-annonce-linstitut-de-recherche-des-bibliothecaires-2017\/","og_site_name":"Association des biblioth\u00e8ques de recherche du Canada","article_published_time":"2016-10-24T16:23:48+00:00","article_modified_time":"2016-10-27T12:25:17+00:00","og_image":[{"url":"http:\/\/www.carl-abrc.ca\/wp-content\/uploads\/2016\/10\/Horizontal_Colour_tagline_S.png","type":"","width":"","height":""}],"author":"Katherine McColgan","twitter_misc":{"\u00c9crit par":"Katherine McColgan","Dur\u00e9e de lecture estim\u00e9e":"2 minutes"},"schema":{"@context":"https:\/\/schema.org","@graph":[{"@type":"Article","@id":"https:\/\/www.carl-abrc.ca\/fr\/nouvelles\/labrc-annonce-linstitut-de-recherche-des-bibliothecaires-2017\/#article","isPartOf":{"@id":"https:\/\/www.carl-abrc.ca\/fr\/nouvelles\/labrc-annonce-linstitut-de-recherche-des-bibliothecaires-2017\/"},"author":{"name":"Katherine McColgan","@id":"https:\/\/www.carl-abrc.ca\/fr\/#\/schema\/person\/0e28bc352eb584524dabf890f7141390"},"headline":"L&rsquo;ABRC annonce l\u2019Institut de recherche des biblioth\u00e9caires 2017","datePublished":"2016-10-24T16:23:48+00:00","dateModified":"2016-10-27T12:25:17+00:00","mainEntityOfPage":{"@id":"https:\/\/www.carl-abrc.ca\/fr\/nouvelles\/labrc-annonce-linstitut-de-recherche-des-bibliothecaires-2017\/"},"wordCount":358,"publisher":{"@id":"https:\/\/www.carl-abrc.ca\/fr\/#organization"},"image":{"@id":"https:\/\/www.carl-abrc.ca\/fr\/nouvelles\/labrc-annonce-linstitut-de-recherche-des-bibliothecaires-2017\/#primaryimage"},"thumbnailUrl":"http:\/\/www.carl-abrc.ca\/wp-content\/uploads\/2016\/10\/Horizontal_Colour_tagline_S.png","articleSection":["Nouvelles"],"inLanguage":"fr-FR"},{"@type":"WebPage","@id":"https:\/\/www.carl-abrc.ca\/fr\/nouvelles\/labrc-annonce-linstitut-de-recherche-des-bibliothecaires-2017\/","url":"https:\/\/www.carl-abrc.ca\/fr\/nouvelles\/labrc-annonce-linstitut-de-recherche-des-bibliothecaires-2017\/","name":"L'ABRC annonce l\u2019Institut de recherche des biblioth\u00e9caires 2017 - Association des biblioth\u00e8ques de recherche du Canada","isPartOf":{"@id":"https:\/\/www.carl-abrc.ca\/fr\/#website"},"primaryImageOfPage":{"@id":"https:\/\/www.carl-abrc.ca\/fr\/nouvelles\/labrc-annonce-linstitut-de-recherche-des-bibliothecaires-2017\/#primaryimage"},"image":{"@id":"https:\/\/www.carl-abrc.ca\/fr\/nouvelles\/labrc-annonce-linstitut-de-recherche-des-bibliothecaires-2017\/#primaryimage"},"thumbnailUrl":"http:\/\/www.carl-abrc.ca\/wp-content\/uploads\/2016\/10\/Horizontal_Colour_tagline_S.png","datePublished":"2016-10-24T16:23:48+00:00","dateModified":"2016-10-27T12:25:17+00:00","breadcrumb":{"@id":"https:\/\/www.carl-abrc.ca\/fr\/nouvelles\/labrc-annonce-linstitut-de-recherche-des-bibliothecaires-2017\/#breadcrumb"},"inLanguage":"fr-FR","potentialAction":[{"@type":"ReadAction","target":["https:\/\/www.carl-abrc.ca\/fr\/nouvelles\/labrc-annonce-linstitut-de-recherche-des-bibliothecaires-2017\/"]}]},{"@type":"ImageObject","inLanguage":"fr-FR","@id":"https:\/\/www.carl-abrc.ca\/fr\/nouvelles\/labrc-annonce-linstitut-de-recherche-des-bibliothecaires-2017\/#primaryimage","url":"http:\/\/www.carl-abrc.ca\/wp-content\/uploads\/2016\/10\/Horizontal_Colour_tagline_S.png","contentUrl":"http:\/\/www.carl-abrc.ca\/wp-content\/uploads\/2016\/10\/Horizontal_Colour_tagline_S.png"},{"@type":"BreadcrumbList","@id":"https:\/\/www.carl-abrc.ca\/fr\/nouvelles\/labrc-annonce-linstitut-de-recherche-des-bibliothecaires-2017\/#breadcrumb","itemListElement":[{"@type":"ListItem","position":1,"name":"Accueil","item":"https:\/\/www.carl-abrc.ca\/fr\/home-3\/"},{"@type":"ListItem","position":2,"name":"L&rsquo;ABRC annonce l\u2019Institut de recherche des biblioth\u00e9caires 2017"}]},{"@type":"WebSite","@id":"https:\/\/www.carl-abrc.ca\/fr\/#website","url":"https:\/\/www.carl-abrc.ca\/fr\/","name":"Association des biblioth\u00e8ques de recherche du Canada","description":"ABRC","publisher":{"@id":"https:\/\/www.carl-abrc.ca\/fr\/#organization"},"potentialAction":[{"@type":"SearchAction","target":{"@type":"EntryPoint","urlTemplate":"https:\/\/www.carl-abrc.ca\/fr\/?s={search_term_string}"},"query-input":{"@type":"PropertyValueSpecification","valueRequired":true,"valueName":"search_term_string"}}],"inLanguage":"fr-FR"},{"@type":"Organization","@id":"https:\/\/www.carl-abrc.ca\/fr\/#organization","name":"Association des biblioth\u00e8ques de recherche du Canada","url":"https:\/\/www.carl-abrc.ca\/fr\/","logo":{"@type":"ImageObject","inLanguage":"fr-FR","@id":"https:\/\/www.carl-abrc.ca\/fr\/#\/schema\/logo\/image\/","url":"https:\/\/www.carl-abrc.ca\/wp-content\/uploads\/2024\/07\/cropped-Stacked_Colour_L.png","contentUrl":"https:\/\/www.carl-abrc.ca\/wp-content\/uploads\/2024\/07\/cropped-Stacked_Colour_L.png","width":641,"height":250,"caption":"Association des biblioth\u00e8ques de recherche du Canada"},"image":{"@id":"https:\/\/www.carl-abrc.ca\/fr\/#\/schema\/logo\/image\/"},"sameAs":["https:\/\/x.com\/carlabrc"]},{"@type":"Person","@id":"https:\/\/www.carl-abrc.ca\/fr\/#\/schema\/person\/0e28bc352eb584524dabf890f7141390","name":"Katherine McColgan","image":{"@type":"ImageObject","inLanguage":"fr-FR","@id":"https:\/\/secure.gravatar.com\/avatar\/9d8770eea9a07ba623ec853aca1456d4292fa99407780727a6fd6eab3c3fc1ef?s=96&d=mm&r=g","url":"https:\/\/secure.gravatar.com\/avatar\/9d8770eea9a07ba623ec853aca1456d4292fa99407780727a6fd6eab3c3fc1ef?s=96&d=mm&r=g","contentUrl":"https:\/\/secure.gravatar.com\/avatar\/9d8770eea9a07ba623ec853aca1456d4292fa99407780727a6fd6eab3c3fc1ef?s=96&d=mm&r=g","caption":"Katherine McColgan"},"url":"https:\/\/www.carl-abrc.ca\/fr\/author\/katherine\/"}]}},"_links":{"self":[{"href":"https:\/\/www.carl-abrc.ca\/fr\/wp-json\/wp\/v2\/posts\/4086","targetHints":{"allow":["GET"]}}],"collection":[{"href":"https:\/\/www.carl-abrc.ca\/fr\/wp-json\/wp\/v2\/posts"}],"about":[{"href":"https:\/\/www.carl-abrc.ca\/fr\/wp-json\/wp\/v2\/types\/post"}],"author":[{"embeddable":true,"href":"https:\/\/www.carl-abrc.ca\/fr\/wp-json\/wp\/v2\/users\/5"}],"replies":[{"embeddable":true,"href":"https:\/\/www.carl-abrc.ca\/fr\/wp-json\/wp\/v2\/comments?post=4086"}],"version-history":[{"count":0,"href":"https:\/\/www.carl-abrc.ca\/fr\/wp-json\/wp\/v2\/posts\/4086\/revisions"}],"wp:attachment":[{"href":"https:\/\/www.carl-abrc.ca\/fr\/wp-json\/wp\/v2\/media?parent=4086"}],"wp:term":[{"taxonomy":"category","embeddable":true,"href":"https:\/\/www.carl-abrc.ca\/fr\/wp-json\/wp\/v2\/categories?post=4086"},{"taxonomy":"post_tag","embeddable":true,"href":"https:\/\/www.carl-abrc.ca\/fr\/wp-json\/wp\/v2\/tags?post=4086"}],"curies":[{"name":"wp","href":"https:\/\/api.w.org\/{rel}","templated":true}]}}