{"id":43143,"date":"2026-09-01T10:21:44","date_gmt":"2026-09-01T14:21:44","guid":{"rendered":"https:\/\/www.carl-abrc.ca\/?p=43143"},"modified":"2026-09-01T10:21:44","modified_gmt":"2026-09-01T14:21:44","slug":"labrc-a-50-ans-celebrons-cinq-decennies-de-collaboration-et-de-leadership","status":"publish","type":"post","link":"https:\/\/www.carl-abrc.ca\/fr\/nouvelles\/labrc-a-50-ans-celebrons-cinq-decennies-de-collaboration-et-de-leadership\/","title":{"rendered":"L&rsquo;ABRC a 50 ans : c\u00e9l\u00e9brons cinq d\u00e9cennies de collaboration et de leadership"},"content":{"rendered":"<p><strong>1 septembre 2026<\/strong> &#8211; Septembre 2026 marque le 50e anniversaire de l&rsquo;Association des biblioth\u00e8ques de recherche du Canada (ABRC).<\/p>\n<p>Fond\u00e9e en septembre 1976, l&rsquo;ABRC \u0153uvre depuis cinq d\u00e9cennies \u00e0 faire progresser les biblioth\u00e8ques de recherche au Canada gr\u00e2ce \u00e0 la collaboration, \u00e0 la repr\u00e9sentation, au leadership et \u00e0 l&rsquo;action collective. Au fil de son histoire, l&rsquo;Association a contribu\u00e9 \u00e0 fa\u00e7onner les discussions nationales sur la communication savante, la science ouverte, les infrastructures de recherche, le droit d&rsquo;auteur, la pr\u00e9servation et bien d&rsquo;autres enjeux importants pour la communaut\u00e9 des biblioth\u00e8ques de recherche.<\/p>\n<p>Pour souligner cette \u00e9tape importante, l&rsquo;ABRC partagera une s\u00e9rie d&rsquo;histoires, d&rsquo;images, de souvenirs et de t\u00e9moignages mettant en lumi\u00e8re les personnes, les initiatives et les r\u00e9alisations qui ont marqu\u00e9 l&rsquo;Association au cours des 50 derni\u00e8res ann\u00e9es.<\/p>\n<p>De septembre 2026 \u00e0 janvier 2027, suivez-nous alors que nous revisiterons des moments marquants de l&rsquo;histoire de l&rsquo;ABRC et r\u00e9fl\u00e9chirons au r\u00f4le continu de l&rsquo;Association dans le soutien aux biblioth\u00e8ques de recherche et \u00e0 l&rsquo;\u00e9cosyst\u00e8me de recherche canadien.<\/p>\n<p>Nous vous invitons \u00e0 vous joindre \u00e0 nous pour c\u00e9l\u00e9brer cet important anniversaire.<\/p>\n","protected":false},"excerpt":{"rendered":"<p>1 septembre 2026 &#8211; Septembre 2026 marque le 50e anniversaire de l&rsquo;Association des biblioth\u00e8ques de recherche du Canada (ABRC). Fond\u00e9e en septembre 1976, l&rsquo;ABRC \u0153uvre depuis cinq d\u00e9cennies \u00e0 faire [&hellip;]<\/p>\n","protected":false},"author":131,"featured_media":43141,"comment_status":"closed","ping_status":"closed","sticky":false,"template":"","format":"standard","meta":{"_acf_changed":false,"_EventAllDay":false,"_EventTimezone":"","_EventStartDate":"","_EventEndDate":"","_EventStartDateUTC":"","_EventEndDateUTC":"","_EventShowMap":false,"_EventShowMapLink":false,"_EventURL":"","_EventCost":"","_EventCostDescription":"","_EventCurrencySymbol":"","_EventCurrencyCode":"","_EventCurrencyPosition":"","_EventDateTimeSeparator":"","_EventTimeRangeSeparator":"","_EventOrganizerID":[],"_EventVenueID":[],"_OrganizerEmail":"","_OrganizerPhone":"","_OrganizerWebsite":"","_VenueAddress":"","_VenueCity":"","_VenueCountry":"","_VenueProvince":"","_VenueState":"","_VenueZip":"","_VenuePhone":"","_VenueURL":"","_VenueStateProvince":"","_VenueLat":"","_VenueLng":"","_VenueShowMap":false,"_VenueShowMapLink":false,"footnotes":""},"categories":[278,2],"tags":[],"class_list":["post-43143","post","type-post","status-publish","format-standard","has-post-thumbnail","hentry","category-50e-anniversaire","category-nouvelles"],"acf":[],"yoast_head":"<!-- This site is optimized with the Yoast SEO plugin v28.3 - https:\/\/yoast.com\/product\/yoast-seo-wordpress\/ -->\n<title>L&#039;ABRC a 50 ans : c\u00e9l\u00e9brons cinq d\u00e9cennies de collaboration et de leadership - Association des biblioth\u00e8ques de recherche du Canada<\/title>\n<meta name=\"robots\" content=\"index, follow, max-snippet:-1, max-image-preview:large, max-video-preview:-1\" \/>\n<link rel=\"canonical\" href=\"https:\/\/www.carl-abrc.ca\/fr\/nouvelles\/labrc-a-50-ans-celebrons-cinq-decennies-de-collaboration-et-de-leadership\/\" \/>\n<meta property=\"og:locale\" content=\"fr_FR\" \/>\n<meta property=\"og:type\" content=\"article\" \/>\n<meta property=\"og:title\" content=\"L&#039;ABRC a 50 ans : c\u00e9l\u00e9brons cinq d\u00e9cennies de collaboration et de leadership - Association des biblioth\u00e8ques de recherche du Canada\" \/>\n<meta property=\"og:description\" content=\"1 septembre 2026 &#8211; Septembre 2026 marque le 50e anniversaire de l&rsquo;Association des biblioth\u00e8ques de recherche du Canada (ABRC). Fond\u00e9e en septembre 1976, l&rsquo;ABRC \u0153uvre depuis cinq d\u00e9cennies \u00e0 faire [&hellip;]\" \/>\n<meta property=\"og:url\" content=\"https:\/\/www.carl-abrc.ca\/fr\/nouvelles\/labrc-a-50-ans-celebrons-cinq-decennies-de-collaboration-et-de-leadership\/\" \/>\n<meta property=\"og:site_name\" content=\"Association des biblioth\u00e8ques de recherche du Canada\" \/>\n<meta property=\"article:published_time\" content=\"2026-09-01T14:21:44+00:00\" \/>\n<meta property=\"og:image\" content=\"https:\/\/www.carl-abrc.ca\/wp-content\/uploads\/2026\/09\/CARLat50-Website-Featured-Image.jpg\" \/>\n\t<meta property=\"og:image:width\" content=\"1080\" \/>\n\t<meta property=\"og:image:height\" content=\"1080\" \/>\n\t<meta property=\"og:image:type\" content=\"image\/jpeg\" \/>\n<meta name=\"author\" content=\"Taleen Aktorosian\" \/>\n<meta name=\"twitter:label1\" content=\"\u00c9crit par\" \/>\n\t<meta name=\"twitter:data1\" content=\"Taleen Aktorosian\" \/>\n\t<meta name=\"twitter:label2\" content=\"Dur\u00e9e de lecture estim\u00e9e\" \/>\n\t<meta name=\"twitter:data2\" content=\"1 minute\" \/>\n<script type=\"application\/ld+json\" class=\"yoast-schema-graph\">{\"@context\":\"https:\\\/\\\/schema.org\",\"@graph\":[{\"@type\":\"Article\",\"@id\":\"https:\\\/\\\/www.carl-abrc.ca\\\/fr\\\/nouvelles\\\/labrc-a-50-ans-celebrons-cinq-decennies-de-collaboration-et-de-leadership\\\/#article\",\"isPartOf\":{\"@id\":\"https:\\\/\\\/www.carl-abrc.ca\\\/fr\\\/nouvelles\\\/labrc-a-50-ans-celebrons-cinq-decennies-de-collaboration-et-de-leadership\\\/\"},\"author\":{\"name\":\"Taleen Aktorosian\",\"@id\":\"https:\\\/\\\/www.carl-abrc.ca\\\/fr\\\/#\\\/schema\\\/person\\\/0249489ce3cdcef7d6e8d117510a9fb3\"},\"headline\":\"L&rsquo;ABRC a 50 ans : c\u00e9l\u00e9brons cinq d\u00e9cennies de collaboration et de leadership\",\"datePublished\":\"2026-09-01T14:21:44+00:00\",\"mainEntityOfPage\":{\"@id\":\"https:\\\/\\\/www.carl-abrc.ca\\\/fr\\\/nouvelles\\\/labrc-a-50-ans-celebrons-cinq-decennies-de-collaboration-et-de-leadership\\\/\"},\"wordCount\":213,\"publisher\":{\"@id\":\"https:\\\/\\\/www.carl-abrc.ca\\\/fr\\\/#organization\"},\"image\":{\"@id\":\"https:\\\/\\\/www.carl-abrc.ca\\\/fr\\\/nouvelles\\\/labrc-a-50-ans-celebrons-cinq-decennies-de-collaboration-et-de-leadership\\\/#primaryimage\"},\"thumbnailUrl\":\"https:\\\/\\\/www.carl-abrc.ca\\\/wp-content\\\/uploads\\\/2026\\\/09\\\/CARLat50-Website-Featured-Image.jpg\",\"articleSection\":[\"50e anniversaire\",\"Nouvelles\"],\"inLanguage\":\"fr-FR\"},{\"@type\":\"WebPage\",\"@id\":\"https:\\\/\\\/www.carl-abrc.ca\\\/fr\\\/nouvelles\\\/labrc-a-50-ans-celebrons-cinq-decennies-de-collaboration-et-de-leadership\\\/\",\"url\":\"https:\\\/\\\/www.carl-abrc.ca\\\/fr\\\/nouvelles\\\/labrc-a-50-ans-celebrons-cinq-decennies-de-collaboration-et-de-leadership\\\/\",\"name\":\"L'ABRC a 50 ans : c\u00e9l\u00e9brons cinq d\u00e9cennies de collaboration et de leadership - Association des biblioth\u00e8ques de recherche du Canada\",\"isPartOf\":{\"@id\":\"https:\\\/\\\/www.carl-abrc.ca\\\/fr\\\/#website\"},\"primaryImageOfPage\":{\"@id\":\"https:\\\/\\\/www.carl-abrc.ca\\\/fr\\\/nouvelles\\\/labrc-a-50-ans-celebrons-cinq-decennies-de-collaboration-et-de-leadership\\\/#primaryimage\"},\"image\":{\"@id\":\"https:\\\/\\\/www.carl-abrc.ca\\\/fr\\\/nouvelles\\\/labrc-a-50-ans-celebrons-cinq-decennies-de-collaboration-et-de-leadership\\\/#primaryimage\"},\"thumbnailUrl\":\"https:\\\/\\\/www.carl-abrc.ca\\\/wp-content\\\/uploads\\\/2026\\\/09\\\/CARLat50-Website-Featured-Image.jpg\",\"datePublished\":\"2026-09-01T14:21:44+00:00\",\"breadcrumb\":{\"@id\":\"https:\\\/\\\/www.carl-abrc.ca\\\/fr\\\/nouvelles\\\/labrc-a-50-ans-celebrons-cinq-decennies-de-collaboration-et-de-leadership\\\/#breadcrumb\"},\"inLanguage\":\"fr-FR\",\"potentialAction\":[{\"@type\":\"ReadAction\",\"target\":[\"https:\\\/\\\/www.carl-abrc.ca\\\/fr\\\/nouvelles\\\/labrc-a-50-ans-celebrons-cinq-decennies-de-collaboration-et-de-leadership\\\/\"]}]},{\"@type\":\"ImageObject\",\"inLanguage\":\"fr-FR\",\"@id\":\"https:\\\/\\\/www.carl-abrc.ca\\\/fr\\\/nouvelles\\\/labrc-a-50-ans-celebrons-cinq-decennies-de-collaboration-et-de-leadership\\\/#primaryimage\",\"url\":\"https:\\\/\\\/www.carl-abrc.ca\\\/wp-content\\\/uploads\\\/2026\\\/09\\\/CARLat50-Website-Featured-Image.jpg\",\"contentUrl\":\"https:\\\/\\\/www.carl-abrc.ca\\\/wp-content\\\/uploads\\\/2026\\\/09\\\/CARLat50-Website-Featured-Image.jpg\",\"width\":1080,\"height\":1080},{\"@type\":\"BreadcrumbList\",\"@id\":\"https:\\\/\\\/www.carl-abrc.ca\\\/fr\\\/nouvelles\\\/labrc-a-50-ans-celebrons-cinq-decennies-de-collaboration-et-de-leadership\\\/#breadcrumb\",\"itemListElement\":[{\"@type\":\"ListItem\",\"position\":1,\"name\":\"Accueil\",\"item\":\"https:\\\/\\\/www.carl-abrc.ca\\\/fr\\\/\"},{\"@type\":\"ListItem\",\"position\":2,\"name\":\"L&#8217;ABRC a 50 ans : c\u00e9l\u00e9brons cinq d\u00e9cennies de collaboration et de leadership\"}]},{\"@type\":\"WebSite\",\"@id\":\"https:\\\/\\\/www.carl-abrc.ca\\\/fr\\\/#website\",\"url\":\"https:\\\/\\\/www.carl-abrc.ca\\\/fr\\\/\",\"name\":\"Association des biblioth\u00e8ques de recherche du Canada\",\"description\":\"ABRC\",\"publisher\":{\"@id\":\"https:\\\/\\\/www.carl-abrc.ca\\\/fr\\\/#organization\"},\"potentialAction\":[{\"@type\":\"SearchAction\",\"target\":{\"@type\":\"EntryPoint\",\"urlTemplate\":\"https:\\\/\\\/www.carl-abrc.ca\\\/fr\\\/?s={search_term_string}\"},\"query-input\":{\"@type\":\"PropertyValueSpecification\",\"valueRequired\":true,\"valueName\":\"search_term_string\"}}],\"inLanguage\":\"fr-FR\"},{\"@type\":\"Organization\",\"@id\":\"https:\\\/\\\/www.carl-abrc.ca\\\/fr\\\/#organization\",\"name\":\"Association des biblioth\u00e8ques de recherche du Canada\",\"url\":\"https:\\\/\\\/www.carl-abrc.ca\\\/fr\\\/\",\"logo\":{\"@type\":\"ImageObject\",\"inLanguage\":\"fr-FR\",\"@id\":\"https:\\\/\\\/www.carl-abrc.ca\\\/fr\\\/#\\\/schema\\\/logo\\\/image\\\/\",\"url\":\"https:\\\/\\\/www.carl-abrc.ca\\\/wp-content\\\/uploads\\\/2024\\\/07\\\/cropped-Stacked_Colour_L.png\",\"contentUrl\":\"https:\\\/\\\/www.carl-abrc.ca\\\/wp-content\\\/uploads\\\/2024\\\/07\\\/cropped-Stacked_Colour_L.png\",\"width\":641,\"height\":250,\"caption\":\"Association des biblioth\u00e8ques de recherche du Canada\"},\"image\":{\"@id\":\"https:\\\/\\\/www.carl-abrc.ca\\\/fr\\\/#\\\/schema\\\/logo\\\/image\\\/\"},\"sameAs\":[\"https:\\\/\\\/x.com\\\/carlabrc\"]},{\"@type\":\"Person\",\"@id\":\"https:\\\/\\\/www.carl-abrc.ca\\\/fr\\\/#\\\/schema\\\/person\\\/0249489ce3cdcef7d6e8d117510a9fb3\",\"name\":\"Taleen Aktorosian\",\"image\":{\"@type\":\"ImageObject\",\"inLanguage\":\"fr-FR\",\"@id\":\"https:\\\/\\\/secure.gravatar.com\\\/avatar\\\/a1b9ed12420a3a1e0f083aa2522c618cebd777c8170eaf61dac438cba806f2cc?s=96&d=mm&r=g\",\"url\":\"https:\\\/\\\/secure.gravatar.com\\\/avatar\\\/a1b9ed12420a3a1e0f083aa2522c618cebd777c8170eaf61dac438cba806f2cc?s=96&d=mm&r=g\",\"contentUrl\":\"https:\\\/\\\/secure.gravatar.com\\\/avatar\\\/a1b9ed12420a3a1e0f083aa2522c618cebd777c8170eaf61dac438cba806f2cc?s=96&d=mm&r=g\",\"caption\":\"Taleen Aktorosian\"},\"url\":\"https:\\\/\\\/www.carl-abrc.ca\\\/fr\\\/author\\\/taleen-aktorosian\\\/\"}]}<\/script>\n<!-- \/ Yoast SEO plugin. -->","yoast_head_json":{"title":"L'ABRC a 50 ans : c\u00e9l\u00e9brons cinq d\u00e9cennies de collaboration et de leadership - Association des biblioth\u00e8ques de recherche du Canada","robots":{"index":"index","follow":"follow","max-snippet":"max-snippet:-1","max-image-preview":"max-image-preview:large","max-video-preview":"max-video-preview:-1"},"canonical":"https:\/\/www.carl-abrc.ca\/fr\/nouvelles\/labrc-a-50-ans-celebrons-cinq-decennies-de-collaboration-et-de-leadership\/","og_locale":"fr_FR","og_type":"article","og_title":"L'ABRC a 50 ans : c\u00e9l\u00e9brons cinq d\u00e9cennies de collaboration et de leadership - Association des biblioth\u00e8ques de recherche du Canada","og_description":"1 septembre 2026 &#8211; Septembre 2026 marque le 50e anniversaire de l&rsquo;Association des biblioth\u00e8ques de recherche du Canada (ABRC). Fond\u00e9e en septembre 1976, l&rsquo;ABRC \u0153uvre depuis cinq d\u00e9cennies \u00e0 faire [&hellip;]","og_url":"https:\/\/www.carl-abrc.ca\/fr\/nouvelles\/labrc-a-50-ans-celebrons-cinq-decennies-de-collaboration-et-de-leadership\/","og_site_name":"Association des biblioth\u00e8ques de recherche du Canada","article_published_time":"2026-09-01T14:21:44+00:00","og_image":[{"width":1080,"height":1080,"url":"https:\/\/www.carl-abrc.ca\/wp-content\/uploads\/2026\/09\/CARLat50-Website-Featured-Image.jpg","type":"image\/jpeg"}],"author":"Taleen Aktorosian","twitter_misc":{"\u00c9crit par":"Taleen Aktorosian","Dur\u00e9e de lecture estim\u00e9e":"1 minute"},"schema":{"@context":"https:\/\/schema.org","@graph":[{"@type":"Article","@id":"https:\/\/www.carl-abrc.ca\/fr\/nouvelles\/labrc-a-50-ans-celebrons-cinq-decennies-de-collaboration-et-de-leadership\/#article","isPartOf":{"@id":"https:\/\/www.carl-abrc.ca\/fr\/nouvelles\/labrc-a-50-ans-celebrons-cinq-decennies-de-collaboration-et-de-leadership\/"},"author":{"name":"Taleen Aktorosian","@id":"https:\/\/www.carl-abrc.ca\/fr\/#\/schema\/person\/0249489ce3cdcef7d6e8d117510a9fb3"},"headline":"L&rsquo;ABRC a 50 ans : c\u00e9l\u00e9brons cinq d\u00e9cennies de collaboration et de leadership","datePublished":"2026-09-01T14:21:44+00:00","mainEntityOfPage":{"@id":"https:\/\/www.carl-abrc.ca\/fr\/nouvelles\/labrc-a-50-ans-celebrons-cinq-decennies-de-collaboration-et-de-leadership\/"},"wordCount":213,"publisher":{"@id":"https:\/\/www.carl-abrc.ca\/fr\/#organization"},"image":{"@id":"https:\/\/www.carl-abrc.ca\/fr\/nouvelles\/labrc-a-50-ans-celebrons-cinq-decennies-de-collaboration-et-de-leadership\/#primaryimage"},"thumbnailUrl":"https:\/\/www.carl-abrc.ca\/wp-content\/uploads\/2026\/09\/CARLat50-Website-Featured-Image.jpg","articleSection":["50e anniversaire","Nouvelles"],"inLanguage":"fr-FR"},{"@type":"WebPage","@id":"https:\/\/www.carl-abrc.ca\/fr\/nouvelles\/labrc-a-50-ans-celebrons-cinq-decennies-de-collaboration-et-de-leadership\/","url":"https:\/\/www.carl-abrc.ca\/fr\/nouvelles\/labrc-a-50-ans-celebrons-cinq-decennies-de-collaboration-et-de-leadership\/","name":"L'ABRC a 50 ans : c\u00e9l\u00e9brons cinq d\u00e9cennies de collaboration et de leadership - Association des biblioth\u00e8ques de recherche du Canada","isPartOf":{"@id":"https:\/\/www.carl-abrc.ca\/fr\/#website"},"primaryImageOfPage":{"@id":"https:\/\/www.carl-abrc.ca\/fr\/nouvelles\/labrc-a-50-ans-celebrons-cinq-decennies-de-collaboration-et-de-leadership\/#primaryimage"},"image":{"@id":"https:\/\/www.carl-abrc.ca\/fr\/nouvelles\/labrc-a-50-ans-celebrons-cinq-decennies-de-collaboration-et-de-leadership\/#primaryimage"},"thumbnailUrl":"https:\/\/www.carl-abrc.ca\/wp-content\/uploads\/2026\/09\/CARLat50-Website-Featured-Image.jpg","datePublished":"2026-09-01T14:21:44+00:00","breadcrumb":{"@id":"https:\/\/www.carl-abrc.ca\/fr\/nouvelles\/labrc-a-50-ans-celebrons-cinq-decennies-de-collaboration-et-de-leadership\/#breadcrumb"},"inLanguage":"fr-FR","potentialAction":[{"@type":"ReadAction","target":["https:\/\/www.carl-abrc.ca\/fr\/nouvelles\/labrc-a-50-ans-celebrons-cinq-decennies-de-collaboration-et-de-leadership\/"]}]},{"@type":"ImageObject","inLanguage":"fr-FR","@id":"https:\/\/www.carl-abrc.ca\/fr\/nouvelles\/labrc-a-50-ans-celebrons-cinq-decennies-de-collaboration-et-de-leadership\/#primaryimage","url":"https:\/\/www.carl-abrc.ca\/wp-content\/uploads\/2026\/09\/CARLat50-Website-Featured-Image.jpg","contentUrl":"https:\/\/www.carl-abrc.ca\/wp-content\/uploads\/2026\/09\/CARLat50-Website-Featured-Image.jpg","width":1080,"height":1080},{"@type":"BreadcrumbList","@id":"https:\/\/www.carl-abrc.ca\/fr\/nouvelles\/labrc-a-50-ans-celebrons-cinq-decennies-de-collaboration-et-de-leadership\/#breadcrumb","itemListElement":[{"@type":"ListItem","position":1,"name":"Accueil","item":"https:\/\/www.carl-abrc.ca\/fr\/"},{"@type":"ListItem","position":2,"name":"L&#8217;ABRC a 50 ans : c\u00e9l\u00e9brons cinq d\u00e9cennies de collaboration et de leadership"}]},{"@type":"WebSite","@id":"https:\/\/www.carl-abrc.ca\/fr\/#website","url":"https:\/\/www.carl-abrc.ca\/fr\/","name":"Association des biblioth\u00e8ques de recherche du Canada","description":"ABRC","publisher":{"@id":"https:\/\/www.carl-abrc.ca\/fr\/#organization"},"potentialAction":[{"@type":"SearchAction","target":{"@type":"EntryPoint","urlTemplate":"https:\/\/www.carl-abrc.ca\/fr\/?s={search_term_string}"},"query-input":{"@type":"PropertyValueSpecification","valueRequired":true,"valueName":"search_term_string"}}],"inLanguage":"fr-FR"},{"@type":"Organization","@id":"https:\/\/www.carl-abrc.ca\/fr\/#organization","name":"Association des biblioth\u00e8ques de recherche du Canada","url":"https:\/\/www.carl-abrc.ca\/fr\/","logo":{"@type":"ImageObject","inLanguage":"fr-FR","@id":"https:\/\/www.carl-abrc.ca\/fr\/#\/schema\/logo\/image\/","url":"https:\/\/www.carl-abrc.ca\/wp-content\/uploads\/2024\/07\/cropped-Stacked_Colour_L.png","contentUrl":"https:\/\/www.carl-abrc.ca\/wp-content\/uploads\/2024\/07\/cropped-Stacked_Colour_L.png","width":641,"height":250,"caption":"Association des biblioth\u00e8ques de recherche du Canada"},"image":{"@id":"https:\/\/www.carl-abrc.ca\/fr\/#\/schema\/logo\/image\/"},"sameAs":["https:\/\/x.com\/carlabrc"]},{"@type":"Person","@id":"https:\/\/www.carl-abrc.ca\/fr\/#\/schema\/person\/0249489ce3cdcef7d6e8d117510a9fb3","name":"Taleen Aktorosian","image":{"@type":"ImageObject","inLanguage":"fr-FR","@id":"https:\/\/secure.gravatar.com\/avatar\/a1b9ed12420a3a1e0f083aa2522c618cebd777c8170eaf61dac438cba806f2cc?s=96&d=mm&r=g","url":"https:\/\/secure.gravatar.com\/avatar\/a1b9ed12420a3a1e0f083aa2522c618cebd777c8170eaf61dac438cba806f2cc?s=96&d=mm&r=g","contentUrl":"https:\/\/secure.gravatar.com\/avatar\/a1b9ed12420a3a1e0f083aa2522c618cebd777c8170eaf61dac438cba806f2cc?s=96&d=mm&r=g","caption":"Taleen Aktorosian"},"url":"https:\/\/www.carl-abrc.ca\/fr\/author\/taleen-aktorosian\/"}]}},"_links":{"self":[{"href":"https:\/\/www.carl-abrc.ca\/fr\/wp-json\/wp\/v2\/posts\/43143","targetHints":{"allow":["GET"]}}],"collection":[{"href":"https:\/\/www.carl-abrc.ca\/fr\/wp-json\/wp\/v2\/posts"}],"about":[{"href":"https:\/\/www.carl-abrc.ca\/fr\/wp-json\/wp\/v2\/types\/post"}],"author":[{"embeddable":true,"href":"https:\/\/www.carl-abrc.ca\/fr\/wp-json\/wp\/v2\/users\/131"}],"replies":[{"embeddable":true,"href":"https:\/\/www.carl-abrc.ca\/fr\/wp-json\/wp\/v2\/comments?post=43143"}],"version-history":[{"count":1,"href":"https:\/\/www.carl-abrc.ca\/fr\/wp-json\/wp\/v2\/posts\/43143\/revisions"}],"predecessor-version":[{"id":43144,"href":"https:\/\/www.carl-abrc.ca\/fr\/wp-json\/wp\/v2\/posts\/43143\/revisions\/43144"}],"wp:featuredmedia":[{"embeddable":true,"href":"https:\/\/www.carl-abrc.ca\/fr\/wp-json\/wp\/v2\/media\/43141"}],"wp:attachment":[{"href":"https:\/\/www.carl-abrc.ca\/fr\/wp-json\/wp\/v2\/media?parent=43143"}],"wp:term":[{"taxonomy":"category","embeddable":true,"href":"https:\/\/www.carl-abrc.ca\/fr\/wp-json\/wp\/v2\/categories?post=43143"},{"taxonomy":"post_tag","embeddable":true,"href":"https:\/\/www.carl-abrc.ca\/fr\/wp-json\/wp\/v2\/tags?post=43143"}],"curies":[{"name":"wp","href":"https:\/\/api.w.org\/{rel}","templated":true}]}}