{"id":4994,"date":"2017-05-17T19:56:16","date_gmt":"2017-05-17T23:56:16","guid":{"rendered":"http:\/\/www.carl-abrc.ca\/?p=4994\/"},"modified":"2017-05-17T19:56:16","modified_gmt":"2017-05-17T23:56:16","slug":"guy-berthiaume-laureat-du-prix-de-labrc-pour-services-eminents-aux-bibliotheques-de-recherche-2017","status":"publish","type":"post","link":"https:\/\/www.carl-abrc.ca\/fr\/nouvelles\/guy-berthiaume-laureat-du-prix-de-labrc-pour-services-eminents-aux-bibliotheques-de-recherche-2017\/","title":{"rendered":"Guy Berthiaume, laur\u00e9at du Prix de l\u2019ABRC pour services \u00e9minents aux biblioth\u00e8ques de recherche 2017"},"content":{"rendered":"<figure id=\"attachment_4991\" aria-describedby=\"caption-attachment-4991\" style=\"width: 234px\" class=\"wp-caption alignleft\"><a href=\"http:\/\/www.carl-abrc.ca\/wp-content\/uploads\/2017\/05\/GB-Photo.jpg\"><img fetchpriority=\"high\" decoding=\"async\" class=\"size-medium wp-image-4991\" src=\"http:\/\/www.carl-abrc.ca\/wp-content\/uploads\/2017\/05\/GB-Photo-234x300.jpg\" alt=\"\" width=\"234\" height=\"300\" \/><\/a><figcaption id=\"caption-attachment-4991\" class=\"wp-caption-text\">Guy Berthiaume, biblioth\u00e9caire et archiviste du Canada<\/figcaption><\/figure>\n<p><strong>HAMILTON, le 17 mai 2017 <\/strong>\u2013 L\u2019Association des biblioth\u00e8ques de recherche du Canada (ABRC) a aujourd\u2019hui rendu hommage \u00e0 Guy Berthiaume, biblioth\u00e9caire et archiviste du Canada, \u00e0 titre de laur\u00e9at du Prix pour services \u00e9minents aux biblioth\u00e8ques de recherche. Ce prix est d\u00e9cern\u00e9 chaque ann\u00e9e \u00e0 un membre du personnel d\u2019un \u00e9tablissement membre de l\u2019ABRC ayant fait une contribution importante au d\u00e9veloppement des biblioth\u00e8ques de recherche \u00e0 l\u2019\u00e9chelle locale, nationale ou internationale.<\/p>\n<p>M. Berthiaume travaille \u00e0 Biblioth\u00e8que et Archives Canada (BAC) depuis juin 2014 et, malgr\u00e9 ce bref s\u00e9jour \u00e0 BAC, il a eu un impact remarquable et positif sur la notori\u00e9t\u00e9, les collections, les services et le personnel de BAC. Avant d\u2019exercer un r\u00f4le de leadership \u00e0 BAC, M. Berthiaume a occup\u00e9 le poste de pr\u00e9sident-directeur g\u00e9n\u00e9ral de Biblioth\u00e8que et Archives nationales du Qu\u00e9bec de 2009 \u00e0 2014. Ant\u00e9rieurement, il a assum\u00e9 de nombreux r\u00f4les strat\u00e9giques et administratifs de haut niveau au sein du r\u00e9seau universitaire qu\u00e9b\u00e9cois.<\/p>\n<p>\u00ab\u00a0Guy est un chef de file dans le milieu canadien qui sait rassembler la communaut\u00e9, inspirer ses coll\u00e8gues et \u00e9tablir des r\u00e9seaux \u00e0 l\u2019\u00e9chelle nationale et internationale\u00a0\u00bb, explique la nouvelle pr\u00e9sidente de l\u2019ABRC, Donna Bourne-Tyson. Elle affirme \u00e9galement que les biblioth\u00e8ques et les archives canadiennes ont profit\u00e9 de la visibilit\u00e9 accrue, des programmes redynamis\u00e9s et des activit\u00e9s strat\u00e9giques de BAC, ainsi que de la cr\u00e9ation de collections, de la mise en place d\u2019installations et de l\u2019\u00e9laboration de services de renomm\u00e9e mondiale et de calibre sup\u00e9rieur \u00e0 tout ce qui avait \u00e9t\u00e9 envisag\u00e9 auparavant.<\/p>\n<p>M. Berthiaume est actuellement pr\u00e9sident de la Section des biblioth\u00e8ques nationales de la F\u00e9d\u00e9ration internationale des associations de biblioth\u00e9caires et des biblioth\u00e8ques (IFLA). De 2010 \u00e0 2014, il a servi comme secr\u00e9taire g\u00e9n\u00e9ral du R\u00e9seau francophone num\u00e9rique, et il continue d\u2019en \u00eatre un membre actif. M. Berthiaume contribue \u00e9galement aux travaux du Conseil international des archives en servant comme membre de la Commission d\u2019\u00e9valuation. L\u2019une de ses priorit\u00e9s est d\u2019accro\u00eetre la collaboration entre BAC et les institutions de m\u00e9moire canadiennes en mettant sur pied un forum des intervenants et en favorisant le dialogue sur la coop\u00e9ration entre les galeries, les biblioth\u00e8ques, les archives et les mus\u00e9es. Il est Chevalier de l\u2019Ordre des Palmes acad\u00e9miques de la R\u00e9publique fran\u00e7aise depuis 2005 et il a agi comme mentor de la Fondation Pierre-Elliot Trudeau en 2010 et 2011. En novembre 2012, l\u2019Universit\u00e9 Jean Monnet \u00e0 Saint-\u00c9tienne (France), lui a conf\u00e9r\u00e9 le grade de docteur honoris causa et en d\u00e9cembre de la m\u00eame ann\u00e9e, il a re\u00e7u la M\u00e9daille du jubil\u00e9 de diamant de la reine Elizabeth II.<\/p>\n<p>En reconnaissance de ses nombreuses contributions, l\u2019ABRC se r\u00e9jouit de remettre \u00e0 Guy Berthiaume le Prix de l\u2019ABRC pour services \u00e9minents aux biblioth\u00e8ques de recherche 2017.<\/p>\n<p>L\u2019Association des biblioth\u00e8ques de recherche du Canada est le chef de file de la communaut\u00e9 des biblioth\u00e8ques de recherche du Canada. L\u2019ABRC compte parmi ses membres les 29 grandes biblioth\u00e8ques de recherche universitaire du Canada, de m\u00eame que Biblioth\u00e8que et Archives Canada et la Biblioth\u00e8que scientifique nationale du Canada. L\u2019ABRC assure un leadership au nom des biblioth\u00e8ques de recherche du Canada et am\u00e9liore la capacit\u00e9 \u00e0 faire avancer la recherche et l\u2019enseignement sup\u00e9rieur. Elle favorise l\u2019efficacit\u00e9 et la p\u00e9rennit\u00e9 de la cr\u00e9ation, de la diffusion et de la pr\u00e9servation de connaissances, ainsi que la mise en \u0153uvre de politiques publiques qui permettent un vaste acc\u00e8s \u00e0 l\u2019information savante.<\/p>\n<p style=\"text-align: center;\">&#8211; 30 &#8211;<\/p>\n<p>Pour en savoir plus, communiquez avec\u00a0:<br \/>\nSusan Haigh,\u00a0directrice g\u00e9n\u00e9rale<br \/>\nsusan.haigh@carl-abrc.ca<br \/>\n613-482-9344, poste\u00a0101<\/p>\n<p>Le Prix est g\u00e9n\u00e9reusement commandit\u00e9 par :<\/p>\n<p><a href=\"http:\/\/www.carl-abrc.ca\/wp-content\/uploads\/2017\/05\/proquest.png\"><img decoding=\"async\" class=\"alignnone wp-image-4995\" src=\"http:\/\/www.carl-abrc.ca\/wp-content\/uploads\/2017\/05\/proquest.png\" alt=\"\" width=\"248\" height=\"100\" \/><\/a><\/p>\n","protected":false},"excerpt":{"rendered":"<p>HAMILTON, le 17 mai 2017 \u2013 L\u2019Association des biblioth\u00e8ques de recherche du Canada (ABRC) a aujourd\u2019hui rendu hommage \u00e0 Guy Berthiaume, biblioth\u00e9caire et archiviste du Canada, \u00e0 titre de laur\u00e9at [&hellip;]<\/p>\n","protected":false},"author":63,"featured_media":0,"comment_status":"closed","ping_status":"open","sticky":false,"template":"","format":"standard","meta":{"_acf_changed":false,"_EventAllDay":false,"_EventTimezone":"","_EventStartDate":"","_EventEndDate":"","_EventStartDateUTC":"","_EventEndDateUTC":"","_EventShowMap":false,"_EventShowMapLink":false,"_EventURL":"","_EventCost":"","_EventCostDescription":"","_EventCurrencySymbol":"","_EventCurrencyCode":"","_EventCurrencyPosition":"","_EventDateTimeSeparator":"","_EventTimeRangeSeparator":"","_EventOrganizerID":[],"_EventVenueID":[],"_OrganizerEmail":"","_OrganizerPhone":"","_OrganizerWebsite":"","_VenueAddress":"","_VenueCity":"","_VenueCountry":"","_VenueProvince":"","_VenueState":"","_VenueZip":"","_VenuePhone":"","_VenueURL":"","_VenueStateProvince":"","_VenueLat":"","_VenueLng":"","_VenueShowMap":false,"_VenueShowMapLink":false,"footnotes":""},"categories":[2],"tags":[],"class_list":["post-4994","post","type-post","status-publish","format-standard","hentry","category-nouvelles"],"acf":[],"yoast_head":"<!-- This site is optimized with the Yoast SEO plugin v27.5 - https:\/\/yoast.com\/product\/yoast-seo-wordpress\/ -->\n<title>Guy Berthiaume, laur\u00e9at du Prix de l\u2019ABRC pour services \u00e9minents aux biblioth\u00e8ques de recherche 2017 - Association des biblioth\u00e8ques de recherche du Canada<\/title>\n<meta name=\"robots\" content=\"index, follow, max-snippet:-1, max-image-preview:large, max-video-preview:-1\" \/>\n<link rel=\"canonical\" href=\"https:\/\/www.carl-abrc.ca\/fr\/nouvelles\/guy-berthiaume-laureat-du-prix-de-labrc-pour-services-eminents-aux-bibliotheques-de-recherche-2017\/\" \/>\n<meta property=\"og:locale\" content=\"fr_FR\" \/>\n<meta property=\"og:type\" content=\"article\" \/>\n<meta property=\"og:title\" content=\"Guy Berthiaume, laur\u00e9at du Prix de l\u2019ABRC pour services \u00e9minents aux biblioth\u00e8ques de recherche 2017 - Association des biblioth\u00e8ques de recherche du Canada\" \/>\n<meta property=\"og:description\" content=\"HAMILTON, le 17 mai 2017 \u2013 L\u2019Association des biblioth\u00e8ques de recherche du Canada (ABRC) a aujourd\u2019hui rendu hommage \u00e0 Guy Berthiaume, biblioth\u00e9caire et archiviste du Canada, \u00e0 titre de laur\u00e9at [&hellip;]\" \/>\n<meta property=\"og:url\" content=\"https:\/\/www.carl-abrc.ca\/fr\/nouvelles\/guy-berthiaume-laureat-du-prix-de-labrc-pour-services-eminents-aux-bibliotheques-de-recherche-2017\/\" \/>\n<meta property=\"og:site_name\" content=\"Association des biblioth\u00e8ques de recherche du Canada\" \/>\n<meta property=\"article:published_time\" content=\"2017-05-17T23:56:16+00:00\" \/>\n<meta property=\"og:image\" content=\"http:\/\/www.carl-abrc.ca\/wp-content\/uploads\/2017\/05\/GB-Photo-234x300.jpg\" \/>\n<meta name=\"author\" content=\"Julie Morin\" \/>\n<meta name=\"twitter:label1\" content=\"\u00c9crit par\" \/>\n\t<meta name=\"twitter:data1\" content=\"Julie Morin\" \/>\n\t<meta name=\"twitter:label2\" content=\"Dur\u00e9e de lecture estim\u00e9e\" \/>\n\t<meta name=\"twitter:data2\" content=\"3 minutes\" \/>\n<script type=\"application\/ld+json\" class=\"yoast-schema-graph\">{\"@context\":\"https:\\\/\\\/schema.org\",\"@graph\":[{\"@type\":\"Article\",\"@id\":\"https:\\\/\\\/www.carl-abrc.ca\\\/fr\\\/nouvelles\\\/guy-berthiaume-laureat-du-prix-de-labrc-pour-services-eminents-aux-bibliotheques-de-recherche-2017\\\/#article\",\"isPartOf\":{\"@id\":\"https:\\\/\\\/www.carl-abrc.ca\\\/fr\\\/nouvelles\\\/guy-berthiaume-laureat-du-prix-de-labrc-pour-services-eminents-aux-bibliotheques-de-recherche-2017\\\/\"},\"author\":{\"name\":\"Julie Morin\",\"@id\":\"https:\\\/\\\/www.carl-abrc.ca\\\/fr\\\/#\\\/schema\\\/person\\\/d9b6bfb73c89f6e9eafbd338013764ed\"},\"headline\":\"Guy Berthiaume, laur\u00e9at du Prix de l\u2019ABRC pour services \u00e9minents aux biblioth\u00e8ques de recherche 2017\",\"datePublished\":\"2017-05-17T23:56:16+00:00\",\"mainEntityOfPage\":{\"@id\":\"https:\\\/\\\/www.carl-abrc.ca\\\/fr\\\/nouvelles\\\/guy-berthiaume-laureat-du-prix-de-labrc-pour-services-eminents-aux-bibliotheques-de-recherche-2017\\\/\"},\"wordCount\":690,\"publisher\":{\"@id\":\"https:\\\/\\\/www.carl-abrc.ca\\\/fr\\\/#organization\"},\"image\":{\"@id\":\"https:\\\/\\\/www.carl-abrc.ca\\\/fr\\\/nouvelles\\\/guy-berthiaume-laureat-du-prix-de-labrc-pour-services-eminents-aux-bibliotheques-de-recherche-2017\\\/#primaryimage\"},\"thumbnailUrl\":\"http:\\\/\\\/www.carl-abrc.ca\\\/wp-content\\\/uploads\\\/2017\\\/05\\\/GB-Photo-234x300.jpg\",\"articleSection\":[\"Nouvelles\"],\"inLanguage\":\"fr-FR\"},{\"@type\":\"WebPage\",\"@id\":\"https:\\\/\\\/www.carl-abrc.ca\\\/fr\\\/nouvelles\\\/guy-berthiaume-laureat-du-prix-de-labrc-pour-services-eminents-aux-bibliotheques-de-recherche-2017\\\/\",\"url\":\"https:\\\/\\\/www.carl-abrc.ca\\\/fr\\\/nouvelles\\\/guy-berthiaume-laureat-du-prix-de-labrc-pour-services-eminents-aux-bibliotheques-de-recherche-2017\\\/\",\"name\":\"Guy Berthiaume, laur\u00e9at du Prix de l\u2019ABRC pour services \u00e9minents aux biblioth\u00e8ques de recherche 2017 - Association des biblioth\u00e8ques de recherche du Canada\",\"isPartOf\":{\"@id\":\"https:\\\/\\\/www.carl-abrc.ca\\\/fr\\\/#website\"},\"primaryImageOfPage\":{\"@id\":\"https:\\\/\\\/www.carl-abrc.ca\\\/fr\\\/nouvelles\\\/guy-berthiaume-laureat-du-prix-de-labrc-pour-services-eminents-aux-bibliotheques-de-recherche-2017\\\/#primaryimage\"},\"image\":{\"@id\":\"https:\\\/\\\/www.carl-abrc.ca\\\/fr\\\/nouvelles\\\/guy-berthiaume-laureat-du-prix-de-labrc-pour-services-eminents-aux-bibliotheques-de-recherche-2017\\\/#primaryimage\"},\"thumbnailUrl\":\"http:\\\/\\\/www.carl-abrc.ca\\\/wp-content\\\/uploads\\\/2017\\\/05\\\/GB-Photo-234x300.jpg\",\"datePublished\":\"2017-05-17T23:56:16+00:00\",\"breadcrumb\":{\"@id\":\"https:\\\/\\\/www.carl-abrc.ca\\\/fr\\\/nouvelles\\\/guy-berthiaume-laureat-du-prix-de-labrc-pour-services-eminents-aux-bibliotheques-de-recherche-2017\\\/#breadcrumb\"},\"inLanguage\":\"fr-FR\",\"potentialAction\":[{\"@type\":\"ReadAction\",\"target\":[\"https:\\\/\\\/www.carl-abrc.ca\\\/fr\\\/nouvelles\\\/guy-berthiaume-laureat-du-prix-de-labrc-pour-services-eminents-aux-bibliotheques-de-recherche-2017\\\/\"]}]},{\"@type\":\"ImageObject\",\"inLanguage\":\"fr-FR\",\"@id\":\"https:\\\/\\\/www.carl-abrc.ca\\\/fr\\\/nouvelles\\\/guy-berthiaume-laureat-du-prix-de-labrc-pour-services-eminents-aux-bibliotheques-de-recherche-2017\\\/#primaryimage\",\"url\":\"http:\\\/\\\/www.carl-abrc.ca\\\/wp-content\\\/uploads\\\/2017\\\/05\\\/GB-Photo-234x300.jpg\",\"contentUrl\":\"http:\\\/\\\/www.carl-abrc.ca\\\/wp-content\\\/uploads\\\/2017\\\/05\\\/GB-Photo-234x300.jpg\"},{\"@type\":\"BreadcrumbList\",\"@id\":\"https:\\\/\\\/www.carl-abrc.ca\\\/fr\\\/nouvelles\\\/guy-berthiaume-laureat-du-prix-de-labrc-pour-services-eminents-aux-bibliotheques-de-recherche-2017\\\/#breadcrumb\",\"itemListElement\":[{\"@type\":\"ListItem\",\"position\":1,\"name\":\"Accueil\",\"item\":\"https:\\\/\\\/www.carl-abrc.ca\\\/fr\\\/home-3\\\/\"},{\"@type\":\"ListItem\",\"position\":2,\"name\":\"Guy Berthiaume, laur\u00e9at du Prix de l\u2019ABRC pour services \u00e9minents aux biblioth\u00e8ques de recherche 2017\"}]},{\"@type\":\"WebSite\",\"@id\":\"https:\\\/\\\/www.carl-abrc.ca\\\/fr\\\/#website\",\"url\":\"https:\\\/\\\/www.carl-abrc.ca\\\/fr\\\/\",\"name\":\"Association des biblioth\u00e8ques de recherche du Canada\",\"description\":\"ABRC\",\"publisher\":{\"@id\":\"https:\\\/\\\/www.carl-abrc.ca\\\/fr\\\/#organization\"},\"potentialAction\":[{\"@type\":\"SearchAction\",\"target\":{\"@type\":\"EntryPoint\",\"urlTemplate\":\"https:\\\/\\\/www.carl-abrc.ca\\\/fr\\\/?s={search_term_string}\"},\"query-input\":{\"@type\":\"PropertyValueSpecification\",\"valueRequired\":true,\"valueName\":\"search_term_string\"}}],\"inLanguage\":\"fr-FR\"},{\"@type\":\"Organization\",\"@id\":\"https:\\\/\\\/www.carl-abrc.ca\\\/fr\\\/#organization\",\"name\":\"Association des biblioth\u00e8ques de recherche du Canada\",\"url\":\"https:\\\/\\\/www.carl-abrc.ca\\\/fr\\\/\",\"logo\":{\"@type\":\"ImageObject\",\"inLanguage\":\"fr-FR\",\"@id\":\"https:\\\/\\\/www.carl-abrc.ca\\\/fr\\\/#\\\/schema\\\/logo\\\/image\\\/\",\"url\":\"https:\\\/\\\/www.carl-abrc.ca\\\/wp-content\\\/uploads\\\/2024\\\/07\\\/cropped-Stacked_Colour_L.png\",\"contentUrl\":\"https:\\\/\\\/www.carl-abrc.ca\\\/wp-content\\\/uploads\\\/2024\\\/07\\\/cropped-Stacked_Colour_L.png\",\"width\":641,\"height\":250,\"caption\":\"Association des biblioth\u00e8ques de recherche du Canada\"},\"image\":{\"@id\":\"https:\\\/\\\/www.carl-abrc.ca\\\/fr\\\/#\\\/schema\\\/logo\\\/image\\\/\"},\"sameAs\":[\"https:\\\/\\\/x.com\\\/carlabrc\"]},{\"@type\":\"Person\",\"@id\":\"https:\\\/\\\/www.carl-abrc.ca\\\/fr\\\/#\\\/schema\\\/person\\\/d9b6bfb73c89f6e9eafbd338013764ed\",\"name\":\"Julie Morin\",\"image\":{\"@type\":\"ImageObject\",\"inLanguage\":\"fr-FR\",\"@id\":\"https:\\\/\\\/secure.gravatar.com\\\/avatar\\\/8f563df894a5ea8e4663aea014d75f7ff272a49a318995c22006e48ba2fca63e?s=96&d=mm&r=g\",\"url\":\"https:\\\/\\\/secure.gravatar.com\\\/avatar\\\/8f563df894a5ea8e4663aea014d75f7ff272a49a318995c22006e48ba2fca63e?s=96&d=mm&r=g\",\"contentUrl\":\"https:\\\/\\\/secure.gravatar.com\\\/avatar\\\/8f563df894a5ea8e4663aea014d75f7ff272a49a318995c22006e48ba2fca63e?s=96&d=mm&r=g\",\"caption\":\"Julie Morin\"},\"url\":\"https:\\\/\\\/www.carl-abrc.ca\\\/fr\\\/author\\\/julie\\\/\"}]}<\/script>\n<!-- \/ Yoast SEO plugin. -->","yoast_head_json":{"title":"Guy Berthiaume, laur\u00e9at du Prix de l\u2019ABRC pour services \u00e9minents aux biblioth\u00e8ques de recherche 2017 - Association des biblioth\u00e8ques de recherche du Canada","robots":{"index":"index","follow":"follow","max-snippet":"max-snippet:-1","max-image-preview":"max-image-preview:large","max-video-preview":"max-video-preview:-1"},"canonical":"https:\/\/www.carl-abrc.ca\/fr\/nouvelles\/guy-berthiaume-laureat-du-prix-de-labrc-pour-services-eminents-aux-bibliotheques-de-recherche-2017\/","og_locale":"fr_FR","og_type":"article","og_title":"Guy Berthiaume, laur\u00e9at du Prix de l\u2019ABRC pour services \u00e9minents aux biblioth\u00e8ques de recherche 2017 - Association des biblioth\u00e8ques de recherche du Canada","og_description":"HAMILTON, le 17 mai 2017 \u2013 L\u2019Association des biblioth\u00e8ques de recherche du Canada (ABRC) a aujourd\u2019hui rendu hommage \u00e0 Guy Berthiaume, biblioth\u00e9caire et archiviste du Canada, \u00e0 titre de laur\u00e9at [&hellip;]","og_url":"https:\/\/www.carl-abrc.ca\/fr\/nouvelles\/guy-berthiaume-laureat-du-prix-de-labrc-pour-services-eminents-aux-bibliotheques-de-recherche-2017\/","og_site_name":"Association des biblioth\u00e8ques de recherche du Canada","article_published_time":"2017-05-17T23:56:16+00:00","og_image":[{"url":"http:\/\/www.carl-abrc.ca\/wp-content\/uploads\/2017\/05\/GB-Photo-234x300.jpg","type":"","width":"","height":""}],"author":"Julie Morin","twitter_misc":{"\u00c9crit par":"Julie Morin","Dur\u00e9e de lecture estim\u00e9e":"3 minutes"},"schema":{"@context":"https:\/\/schema.org","@graph":[{"@type":"Article","@id":"https:\/\/www.carl-abrc.ca\/fr\/nouvelles\/guy-berthiaume-laureat-du-prix-de-labrc-pour-services-eminents-aux-bibliotheques-de-recherche-2017\/#article","isPartOf":{"@id":"https:\/\/www.carl-abrc.ca\/fr\/nouvelles\/guy-berthiaume-laureat-du-prix-de-labrc-pour-services-eminents-aux-bibliotheques-de-recherche-2017\/"},"author":{"name":"Julie Morin","@id":"https:\/\/www.carl-abrc.ca\/fr\/#\/schema\/person\/d9b6bfb73c89f6e9eafbd338013764ed"},"headline":"Guy Berthiaume, laur\u00e9at du Prix de l\u2019ABRC pour services \u00e9minents aux biblioth\u00e8ques de recherche 2017","datePublished":"2017-05-17T23:56:16+00:00","mainEntityOfPage":{"@id":"https:\/\/www.carl-abrc.ca\/fr\/nouvelles\/guy-berthiaume-laureat-du-prix-de-labrc-pour-services-eminents-aux-bibliotheques-de-recherche-2017\/"},"wordCount":690,"publisher":{"@id":"https:\/\/www.carl-abrc.ca\/fr\/#organization"},"image":{"@id":"https:\/\/www.carl-abrc.ca\/fr\/nouvelles\/guy-berthiaume-laureat-du-prix-de-labrc-pour-services-eminents-aux-bibliotheques-de-recherche-2017\/#primaryimage"},"thumbnailUrl":"http:\/\/www.carl-abrc.ca\/wp-content\/uploads\/2017\/05\/GB-Photo-234x300.jpg","articleSection":["Nouvelles"],"inLanguage":"fr-FR"},{"@type":"WebPage","@id":"https:\/\/www.carl-abrc.ca\/fr\/nouvelles\/guy-berthiaume-laureat-du-prix-de-labrc-pour-services-eminents-aux-bibliotheques-de-recherche-2017\/","url":"https:\/\/www.carl-abrc.ca\/fr\/nouvelles\/guy-berthiaume-laureat-du-prix-de-labrc-pour-services-eminents-aux-bibliotheques-de-recherche-2017\/","name":"Guy Berthiaume, laur\u00e9at du Prix de l\u2019ABRC pour services \u00e9minents aux biblioth\u00e8ques de recherche 2017 - Association des biblioth\u00e8ques de recherche du Canada","isPartOf":{"@id":"https:\/\/www.carl-abrc.ca\/fr\/#website"},"primaryImageOfPage":{"@id":"https:\/\/www.carl-abrc.ca\/fr\/nouvelles\/guy-berthiaume-laureat-du-prix-de-labrc-pour-services-eminents-aux-bibliotheques-de-recherche-2017\/#primaryimage"},"image":{"@id":"https:\/\/www.carl-abrc.ca\/fr\/nouvelles\/guy-berthiaume-laureat-du-prix-de-labrc-pour-services-eminents-aux-bibliotheques-de-recherche-2017\/#primaryimage"},"thumbnailUrl":"http:\/\/www.carl-abrc.ca\/wp-content\/uploads\/2017\/05\/GB-Photo-234x300.jpg","datePublished":"2017-05-17T23:56:16+00:00","breadcrumb":{"@id":"https:\/\/www.carl-abrc.ca\/fr\/nouvelles\/guy-berthiaume-laureat-du-prix-de-labrc-pour-services-eminents-aux-bibliotheques-de-recherche-2017\/#breadcrumb"},"inLanguage":"fr-FR","potentialAction":[{"@type":"ReadAction","target":["https:\/\/www.carl-abrc.ca\/fr\/nouvelles\/guy-berthiaume-laureat-du-prix-de-labrc-pour-services-eminents-aux-bibliotheques-de-recherche-2017\/"]}]},{"@type":"ImageObject","inLanguage":"fr-FR","@id":"https:\/\/www.carl-abrc.ca\/fr\/nouvelles\/guy-berthiaume-laureat-du-prix-de-labrc-pour-services-eminents-aux-bibliotheques-de-recherche-2017\/#primaryimage","url":"http:\/\/www.carl-abrc.ca\/wp-content\/uploads\/2017\/05\/GB-Photo-234x300.jpg","contentUrl":"http:\/\/www.carl-abrc.ca\/wp-content\/uploads\/2017\/05\/GB-Photo-234x300.jpg"},{"@type":"BreadcrumbList","@id":"https:\/\/www.carl-abrc.ca\/fr\/nouvelles\/guy-berthiaume-laureat-du-prix-de-labrc-pour-services-eminents-aux-bibliotheques-de-recherche-2017\/#breadcrumb","itemListElement":[{"@type":"ListItem","position":1,"name":"Accueil","item":"https:\/\/www.carl-abrc.ca\/fr\/home-3\/"},{"@type":"ListItem","position":2,"name":"Guy Berthiaume, laur\u00e9at du Prix de l\u2019ABRC pour services \u00e9minents aux biblioth\u00e8ques de recherche 2017"}]},{"@type":"WebSite","@id":"https:\/\/www.carl-abrc.ca\/fr\/#website","url":"https:\/\/www.carl-abrc.ca\/fr\/","name":"Association des biblioth\u00e8ques de recherche du Canada","description":"ABRC","publisher":{"@id":"https:\/\/www.carl-abrc.ca\/fr\/#organization"},"potentialAction":[{"@type":"SearchAction","target":{"@type":"EntryPoint","urlTemplate":"https:\/\/www.carl-abrc.ca\/fr\/?s={search_term_string}"},"query-input":{"@type":"PropertyValueSpecification","valueRequired":true,"valueName":"search_term_string"}}],"inLanguage":"fr-FR"},{"@type":"Organization","@id":"https:\/\/www.carl-abrc.ca\/fr\/#organization","name":"Association des biblioth\u00e8ques de recherche du Canada","url":"https:\/\/www.carl-abrc.ca\/fr\/","logo":{"@type":"ImageObject","inLanguage":"fr-FR","@id":"https:\/\/www.carl-abrc.ca\/fr\/#\/schema\/logo\/image\/","url":"https:\/\/www.carl-abrc.ca\/wp-content\/uploads\/2024\/07\/cropped-Stacked_Colour_L.png","contentUrl":"https:\/\/www.carl-abrc.ca\/wp-content\/uploads\/2024\/07\/cropped-Stacked_Colour_L.png","width":641,"height":250,"caption":"Association des biblioth\u00e8ques de recherche du Canada"},"image":{"@id":"https:\/\/www.carl-abrc.ca\/fr\/#\/schema\/logo\/image\/"},"sameAs":["https:\/\/x.com\/carlabrc"]},{"@type":"Person","@id":"https:\/\/www.carl-abrc.ca\/fr\/#\/schema\/person\/d9b6bfb73c89f6e9eafbd338013764ed","name":"Julie Morin","image":{"@type":"ImageObject","inLanguage":"fr-FR","@id":"https:\/\/secure.gravatar.com\/avatar\/8f563df894a5ea8e4663aea014d75f7ff272a49a318995c22006e48ba2fca63e?s=96&d=mm&r=g","url":"https:\/\/secure.gravatar.com\/avatar\/8f563df894a5ea8e4663aea014d75f7ff272a49a318995c22006e48ba2fca63e?s=96&d=mm&r=g","contentUrl":"https:\/\/secure.gravatar.com\/avatar\/8f563df894a5ea8e4663aea014d75f7ff272a49a318995c22006e48ba2fca63e?s=96&d=mm&r=g","caption":"Julie Morin"},"url":"https:\/\/www.carl-abrc.ca\/fr\/author\/julie\/"}]}},"_links":{"self":[{"href":"https:\/\/www.carl-abrc.ca\/fr\/wp-json\/wp\/v2\/posts\/4994","targetHints":{"allow":["GET"]}}],"collection":[{"href":"https:\/\/www.carl-abrc.ca\/fr\/wp-json\/wp\/v2\/posts"}],"about":[{"href":"https:\/\/www.carl-abrc.ca\/fr\/wp-json\/wp\/v2\/types\/post"}],"author":[{"embeddable":true,"href":"https:\/\/www.carl-abrc.ca\/fr\/wp-json\/wp\/v2\/users\/63"}],"replies":[{"embeddable":true,"href":"https:\/\/www.carl-abrc.ca\/fr\/wp-json\/wp\/v2\/comments?post=4994"}],"version-history":[{"count":0,"href":"https:\/\/www.carl-abrc.ca\/fr\/wp-json\/wp\/v2\/posts\/4994\/revisions"}],"wp:attachment":[{"href":"https:\/\/www.carl-abrc.ca\/fr\/wp-json\/wp\/v2\/media?parent=4994"}],"wp:term":[{"taxonomy":"category","embeddable":true,"href":"https:\/\/www.carl-abrc.ca\/fr\/wp-json\/wp\/v2\/categories?post=4994"},{"taxonomy":"post_tag","embeddable":true,"href":"https:\/\/www.carl-abrc.ca\/fr\/wp-json\/wp\/v2\/tags?post=4994"}],"curies":[{"name":"wp","href":"https:\/\/api.w.org\/{rel}","templated":true}]}}