{"id":5336,"date":"2017-07-05T08:25:08","date_gmt":"2017-07-05T12:25:08","guid":{"rendered":"http:\/\/www.carl-abrc.ca\/?p=5336\/"},"modified":"2017-07-05T08:27:11","modified_gmt":"2017-07-05T12:27:11","slug":"subvention-etudiant-2017","status":"publish","type":"post","link":"https:\/\/www.carl-abrc.ca\/fr\/nouvelles\/subvention-etudiant-2017\/","title":{"rendered":"Subvention d\u2019\u00e9tudiant(e) de cycle sup\u00e9rieur 2017 de l\u2019Association des biblioth\u00e8ques de recherche du Canada (ABRC)"},"content":{"rendered":"<p><strong>OTTAWA, 5 juillet 2017 \u2013<\/strong> Le Comit\u00e9 de renforcement de la capacit\u00e9 est heureux d\u2019annoncer le nom des gagnants de la Subvention d\u2019\u00e9tudiant(e) de cycle sup\u00e9rieur pour 2017.<\/p>\n<p>Cette subvention a \u00e9t\u00e9 cr\u00e9\u00e9e pour soutenir les \u00e9tudiants en biblioth\u00e9conomie qui effectuent de la recherche active en lien avec les biblioth\u00e8ques universitaires ou de recherche, en vue d\u2019en publier les r\u00e9sultats et de promouvoir la recherche dans le domaine de la biblioth\u00e9conomie universitaire par des Canadiens ou \u00e0 leur sujet. La subvention de recherche en biblioth\u00e9conomie de l\u2019ABRC vise \u00e0 soutenir des projets faisant appel \u00e0 la recherche structur\u00e9e factuelle qui propose des r\u00e9ponses \u00e0 des probl\u00e8mes concrets.<\/p>\n<p>L\u2019ABRC est tr\u00e8s heureuse d\u2019apporter son soutien \u00e0 Madeline Donnelly (\u00e9tudiante \u00e0 la ma\u00eetrise en biblioth\u00e9conomie et en sciences de l&rsquo;information, Western University) pour son \u00e9tude intitul\u00e9e \u00ab\u00a0Peer review and the scholarly conversation: Shifting towards a culture of transparency\u00a0\u00bb [<em>Examen par les pairs et conversation savante : vers une culture de la transparence<\/em>] et Claire Burrows (candidate au doctorat, biblioth\u00e9conomie et sciences de l\u2019information, Western University) pour \u00ab\u00a0Examining how Canadian academic libraries are currently approaching issues related to accessibility for students with disabilities and how they are being met\u00a0\u00bb [<em>Examen de la fa\u00e7on dont les biblioth\u00e8ques universitaires abordent actuellement les enjeux d\u2019accessibilit\u00e9 touchant les \u00e9tudiants ayant un handicap et de la fa\u00e7on dont ces enjeux sont relev\u00e9s<\/em>].<\/p>\n<p>\u00ab\u00a0L\u2019ann\u00e9e 2017 est la premi\u00e8re o\u00f9 l\u2019ABRC offre la Subvention d\u2019\u00e9tudiant(e) de cycle sup\u00e9rieur\u00a0\u00bb, a d\u00e9clar\u00e9 Vivian Lewis, biblioth\u00e9caire, McMaster University, et pr\u00e9sidente du jury des Subventions de recherche en biblioth\u00e9conomie de l\u2019ABRC. \u00ab\u00a0Nous avons \u00e9t\u00e9 tr\u00e8s impressionn\u00e9s par le nombre et le calibre des demandes de subvention que nous avons re\u00e7ues, et c\u2019est avec plaisir que nous offrirons cette subvention de recherche pendant de nombreuses ann\u00e9es.\u00a0\u00bb<\/p>\n<p>Pour en savoir davantage sur la Subvention d\u2019\u00e9tudiant(e) de cycle sup\u00e9rieur de l\u2019ABRC, consultez le site Web de l\u2019ABRC \u00e0 <a href=\"http:\/\/www.carl-abrc.ca\/fr\/accroitre-la-capacite\/subventions-de-recherche\/\">http:\/\/www.carl-abrc.ca\/fr\/accroitre-la-capacite\/subventions-de-recherche\/<\/a>.<\/p>\n<p>&#8211; 30-<\/p>\n<p>&nbsp;<\/p>\n<p>Les membres de l\u2019ABRC \u2014 l\u2019Association des biblioth\u00e8ques de recherche du Canada \u2014 comprennent les vingt-neuf plus grandes biblioth\u00e8ques universitaires du Canada ainsi que Biblioth\u00e8que et Archives Canada et Gestion du savoir du Conseil national de recherches du Canada. L\u2019am\u00e9lioration de la recherche et de l\u2019enseignement sup\u00e9rieur est au c\u0153ur de sa mission. L\u2019ABRC favorise l\u2019efficacit\u00e9 et la p\u00e9rennit\u00e9 de la communication savante ainsi que la mise en \u0153uvre de politiques publiques permettant un vaste acc\u00e8s \u00e0 l\u2019information savante.<\/p>\n<p>Pour en savoir plus, communiquez avec\u00a0:<\/p>\n<p>Vivian\u00a0Lewis<br \/>\nPr\u00e9sidente, Comit\u00e9 de renforcement de la capacit\u00e9 et biblioth\u00e9caire, McMaster University<br \/>\nlewisvm@mcmaster.ca<br \/>\n613-482-9344, poste 23883<\/p>\n<p>Katherine\u00a0McColgan<br \/>\nDirectrice, Administration et programmes<br \/>\nAssociation des biblioth\u00e8ques de recherche du Canada<br \/>\nKatherine.mccolgan@carl-abrc.ca<br \/>\n613-482-9344, poste 102<\/p>\n","protected":false},"excerpt":{"rendered":"<p>OTTAWA, 5 juillet 2017 \u2013 Le Comit\u00e9 de renforcement de la capacit\u00e9 est heureux d\u2019annoncer le nom des gagnants de la Subvention d\u2019\u00e9tudiant(e) de cycle sup\u00e9rieur pour 2017. Cette subvention [&hellip;]<\/p>\n","protected":false},"author":5,"featured_media":0,"comment_status":"closed","ping_status":"open","sticky":false,"template":"","format":"standard","meta":{"_acf_changed":false,"_EventAllDay":false,"_EventTimezone":"","_EventStartDate":"","_EventEndDate":"","_EventStartDateUTC":"","_EventEndDateUTC":"","_EventShowMap":false,"_EventShowMapLink":false,"_EventURL":"","_EventCost":"","_EventCostDescription":"","_EventCurrencySymbol":"","_EventCurrencyCode":"","_EventCurrencyPosition":"","_EventDateTimeSeparator":"","_EventTimeRangeSeparator":"","_EventOrganizerID":[],"_EventVenueID":[],"_OrganizerEmail":"","_OrganizerPhone":"","_OrganizerWebsite":"","_VenueAddress":"","_VenueCity":"","_VenueCountry":"","_VenueProvince":"","_VenueState":"","_VenueZip":"","_VenuePhone":"","_VenueURL":"","_VenueStateProvince":"","_VenueLat":"","_VenueLng":"","_VenueShowMap":false,"_VenueShowMapLink":false,"footnotes":""},"categories":[2],"tags":[],"class_list":["post-5336","post","type-post","status-publish","format-standard","hentry","category-nouvelles"],"acf":[],"yoast_head":"<!-- This site is optimized with the Yoast SEO plugin v27.5 - https:\/\/yoast.com\/product\/yoast-seo-wordpress\/ -->\n<title>Subvention d\u2019\u00e9tudiant(e) de cycle sup\u00e9rieur 2017 de l\u2019Association des biblioth\u00e8ques de recherche du Canada (ABRC) - Association des biblioth\u00e8ques de recherche du Canada<\/title>\n<meta name=\"robots\" content=\"index, follow, max-snippet:-1, max-image-preview:large, max-video-preview:-1\" \/>\n<link rel=\"canonical\" href=\"https:\/\/www.carl-abrc.ca\/fr\/nouvelles\/subvention-etudiant-2017\/\" \/>\n<meta property=\"og:locale\" content=\"fr_FR\" \/>\n<meta property=\"og:type\" content=\"article\" \/>\n<meta property=\"og:title\" content=\"Subvention d\u2019\u00e9tudiant(e) de cycle sup\u00e9rieur 2017 de l\u2019Association des biblioth\u00e8ques de recherche du Canada (ABRC) - Association des biblioth\u00e8ques de recherche du Canada\" \/>\n<meta property=\"og:description\" content=\"OTTAWA, 5 juillet 2017 \u2013 Le Comit\u00e9 de renforcement de la capacit\u00e9 est heureux d\u2019annoncer le nom des gagnants de la Subvention d\u2019\u00e9tudiant(e) de cycle sup\u00e9rieur pour 2017. Cette subvention [&hellip;]\" \/>\n<meta property=\"og:url\" content=\"https:\/\/www.carl-abrc.ca\/fr\/nouvelles\/subvention-etudiant-2017\/\" \/>\n<meta property=\"og:site_name\" content=\"Association des biblioth\u00e8ques de recherche du Canada\" \/>\n<meta property=\"article:published_time\" content=\"2017-07-05T12:25:08+00:00\" \/>\n<meta property=\"article:modified_time\" content=\"2017-07-05T12:27:11+00:00\" \/>\n<meta name=\"author\" content=\"Katherine McColgan\" \/>\n<meta name=\"twitter:label1\" content=\"\u00c9crit par\" \/>\n\t<meta name=\"twitter:data1\" content=\"Katherine McColgan\" \/>\n\t<meta name=\"twitter:label2\" content=\"Dur\u00e9e de lecture estim\u00e9e\" \/>\n\t<meta name=\"twitter:data2\" content=\"2 minutes\" \/>\n<script type=\"application\/ld+json\" class=\"yoast-schema-graph\">{\"@context\":\"https:\\\/\\\/schema.org\",\"@graph\":[{\"@type\":\"Article\",\"@id\":\"https:\\\/\\\/www.carl-abrc.ca\\\/fr\\\/nouvelles\\\/subvention-etudiant-2017\\\/#article\",\"isPartOf\":{\"@id\":\"https:\\\/\\\/www.carl-abrc.ca\\\/fr\\\/nouvelles\\\/subvention-etudiant-2017\\\/\"},\"author\":{\"name\":\"Katherine McColgan\",\"@id\":\"https:\\\/\\\/www.carl-abrc.ca\\\/fr\\\/#\\\/schema\\\/person\\\/0e28bc352eb584524dabf890f7141390\"},\"headline\":\"Subvention d\u2019\u00e9tudiant(e) de cycle sup\u00e9rieur 2017 de l\u2019Association des biblioth\u00e8ques de recherche du Canada (ABRC)\",\"datePublished\":\"2017-07-05T12:25:08+00:00\",\"dateModified\":\"2017-07-05T12:27:11+00:00\",\"mainEntityOfPage\":{\"@id\":\"https:\\\/\\\/www.carl-abrc.ca\\\/fr\\\/nouvelles\\\/subvention-etudiant-2017\\\/\"},\"wordCount\":517,\"publisher\":{\"@id\":\"https:\\\/\\\/www.carl-abrc.ca\\\/fr\\\/#organization\"},\"articleSection\":[\"Nouvelles\"],\"inLanguage\":\"fr-FR\"},{\"@type\":\"WebPage\",\"@id\":\"https:\\\/\\\/www.carl-abrc.ca\\\/fr\\\/nouvelles\\\/subvention-etudiant-2017\\\/\",\"url\":\"https:\\\/\\\/www.carl-abrc.ca\\\/fr\\\/nouvelles\\\/subvention-etudiant-2017\\\/\",\"name\":\"Subvention d\u2019\u00e9tudiant(e) de cycle sup\u00e9rieur 2017 de l\u2019Association des biblioth\u00e8ques de recherche du Canada (ABRC) - Association des biblioth\u00e8ques de recherche du Canada\",\"isPartOf\":{\"@id\":\"https:\\\/\\\/www.carl-abrc.ca\\\/fr\\\/#website\"},\"datePublished\":\"2017-07-05T12:25:08+00:00\",\"dateModified\":\"2017-07-05T12:27:11+00:00\",\"breadcrumb\":{\"@id\":\"https:\\\/\\\/www.carl-abrc.ca\\\/fr\\\/nouvelles\\\/subvention-etudiant-2017\\\/#breadcrumb\"},\"inLanguage\":\"fr-FR\",\"potentialAction\":[{\"@type\":\"ReadAction\",\"target\":[\"https:\\\/\\\/www.carl-abrc.ca\\\/fr\\\/nouvelles\\\/subvention-etudiant-2017\\\/\"]}]},{\"@type\":\"BreadcrumbList\",\"@id\":\"https:\\\/\\\/www.carl-abrc.ca\\\/fr\\\/nouvelles\\\/subvention-etudiant-2017\\\/#breadcrumb\",\"itemListElement\":[{\"@type\":\"ListItem\",\"position\":1,\"name\":\"Accueil\",\"item\":\"https:\\\/\\\/www.carl-abrc.ca\\\/fr\\\/home-3\\\/\"},{\"@type\":\"ListItem\",\"position\":2,\"name\":\"Subvention d\u2019\u00e9tudiant(e) de cycle sup\u00e9rieur 2017 de l\u2019Association des biblioth\u00e8ques de recherche du Canada (ABRC)\"}]},{\"@type\":\"WebSite\",\"@id\":\"https:\\\/\\\/www.carl-abrc.ca\\\/fr\\\/#website\",\"url\":\"https:\\\/\\\/www.carl-abrc.ca\\\/fr\\\/\",\"name\":\"Association des biblioth\u00e8ques de recherche du Canada\",\"description\":\"ABRC\",\"publisher\":{\"@id\":\"https:\\\/\\\/www.carl-abrc.ca\\\/fr\\\/#organization\"},\"potentialAction\":[{\"@type\":\"SearchAction\",\"target\":{\"@type\":\"EntryPoint\",\"urlTemplate\":\"https:\\\/\\\/www.carl-abrc.ca\\\/fr\\\/?s={search_term_string}\"},\"query-input\":{\"@type\":\"PropertyValueSpecification\",\"valueRequired\":true,\"valueName\":\"search_term_string\"}}],\"inLanguage\":\"fr-FR\"},{\"@type\":\"Organization\",\"@id\":\"https:\\\/\\\/www.carl-abrc.ca\\\/fr\\\/#organization\",\"name\":\"Association des biblioth\u00e8ques de recherche du Canada\",\"url\":\"https:\\\/\\\/www.carl-abrc.ca\\\/fr\\\/\",\"logo\":{\"@type\":\"ImageObject\",\"inLanguage\":\"fr-FR\",\"@id\":\"https:\\\/\\\/www.carl-abrc.ca\\\/fr\\\/#\\\/schema\\\/logo\\\/image\\\/\",\"url\":\"https:\\\/\\\/www.carl-abrc.ca\\\/wp-content\\\/uploads\\\/2024\\\/07\\\/cropped-Stacked_Colour_L.png\",\"contentUrl\":\"https:\\\/\\\/www.carl-abrc.ca\\\/wp-content\\\/uploads\\\/2024\\\/07\\\/cropped-Stacked_Colour_L.png\",\"width\":641,\"height\":250,\"caption\":\"Association des biblioth\u00e8ques de recherche du Canada\"},\"image\":{\"@id\":\"https:\\\/\\\/www.carl-abrc.ca\\\/fr\\\/#\\\/schema\\\/logo\\\/image\\\/\"},\"sameAs\":[\"https:\\\/\\\/x.com\\\/carlabrc\"]},{\"@type\":\"Person\",\"@id\":\"https:\\\/\\\/www.carl-abrc.ca\\\/fr\\\/#\\\/schema\\\/person\\\/0e28bc352eb584524dabf890f7141390\",\"name\":\"Katherine McColgan\",\"image\":{\"@type\":\"ImageObject\",\"inLanguage\":\"fr-FR\",\"@id\":\"https:\\\/\\\/secure.gravatar.com\\\/avatar\\\/9d8770eea9a07ba623ec853aca1456d4292fa99407780727a6fd6eab3c3fc1ef?s=96&d=mm&r=g\",\"url\":\"https:\\\/\\\/secure.gravatar.com\\\/avatar\\\/9d8770eea9a07ba623ec853aca1456d4292fa99407780727a6fd6eab3c3fc1ef?s=96&d=mm&r=g\",\"contentUrl\":\"https:\\\/\\\/secure.gravatar.com\\\/avatar\\\/9d8770eea9a07ba623ec853aca1456d4292fa99407780727a6fd6eab3c3fc1ef?s=96&d=mm&r=g\",\"caption\":\"Katherine McColgan\"},\"url\":\"https:\\\/\\\/www.carl-abrc.ca\\\/fr\\\/author\\\/katherine\\\/\"}]}<\/script>\n<!-- \/ Yoast SEO plugin. -->","yoast_head_json":{"title":"Subvention d\u2019\u00e9tudiant(e) de cycle sup\u00e9rieur 2017 de l\u2019Association des biblioth\u00e8ques de recherche du Canada (ABRC) - Association des biblioth\u00e8ques de recherche du Canada","robots":{"index":"index","follow":"follow","max-snippet":"max-snippet:-1","max-image-preview":"max-image-preview:large","max-video-preview":"max-video-preview:-1"},"canonical":"https:\/\/www.carl-abrc.ca\/fr\/nouvelles\/subvention-etudiant-2017\/","og_locale":"fr_FR","og_type":"article","og_title":"Subvention d\u2019\u00e9tudiant(e) de cycle sup\u00e9rieur 2017 de l\u2019Association des biblioth\u00e8ques de recherche du Canada (ABRC) - Association des biblioth\u00e8ques de recherche du Canada","og_description":"OTTAWA, 5 juillet 2017 \u2013 Le Comit\u00e9 de renforcement de la capacit\u00e9 est heureux d\u2019annoncer le nom des gagnants de la Subvention d\u2019\u00e9tudiant(e) de cycle sup\u00e9rieur pour 2017. Cette subvention [&hellip;]","og_url":"https:\/\/www.carl-abrc.ca\/fr\/nouvelles\/subvention-etudiant-2017\/","og_site_name":"Association des biblioth\u00e8ques de recherche du Canada","article_published_time":"2017-07-05T12:25:08+00:00","article_modified_time":"2017-07-05T12:27:11+00:00","author":"Katherine McColgan","twitter_misc":{"\u00c9crit par":"Katherine McColgan","Dur\u00e9e de lecture estim\u00e9e":"2 minutes"},"schema":{"@context":"https:\/\/schema.org","@graph":[{"@type":"Article","@id":"https:\/\/www.carl-abrc.ca\/fr\/nouvelles\/subvention-etudiant-2017\/#article","isPartOf":{"@id":"https:\/\/www.carl-abrc.ca\/fr\/nouvelles\/subvention-etudiant-2017\/"},"author":{"name":"Katherine McColgan","@id":"https:\/\/www.carl-abrc.ca\/fr\/#\/schema\/person\/0e28bc352eb584524dabf890f7141390"},"headline":"Subvention d\u2019\u00e9tudiant(e) de cycle sup\u00e9rieur 2017 de l\u2019Association des biblioth\u00e8ques de recherche du Canada (ABRC)","datePublished":"2017-07-05T12:25:08+00:00","dateModified":"2017-07-05T12:27:11+00:00","mainEntityOfPage":{"@id":"https:\/\/www.carl-abrc.ca\/fr\/nouvelles\/subvention-etudiant-2017\/"},"wordCount":517,"publisher":{"@id":"https:\/\/www.carl-abrc.ca\/fr\/#organization"},"articleSection":["Nouvelles"],"inLanguage":"fr-FR"},{"@type":"WebPage","@id":"https:\/\/www.carl-abrc.ca\/fr\/nouvelles\/subvention-etudiant-2017\/","url":"https:\/\/www.carl-abrc.ca\/fr\/nouvelles\/subvention-etudiant-2017\/","name":"Subvention d\u2019\u00e9tudiant(e) de cycle sup\u00e9rieur 2017 de l\u2019Association des biblioth\u00e8ques de recherche du Canada (ABRC) - Association des biblioth\u00e8ques de recherche du Canada","isPartOf":{"@id":"https:\/\/www.carl-abrc.ca\/fr\/#website"},"datePublished":"2017-07-05T12:25:08+00:00","dateModified":"2017-07-05T12:27:11+00:00","breadcrumb":{"@id":"https:\/\/www.carl-abrc.ca\/fr\/nouvelles\/subvention-etudiant-2017\/#breadcrumb"},"inLanguage":"fr-FR","potentialAction":[{"@type":"ReadAction","target":["https:\/\/www.carl-abrc.ca\/fr\/nouvelles\/subvention-etudiant-2017\/"]}]},{"@type":"BreadcrumbList","@id":"https:\/\/www.carl-abrc.ca\/fr\/nouvelles\/subvention-etudiant-2017\/#breadcrumb","itemListElement":[{"@type":"ListItem","position":1,"name":"Accueil","item":"https:\/\/www.carl-abrc.ca\/fr\/home-3\/"},{"@type":"ListItem","position":2,"name":"Subvention d\u2019\u00e9tudiant(e) de cycle sup\u00e9rieur 2017 de l\u2019Association des biblioth\u00e8ques de recherche du Canada (ABRC)"}]},{"@type":"WebSite","@id":"https:\/\/www.carl-abrc.ca\/fr\/#website","url":"https:\/\/www.carl-abrc.ca\/fr\/","name":"Association des biblioth\u00e8ques de recherche du Canada","description":"ABRC","publisher":{"@id":"https:\/\/www.carl-abrc.ca\/fr\/#organization"},"potentialAction":[{"@type":"SearchAction","target":{"@type":"EntryPoint","urlTemplate":"https:\/\/www.carl-abrc.ca\/fr\/?s={search_term_string}"},"query-input":{"@type":"PropertyValueSpecification","valueRequired":true,"valueName":"search_term_string"}}],"inLanguage":"fr-FR"},{"@type":"Organization","@id":"https:\/\/www.carl-abrc.ca\/fr\/#organization","name":"Association des biblioth\u00e8ques de recherche du Canada","url":"https:\/\/www.carl-abrc.ca\/fr\/","logo":{"@type":"ImageObject","inLanguage":"fr-FR","@id":"https:\/\/www.carl-abrc.ca\/fr\/#\/schema\/logo\/image\/","url":"https:\/\/www.carl-abrc.ca\/wp-content\/uploads\/2024\/07\/cropped-Stacked_Colour_L.png","contentUrl":"https:\/\/www.carl-abrc.ca\/wp-content\/uploads\/2024\/07\/cropped-Stacked_Colour_L.png","width":641,"height":250,"caption":"Association des biblioth\u00e8ques de recherche du Canada"},"image":{"@id":"https:\/\/www.carl-abrc.ca\/fr\/#\/schema\/logo\/image\/"},"sameAs":["https:\/\/x.com\/carlabrc"]},{"@type":"Person","@id":"https:\/\/www.carl-abrc.ca\/fr\/#\/schema\/person\/0e28bc352eb584524dabf890f7141390","name":"Katherine McColgan","image":{"@type":"ImageObject","inLanguage":"fr-FR","@id":"https:\/\/secure.gravatar.com\/avatar\/9d8770eea9a07ba623ec853aca1456d4292fa99407780727a6fd6eab3c3fc1ef?s=96&d=mm&r=g","url":"https:\/\/secure.gravatar.com\/avatar\/9d8770eea9a07ba623ec853aca1456d4292fa99407780727a6fd6eab3c3fc1ef?s=96&d=mm&r=g","contentUrl":"https:\/\/secure.gravatar.com\/avatar\/9d8770eea9a07ba623ec853aca1456d4292fa99407780727a6fd6eab3c3fc1ef?s=96&d=mm&r=g","caption":"Katherine McColgan"},"url":"https:\/\/www.carl-abrc.ca\/fr\/author\/katherine\/"}]}},"_links":{"self":[{"href":"https:\/\/www.carl-abrc.ca\/fr\/wp-json\/wp\/v2\/posts\/5336","targetHints":{"allow":["GET"]}}],"collection":[{"href":"https:\/\/www.carl-abrc.ca\/fr\/wp-json\/wp\/v2\/posts"}],"about":[{"href":"https:\/\/www.carl-abrc.ca\/fr\/wp-json\/wp\/v2\/types\/post"}],"author":[{"embeddable":true,"href":"https:\/\/www.carl-abrc.ca\/fr\/wp-json\/wp\/v2\/users\/5"}],"replies":[{"embeddable":true,"href":"https:\/\/www.carl-abrc.ca\/fr\/wp-json\/wp\/v2\/comments?post=5336"}],"version-history":[{"count":0,"href":"https:\/\/www.carl-abrc.ca\/fr\/wp-json\/wp\/v2\/posts\/5336\/revisions"}],"wp:attachment":[{"href":"https:\/\/www.carl-abrc.ca\/fr\/wp-json\/wp\/v2\/media?parent=5336"}],"wp:term":[{"taxonomy":"category","embeddable":true,"href":"https:\/\/www.carl-abrc.ca\/fr\/wp-json\/wp\/v2\/categories?post=5336"},{"taxonomy":"post_tag","embeddable":true,"href":"https:\/\/www.carl-abrc.ca\/fr\/wp-json\/wp\/v2\/tags?post=5336"}],"curies":[{"name":"wp","href":"https:\/\/api.w.org\/{rel}","templated":true}]}}