{"id":5483,"date":"2017-08-18T10:50:09","date_gmt":"2017-08-18T14:50:09","guid":{"rendered":"http:\/\/www.carl-abrc.ca\/?p=5483\/"},"modified":"2017-08-24T14:38:06","modified_gmt":"2017-08-24T18:38:06","slug":"annonce-forum-risque-dans-le-nord-2017","status":"publish","type":"post","link":"https:\/\/www.carl-abrc.ca\/fr\/nouvelles\/annonce-forum-risque-dans-le-nord-2017\/","title":{"rendered":"\u00c0 vos agendas: Forum @Risk North \/ Risque dans le nord, 10 novembre 2017 \u00e0 Ottawa"},"content":{"rendered":"<p><strong><a href=\"http:\/\/www.carl-abrc.ca\/fr\/\"><img decoding=\"async\" class=\"alignnone\" src=\"http:\/\/www.carl-abrc.ca\/wp-content\/uploads\/2016\/10\/Stacked_Colour_S.png\" alt=\"CARL-ABRC logo\" width=\"204\" height=\"80\" \/>\u00a0<\/a>\u00a0\u00a0<img decoding=\"async\" class=\"alignnone \" src=\"http:\/\/www.carl-abrc.ca\/wp-content\/uploads\/2017\/08\/LAC_logo2.png\" width=\"300\" \/><\/strong><br \/>\n<a href=\"http:\/\/www.crl.edu\/\"><img decoding=\"async\" class=\"alignnone \" src=\"http:\/\/www.carl-abrc.ca\/wp-content\/uploads\/2017\/08\/crl_logo.png\" alt=\"Center for Research Libraries logo\" width=\"281\" height=\"46\" \/><\/a><\/p>\n<p><strong>Le vendredi 18 ao\u00fbt.<\/strong> &#8212; L&rsquo;Association des biblioth\u00e8ques de recherche du Canada (ABRC), en collaboration avec Biblioth\u00e8que et Archives Canada (BAC) et le Center for Research Libraries (CRL), vous invite \u00e0 participer au forum <strong>@Risk North \/\u00a0Risque dans le Nord<\/strong>\u00a0&#8212; un forum national ouvert qui se tiendra \u00e0 BAC \u00e0 Ottawa le 10 novembre 2017.<\/p>\n<p>Con\u00e7u comme un successeur canadien au forum @Risk tenu \u00e0 Chicago au printemps 2016, ce forum donnera aux participants l&rsquo;occasion de discuter de l&rsquo;\u00e9tat des programmes partag\u00e9s de pr\u00e9servation de ressources imprim\u00e9es au Canada dans un contexte destin\u00e9 \u00e0 pousser ces conversations en cours d&rsquo;action. L&rsquo;ordre du jour comprendra des conf\u00e9renciers d&rsquo;organismes de d\u00e9p\u00f4t partag\u00e9s importants, et les sujets comprendront le statut des initiatives canadiennes de d\u00e9p\u00f4t partag\u00e9 et les possibilit\u00e9s \u00e9mergeant d&rsquo;une solide infrastructure de ressources imprim\u00e9es partag\u00e9e au Canada.<\/p>\n<p>Tous sont invit\u00e9s \u00e0 assister, qu&rsquo;ils soient employ\u00e9s d&rsquo;\u00e9tablissements membres de l&rsquo;ABRC ou non. La journ\u00e9e est con\u00e7ue pour accueillir les directeurs et directrices de biblioth\u00e8ques ainsi que tout autre employ\u00e9 de leurs \u00e9tablissements.\u00a0 Il n&rsquo;y aura pas de frais d&rsquo;inscription pour les directeurs et directrices d\u2019\u00e9tablissements membres de l\u2019ABRC, et les frais d\u2019inscription pour les autres participants seront nominaux.<\/p>\n<p>Pour en savoir plus, communiquez avec\u00a0:<\/p>\n<p><strong>Lise Brin<\/strong><br \/>\nAgente de programme<br \/>\nAssociation des biblioth\u00e8ques de recherche du Canada<br \/>\n<a href=\"mailto:lise.brin@carl-abrc.ca\">lise.brin@carl-abrc.ca<\/a><br \/>\n902-318-4485<\/p>\n","protected":false},"excerpt":{"rendered":"<p>\u00a0\u00a0\u00a0 Le vendredi 18 ao\u00fbt. &#8212; L&rsquo;Association des biblioth\u00e8ques de recherche du Canada (ABRC), en collaboration avec Biblioth\u00e8que et Archives Canada (BAC) et le Center for Research Libraries (CRL), vous [&hellip;]<\/p>\n","protected":false},"author":11,"featured_media":0,"comment_status":"closed","ping_status":"closed","sticky":false,"template":"","format":"standard","meta":{"_acf_changed":false,"_EventAllDay":false,"_EventTimezone":"","_EventStartDate":"","_EventEndDate":"","_EventStartDateUTC":"","_EventEndDateUTC":"","_EventShowMap":false,"_EventShowMapLink":false,"_EventURL":"","_EventCost":"","_EventCostDescription":"","_EventCurrencySymbol":"","_EventCurrencyCode":"","_EventCurrencyPosition":"","_EventDateTimeSeparator":"","_EventTimeRangeSeparator":"","_EventOrganizerID":[],"_EventVenueID":[],"_OrganizerEmail":"","_OrganizerPhone":"","_OrganizerWebsite":"","_VenueAddress":"","_VenueCity":"","_VenueCountry":"","_VenueProvince":"","_VenueState":"","_VenueZip":"","_VenuePhone":"","_VenueURL":"","_VenueStateProvince":"","_VenueLat":"","_VenueLng":"","_VenueShowMap":false,"_VenueShowMapLink":false,"footnotes":""},"categories":[2],"tags":[],"class_list":["post-5483","post","type-post","status-publish","format-standard","hentry","category-nouvelles"],"acf":[],"yoast_head":"<!-- This site is optimized with the Yoast SEO plugin v27.5 - https:\/\/yoast.com\/product\/yoast-seo-wordpress\/ -->\n<title>\u00c0 vos agendas: Forum @Risk North \/ Risque dans le nord, 10 novembre 2017 \u00e0 Ottawa - Association des biblioth\u00e8ques de recherche du Canada<\/title>\n<meta name=\"robots\" content=\"index, follow, max-snippet:-1, max-image-preview:large, max-video-preview:-1\" \/>\n<link rel=\"canonical\" href=\"https:\/\/www.carl-abrc.ca\/fr\/nouvelles\/annonce-forum-risque-dans-le-nord-2017\/\" \/>\n<meta property=\"og:locale\" content=\"fr_FR\" \/>\n<meta property=\"og:type\" content=\"article\" \/>\n<meta property=\"og:title\" content=\"\u00c0 vos agendas: Forum @Risk North \/ Risque dans le nord, 10 novembre 2017 \u00e0 Ottawa - Association des biblioth\u00e8ques de recherche du Canada\" \/>\n<meta property=\"og:description\" content=\"\u00a0\u00a0\u00a0 Le vendredi 18 ao\u00fbt. &#8212; L&rsquo;Association des biblioth\u00e8ques de recherche du Canada (ABRC), en collaboration avec Biblioth\u00e8que et Archives Canada (BAC) et le Center for Research Libraries (CRL), vous [&hellip;]\" \/>\n<meta property=\"og:url\" content=\"https:\/\/www.carl-abrc.ca\/fr\/nouvelles\/annonce-forum-risque-dans-le-nord-2017\/\" \/>\n<meta property=\"og:site_name\" content=\"Association des biblioth\u00e8ques de recherche du Canada\" \/>\n<meta property=\"article:published_time\" content=\"2017-08-18T14:50:09+00:00\" \/>\n<meta property=\"article:modified_time\" content=\"2017-08-24T18:38:06+00:00\" \/>\n<meta property=\"og:image\" content=\"http:\/\/www.carl-abrc.ca\/wp-content\/uploads\/2016\/10\/Stacked_Colour_S.png\" \/>\n<meta name=\"author\" content=\"CARL ABRC\" \/>\n<meta name=\"twitter:label1\" content=\"\u00c9crit par\" \/>\n\t<meta name=\"twitter:data1\" content=\"CARL ABRC\" \/>\n\t<meta name=\"twitter:label2\" content=\"Dur\u00e9e de lecture estim\u00e9e\" \/>\n\t<meta name=\"twitter:data2\" content=\"1 minute\" \/>\n<script type=\"application\/ld+json\" class=\"yoast-schema-graph\">{\"@context\":\"https:\\\/\\\/schema.org\",\"@graph\":[{\"@type\":\"Article\",\"@id\":\"https:\\\/\\\/www.carl-abrc.ca\\\/fr\\\/nouvelles\\\/annonce-forum-risque-dans-le-nord-2017\\\/#article\",\"isPartOf\":{\"@id\":\"https:\\\/\\\/www.carl-abrc.ca\\\/fr\\\/nouvelles\\\/annonce-forum-risque-dans-le-nord-2017\\\/\"},\"author\":{\"name\":\"CARL ABRC\",\"@id\":\"https:\\\/\\\/www.carl-abrc.ca\\\/fr\\\/#\\\/schema\\\/person\\\/98e5fc089af8c90ef31f178793d7f5d1\"},\"headline\":\"\u00c0 vos agendas: Forum @Risk North \\\/ Risque dans le nord, 10 novembre 2017 \u00e0 Ottawa\",\"datePublished\":\"2017-08-18T14:50:09+00:00\",\"dateModified\":\"2017-08-24T18:38:06+00:00\",\"mainEntityOfPage\":{\"@id\":\"https:\\\/\\\/www.carl-abrc.ca\\\/fr\\\/nouvelles\\\/annonce-forum-risque-dans-le-nord-2017\\\/\"},\"wordCount\":259,\"publisher\":{\"@id\":\"https:\\\/\\\/www.carl-abrc.ca\\\/fr\\\/#organization\"},\"image\":{\"@id\":\"https:\\\/\\\/www.carl-abrc.ca\\\/fr\\\/nouvelles\\\/annonce-forum-risque-dans-le-nord-2017\\\/#primaryimage\"},\"thumbnailUrl\":\"http:\\\/\\\/www.carl-abrc.ca\\\/wp-content\\\/uploads\\\/2016\\\/10\\\/Stacked_Colour_S.png\",\"articleSection\":[\"Nouvelles\"],\"inLanguage\":\"fr-FR\"},{\"@type\":\"WebPage\",\"@id\":\"https:\\\/\\\/www.carl-abrc.ca\\\/fr\\\/nouvelles\\\/annonce-forum-risque-dans-le-nord-2017\\\/\",\"url\":\"https:\\\/\\\/www.carl-abrc.ca\\\/fr\\\/nouvelles\\\/annonce-forum-risque-dans-le-nord-2017\\\/\",\"name\":\"\u00c0 vos agendas: Forum @Risk North \\\/ Risque dans le nord, 10 novembre 2017 \u00e0 Ottawa - Association des biblioth\u00e8ques de recherche du Canada\",\"isPartOf\":{\"@id\":\"https:\\\/\\\/www.carl-abrc.ca\\\/fr\\\/#website\"},\"primaryImageOfPage\":{\"@id\":\"https:\\\/\\\/www.carl-abrc.ca\\\/fr\\\/nouvelles\\\/annonce-forum-risque-dans-le-nord-2017\\\/#primaryimage\"},\"image\":{\"@id\":\"https:\\\/\\\/www.carl-abrc.ca\\\/fr\\\/nouvelles\\\/annonce-forum-risque-dans-le-nord-2017\\\/#primaryimage\"},\"thumbnailUrl\":\"http:\\\/\\\/www.carl-abrc.ca\\\/wp-content\\\/uploads\\\/2016\\\/10\\\/Stacked_Colour_S.png\",\"datePublished\":\"2017-08-18T14:50:09+00:00\",\"dateModified\":\"2017-08-24T18:38:06+00:00\",\"breadcrumb\":{\"@id\":\"https:\\\/\\\/www.carl-abrc.ca\\\/fr\\\/nouvelles\\\/annonce-forum-risque-dans-le-nord-2017\\\/#breadcrumb\"},\"inLanguage\":\"fr-FR\",\"potentialAction\":[{\"@type\":\"ReadAction\",\"target\":[\"https:\\\/\\\/www.carl-abrc.ca\\\/fr\\\/nouvelles\\\/annonce-forum-risque-dans-le-nord-2017\\\/\"]}]},{\"@type\":\"ImageObject\",\"inLanguage\":\"fr-FR\",\"@id\":\"https:\\\/\\\/www.carl-abrc.ca\\\/fr\\\/nouvelles\\\/annonce-forum-risque-dans-le-nord-2017\\\/#primaryimage\",\"url\":\"http:\\\/\\\/www.carl-abrc.ca\\\/wp-content\\\/uploads\\\/2016\\\/10\\\/Stacked_Colour_S.png\",\"contentUrl\":\"http:\\\/\\\/www.carl-abrc.ca\\\/wp-content\\\/uploads\\\/2016\\\/10\\\/Stacked_Colour_S.png\"},{\"@type\":\"BreadcrumbList\",\"@id\":\"https:\\\/\\\/www.carl-abrc.ca\\\/fr\\\/nouvelles\\\/annonce-forum-risque-dans-le-nord-2017\\\/#breadcrumb\",\"itemListElement\":[{\"@type\":\"ListItem\",\"position\":1,\"name\":\"Accueil\",\"item\":\"https:\\\/\\\/www.carl-abrc.ca\\\/fr\\\/home-3\\\/\"},{\"@type\":\"ListItem\",\"position\":2,\"name\":\"\u00c0 vos agendas: Forum @Risk North \\\/ Risque dans le nord, 10 novembre 2017 \u00e0 Ottawa\"}]},{\"@type\":\"WebSite\",\"@id\":\"https:\\\/\\\/www.carl-abrc.ca\\\/fr\\\/#website\",\"url\":\"https:\\\/\\\/www.carl-abrc.ca\\\/fr\\\/\",\"name\":\"Association des biblioth\u00e8ques de recherche du Canada\",\"description\":\"ABRC\",\"publisher\":{\"@id\":\"https:\\\/\\\/www.carl-abrc.ca\\\/fr\\\/#organization\"},\"potentialAction\":[{\"@type\":\"SearchAction\",\"target\":{\"@type\":\"EntryPoint\",\"urlTemplate\":\"https:\\\/\\\/www.carl-abrc.ca\\\/fr\\\/?s={search_term_string}\"},\"query-input\":{\"@type\":\"PropertyValueSpecification\",\"valueRequired\":true,\"valueName\":\"search_term_string\"}}],\"inLanguage\":\"fr-FR\"},{\"@type\":\"Organization\",\"@id\":\"https:\\\/\\\/www.carl-abrc.ca\\\/fr\\\/#organization\",\"name\":\"Association des biblioth\u00e8ques de recherche du Canada\",\"url\":\"https:\\\/\\\/www.carl-abrc.ca\\\/fr\\\/\",\"logo\":{\"@type\":\"ImageObject\",\"inLanguage\":\"fr-FR\",\"@id\":\"https:\\\/\\\/www.carl-abrc.ca\\\/fr\\\/#\\\/schema\\\/logo\\\/image\\\/\",\"url\":\"https:\\\/\\\/www.carl-abrc.ca\\\/wp-content\\\/uploads\\\/2024\\\/07\\\/cropped-Stacked_Colour_L.png\",\"contentUrl\":\"https:\\\/\\\/www.carl-abrc.ca\\\/wp-content\\\/uploads\\\/2024\\\/07\\\/cropped-Stacked_Colour_L.png\",\"width\":641,\"height\":250,\"caption\":\"Association des biblioth\u00e8ques de recherche du Canada\"},\"image\":{\"@id\":\"https:\\\/\\\/www.carl-abrc.ca\\\/fr\\\/#\\\/schema\\\/logo\\\/image\\\/\"},\"sameAs\":[\"https:\\\/\\\/x.com\\\/carlabrc\"]},{\"@type\":\"Person\",\"@id\":\"https:\\\/\\\/www.carl-abrc.ca\\\/fr\\\/#\\\/schema\\\/person\\\/98e5fc089af8c90ef31f178793d7f5d1\",\"name\":\"CARL ABRC\",\"image\":{\"@type\":\"ImageObject\",\"inLanguage\":\"fr-FR\",\"@id\":\"https:\\\/\\\/secure.gravatar.com\\\/avatar\\\/c2c9b376bd4002fbd30a8b9425e697c0b60aeef1966421e6ee3f5d8137228c29?s=96&d=mm&r=g\",\"url\":\"https:\\\/\\\/secure.gravatar.com\\\/avatar\\\/c2c9b376bd4002fbd30a8b9425e697c0b60aeef1966421e6ee3f5d8137228c29?s=96&d=mm&r=g\",\"contentUrl\":\"https:\\\/\\\/secure.gravatar.com\\\/avatar\\\/c2c9b376bd4002fbd30a8b9425e697c0b60aeef1966421e6ee3f5d8137228c29?s=96&d=mm&r=g\",\"caption\":\"CARL ABRC\"},\"url\":\"https:\\\/\\\/www.carl-abrc.ca\\\/fr\\\/author\\\/infocarl-abrc-ca\\\/\"}]}<\/script>\n<!-- \/ Yoast SEO plugin. -->","yoast_head_json":{"title":"\u00c0 vos agendas: Forum @Risk North \/ Risque dans le nord, 10 novembre 2017 \u00e0 Ottawa - Association des biblioth\u00e8ques de recherche du Canada","robots":{"index":"index","follow":"follow","max-snippet":"max-snippet:-1","max-image-preview":"max-image-preview:large","max-video-preview":"max-video-preview:-1"},"canonical":"https:\/\/www.carl-abrc.ca\/fr\/nouvelles\/annonce-forum-risque-dans-le-nord-2017\/","og_locale":"fr_FR","og_type":"article","og_title":"\u00c0 vos agendas: Forum @Risk North \/ Risque dans le nord, 10 novembre 2017 \u00e0 Ottawa - Association des biblioth\u00e8ques de recherche du Canada","og_description":"\u00a0\u00a0\u00a0 Le vendredi 18 ao\u00fbt. &#8212; L&rsquo;Association des biblioth\u00e8ques de recherche du Canada (ABRC), en collaboration avec Biblioth\u00e8que et Archives Canada (BAC) et le Center for Research Libraries (CRL), vous [&hellip;]","og_url":"https:\/\/www.carl-abrc.ca\/fr\/nouvelles\/annonce-forum-risque-dans-le-nord-2017\/","og_site_name":"Association des biblioth\u00e8ques de recherche du Canada","article_published_time":"2017-08-18T14:50:09+00:00","article_modified_time":"2017-08-24T18:38:06+00:00","og_image":[{"url":"http:\/\/www.carl-abrc.ca\/wp-content\/uploads\/2016\/10\/Stacked_Colour_S.png","type":"","width":"","height":""}],"author":"CARL ABRC","twitter_misc":{"\u00c9crit par":"CARL ABRC","Dur\u00e9e de lecture estim\u00e9e":"1 minute"},"schema":{"@context":"https:\/\/schema.org","@graph":[{"@type":"Article","@id":"https:\/\/www.carl-abrc.ca\/fr\/nouvelles\/annonce-forum-risque-dans-le-nord-2017\/#article","isPartOf":{"@id":"https:\/\/www.carl-abrc.ca\/fr\/nouvelles\/annonce-forum-risque-dans-le-nord-2017\/"},"author":{"name":"CARL ABRC","@id":"https:\/\/www.carl-abrc.ca\/fr\/#\/schema\/person\/98e5fc089af8c90ef31f178793d7f5d1"},"headline":"\u00c0 vos agendas: Forum @Risk North \/ Risque dans le nord, 10 novembre 2017 \u00e0 Ottawa","datePublished":"2017-08-18T14:50:09+00:00","dateModified":"2017-08-24T18:38:06+00:00","mainEntityOfPage":{"@id":"https:\/\/www.carl-abrc.ca\/fr\/nouvelles\/annonce-forum-risque-dans-le-nord-2017\/"},"wordCount":259,"publisher":{"@id":"https:\/\/www.carl-abrc.ca\/fr\/#organization"},"image":{"@id":"https:\/\/www.carl-abrc.ca\/fr\/nouvelles\/annonce-forum-risque-dans-le-nord-2017\/#primaryimage"},"thumbnailUrl":"http:\/\/www.carl-abrc.ca\/wp-content\/uploads\/2016\/10\/Stacked_Colour_S.png","articleSection":["Nouvelles"],"inLanguage":"fr-FR"},{"@type":"WebPage","@id":"https:\/\/www.carl-abrc.ca\/fr\/nouvelles\/annonce-forum-risque-dans-le-nord-2017\/","url":"https:\/\/www.carl-abrc.ca\/fr\/nouvelles\/annonce-forum-risque-dans-le-nord-2017\/","name":"\u00c0 vos agendas: Forum @Risk North \/ Risque dans le nord, 10 novembre 2017 \u00e0 Ottawa - Association des biblioth\u00e8ques de recherche du Canada","isPartOf":{"@id":"https:\/\/www.carl-abrc.ca\/fr\/#website"},"primaryImageOfPage":{"@id":"https:\/\/www.carl-abrc.ca\/fr\/nouvelles\/annonce-forum-risque-dans-le-nord-2017\/#primaryimage"},"image":{"@id":"https:\/\/www.carl-abrc.ca\/fr\/nouvelles\/annonce-forum-risque-dans-le-nord-2017\/#primaryimage"},"thumbnailUrl":"http:\/\/www.carl-abrc.ca\/wp-content\/uploads\/2016\/10\/Stacked_Colour_S.png","datePublished":"2017-08-18T14:50:09+00:00","dateModified":"2017-08-24T18:38:06+00:00","breadcrumb":{"@id":"https:\/\/www.carl-abrc.ca\/fr\/nouvelles\/annonce-forum-risque-dans-le-nord-2017\/#breadcrumb"},"inLanguage":"fr-FR","potentialAction":[{"@type":"ReadAction","target":["https:\/\/www.carl-abrc.ca\/fr\/nouvelles\/annonce-forum-risque-dans-le-nord-2017\/"]}]},{"@type":"ImageObject","inLanguage":"fr-FR","@id":"https:\/\/www.carl-abrc.ca\/fr\/nouvelles\/annonce-forum-risque-dans-le-nord-2017\/#primaryimage","url":"http:\/\/www.carl-abrc.ca\/wp-content\/uploads\/2016\/10\/Stacked_Colour_S.png","contentUrl":"http:\/\/www.carl-abrc.ca\/wp-content\/uploads\/2016\/10\/Stacked_Colour_S.png"},{"@type":"BreadcrumbList","@id":"https:\/\/www.carl-abrc.ca\/fr\/nouvelles\/annonce-forum-risque-dans-le-nord-2017\/#breadcrumb","itemListElement":[{"@type":"ListItem","position":1,"name":"Accueil","item":"https:\/\/www.carl-abrc.ca\/fr\/home-3\/"},{"@type":"ListItem","position":2,"name":"\u00c0 vos agendas: Forum @Risk North \/ Risque dans le nord, 10 novembre 2017 \u00e0 Ottawa"}]},{"@type":"WebSite","@id":"https:\/\/www.carl-abrc.ca\/fr\/#website","url":"https:\/\/www.carl-abrc.ca\/fr\/","name":"Association des biblioth\u00e8ques de recherche du Canada","description":"ABRC","publisher":{"@id":"https:\/\/www.carl-abrc.ca\/fr\/#organization"},"potentialAction":[{"@type":"SearchAction","target":{"@type":"EntryPoint","urlTemplate":"https:\/\/www.carl-abrc.ca\/fr\/?s={search_term_string}"},"query-input":{"@type":"PropertyValueSpecification","valueRequired":true,"valueName":"search_term_string"}}],"inLanguage":"fr-FR"},{"@type":"Organization","@id":"https:\/\/www.carl-abrc.ca\/fr\/#organization","name":"Association des biblioth\u00e8ques de recherche du Canada","url":"https:\/\/www.carl-abrc.ca\/fr\/","logo":{"@type":"ImageObject","inLanguage":"fr-FR","@id":"https:\/\/www.carl-abrc.ca\/fr\/#\/schema\/logo\/image\/","url":"https:\/\/www.carl-abrc.ca\/wp-content\/uploads\/2024\/07\/cropped-Stacked_Colour_L.png","contentUrl":"https:\/\/www.carl-abrc.ca\/wp-content\/uploads\/2024\/07\/cropped-Stacked_Colour_L.png","width":641,"height":250,"caption":"Association des biblioth\u00e8ques de recherche du Canada"},"image":{"@id":"https:\/\/www.carl-abrc.ca\/fr\/#\/schema\/logo\/image\/"},"sameAs":["https:\/\/x.com\/carlabrc"]},{"@type":"Person","@id":"https:\/\/www.carl-abrc.ca\/fr\/#\/schema\/person\/98e5fc089af8c90ef31f178793d7f5d1","name":"CARL ABRC","image":{"@type":"ImageObject","inLanguage":"fr-FR","@id":"https:\/\/secure.gravatar.com\/avatar\/c2c9b376bd4002fbd30a8b9425e697c0b60aeef1966421e6ee3f5d8137228c29?s=96&d=mm&r=g","url":"https:\/\/secure.gravatar.com\/avatar\/c2c9b376bd4002fbd30a8b9425e697c0b60aeef1966421e6ee3f5d8137228c29?s=96&d=mm&r=g","contentUrl":"https:\/\/secure.gravatar.com\/avatar\/c2c9b376bd4002fbd30a8b9425e697c0b60aeef1966421e6ee3f5d8137228c29?s=96&d=mm&r=g","caption":"CARL ABRC"},"url":"https:\/\/www.carl-abrc.ca\/fr\/author\/infocarl-abrc-ca\/"}]}},"_links":{"self":[{"href":"https:\/\/www.carl-abrc.ca\/fr\/wp-json\/wp\/v2\/posts\/5483","targetHints":{"allow":["GET"]}}],"collection":[{"href":"https:\/\/www.carl-abrc.ca\/fr\/wp-json\/wp\/v2\/posts"}],"about":[{"href":"https:\/\/www.carl-abrc.ca\/fr\/wp-json\/wp\/v2\/types\/post"}],"author":[{"embeddable":true,"href":"https:\/\/www.carl-abrc.ca\/fr\/wp-json\/wp\/v2\/users\/11"}],"replies":[{"embeddable":true,"href":"https:\/\/www.carl-abrc.ca\/fr\/wp-json\/wp\/v2\/comments?post=5483"}],"version-history":[{"count":0,"href":"https:\/\/www.carl-abrc.ca\/fr\/wp-json\/wp\/v2\/posts\/5483\/revisions"}],"wp:attachment":[{"href":"https:\/\/www.carl-abrc.ca\/fr\/wp-json\/wp\/v2\/media?parent=5483"}],"wp:term":[{"taxonomy":"category","embeddable":true,"href":"https:\/\/www.carl-abrc.ca\/fr\/wp-json\/wp\/v2\/categories?post=5483"},{"taxonomy":"post_tag","embeddable":true,"href":"https:\/\/www.carl-abrc.ca\/fr\/wp-json\/wp\/v2\/tags?post=5483"}],"curies":[{"name":"wp","href":"https:\/\/api.w.org\/{rel}","templated":true}]}}