{"id":6168,"date":"2017-11-14T10:22:57","date_gmt":"2017-11-14T15:22:57","guid":{"rendered":"http:\/\/www.carl-abrc.ca\/?p=6168\/"},"modified":"2017-11-29T20:00:34","modified_gmt":"2017-11-30T01:00:34","slug":"brent-roe-recoit-le-prix-de-merite-de-labrc","status":"publish","type":"post","link":"https:\/\/www.carl-abrc.ca\/fr\/nouvelles\/brent-roe-recoit-le-prix-de-merite-de-labrc\/","title":{"rendered":"Brent Roe re\u00e7oit le Prix de m\u00e9rite de l\u2019ABRC"},"content":{"rendered":"<p><strong>OTTAWA, le 14 novembre 2017<\/strong>. \u2013 \u00c0 l\u2019occasion de la r\u00e9union d\u2019automne des membres, le 8 novembre 2017, l\u2019Association des biblioth\u00e8ques de recherche du Canada (ABRC) a eu le plaisir de remettre son Prix de m\u00e9rite \u00e0 Brent Roe. Ce prix souligne la contribution exceptionnelle au milieu des biblioth\u00e8ques de recherche du Canada de personnes qui ne sont pas \u00e0 l\u2019emploi des biblioth\u00e8ques membres de l\u2019ABRC. M. Roe est le huiti\u00e8me laur\u00e9at de ce prix institu\u00e9 en 2001.<\/p>\n<p>C\u2019est en raison de son leadership et de sa vision au cours de son mandat de directeur g\u00e9n\u00e9ral de l\u2019ABRC, de 2008 \u00e0 2014, qu\u2019il a re\u00e7u le Prix de m\u00e9rite. Au cours de cette p\u00e9riode, il a organis\u00e9 les activit\u00e9s de promotion de l\u2019ABRC qui ont men\u00e9 \u00e0 l\u2019adoption de la Loi sur la modernisation du droit d\u2019auteur en 2012 . Il a aussi appuy\u00e9 les efforts de l\u2019ABRC pour faire valoir le libre acc\u00e8s aux r\u00e9sultats de la recherche financ\u00e9e par des fonds publics, ainsi que la pr\u00e9servation des donn\u00e9es de recherche.<\/p>\n<p>\u00ab Au cours des premi\u00e8res ann\u00e9es, le travail de M. Roe sur l\u2019importance des donn\u00e9es de recherche a contribu\u00e9 \u00e0 \u00e9clairer le gouvernement et les intervenants \u00e0 propos du r\u00f4le central de la gestion efficace des donn\u00e9es pour la recherche au pays, \u00bb a d\u00e9clar\u00e9 Thomas Hickerson, Vice-provost (libraries and cultural resources) de la University of Calgary. \u00ab Les discussions entam\u00e9es en 2009 ont jet\u00e9 les bases de ce qui est devenu le r\u00e9seau Portage de l\u2019ABRC, en plus des partenariats nationaux en mati\u00e8re de gestion des donn\u00e9es de recherche et d\u2019infrastructure auxquels l\u2019ABRC prend part. \u00bb<\/p>\n<p>\u00ab En plus de son excellent travail dans le domaine de la gestion des donn\u00e9es, M. Roe a fait preuve d\u2019un engagement sans faille dans l\u2019examen de la loi sur le droit d\u2019auteur, \u00bb a rench\u00e9ri Donna Bourne-Tyson, pr\u00e9sidente de l\u2019ABRC. \u00ab Gr\u00e2ce \u00e0 l\u2019attention qu\u2019il a port\u00e9e \u00e0 cet enjeu, nous avons su nous faire entendre et en arriver \u00e0 un bel \u00e9quilibre dans la Loi sur la modernisation du droit d\u2019auteur r\u00e9vis\u00e9e, enfin adopt\u00e9e en 2012.\u00bb<\/p>\n<p>\u00ab J\u2019ai \u00e9t\u00e9 ravi de travailler de concert avec le Conseil d\u2019administration et les membres de l\u2019ABRC autour des nombreux enjeux d\u00e9terminants pour les biblioth\u00e8ques de recherche du Canada, \u00bb a affirm\u00e9 M. Roe. Je suis fier des progr\u00e8s que nous avons r\u00e9alis\u00e9s, souvent avec des organisations partenaires, en mati\u00e8re de politiques de l\u2019information, de communication savante et des biblioth\u00e8ques de recherche. \u00bb<\/p>\n<p style=\"text-align: center;\">-30-<\/p>\n<p>Les membres de l\u2019ABRC comprennent les vingt-neuf plus grandes biblioth\u00e8ques universitaires du Canada ainsi que deux biblioth\u00e8ques nationales. L\u2019am\u00e9lioration de la recherche et de l\u2019enseignement sup\u00e9rieur est au c\u0153ur de sa mission. L\u2019ABRC d\u00e9veloppe la capacit\u00e9 d\u2019appuyer cette mission, et favorise l\u2019efficacit\u00e9 et la p\u00e9rennit\u00e9 de la communication savante, ainsi que les politiques publiques qui permettent l\u2019acc\u00e8s le plus large possible \u00e0 l\u2019information savante.<\/p>\n<p><strong>Pour en savoir plus, veuillez SVP communiquer avec :<\/strong><br \/>\nSusan Haigh, directrice g\u00e9n\u00e9rale<br \/>\n<a href=\"mailto:susan.haigh@carl-abrc.ca\">susan.haigh@carl-abrc.ca\u00a0<\/a><br \/>\n613-482-9344, poste 101<\/p>\n","protected":false},"excerpt":{"rendered":"<p>OTTAWA, le 14 novembre 2017. \u2013 \u00c0 l\u2019occasion de la r\u00e9union d\u2019automne des membres, le 8 novembre 2017, l\u2019Association des biblioth\u00e8ques de recherche du Canada (ABRC) a eu le plaisir [&hellip;]<\/p>\n","protected":false},"author":63,"featured_media":0,"comment_status":"closed","ping_status":"closed","sticky":false,"template":"","format":"standard","meta":{"_acf_changed":false,"_EventAllDay":false,"_EventTimezone":"","_EventStartDate":"","_EventEndDate":"","_EventStartDateUTC":"","_EventEndDateUTC":"","_EventShowMap":false,"_EventShowMapLink":false,"_EventURL":"","_EventCost":"","_EventCostDescription":"","_EventCurrencySymbol":"","_EventCurrencyCode":"","_EventCurrencyPosition":"","_EventDateTimeSeparator":"","_EventTimeRangeSeparator":"","_EventOrganizerID":[],"_EventVenueID":[],"_OrganizerEmail":"","_OrganizerPhone":"","_OrganizerWebsite":"","_VenueAddress":"","_VenueCity":"","_VenueCountry":"","_VenueProvince":"","_VenueState":"","_VenueZip":"","_VenuePhone":"","_VenueURL":"","_VenueStateProvince":"","_VenueLat":"","_VenueLng":"","_VenueShowMap":false,"_VenueShowMapLink":false,"footnotes":""},"categories":[2],"tags":[],"class_list":["post-6168","post","type-post","status-publish","format-standard","hentry","category-nouvelles"],"acf":[],"yoast_head":"<!-- This site is optimized with the Yoast SEO plugin v27.4 - https:\/\/yoast.com\/product\/yoast-seo-wordpress\/ -->\n<title>Brent Roe re\u00e7oit le Prix de m\u00e9rite de l\u2019ABRC - Association des biblioth\u00e8ques de recherche du Canada<\/title>\n<meta name=\"robots\" content=\"index, follow, max-snippet:-1, max-image-preview:large, max-video-preview:-1\" \/>\n<link rel=\"canonical\" href=\"https:\/\/www.carl-abrc.ca\/fr\/nouvelles\/brent-roe-recoit-le-prix-de-merite-de-labrc\/\" \/>\n<meta property=\"og:locale\" content=\"fr_FR\" \/>\n<meta property=\"og:type\" content=\"article\" \/>\n<meta property=\"og:title\" content=\"Brent Roe re\u00e7oit le Prix de m\u00e9rite de l\u2019ABRC - Association des biblioth\u00e8ques de recherche du Canada\" \/>\n<meta property=\"og:description\" content=\"OTTAWA, le 14 novembre 2017. \u2013 \u00c0 l\u2019occasion de la r\u00e9union d\u2019automne des membres, le 8 novembre 2017, l\u2019Association des biblioth\u00e8ques de recherche du Canada (ABRC) a eu le plaisir [&hellip;]\" \/>\n<meta property=\"og:url\" content=\"https:\/\/www.carl-abrc.ca\/fr\/nouvelles\/brent-roe-recoit-le-prix-de-merite-de-labrc\/\" \/>\n<meta property=\"og:site_name\" content=\"Association des biblioth\u00e8ques de recherche du Canada\" \/>\n<meta property=\"article:published_time\" content=\"2017-11-14T15:22:57+00:00\" \/>\n<meta property=\"article:modified_time\" content=\"2017-11-30T01:00:34+00:00\" \/>\n<meta name=\"author\" content=\"Julie Morin\" \/>\n<meta name=\"twitter:label1\" content=\"\u00c9crit par\" \/>\n\t<meta name=\"twitter:data1\" content=\"Julie Morin\" \/>\n\t<meta name=\"twitter:label2\" content=\"Dur\u00e9e de lecture estim\u00e9e\" \/>\n\t<meta name=\"twitter:data2\" content=\"3 minutes\" \/>\n<script type=\"application\/ld+json\" class=\"yoast-schema-graph\">{\"@context\":\"https:\\\/\\\/schema.org\",\"@graph\":[{\"@type\":\"Article\",\"@id\":\"https:\\\/\\\/www.carl-abrc.ca\\\/fr\\\/nouvelles\\\/brent-roe-recoit-le-prix-de-merite-de-labrc\\\/#article\",\"isPartOf\":{\"@id\":\"https:\\\/\\\/www.carl-abrc.ca\\\/fr\\\/nouvelles\\\/brent-roe-recoit-le-prix-de-merite-de-labrc\\\/\"},\"author\":{\"name\":\"Julie Morin\",\"@id\":\"https:\\\/\\\/www.carl-abrc.ca\\\/fr\\\/#\\\/schema\\\/person\\\/d9b6bfb73c89f6e9eafbd338013764ed\"},\"headline\":\"Brent Roe re\u00e7oit le Prix de m\u00e9rite de l\u2019ABRC\",\"datePublished\":\"2017-11-14T15:22:57+00:00\",\"dateModified\":\"2017-11-30T01:00:34+00:00\",\"mainEntityOfPage\":{\"@id\":\"https:\\\/\\\/www.carl-abrc.ca\\\/fr\\\/nouvelles\\\/brent-roe-recoit-le-prix-de-merite-de-labrc\\\/\"},\"wordCount\":562,\"publisher\":{\"@id\":\"https:\\\/\\\/www.carl-abrc.ca\\\/fr\\\/#organization\"},\"articleSection\":[\"Nouvelles\"],\"inLanguage\":\"fr-FR\"},{\"@type\":\"WebPage\",\"@id\":\"https:\\\/\\\/www.carl-abrc.ca\\\/fr\\\/nouvelles\\\/brent-roe-recoit-le-prix-de-merite-de-labrc\\\/\",\"url\":\"https:\\\/\\\/www.carl-abrc.ca\\\/fr\\\/nouvelles\\\/brent-roe-recoit-le-prix-de-merite-de-labrc\\\/\",\"name\":\"Brent Roe re\u00e7oit le Prix de m\u00e9rite de l\u2019ABRC - Association des biblioth\u00e8ques de recherche du Canada\",\"isPartOf\":{\"@id\":\"https:\\\/\\\/www.carl-abrc.ca\\\/fr\\\/#website\"},\"datePublished\":\"2017-11-14T15:22:57+00:00\",\"dateModified\":\"2017-11-30T01:00:34+00:00\",\"breadcrumb\":{\"@id\":\"https:\\\/\\\/www.carl-abrc.ca\\\/fr\\\/nouvelles\\\/brent-roe-recoit-le-prix-de-merite-de-labrc\\\/#breadcrumb\"},\"inLanguage\":\"fr-FR\",\"potentialAction\":[{\"@type\":\"ReadAction\",\"target\":[\"https:\\\/\\\/www.carl-abrc.ca\\\/fr\\\/nouvelles\\\/brent-roe-recoit-le-prix-de-merite-de-labrc\\\/\"]}]},{\"@type\":\"BreadcrumbList\",\"@id\":\"https:\\\/\\\/www.carl-abrc.ca\\\/fr\\\/nouvelles\\\/brent-roe-recoit-le-prix-de-merite-de-labrc\\\/#breadcrumb\",\"itemListElement\":[{\"@type\":\"ListItem\",\"position\":1,\"name\":\"Accueil\",\"item\":\"https:\\\/\\\/www.carl-abrc.ca\\\/fr\\\/home-3\\\/\"},{\"@type\":\"ListItem\",\"position\":2,\"name\":\"Brent Roe re\u00e7oit le Prix de m\u00e9rite de l\u2019ABRC\"}]},{\"@type\":\"WebSite\",\"@id\":\"https:\\\/\\\/www.carl-abrc.ca\\\/fr\\\/#website\",\"url\":\"https:\\\/\\\/www.carl-abrc.ca\\\/fr\\\/\",\"name\":\"Association des biblioth\u00e8ques de recherche du Canada\",\"description\":\"ABRC\",\"publisher\":{\"@id\":\"https:\\\/\\\/www.carl-abrc.ca\\\/fr\\\/#organization\"},\"potentialAction\":[{\"@type\":\"SearchAction\",\"target\":{\"@type\":\"EntryPoint\",\"urlTemplate\":\"https:\\\/\\\/www.carl-abrc.ca\\\/fr\\\/?s={search_term_string}\"},\"query-input\":{\"@type\":\"PropertyValueSpecification\",\"valueRequired\":true,\"valueName\":\"search_term_string\"}}],\"inLanguage\":\"fr-FR\"},{\"@type\":\"Organization\",\"@id\":\"https:\\\/\\\/www.carl-abrc.ca\\\/fr\\\/#organization\",\"name\":\"Association des biblioth\u00e8ques de recherche du Canada\",\"url\":\"https:\\\/\\\/www.carl-abrc.ca\\\/fr\\\/\",\"logo\":{\"@type\":\"ImageObject\",\"inLanguage\":\"fr-FR\",\"@id\":\"https:\\\/\\\/www.carl-abrc.ca\\\/fr\\\/#\\\/schema\\\/logo\\\/image\\\/\",\"url\":\"https:\\\/\\\/www.carl-abrc.ca\\\/wp-content\\\/uploads\\\/2024\\\/07\\\/cropped-Stacked_Colour_L.png\",\"contentUrl\":\"https:\\\/\\\/www.carl-abrc.ca\\\/wp-content\\\/uploads\\\/2024\\\/07\\\/cropped-Stacked_Colour_L.png\",\"width\":641,\"height\":250,\"caption\":\"Association des biblioth\u00e8ques de recherche du Canada\"},\"image\":{\"@id\":\"https:\\\/\\\/www.carl-abrc.ca\\\/fr\\\/#\\\/schema\\\/logo\\\/image\\\/\"},\"sameAs\":[\"https:\\\/\\\/x.com\\\/carlabrc\"]},{\"@type\":\"Person\",\"@id\":\"https:\\\/\\\/www.carl-abrc.ca\\\/fr\\\/#\\\/schema\\\/person\\\/d9b6bfb73c89f6e9eafbd338013764ed\",\"name\":\"Julie Morin\",\"image\":{\"@type\":\"ImageObject\",\"inLanguage\":\"fr-FR\",\"@id\":\"https:\\\/\\\/secure.gravatar.com\\\/avatar\\\/8f563df894a5ea8e4663aea014d75f7ff272a49a318995c22006e48ba2fca63e?s=96&d=mm&r=g\",\"url\":\"https:\\\/\\\/secure.gravatar.com\\\/avatar\\\/8f563df894a5ea8e4663aea014d75f7ff272a49a318995c22006e48ba2fca63e?s=96&d=mm&r=g\",\"contentUrl\":\"https:\\\/\\\/secure.gravatar.com\\\/avatar\\\/8f563df894a5ea8e4663aea014d75f7ff272a49a318995c22006e48ba2fca63e?s=96&d=mm&r=g\",\"caption\":\"Julie Morin\"},\"url\":\"https:\\\/\\\/www.carl-abrc.ca\\\/fr\\\/author\\\/julie\\\/\"}]}<\/script>\n<!-- \/ Yoast SEO plugin. -->","yoast_head_json":{"title":"Brent Roe re\u00e7oit le Prix de m\u00e9rite de l\u2019ABRC - Association des biblioth\u00e8ques de recherche du Canada","robots":{"index":"index","follow":"follow","max-snippet":"max-snippet:-1","max-image-preview":"max-image-preview:large","max-video-preview":"max-video-preview:-1"},"canonical":"https:\/\/www.carl-abrc.ca\/fr\/nouvelles\/brent-roe-recoit-le-prix-de-merite-de-labrc\/","og_locale":"fr_FR","og_type":"article","og_title":"Brent Roe re\u00e7oit le Prix de m\u00e9rite de l\u2019ABRC - Association des biblioth\u00e8ques de recherche du Canada","og_description":"OTTAWA, le 14 novembre 2017. \u2013 \u00c0 l\u2019occasion de la r\u00e9union d\u2019automne des membres, le 8 novembre 2017, l\u2019Association des biblioth\u00e8ques de recherche du Canada (ABRC) a eu le plaisir [&hellip;]","og_url":"https:\/\/www.carl-abrc.ca\/fr\/nouvelles\/brent-roe-recoit-le-prix-de-merite-de-labrc\/","og_site_name":"Association des biblioth\u00e8ques de recherche du Canada","article_published_time":"2017-11-14T15:22:57+00:00","article_modified_time":"2017-11-30T01:00:34+00:00","author":"Julie Morin","twitter_misc":{"\u00c9crit par":"Julie Morin","Dur\u00e9e de lecture estim\u00e9e":"3 minutes"},"schema":{"@context":"https:\/\/schema.org","@graph":[{"@type":"Article","@id":"https:\/\/www.carl-abrc.ca\/fr\/nouvelles\/brent-roe-recoit-le-prix-de-merite-de-labrc\/#article","isPartOf":{"@id":"https:\/\/www.carl-abrc.ca\/fr\/nouvelles\/brent-roe-recoit-le-prix-de-merite-de-labrc\/"},"author":{"name":"Julie Morin","@id":"https:\/\/www.carl-abrc.ca\/fr\/#\/schema\/person\/d9b6bfb73c89f6e9eafbd338013764ed"},"headline":"Brent Roe re\u00e7oit le Prix de m\u00e9rite de l\u2019ABRC","datePublished":"2017-11-14T15:22:57+00:00","dateModified":"2017-11-30T01:00:34+00:00","mainEntityOfPage":{"@id":"https:\/\/www.carl-abrc.ca\/fr\/nouvelles\/brent-roe-recoit-le-prix-de-merite-de-labrc\/"},"wordCount":562,"publisher":{"@id":"https:\/\/www.carl-abrc.ca\/fr\/#organization"},"articleSection":["Nouvelles"],"inLanguage":"fr-FR"},{"@type":"WebPage","@id":"https:\/\/www.carl-abrc.ca\/fr\/nouvelles\/brent-roe-recoit-le-prix-de-merite-de-labrc\/","url":"https:\/\/www.carl-abrc.ca\/fr\/nouvelles\/brent-roe-recoit-le-prix-de-merite-de-labrc\/","name":"Brent Roe re\u00e7oit le Prix de m\u00e9rite de l\u2019ABRC - Association des biblioth\u00e8ques de recherche du Canada","isPartOf":{"@id":"https:\/\/www.carl-abrc.ca\/fr\/#website"},"datePublished":"2017-11-14T15:22:57+00:00","dateModified":"2017-11-30T01:00:34+00:00","breadcrumb":{"@id":"https:\/\/www.carl-abrc.ca\/fr\/nouvelles\/brent-roe-recoit-le-prix-de-merite-de-labrc\/#breadcrumb"},"inLanguage":"fr-FR","potentialAction":[{"@type":"ReadAction","target":["https:\/\/www.carl-abrc.ca\/fr\/nouvelles\/brent-roe-recoit-le-prix-de-merite-de-labrc\/"]}]},{"@type":"BreadcrumbList","@id":"https:\/\/www.carl-abrc.ca\/fr\/nouvelles\/brent-roe-recoit-le-prix-de-merite-de-labrc\/#breadcrumb","itemListElement":[{"@type":"ListItem","position":1,"name":"Accueil","item":"https:\/\/www.carl-abrc.ca\/fr\/home-3\/"},{"@type":"ListItem","position":2,"name":"Brent Roe re\u00e7oit le Prix de m\u00e9rite de l\u2019ABRC"}]},{"@type":"WebSite","@id":"https:\/\/www.carl-abrc.ca\/fr\/#website","url":"https:\/\/www.carl-abrc.ca\/fr\/","name":"Association des biblioth\u00e8ques de recherche du Canada","description":"ABRC","publisher":{"@id":"https:\/\/www.carl-abrc.ca\/fr\/#organization"},"potentialAction":[{"@type":"SearchAction","target":{"@type":"EntryPoint","urlTemplate":"https:\/\/www.carl-abrc.ca\/fr\/?s={search_term_string}"},"query-input":{"@type":"PropertyValueSpecification","valueRequired":true,"valueName":"search_term_string"}}],"inLanguage":"fr-FR"},{"@type":"Organization","@id":"https:\/\/www.carl-abrc.ca\/fr\/#organization","name":"Association des biblioth\u00e8ques de recherche du Canada","url":"https:\/\/www.carl-abrc.ca\/fr\/","logo":{"@type":"ImageObject","inLanguage":"fr-FR","@id":"https:\/\/www.carl-abrc.ca\/fr\/#\/schema\/logo\/image\/","url":"https:\/\/www.carl-abrc.ca\/wp-content\/uploads\/2024\/07\/cropped-Stacked_Colour_L.png","contentUrl":"https:\/\/www.carl-abrc.ca\/wp-content\/uploads\/2024\/07\/cropped-Stacked_Colour_L.png","width":641,"height":250,"caption":"Association des biblioth\u00e8ques de recherche du Canada"},"image":{"@id":"https:\/\/www.carl-abrc.ca\/fr\/#\/schema\/logo\/image\/"},"sameAs":["https:\/\/x.com\/carlabrc"]},{"@type":"Person","@id":"https:\/\/www.carl-abrc.ca\/fr\/#\/schema\/person\/d9b6bfb73c89f6e9eafbd338013764ed","name":"Julie Morin","image":{"@type":"ImageObject","inLanguage":"fr-FR","@id":"https:\/\/secure.gravatar.com\/avatar\/8f563df894a5ea8e4663aea014d75f7ff272a49a318995c22006e48ba2fca63e?s=96&d=mm&r=g","url":"https:\/\/secure.gravatar.com\/avatar\/8f563df894a5ea8e4663aea014d75f7ff272a49a318995c22006e48ba2fca63e?s=96&d=mm&r=g","contentUrl":"https:\/\/secure.gravatar.com\/avatar\/8f563df894a5ea8e4663aea014d75f7ff272a49a318995c22006e48ba2fca63e?s=96&d=mm&r=g","caption":"Julie Morin"},"url":"https:\/\/www.carl-abrc.ca\/fr\/author\/julie\/"}]}},"_links":{"self":[{"href":"https:\/\/www.carl-abrc.ca\/fr\/wp-json\/wp\/v2\/posts\/6168","targetHints":{"allow":["GET"]}}],"collection":[{"href":"https:\/\/www.carl-abrc.ca\/fr\/wp-json\/wp\/v2\/posts"}],"about":[{"href":"https:\/\/www.carl-abrc.ca\/fr\/wp-json\/wp\/v2\/types\/post"}],"author":[{"embeddable":true,"href":"https:\/\/www.carl-abrc.ca\/fr\/wp-json\/wp\/v2\/users\/63"}],"replies":[{"embeddable":true,"href":"https:\/\/www.carl-abrc.ca\/fr\/wp-json\/wp\/v2\/comments?post=6168"}],"version-history":[{"count":0,"href":"https:\/\/www.carl-abrc.ca\/fr\/wp-json\/wp\/v2\/posts\/6168\/revisions"}],"wp:attachment":[{"href":"https:\/\/www.carl-abrc.ca\/fr\/wp-json\/wp\/v2\/media?parent=6168"}],"wp:term":[{"taxonomy":"category","embeddable":true,"href":"https:\/\/www.carl-abrc.ca\/fr\/wp-json\/wp\/v2\/categories?post=6168"},{"taxonomy":"post_tag","embeddable":true,"href":"https:\/\/www.carl-abrc.ca\/fr\/wp-json\/wp\/v2\/tags?post=6168"}],"curies":[{"name":"wp","href":"https:\/\/api.w.org\/{rel}","templated":true}]}}