{"id":6512,"date":"2018-02-15T14:08:10","date_gmt":"2018-02-15T19:08:10","guid":{"rendered":"http:\/\/www.carl-abrc.ca\/?p=6512\/"},"modified":"2018-02-15T14:08:10","modified_gmt":"2018-02-15T19:08:10","slug":"memoire-sur-la-hausse-des-couts-de-revues-savantes","status":"publish","type":"post","link":"https:\/\/www.carl-abrc.ca\/fr\/nouvelles\/memoire-sur-la-hausse-des-couts-de-revues-savantes\/","title":{"rendered":"L&rsquo;ABRC publie un nouveau m\u00e9moire sur la hausse des co\u00fbts de revues savantes internationales"},"content":{"rendered":"<p><strong>Le 15 f\u00e9vrier 2018<\/strong>. &#8211; L&rsquo;Association des biblioth\u00e8ques de recherche du Canada (ABRC) a publi\u00e9 un nouveau m\u00e9moire intitul\u00e9 \u00ab\u00a0<em>Contrer les cou\u0302ts insoutenables des revues savantes<\/em>\u00a0\u00bb, qui traite de la situation de plus en plus inqui\u00e9tante de l&rsquo;augmentation des frais d&rsquo;abonnement pour les revues savantes internationales.<\/p>\n<p>R\u00e9dig\u00e9 par Kathleen Shearer, associ\u00e9e de recherche \u00e0 l&rsquo;ABRC, en collaboration avec le R\u00e9seau canadien de documentation pour la recherche (RCDR), le m\u00e9moire d\u00e9crit la situation actuelle et traite des facteurs syst\u00e9miques qui contribuent au probl\u00e8me. Bien que cette question ne soit pas nouvelle pour les biblioth\u00e8ques \u2013 elles en traitent depuis des d\u00e9cennies \u2013 nous en arrivons \u00e0 une situation de crise. Le but de ce m\u00e9moire est de sensibiliser la collectivit\u00e9 au sens large et de d\u00e9finir une r\u00e9ponse nationale appropri\u00e9e.<\/p>\n<p>Bien que la communaut\u00e9 des biblioth\u00e8ques travaille activement pour att\u00e9nuer cette situation insoutenable par la redistribution des budgets des biblioth\u00e8ques, des annulations de revues et des achats en consortium, il faut redoubler les efforts. Une approche coordonn\u00e9e est n\u00e9cessaire, et ce m\u00e9moire fournit des recommandations afin que la communaut\u00e9 universitaire canadienne travaille ensemble pour s&rsquo;attaquer \u00e0 ce probl\u00e8me important.<\/p>\n<p><strong>&gt; version fran\u00e7aise : <a href=\"http:\/\/www.carl-abrc.ca\/wp-content\/uploads\/2018\/02\/CARL_Brief_Subscription_Costs_fr.pdf\"><em>Contrer les co\u00fbts insoutenables des revues savantes\u00a0: <\/em><em>Un m\u00e9moire de l\u2019ABRC<\/em> (PDF)<\/a><\/strong><br \/>\n<strong>&gt; version anglaise :\u00a0<a href=\"http:\/\/www.carl-abrc.ca\/wp-content\/uploads\/2018\/02\/CARL_Brief_Subscription_Costs_en.pdf\"><em>Responding to Unsustainable Journal Costs: A CARL Brief<\/em> (PDF)<\/a><\/strong><\/p>\n<p style=\"text-align: center;\">-30-<\/p>\n<p>Les membres de<strong>\u00a0l\u2019ABRC\u00a0<\/strong>comprennent les vingt-neuf plus grandes biblioth\u00e8ques universitaires du Canada ainsi que deux biblioth\u00e8ques nationales. L\u2019am\u00e9lioration de la recherche et de l\u2019enseignement sup\u00e9rieur est au c\u0153ur de sa mission. L\u2019ABRC d\u00e9veloppe la capacit\u00e9 d\u2019appuyer cette mission, et favorise l\u2019efficacit\u00e9 et la p\u00e9rennit\u00e9 de la communication savante, ainsi que les politiques publiques qui permettent l\u2019acc\u00e8s le plus large possible \u00e0 l\u2019information savante.<\/p>\n<p><strong>Pour en savoir plus, communiquez avec :<\/strong><br \/>\nLise Brin, agente de programme<br \/>\n<a href=\"mailto:lise.brin@carl-abrc.ca\">lise.brin@carl-abrc.ca<\/a><br \/>\n902.318.4485<\/p>\n","protected":false},"excerpt":{"rendered":"<p>Le 15 f\u00e9vrier 2018. &#8211; L&rsquo;Association des biblioth\u00e8ques de recherche du Canada (ABRC) a publi\u00e9 un nouveau m\u00e9moire intitul\u00e9 \u00ab\u00a0Contrer les cou\u0302ts insoutenables des revues savantes\u00a0\u00bb, qui traite de la [&hellip;]<\/p>\n","protected":false},"author":11,"featured_media":0,"comment_status":"closed","ping_status":"open","sticky":false,"template":"","format":"standard","meta":{"_acf_changed":false,"_EventAllDay":false,"_EventTimezone":"","_EventStartDate":"","_EventEndDate":"","_EventStartDateUTC":"","_EventEndDateUTC":"","_EventShowMap":false,"_EventShowMapLink":false,"_EventURL":"","_EventCost":"","_EventCostDescription":"","_EventCurrencySymbol":"","_EventCurrencyCode":"","_EventCurrencyPosition":"","_EventDateTimeSeparator":"","_EventTimeRangeSeparator":"","_EventOrganizerID":[],"_EventVenueID":[],"_OrganizerEmail":"","_OrganizerPhone":"","_OrganizerWebsite":"","_VenueAddress":"","_VenueCity":"","_VenueCountry":"","_VenueProvince":"","_VenueState":"","_VenueZip":"","_VenuePhone":"","_VenueURL":"","_VenueStateProvince":"","_VenueLat":"","_VenueLng":"","_VenueShowMap":false,"_VenueShowMapLink":false,"footnotes":""},"categories":[2],"tags":[],"class_list":["post-6512","post","type-post","status-publish","format-standard","hentry","category-nouvelles"],"acf":[],"yoast_head":"<!-- This site is optimized with the Yoast SEO plugin v27.5 - https:\/\/yoast.com\/product\/yoast-seo-wordpress\/ -->\n<title>L&#039;ABRC publie un nouveau m\u00e9moire sur la hausse des co\u00fbts de revues savantes internationales - Association des biblioth\u00e8ques de recherche du Canada<\/title>\n<meta name=\"robots\" content=\"index, follow, max-snippet:-1, max-image-preview:large, max-video-preview:-1\" \/>\n<link rel=\"canonical\" href=\"https:\/\/www.carl-abrc.ca\/fr\/nouvelles\/memoire-sur-la-hausse-des-couts-de-revues-savantes\/\" \/>\n<meta property=\"og:locale\" content=\"fr_FR\" \/>\n<meta property=\"og:type\" content=\"article\" \/>\n<meta property=\"og:title\" content=\"L&#039;ABRC publie un nouveau m\u00e9moire sur la hausse des co\u00fbts de revues savantes internationales - Association des biblioth\u00e8ques de recherche du Canada\" \/>\n<meta property=\"og:description\" content=\"Le 15 f\u00e9vrier 2018. &#8211; L&rsquo;Association des biblioth\u00e8ques de recherche du Canada (ABRC) a publi\u00e9 un nouveau m\u00e9moire intitul\u00e9 \u00ab\u00a0Contrer les cou\u0302ts insoutenables des revues savantes\u00a0\u00bb, qui traite de la [&hellip;]\" \/>\n<meta property=\"og:url\" content=\"https:\/\/www.carl-abrc.ca\/fr\/nouvelles\/memoire-sur-la-hausse-des-couts-de-revues-savantes\/\" \/>\n<meta property=\"og:site_name\" content=\"Association des biblioth\u00e8ques de recherche du Canada\" \/>\n<meta property=\"article:published_time\" content=\"2018-02-15T19:08:10+00:00\" \/>\n<meta name=\"author\" content=\"CARL ABRC\" \/>\n<meta name=\"twitter:label1\" content=\"\u00c9crit par\" \/>\n\t<meta name=\"twitter:data1\" content=\"CARL ABRC\" \/>\n\t<meta name=\"twitter:label2\" content=\"Dur\u00e9e de lecture estim\u00e9e\" \/>\n\t<meta name=\"twitter:data2\" content=\"2 minutes\" \/>\n<script type=\"application\/ld+json\" class=\"yoast-schema-graph\">{\"@context\":\"https:\\\/\\\/schema.org\",\"@graph\":[{\"@type\":\"Article\",\"@id\":\"https:\\\/\\\/www.carl-abrc.ca\\\/fr\\\/nouvelles\\\/memoire-sur-la-hausse-des-couts-de-revues-savantes\\\/#article\",\"isPartOf\":{\"@id\":\"https:\\\/\\\/www.carl-abrc.ca\\\/fr\\\/nouvelles\\\/memoire-sur-la-hausse-des-couts-de-revues-savantes\\\/\"},\"author\":{\"name\":\"CARL ABRC\",\"@id\":\"https:\\\/\\\/www.carl-abrc.ca\\\/fr\\\/#\\\/schema\\\/person\\\/98e5fc089af8c90ef31f178793d7f5d1\"},\"headline\":\"L&rsquo;ABRC publie un nouveau m\u00e9moire sur la hausse des co\u00fbts de revues savantes internationales\",\"datePublished\":\"2018-02-15T19:08:10+00:00\",\"mainEntityOfPage\":{\"@id\":\"https:\\\/\\\/www.carl-abrc.ca\\\/fr\\\/nouvelles\\\/memoire-sur-la-hausse-des-couts-de-revues-savantes\\\/\"},\"wordCount\":355,\"publisher\":{\"@id\":\"https:\\\/\\\/www.carl-abrc.ca\\\/fr\\\/#organization\"},\"articleSection\":[\"Nouvelles\"],\"inLanguage\":\"fr-FR\"},{\"@type\":\"WebPage\",\"@id\":\"https:\\\/\\\/www.carl-abrc.ca\\\/fr\\\/nouvelles\\\/memoire-sur-la-hausse-des-couts-de-revues-savantes\\\/\",\"url\":\"https:\\\/\\\/www.carl-abrc.ca\\\/fr\\\/nouvelles\\\/memoire-sur-la-hausse-des-couts-de-revues-savantes\\\/\",\"name\":\"L'ABRC publie un nouveau m\u00e9moire sur la hausse des co\u00fbts de revues savantes internationales - Association des biblioth\u00e8ques de recherche du Canada\",\"isPartOf\":{\"@id\":\"https:\\\/\\\/www.carl-abrc.ca\\\/fr\\\/#website\"},\"datePublished\":\"2018-02-15T19:08:10+00:00\",\"breadcrumb\":{\"@id\":\"https:\\\/\\\/www.carl-abrc.ca\\\/fr\\\/nouvelles\\\/memoire-sur-la-hausse-des-couts-de-revues-savantes\\\/#breadcrumb\"},\"inLanguage\":\"fr-FR\",\"potentialAction\":[{\"@type\":\"ReadAction\",\"target\":[\"https:\\\/\\\/www.carl-abrc.ca\\\/fr\\\/nouvelles\\\/memoire-sur-la-hausse-des-couts-de-revues-savantes\\\/\"]}]},{\"@type\":\"BreadcrumbList\",\"@id\":\"https:\\\/\\\/www.carl-abrc.ca\\\/fr\\\/nouvelles\\\/memoire-sur-la-hausse-des-couts-de-revues-savantes\\\/#breadcrumb\",\"itemListElement\":[{\"@type\":\"ListItem\",\"position\":1,\"name\":\"Accueil\",\"item\":\"https:\\\/\\\/www.carl-abrc.ca\\\/fr\\\/home-3\\\/\"},{\"@type\":\"ListItem\",\"position\":2,\"name\":\"L&rsquo;ABRC publie un nouveau m\u00e9moire sur la hausse des co\u00fbts de revues savantes internationales\"}]},{\"@type\":\"WebSite\",\"@id\":\"https:\\\/\\\/www.carl-abrc.ca\\\/fr\\\/#website\",\"url\":\"https:\\\/\\\/www.carl-abrc.ca\\\/fr\\\/\",\"name\":\"Association des biblioth\u00e8ques de recherche du Canada\",\"description\":\"ABRC\",\"publisher\":{\"@id\":\"https:\\\/\\\/www.carl-abrc.ca\\\/fr\\\/#organization\"},\"potentialAction\":[{\"@type\":\"SearchAction\",\"target\":{\"@type\":\"EntryPoint\",\"urlTemplate\":\"https:\\\/\\\/www.carl-abrc.ca\\\/fr\\\/?s={search_term_string}\"},\"query-input\":{\"@type\":\"PropertyValueSpecification\",\"valueRequired\":true,\"valueName\":\"search_term_string\"}}],\"inLanguage\":\"fr-FR\"},{\"@type\":\"Organization\",\"@id\":\"https:\\\/\\\/www.carl-abrc.ca\\\/fr\\\/#organization\",\"name\":\"Association des biblioth\u00e8ques de recherche du Canada\",\"url\":\"https:\\\/\\\/www.carl-abrc.ca\\\/fr\\\/\",\"logo\":{\"@type\":\"ImageObject\",\"inLanguage\":\"fr-FR\",\"@id\":\"https:\\\/\\\/www.carl-abrc.ca\\\/fr\\\/#\\\/schema\\\/logo\\\/image\\\/\",\"url\":\"https:\\\/\\\/www.carl-abrc.ca\\\/wp-content\\\/uploads\\\/2024\\\/07\\\/cropped-Stacked_Colour_L.png\",\"contentUrl\":\"https:\\\/\\\/www.carl-abrc.ca\\\/wp-content\\\/uploads\\\/2024\\\/07\\\/cropped-Stacked_Colour_L.png\",\"width\":641,\"height\":250,\"caption\":\"Association des biblioth\u00e8ques de recherche du Canada\"},\"image\":{\"@id\":\"https:\\\/\\\/www.carl-abrc.ca\\\/fr\\\/#\\\/schema\\\/logo\\\/image\\\/\"},\"sameAs\":[\"https:\\\/\\\/x.com\\\/carlabrc\"]},{\"@type\":\"Person\",\"@id\":\"https:\\\/\\\/www.carl-abrc.ca\\\/fr\\\/#\\\/schema\\\/person\\\/98e5fc089af8c90ef31f178793d7f5d1\",\"name\":\"CARL ABRC\",\"image\":{\"@type\":\"ImageObject\",\"inLanguage\":\"fr-FR\",\"@id\":\"https:\\\/\\\/secure.gravatar.com\\\/avatar\\\/c2c9b376bd4002fbd30a8b9425e697c0b60aeef1966421e6ee3f5d8137228c29?s=96&d=mm&r=g\",\"url\":\"https:\\\/\\\/secure.gravatar.com\\\/avatar\\\/c2c9b376bd4002fbd30a8b9425e697c0b60aeef1966421e6ee3f5d8137228c29?s=96&d=mm&r=g\",\"contentUrl\":\"https:\\\/\\\/secure.gravatar.com\\\/avatar\\\/c2c9b376bd4002fbd30a8b9425e697c0b60aeef1966421e6ee3f5d8137228c29?s=96&d=mm&r=g\",\"caption\":\"CARL ABRC\"},\"url\":\"https:\\\/\\\/www.carl-abrc.ca\\\/fr\\\/author\\\/infocarl-abrc-ca\\\/\"}]}<\/script>\n<!-- \/ Yoast SEO plugin. -->","yoast_head_json":{"title":"L'ABRC publie un nouveau m\u00e9moire sur la hausse des co\u00fbts de revues savantes internationales - Association des biblioth\u00e8ques de recherche du Canada","robots":{"index":"index","follow":"follow","max-snippet":"max-snippet:-1","max-image-preview":"max-image-preview:large","max-video-preview":"max-video-preview:-1"},"canonical":"https:\/\/www.carl-abrc.ca\/fr\/nouvelles\/memoire-sur-la-hausse-des-couts-de-revues-savantes\/","og_locale":"fr_FR","og_type":"article","og_title":"L'ABRC publie un nouveau m\u00e9moire sur la hausse des co\u00fbts de revues savantes internationales - Association des biblioth\u00e8ques de recherche du Canada","og_description":"Le 15 f\u00e9vrier 2018. &#8211; L&rsquo;Association des biblioth\u00e8ques de recherche du Canada (ABRC) a publi\u00e9 un nouveau m\u00e9moire intitul\u00e9 \u00ab\u00a0Contrer les cou\u0302ts insoutenables des revues savantes\u00a0\u00bb, qui traite de la [&hellip;]","og_url":"https:\/\/www.carl-abrc.ca\/fr\/nouvelles\/memoire-sur-la-hausse-des-couts-de-revues-savantes\/","og_site_name":"Association des biblioth\u00e8ques de recherche du Canada","article_published_time":"2018-02-15T19:08:10+00:00","author":"CARL ABRC","twitter_misc":{"\u00c9crit par":"CARL ABRC","Dur\u00e9e de lecture estim\u00e9e":"2 minutes"},"schema":{"@context":"https:\/\/schema.org","@graph":[{"@type":"Article","@id":"https:\/\/www.carl-abrc.ca\/fr\/nouvelles\/memoire-sur-la-hausse-des-couts-de-revues-savantes\/#article","isPartOf":{"@id":"https:\/\/www.carl-abrc.ca\/fr\/nouvelles\/memoire-sur-la-hausse-des-couts-de-revues-savantes\/"},"author":{"name":"CARL ABRC","@id":"https:\/\/www.carl-abrc.ca\/fr\/#\/schema\/person\/98e5fc089af8c90ef31f178793d7f5d1"},"headline":"L&rsquo;ABRC publie un nouveau m\u00e9moire sur la hausse des co\u00fbts de revues savantes internationales","datePublished":"2018-02-15T19:08:10+00:00","mainEntityOfPage":{"@id":"https:\/\/www.carl-abrc.ca\/fr\/nouvelles\/memoire-sur-la-hausse-des-couts-de-revues-savantes\/"},"wordCount":355,"publisher":{"@id":"https:\/\/www.carl-abrc.ca\/fr\/#organization"},"articleSection":["Nouvelles"],"inLanguage":"fr-FR"},{"@type":"WebPage","@id":"https:\/\/www.carl-abrc.ca\/fr\/nouvelles\/memoire-sur-la-hausse-des-couts-de-revues-savantes\/","url":"https:\/\/www.carl-abrc.ca\/fr\/nouvelles\/memoire-sur-la-hausse-des-couts-de-revues-savantes\/","name":"L'ABRC publie un nouveau m\u00e9moire sur la hausse des co\u00fbts de revues savantes internationales - Association des biblioth\u00e8ques de recherche du Canada","isPartOf":{"@id":"https:\/\/www.carl-abrc.ca\/fr\/#website"},"datePublished":"2018-02-15T19:08:10+00:00","breadcrumb":{"@id":"https:\/\/www.carl-abrc.ca\/fr\/nouvelles\/memoire-sur-la-hausse-des-couts-de-revues-savantes\/#breadcrumb"},"inLanguage":"fr-FR","potentialAction":[{"@type":"ReadAction","target":["https:\/\/www.carl-abrc.ca\/fr\/nouvelles\/memoire-sur-la-hausse-des-couts-de-revues-savantes\/"]}]},{"@type":"BreadcrumbList","@id":"https:\/\/www.carl-abrc.ca\/fr\/nouvelles\/memoire-sur-la-hausse-des-couts-de-revues-savantes\/#breadcrumb","itemListElement":[{"@type":"ListItem","position":1,"name":"Accueil","item":"https:\/\/www.carl-abrc.ca\/fr\/home-3\/"},{"@type":"ListItem","position":2,"name":"L&rsquo;ABRC publie un nouveau m\u00e9moire sur la hausse des co\u00fbts de revues savantes internationales"}]},{"@type":"WebSite","@id":"https:\/\/www.carl-abrc.ca\/fr\/#website","url":"https:\/\/www.carl-abrc.ca\/fr\/","name":"Association des biblioth\u00e8ques de recherche du Canada","description":"ABRC","publisher":{"@id":"https:\/\/www.carl-abrc.ca\/fr\/#organization"},"potentialAction":[{"@type":"SearchAction","target":{"@type":"EntryPoint","urlTemplate":"https:\/\/www.carl-abrc.ca\/fr\/?s={search_term_string}"},"query-input":{"@type":"PropertyValueSpecification","valueRequired":true,"valueName":"search_term_string"}}],"inLanguage":"fr-FR"},{"@type":"Organization","@id":"https:\/\/www.carl-abrc.ca\/fr\/#organization","name":"Association des biblioth\u00e8ques de recherche du Canada","url":"https:\/\/www.carl-abrc.ca\/fr\/","logo":{"@type":"ImageObject","inLanguage":"fr-FR","@id":"https:\/\/www.carl-abrc.ca\/fr\/#\/schema\/logo\/image\/","url":"https:\/\/www.carl-abrc.ca\/wp-content\/uploads\/2024\/07\/cropped-Stacked_Colour_L.png","contentUrl":"https:\/\/www.carl-abrc.ca\/wp-content\/uploads\/2024\/07\/cropped-Stacked_Colour_L.png","width":641,"height":250,"caption":"Association des biblioth\u00e8ques de recherche du Canada"},"image":{"@id":"https:\/\/www.carl-abrc.ca\/fr\/#\/schema\/logo\/image\/"},"sameAs":["https:\/\/x.com\/carlabrc"]},{"@type":"Person","@id":"https:\/\/www.carl-abrc.ca\/fr\/#\/schema\/person\/98e5fc089af8c90ef31f178793d7f5d1","name":"CARL ABRC","image":{"@type":"ImageObject","inLanguage":"fr-FR","@id":"https:\/\/secure.gravatar.com\/avatar\/c2c9b376bd4002fbd30a8b9425e697c0b60aeef1966421e6ee3f5d8137228c29?s=96&d=mm&r=g","url":"https:\/\/secure.gravatar.com\/avatar\/c2c9b376bd4002fbd30a8b9425e697c0b60aeef1966421e6ee3f5d8137228c29?s=96&d=mm&r=g","contentUrl":"https:\/\/secure.gravatar.com\/avatar\/c2c9b376bd4002fbd30a8b9425e697c0b60aeef1966421e6ee3f5d8137228c29?s=96&d=mm&r=g","caption":"CARL ABRC"},"url":"https:\/\/www.carl-abrc.ca\/fr\/author\/infocarl-abrc-ca\/"}]}},"_links":{"self":[{"href":"https:\/\/www.carl-abrc.ca\/fr\/wp-json\/wp\/v2\/posts\/6512","targetHints":{"allow":["GET"]}}],"collection":[{"href":"https:\/\/www.carl-abrc.ca\/fr\/wp-json\/wp\/v2\/posts"}],"about":[{"href":"https:\/\/www.carl-abrc.ca\/fr\/wp-json\/wp\/v2\/types\/post"}],"author":[{"embeddable":true,"href":"https:\/\/www.carl-abrc.ca\/fr\/wp-json\/wp\/v2\/users\/11"}],"replies":[{"embeddable":true,"href":"https:\/\/www.carl-abrc.ca\/fr\/wp-json\/wp\/v2\/comments?post=6512"}],"version-history":[{"count":0,"href":"https:\/\/www.carl-abrc.ca\/fr\/wp-json\/wp\/v2\/posts\/6512\/revisions"}],"wp:attachment":[{"href":"https:\/\/www.carl-abrc.ca\/fr\/wp-json\/wp\/v2\/media?parent=6512"}],"wp:term":[{"taxonomy":"category","embeddable":true,"href":"https:\/\/www.carl-abrc.ca\/fr\/wp-json\/wp\/v2\/categories?post=6512"},{"taxonomy":"post_tag","embeddable":true,"href":"https:\/\/www.carl-abrc.ca\/fr\/wp-json\/wp\/v2\/tags?post=6512"}],"curies":[{"name":"wp","href":"https:\/\/api.w.org\/{rel}","templated":true}]}}