{"id":8245,"date":"2018-11-08T11:50:23","date_gmt":"2018-11-08T16:50:23","guid":{"rendered":"http:\/\/www.carl-abrc.ca\/?p=8245"},"modified":"2018-11-08T11:55:32","modified_gmt":"2018-11-08T16:55:32","slug":"labrc-rend-hommage-a-leslie-weir-en-lui-decernant-le-prix-pour-services-eminents-rendus-aux-bibliotheques-de-recherche","status":"publish","type":"post","link":"https:\/\/www.carl-abrc.ca\/fr\/nouvelles\/labrc-rend-hommage-a-leslie-weir-en-lui-decernant-le-prix-pour-services-eminents-rendus-aux-bibliotheques-de-recherche\/","title":{"rendered":"L\u2019ABRC rend hommage \u00e0 Leslie Weir en lui d\u00e9cernant le Prix pour services \u00e9minents rendus aux biblioth\u00e8ques de recherche"},"content":{"rendered":"<figure id=\"attachment_8233\" aria-describedby=\"caption-attachment-8233\" style=\"width: 100px\" class=\"wp-caption alignleft\"><a href=\"http:\/\/www.carl-abrc.ca\/wp-content\/uploads\/2018\/11\/DSC_0103.jpg\"><img decoding=\"async\" class=\"wp-image-8233 size-large\" src=\"http:\/\/www.carl-abrc.ca\/wp-content\/uploads\/2018\/11\/DSC_0103-1024x683.jpg\" alt=\"\" width=\"100\" height=\"67\" srcset=\"https:\/\/www.carl-abrc.ca\/wp-content\/uploads\/2018\/11\/DSC_0103-1024x683.jpg 1024w, https:\/\/www.carl-abrc.ca\/wp-content\/uploads\/2018\/11\/DSC_0103-300x200.jpg 300w, https:\/\/www.carl-abrc.ca\/wp-content\/uploads\/2018\/11\/DSC_0103-768x512.jpg 768w\" sizes=\"(max-width: 100px) 100vw, 100px\" \/><\/a><figcaption id=\"caption-attachment-8233\" class=\"wp-caption-text\">Les repr\u00e9sentants de ProQuest, Tiny Brown et Emmanuel Axais, avec Leslie Weir et la pr\u00e9sidente de l&rsquo;ABRC, Donna Bourne-Tyson.<\/figcaption><\/figure>\n<p><strong>Montr\u00e9al, le 7\u00a0novembre\u00a02018 \u2013<\/strong> Aujourd\u2019hui, l\u2019Association des biblioth\u00e8ques de recherche du Canada (ABRC) a rendu hommage \u00e0 Leslie\u00a0Weir en lui d\u00e9cernant le Prix pour services \u00e9minents rendus aux biblioth\u00e8ques de recherche. Ce prix est d\u00e9cern\u00e9 chaque ann\u00e9e \u00e0 un membre du personnel d\u2019une institution membre de l\u2019ABRC ayant contribu\u00e9 de fa\u00e7on substantielle, \u00e0 l\u2019\u00e9chelle locale, nationale ou internationale, au d\u00e9veloppement des biblioth\u00e8ques de recherche.<\/p>\n<p>M<sup>me<\/sup>\u00a0Weir est largement reconnue dans de nombreux contextes pour son apport consid\u00e9rable et durable aux biblioth\u00e8ques du Canada et d\u2019ailleurs au cours de ses plus de 30\u00a0ans de carri\u00e8re en tant que biblioth\u00e9caire professionnelle. Apr\u00e8s avoir fait ses d\u00e9buts \u00e0 la Biblioth\u00e8que nationale du Canada et \u00e0 la Biblioth\u00e8que de Statistique Canada, elle s\u2019est jointe \u00e0 la biblioth\u00e8que de l\u2019Universit\u00e9 d\u2019Ottawa \u00e0 titre de biblioth\u00e9caire universitaire adjointe avant d\u2019occuper le poste de biblioth\u00e9caire universitaire durant trois mandats.<\/p>\n<p>\u00c0 titre de biblioth\u00e9caire universitaire, M<sup>me<\/sup>\u00a0Weir a supervis\u00e9 le premier plan strat\u00e9gique pour la biblioth\u00e8que et s\u2019en est servi pour aider \u00e0 faire de celle-ci un partenaire strat\u00e9gique au sein de l\u2019\u00e9cosyst\u00e8me de recherche global. Elle a r\u00e9cemment \u00e9t\u00e9 nomm\u00e9e premi\u00e8re biblioth\u00e9caire universitaire \u00e0 pr\u00e9sider \u00e0 la table du doyen de l\u2019Universit\u00e9 d\u2019Ottawa, ce qui t\u00e9moigne du respect que lui portent les dirigeants universitaires qui sont les plus engag\u00e9s dans la promotion de la recherche. Elle a \u00e9galement jou\u00e9 un r\u00f4le d\u00e9terminant dans la fondation de l\u2019\u00c9cole bilingue des sciences de l\u2019information de l\u2019Universit\u00e9 d\u2019Ottawa, o\u00f9 elle enseigne.<\/p>\n<p>Dans sa lettre de mise en candidature, Larry\u00a0Alford, biblioth\u00e9caire en chef \u00e0 l\u2019Universit\u00e9 de Toronto, a \u00e9crit\u00a0: \u00ab\u00a0Les coll\u00e8gues de M<sup>me<\/sup>\u00a0Weir affirment qu\u2019elle a transform\u00e9 la culture de la biblioth\u00e8que de l\u2019Universit\u00e9 d\u2019Ottawa, qui est pass\u00e9e d\u2019une organisation ax\u00e9e sur les processus et les r\u00e8gles \u00e0 une unit\u00e9 engag\u00e9e, avant-gardiste et ax\u00e9e sur les services. Je crois qu\u2019elle a fait de m\u00eame pour de nombreuses organisations d\u2019enseignement sup\u00e9rieur et de biblioth\u00e8ques au Canada.\u00a0\u00bb<\/p>\n<p>M<sup>me<\/sup>\u00a0Weir a \u00e9galement apport\u00e9 de nombreuses contributions \u00e0 l\u2019\u00e9chelle provinciale et nationale aux biblioth\u00e8ques de recherche. Elle a jou\u00e9 un r\u00f4le de premier plan dans la mise en \u0153uvre du Scholars Portal en 2002, \u00e0 titre de pr\u00e9sidente du Comit\u00e9 des op\u00e9rations et du d\u00e9veloppement du Scholars Portal, de sa cr\u00e9ation jusqu\u2019en 2010. Elle a \u00e9t\u00e9 \u00e9lue pr\u00e9sidente du Conseil des biblioth\u00e8ques universitaires de l\u2019Ontario (OCUL) de 2010 \u00e0 2012, pr\u00e9sidente de Canadiana.org de 2012 \u00e0 2016 (supervisant le lancement du projet H\u00e9ritage, en collaboration avec Biblioth\u00e8que et Archives Canada), et pr\u00e9sidente de l\u2019Association des biblioth\u00e8ques de l\u2019Ontario (OLA) en 2017.<\/p>\n<p>\u00c9tant l\u2019une des fondatrices du R\u00e9seau canadien de documentation pour la recherche (RCDR), M<sup>me<\/sup>\u00a0Weir a \u00e9t\u00e9 membre du Conseil d\u2019administration de celui-ci de 2001 \u00e0 2009, puis de 2011 \u00e0 2015, en plus d\u2019avoir \u00e9t\u00e9 chercheuse principale de l\u2019Initiative de contenu num\u00e9rique, projet du RCDR financ\u00e9 par la Fondation canadienne pour l\u2019innovation (FCI). Elle a \u00e9galement si\u00e9g\u00e9 au premier Comit\u00e9 directeur pour le Projet canadien de licences de site nationales (PCLSN) ainsi qu\u2019aux conseils d\u2019administration du Centre des biblioth\u00e8ques de recherche, du Council on Library and Information Services, de l\u2019Association des biblioth\u00e8ques de recherche du Canada (ABRC) et de la F\u00e9d\u00e9ration internationale des associations de biblioth\u00e9caires et d\u2019institutions (IFLA).<\/p>\n<p>M<sup>me<\/sup>\u00a0Weir a \u00e9t\u00e9 pr\u00e9sidente de l\u2019ABRC de 2007 \u00e0 2009 et membre active du Comit\u00e9 du droit d\u2019auteur, du Comit\u00e9 des politiques et de nombreux autres comit\u00e9s de l\u2019ABRC au fil des ans.<\/p>\n<p>Jonathan\u00a0Bengtson, biblioth\u00e9caire universitaire \u00e0 l\u2019Universit\u00e9 de Victoria, a soulign\u00e9 que M<sup>me<\/sup>\u00a0Weir \u00ab\u00a0poss\u00e8de une capacit\u00e9 remarquable de r\u00e9seautage qui lui permet d\u2019orienter et d\u2019encadrer en douceur de nombreux coll\u00e8gues, ainsi que de mettre en relation des personnes. L\u2019ABRC fait partie des organisations qui ont b\u00e9n\u00e9fici\u00e9 de ses man\u0153uvres bienfaisantes.\u00a0\u00bb<\/p>\n<p>Dans les nombreuses lettres re\u00e7ues \u00e0 l\u2019appui de la nomination de M<sup>me<\/sup>\u00a0Weir, ses coll\u00e8gues se sont empress\u00e9s de souligner ses nombreuses qualit\u00e9s personnelles.\u00a0 Colleen Cook, doyenne Trenholme des biblioth\u00e8ques de l\u2019Universit\u00e9 McGill, est revenue sur ses premi\u00e8res rencontres avec M<sup>me<\/sup>\u00a0Weir. M<sup>me<\/sup> Cook a racont\u00e9 \u00e0 quel point elle a \u00e9t\u00e9 frapp\u00e9e au d\u00e9part par son intelligence, sa chaleur et sa fiabilit\u00e9, et a soulign\u00e9 que \u00ab\u00a0lorsque M<sup>me<\/sup>\u00a0Weir prend la parole, les gens l\u2019\u00e9coutent parce qu\u2019ils ont <em>confiance<\/em> en ce qu\u2019elle dit\u00a0\u00bb.<\/p>\n<p>Au sujet de son long mentorat au Northern Exposure to Leadership Institute (NELI), Mary-Jo\u00a0Romaniuk, biblioth\u00e9caire universitaire \u00e0 l\u2019Universit\u00e9 du Manitoba, a d\u00e9clar\u00e9\u00a0: \u00ab\u00a0Leslie a donn\u00e9 de son temps gratuitement, en offrant des conseils avis\u00e9s et judicieux, de l\u2019empathie et un soutien continu au perfectionnement professionnel \u00e0 des centaines de futurs leaders et, ce faisant, a sans aucun doute influenc\u00e9 de mani\u00e8re positive la carri\u00e8re de tous ceux et celles qui ont eu la chance d\u2019avoir crois\u00e9 son chemin.\u00a0\u00bb Elle ajoute que \u00ab\u00a0Leslie a vraiment incarn\u00e9 toutes les caract\u00e9ristiques et tous les comportements que l\u2019on associe \u00e0 un vrai leader, c\u2019est-\u00e0-dire la vision, la recherche de possibilit\u00e9s, la direction du changement, la communication et la motivation, la transmission de l\u2019influence, le r\u00e9seautage professionnel ainsi que la participation au service professionnel\u00a0\u00bb.<\/p>\n<p>Au cours de la pr\u00e9sentation, Donna Bourne-Tyson, biblioth\u00e9caire \u00e0 l\u2019Universit\u00e9 Dalhousie et pr\u00e9sidente de l\u2019ABRC, a soulign\u00e9 que M<sup>me<\/sup>\u00a0Weir est \u00e9galement laur\u00e9ate du Prix Ken-Haycock pour la promotion de la biblioth\u00e9conomie de l\u2019Association canadienne des biblioth\u00e8ques, du Prix de reconnaissance pour services exceptionnels Ron-MacDonald d\u00e9cern\u00e9 par le RCDR et du Prix d\u2019excellence pour l\u2019ensemble des r\u00e9alisations remis par l\u2019OCUL.<\/p>\n<p>En reconnaissance de ses nombreuses contributions, l\u2019ABRC est tr\u00e8s heureuse de remettre \u00e0 Leslie\u00a0Weir le Prix de l\u2019ABRC pour services \u00e9minents rendus aux biblioth\u00e8ques de recherche\u00a0de 2018.<\/p>\n<p>Nous remercions ProQuest pour son soutien g\u00e9n\u00e9reux et continu au Prix de l\u2019ABRC.<\/p>\n","protected":false},"excerpt":{"rendered":"<p>Montr\u00e9al, le 7\u00a0novembre\u00a02018 \u2013 Aujourd\u2019hui, l\u2019Association des biblioth\u00e8ques de recherche du Canada (ABRC) a rendu hommage \u00e0 Leslie\u00a0Weir en lui d\u00e9cernant le Prix pour services \u00e9minents rendus aux biblioth\u00e8ques de [&hellip;]<\/p>\n","protected":false},"author":63,"featured_media":0,"comment_status":"closed","ping_status":"open","sticky":false,"template":"","format":"standard","meta":{"_acf_changed":false,"_EventAllDay":false,"_EventTimezone":"","_EventStartDate":"","_EventEndDate":"","_EventStartDateUTC":"","_EventEndDateUTC":"","_EventShowMap":false,"_EventShowMapLink":false,"_EventURL":"","_EventCost":"","_EventCostDescription":"","_EventCurrencySymbol":"","_EventCurrencyCode":"","_EventCurrencyPosition":"","_EventDateTimeSeparator":"","_EventTimeRangeSeparator":"","_EventOrganizerID":[],"_EventVenueID":[],"_OrganizerEmail":"","_OrganizerPhone":"","_OrganizerWebsite":"","_VenueAddress":"","_VenueCity":"","_VenueCountry":"","_VenueProvince":"","_VenueState":"","_VenueZip":"","_VenuePhone":"","_VenueURL":"","_VenueStateProvince":"","_VenueLat":"","_VenueLng":"","_VenueShowMap":false,"_VenueShowMapLink":false,"footnotes":""},"categories":[2],"tags":[],"class_list":["post-8245","post","type-post","status-publish","format-standard","hentry","category-nouvelles"],"acf":[],"yoast_head":"<!-- This site is optimized with the Yoast SEO plugin v27.4 - https:\/\/yoast.com\/product\/yoast-seo-wordpress\/ -->\n<title>L\u2019ABRC rend hommage \u00e0 Leslie Weir en lui d\u00e9cernant le Prix pour services \u00e9minents rendus aux biblioth\u00e8ques de recherche - Association des biblioth\u00e8ques de recherche du Canada<\/title>\n<meta name=\"robots\" content=\"index, follow, max-snippet:-1, max-image-preview:large, max-video-preview:-1\" \/>\n<link rel=\"canonical\" href=\"https:\/\/www.carl-abrc.ca\/fr\/nouvelles\/labrc-rend-hommage-a-leslie-weir-en-lui-decernant-le-prix-pour-services-eminents-rendus-aux-bibliotheques-de-recherche\/\" \/>\n<meta property=\"og:locale\" content=\"fr_FR\" \/>\n<meta property=\"og:type\" content=\"article\" \/>\n<meta property=\"og:title\" content=\"L\u2019ABRC rend hommage \u00e0 Leslie Weir en lui d\u00e9cernant le Prix pour services \u00e9minents rendus aux biblioth\u00e8ques de recherche - Association des biblioth\u00e8ques de recherche du Canada\" \/>\n<meta property=\"og:description\" content=\"Montr\u00e9al, le 7\u00a0novembre\u00a02018 \u2013 Aujourd\u2019hui, l\u2019Association des biblioth\u00e8ques de recherche du Canada (ABRC) a rendu hommage \u00e0 Leslie\u00a0Weir en lui d\u00e9cernant le Prix pour services \u00e9minents rendus aux biblioth\u00e8ques de [&hellip;]\" \/>\n<meta property=\"og:url\" content=\"https:\/\/www.carl-abrc.ca\/fr\/nouvelles\/labrc-rend-hommage-a-leslie-weir-en-lui-decernant-le-prix-pour-services-eminents-rendus-aux-bibliotheques-de-recherche\/\" \/>\n<meta property=\"og:site_name\" content=\"Association des biblioth\u00e8ques de recherche du Canada\" \/>\n<meta property=\"article:published_time\" content=\"2018-11-08T16:50:23+00:00\" \/>\n<meta property=\"article:modified_time\" content=\"2018-11-08T16:55:32+00:00\" \/>\n<meta property=\"og:image\" content=\"http:\/\/www.carl-abrc.ca\/wp-content\/uploads\/2018\/11\/DSC_0103-1024x683.jpg\" \/>\n<meta name=\"author\" content=\"Julie Morin\" \/>\n<meta name=\"twitter:label1\" content=\"\u00c9crit par\" \/>\n\t<meta name=\"twitter:data1\" content=\"Julie Morin\" \/>\n\t<meta name=\"twitter:label2\" content=\"Dur\u00e9e de lecture estim\u00e9e\" \/>\n\t<meta name=\"twitter:data2\" content=\"5 minutes\" \/>\n<script type=\"application\/ld+json\" class=\"yoast-schema-graph\">{\"@context\":\"https:\\\/\\\/schema.org\",\"@graph\":[{\"@type\":\"Article\",\"@id\":\"https:\\\/\\\/www.carl-abrc.ca\\\/fr\\\/nouvelles\\\/labrc-rend-hommage-a-leslie-weir-en-lui-decernant-le-prix-pour-services-eminents-rendus-aux-bibliotheques-de-recherche\\\/#article\",\"isPartOf\":{\"@id\":\"https:\\\/\\\/www.carl-abrc.ca\\\/fr\\\/nouvelles\\\/labrc-rend-hommage-a-leslie-weir-en-lui-decernant-le-prix-pour-services-eminents-rendus-aux-bibliotheques-de-recherche\\\/\"},\"author\":{\"name\":\"Julie Morin\",\"@id\":\"https:\\\/\\\/www.carl-abrc.ca\\\/fr\\\/#\\\/schema\\\/person\\\/d9b6bfb73c89f6e9eafbd338013764ed\"},\"headline\":\"L\u2019ABRC rend hommage \u00e0 Leslie Weir en lui d\u00e9cernant le Prix pour services \u00e9minents rendus aux biblioth\u00e8ques de recherche\",\"datePublished\":\"2018-11-08T16:50:23+00:00\",\"dateModified\":\"2018-11-08T16:55:32+00:00\",\"mainEntityOfPage\":{\"@id\":\"https:\\\/\\\/www.carl-abrc.ca\\\/fr\\\/nouvelles\\\/labrc-rend-hommage-a-leslie-weir-en-lui-decernant-le-prix-pour-services-eminents-rendus-aux-bibliotheques-de-recherche\\\/\"},\"wordCount\":1107,\"publisher\":{\"@id\":\"https:\\\/\\\/www.carl-abrc.ca\\\/fr\\\/#organization\"},\"image\":{\"@id\":\"https:\\\/\\\/www.carl-abrc.ca\\\/fr\\\/nouvelles\\\/labrc-rend-hommage-a-leslie-weir-en-lui-decernant-le-prix-pour-services-eminents-rendus-aux-bibliotheques-de-recherche\\\/#primaryimage\"},\"thumbnailUrl\":\"http:\\\/\\\/www.carl-abrc.ca\\\/wp-content\\\/uploads\\\/2018\\\/11\\\/DSC_0103-1024x683.jpg\",\"articleSection\":[\"Nouvelles\"],\"inLanguage\":\"fr-FR\"},{\"@type\":\"WebPage\",\"@id\":\"https:\\\/\\\/www.carl-abrc.ca\\\/fr\\\/nouvelles\\\/labrc-rend-hommage-a-leslie-weir-en-lui-decernant-le-prix-pour-services-eminents-rendus-aux-bibliotheques-de-recherche\\\/\",\"url\":\"https:\\\/\\\/www.carl-abrc.ca\\\/fr\\\/nouvelles\\\/labrc-rend-hommage-a-leslie-weir-en-lui-decernant-le-prix-pour-services-eminents-rendus-aux-bibliotheques-de-recherche\\\/\",\"name\":\"L\u2019ABRC rend hommage \u00e0 Leslie Weir en lui d\u00e9cernant le Prix pour services \u00e9minents rendus aux biblioth\u00e8ques de recherche - Association des biblioth\u00e8ques de recherche du Canada\",\"isPartOf\":{\"@id\":\"https:\\\/\\\/www.carl-abrc.ca\\\/fr\\\/#website\"},\"primaryImageOfPage\":{\"@id\":\"https:\\\/\\\/www.carl-abrc.ca\\\/fr\\\/nouvelles\\\/labrc-rend-hommage-a-leslie-weir-en-lui-decernant-le-prix-pour-services-eminents-rendus-aux-bibliotheques-de-recherche\\\/#primaryimage\"},\"image\":{\"@id\":\"https:\\\/\\\/www.carl-abrc.ca\\\/fr\\\/nouvelles\\\/labrc-rend-hommage-a-leslie-weir-en-lui-decernant-le-prix-pour-services-eminents-rendus-aux-bibliotheques-de-recherche\\\/#primaryimage\"},\"thumbnailUrl\":\"http:\\\/\\\/www.carl-abrc.ca\\\/wp-content\\\/uploads\\\/2018\\\/11\\\/DSC_0103-1024x683.jpg\",\"datePublished\":\"2018-11-08T16:50:23+00:00\",\"dateModified\":\"2018-11-08T16:55:32+00:00\",\"breadcrumb\":{\"@id\":\"https:\\\/\\\/www.carl-abrc.ca\\\/fr\\\/nouvelles\\\/labrc-rend-hommage-a-leslie-weir-en-lui-decernant-le-prix-pour-services-eminents-rendus-aux-bibliotheques-de-recherche\\\/#breadcrumb\"},\"inLanguage\":\"fr-FR\",\"potentialAction\":[{\"@type\":\"ReadAction\",\"target\":[\"https:\\\/\\\/www.carl-abrc.ca\\\/fr\\\/nouvelles\\\/labrc-rend-hommage-a-leslie-weir-en-lui-decernant-le-prix-pour-services-eminents-rendus-aux-bibliotheques-de-recherche\\\/\"]}]},{\"@type\":\"ImageObject\",\"inLanguage\":\"fr-FR\",\"@id\":\"https:\\\/\\\/www.carl-abrc.ca\\\/fr\\\/nouvelles\\\/labrc-rend-hommage-a-leslie-weir-en-lui-decernant-le-prix-pour-services-eminents-rendus-aux-bibliotheques-de-recherche\\\/#primaryimage\",\"url\":\"http:\\\/\\\/www.carl-abrc.ca\\\/wp-content\\\/uploads\\\/2018\\\/11\\\/DSC_0103-1024x683.jpg\",\"contentUrl\":\"http:\\\/\\\/www.carl-abrc.ca\\\/wp-content\\\/uploads\\\/2018\\\/11\\\/DSC_0103-1024x683.jpg\"},{\"@type\":\"BreadcrumbList\",\"@id\":\"https:\\\/\\\/www.carl-abrc.ca\\\/fr\\\/nouvelles\\\/labrc-rend-hommage-a-leslie-weir-en-lui-decernant-le-prix-pour-services-eminents-rendus-aux-bibliotheques-de-recherche\\\/#breadcrumb\",\"itemListElement\":[{\"@type\":\"ListItem\",\"position\":1,\"name\":\"Accueil\",\"item\":\"https:\\\/\\\/www.carl-abrc.ca\\\/fr\\\/home-3\\\/\"},{\"@type\":\"ListItem\",\"position\":2,\"name\":\"L\u2019ABRC rend hommage \u00e0 Leslie Weir en lui d\u00e9cernant le Prix pour services \u00e9minents rendus aux biblioth\u00e8ques de recherche\"}]},{\"@type\":\"WebSite\",\"@id\":\"https:\\\/\\\/www.carl-abrc.ca\\\/fr\\\/#website\",\"url\":\"https:\\\/\\\/www.carl-abrc.ca\\\/fr\\\/\",\"name\":\"Association des biblioth\u00e8ques de recherche du Canada\",\"description\":\"ABRC\",\"publisher\":{\"@id\":\"https:\\\/\\\/www.carl-abrc.ca\\\/fr\\\/#organization\"},\"potentialAction\":[{\"@type\":\"SearchAction\",\"target\":{\"@type\":\"EntryPoint\",\"urlTemplate\":\"https:\\\/\\\/www.carl-abrc.ca\\\/fr\\\/?s={search_term_string}\"},\"query-input\":{\"@type\":\"PropertyValueSpecification\",\"valueRequired\":true,\"valueName\":\"search_term_string\"}}],\"inLanguage\":\"fr-FR\"},{\"@type\":\"Organization\",\"@id\":\"https:\\\/\\\/www.carl-abrc.ca\\\/fr\\\/#organization\",\"name\":\"Association des biblioth\u00e8ques de recherche du Canada\",\"url\":\"https:\\\/\\\/www.carl-abrc.ca\\\/fr\\\/\",\"logo\":{\"@type\":\"ImageObject\",\"inLanguage\":\"fr-FR\",\"@id\":\"https:\\\/\\\/www.carl-abrc.ca\\\/fr\\\/#\\\/schema\\\/logo\\\/image\\\/\",\"url\":\"https:\\\/\\\/www.carl-abrc.ca\\\/wp-content\\\/uploads\\\/2024\\\/07\\\/cropped-Stacked_Colour_L.png\",\"contentUrl\":\"https:\\\/\\\/www.carl-abrc.ca\\\/wp-content\\\/uploads\\\/2024\\\/07\\\/cropped-Stacked_Colour_L.png\",\"width\":641,\"height\":250,\"caption\":\"Association des biblioth\u00e8ques de recherche du Canada\"},\"image\":{\"@id\":\"https:\\\/\\\/www.carl-abrc.ca\\\/fr\\\/#\\\/schema\\\/logo\\\/image\\\/\"},\"sameAs\":[\"https:\\\/\\\/x.com\\\/carlabrc\"]},{\"@type\":\"Person\",\"@id\":\"https:\\\/\\\/www.carl-abrc.ca\\\/fr\\\/#\\\/schema\\\/person\\\/d9b6bfb73c89f6e9eafbd338013764ed\",\"name\":\"Julie Morin\",\"image\":{\"@type\":\"ImageObject\",\"inLanguage\":\"fr-FR\",\"@id\":\"https:\\\/\\\/secure.gravatar.com\\\/avatar\\\/8f563df894a5ea8e4663aea014d75f7ff272a49a318995c22006e48ba2fca63e?s=96&d=mm&r=g\",\"url\":\"https:\\\/\\\/secure.gravatar.com\\\/avatar\\\/8f563df894a5ea8e4663aea014d75f7ff272a49a318995c22006e48ba2fca63e?s=96&d=mm&r=g\",\"contentUrl\":\"https:\\\/\\\/secure.gravatar.com\\\/avatar\\\/8f563df894a5ea8e4663aea014d75f7ff272a49a318995c22006e48ba2fca63e?s=96&d=mm&r=g\",\"caption\":\"Julie Morin\"},\"url\":\"https:\\\/\\\/www.carl-abrc.ca\\\/fr\\\/author\\\/julie\\\/\"}]}<\/script>\n<!-- \/ Yoast SEO plugin. -->","yoast_head_json":{"title":"L\u2019ABRC rend hommage \u00e0 Leslie Weir en lui d\u00e9cernant le Prix pour services \u00e9minents rendus aux biblioth\u00e8ques de recherche - Association des biblioth\u00e8ques de recherche du Canada","robots":{"index":"index","follow":"follow","max-snippet":"max-snippet:-1","max-image-preview":"max-image-preview:large","max-video-preview":"max-video-preview:-1"},"canonical":"https:\/\/www.carl-abrc.ca\/fr\/nouvelles\/labrc-rend-hommage-a-leslie-weir-en-lui-decernant-le-prix-pour-services-eminents-rendus-aux-bibliotheques-de-recherche\/","og_locale":"fr_FR","og_type":"article","og_title":"L\u2019ABRC rend hommage \u00e0 Leslie Weir en lui d\u00e9cernant le Prix pour services \u00e9minents rendus aux biblioth\u00e8ques de recherche - Association des biblioth\u00e8ques de recherche du Canada","og_description":"Montr\u00e9al, le 7\u00a0novembre\u00a02018 \u2013 Aujourd\u2019hui, l\u2019Association des biblioth\u00e8ques de recherche du Canada (ABRC) a rendu hommage \u00e0 Leslie\u00a0Weir en lui d\u00e9cernant le Prix pour services \u00e9minents rendus aux biblioth\u00e8ques de [&hellip;]","og_url":"https:\/\/www.carl-abrc.ca\/fr\/nouvelles\/labrc-rend-hommage-a-leslie-weir-en-lui-decernant-le-prix-pour-services-eminents-rendus-aux-bibliotheques-de-recherche\/","og_site_name":"Association des biblioth\u00e8ques de recherche du Canada","article_published_time":"2018-11-08T16:50:23+00:00","article_modified_time":"2018-11-08T16:55:32+00:00","og_image":[{"url":"http:\/\/www.carl-abrc.ca\/wp-content\/uploads\/2018\/11\/DSC_0103-1024x683.jpg","type":"","width":"","height":""}],"author":"Julie Morin","twitter_misc":{"\u00c9crit par":"Julie Morin","Dur\u00e9e de lecture estim\u00e9e":"5 minutes"},"schema":{"@context":"https:\/\/schema.org","@graph":[{"@type":"Article","@id":"https:\/\/www.carl-abrc.ca\/fr\/nouvelles\/labrc-rend-hommage-a-leslie-weir-en-lui-decernant-le-prix-pour-services-eminents-rendus-aux-bibliotheques-de-recherche\/#article","isPartOf":{"@id":"https:\/\/www.carl-abrc.ca\/fr\/nouvelles\/labrc-rend-hommage-a-leslie-weir-en-lui-decernant-le-prix-pour-services-eminents-rendus-aux-bibliotheques-de-recherche\/"},"author":{"name":"Julie Morin","@id":"https:\/\/www.carl-abrc.ca\/fr\/#\/schema\/person\/d9b6bfb73c89f6e9eafbd338013764ed"},"headline":"L\u2019ABRC rend hommage \u00e0 Leslie Weir en lui d\u00e9cernant le Prix pour services \u00e9minents rendus aux biblioth\u00e8ques de recherche","datePublished":"2018-11-08T16:50:23+00:00","dateModified":"2018-11-08T16:55:32+00:00","mainEntityOfPage":{"@id":"https:\/\/www.carl-abrc.ca\/fr\/nouvelles\/labrc-rend-hommage-a-leslie-weir-en-lui-decernant-le-prix-pour-services-eminents-rendus-aux-bibliotheques-de-recherche\/"},"wordCount":1107,"publisher":{"@id":"https:\/\/www.carl-abrc.ca\/fr\/#organization"},"image":{"@id":"https:\/\/www.carl-abrc.ca\/fr\/nouvelles\/labrc-rend-hommage-a-leslie-weir-en-lui-decernant-le-prix-pour-services-eminents-rendus-aux-bibliotheques-de-recherche\/#primaryimage"},"thumbnailUrl":"http:\/\/www.carl-abrc.ca\/wp-content\/uploads\/2018\/11\/DSC_0103-1024x683.jpg","articleSection":["Nouvelles"],"inLanguage":"fr-FR"},{"@type":"WebPage","@id":"https:\/\/www.carl-abrc.ca\/fr\/nouvelles\/labrc-rend-hommage-a-leslie-weir-en-lui-decernant-le-prix-pour-services-eminents-rendus-aux-bibliotheques-de-recherche\/","url":"https:\/\/www.carl-abrc.ca\/fr\/nouvelles\/labrc-rend-hommage-a-leslie-weir-en-lui-decernant-le-prix-pour-services-eminents-rendus-aux-bibliotheques-de-recherche\/","name":"L\u2019ABRC rend hommage \u00e0 Leslie Weir en lui d\u00e9cernant le Prix pour services \u00e9minents rendus aux biblioth\u00e8ques de recherche - Association des biblioth\u00e8ques de recherche du Canada","isPartOf":{"@id":"https:\/\/www.carl-abrc.ca\/fr\/#website"},"primaryImageOfPage":{"@id":"https:\/\/www.carl-abrc.ca\/fr\/nouvelles\/labrc-rend-hommage-a-leslie-weir-en-lui-decernant-le-prix-pour-services-eminents-rendus-aux-bibliotheques-de-recherche\/#primaryimage"},"image":{"@id":"https:\/\/www.carl-abrc.ca\/fr\/nouvelles\/labrc-rend-hommage-a-leslie-weir-en-lui-decernant-le-prix-pour-services-eminents-rendus-aux-bibliotheques-de-recherche\/#primaryimage"},"thumbnailUrl":"http:\/\/www.carl-abrc.ca\/wp-content\/uploads\/2018\/11\/DSC_0103-1024x683.jpg","datePublished":"2018-11-08T16:50:23+00:00","dateModified":"2018-11-08T16:55:32+00:00","breadcrumb":{"@id":"https:\/\/www.carl-abrc.ca\/fr\/nouvelles\/labrc-rend-hommage-a-leslie-weir-en-lui-decernant-le-prix-pour-services-eminents-rendus-aux-bibliotheques-de-recherche\/#breadcrumb"},"inLanguage":"fr-FR","potentialAction":[{"@type":"ReadAction","target":["https:\/\/www.carl-abrc.ca\/fr\/nouvelles\/labrc-rend-hommage-a-leslie-weir-en-lui-decernant-le-prix-pour-services-eminents-rendus-aux-bibliotheques-de-recherche\/"]}]},{"@type":"ImageObject","inLanguage":"fr-FR","@id":"https:\/\/www.carl-abrc.ca\/fr\/nouvelles\/labrc-rend-hommage-a-leslie-weir-en-lui-decernant-le-prix-pour-services-eminents-rendus-aux-bibliotheques-de-recherche\/#primaryimage","url":"http:\/\/www.carl-abrc.ca\/wp-content\/uploads\/2018\/11\/DSC_0103-1024x683.jpg","contentUrl":"http:\/\/www.carl-abrc.ca\/wp-content\/uploads\/2018\/11\/DSC_0103-1024x683.jpg"},{"@type":"BreadcrumbList","@id":"https:\/\/www.carl-abrc.ca\/fr\/nouvelles\/labrc-rend-hommage-a-leslie-weir-en-lui-decernant-le-prix-pour-services-eminents-rendus-aux-bibliotheques-de-recherche\/#breadcrumb","itemListElement":[{"@type":"ListItem","position":1,"name":"Accueil","item":"https:\/\/www.carl-abrc.ca\/fr\/home-3\/"},{"@type":"ListItem","position":2,"name":"L\u2019ABRC rend hommage \u00e0 Leslie Weir en lui d\u00e9cernant le Prix pour services \u00e9minents rendus aux biblioth\u00e8ques de recherche"}]},{"@type":"WebSite","@id":"https:\/\/www.carl-abrc.ca\/fr\/#website","url":"https:\/\/www.carl-abrc.ca\/fr\/","name":"Association des biblioth\u00e8ques de recherche du Canada","description":"ABRC","publisher":{"@id":"https:\/\/www.carl-abrc.ca\/fr\/#organization"},"potentialAction":[{"@type":"SearchAction","target":{"@type":"EntryPoint","urlTemplate":"https:\/\/www.carl-abrc.ca\/fr\/?s={search_term_string}"},"query-input":{"@type":"PropertyValueSpecification","valueRequired":true,"valueName":"search_term_string"}}],"inLanguage":"fr-FR"},{"@type":"Organization","@id":"https:\/\/www.carl-abrc.ca\/fr\/#organization","name":"Association des biblioth\u00e8ques de recherche du Canada","url":"https:\/\/www.carl-abrc.ca\/fr\/","logo":{"@type":"ImageObject","inLanguage":"fr-FR","@id":"https:\/\/www.carl-abrc.ca\/fr\/#\/schema\/logo\/image\/","url":"https:\/\/www.carl-abrc.ca\/wp-content\/uploads\/2024\/07\/cropped-Stacked_Colour_L.png","contentUrl":"https:\/\/www.carl-abrc.ca\/wp-content\/uploads\/2024\/07\/cropped-Stacked_Colour_L.png","width":641,"height":250,"caption":"Association des biblioth\u00e8ques de recherche du Canada"},"image":{"@id":"https:\/\/www.carl-abrc.ca\/fr\/#\/schema\/logo\/image\/"},"sameAs":["https:\/\/x.com\/carlabrc"]},{"@type":"Person","@id":"https:\/\/www.carl-abrc.ca\/fr\/#\/schema\/person\/d9b6bfb73c89f6e9eafbd338013764ed","name":"Julie Morin","image":{"@type":"ImageObject","inLanguage":"fr-FR","@id":"https:\/\/secure.gravatar.com\/avatar\/8f563df894a5ea8e4663aea014d75f7ff272a49a318995c22006e48ba2fca63e?s=96&d=mm&r=g","url":"https:\/\/secure.gravatar.com\/avatar\/8f563df894a5ea8e4663aea014d75f7ff272a49a318995c22006e48ba2fca63e?s=96&d=mm&r=g","contentUrl":"https:\/\/secure.gravatar.com\/avatar\/8f563df894a5ea8e4663aea014d75f7ff272a49a318995c22006e48ba2fca63e?s=96&d=mm&r=g","caption":"Julie Morin"},"url":"https:\/\/www.carl-abrc.ca\/fr\/author\/julie\/"}]}},"_links":{"self":[{"href":"https:\/\/www.carl-abrc.ca\/fr\/wp-json\/wp\/v2\/posts\/8245","targetHints":{"allow":["GET"]}}],"collection":[{"href":"https:\/\/www.carl-abrc.ca\/fr\/wp-json\/wp\/v2\/posts"}],"about":[{"href":"https:\/\/www.carl-abrc.ca\/fr\/wp-json\/wp\/v2\/types\/post"}],"author":[{"embeddable":true,"href":"https:\/\/www.carl-abrc.ca\/fr\/wp-json\/wp\/v2\/users\/63"}],"replies":[{"embeddable":true,"href":"https:\/\/www.carl-abrc.ca\/fr\/wp-json\/wp\/v2\/comments?post=8245"}],"version-history":[{"count":0,"href":"https:\/\/www.carl-abrc.ca\/fr\/wp-json\/wp\/v2\/posts\/8245\/revisions"}],"wp:attachment":[{"href":"https:\/\/www.carl-abrc.ca\/fr\/wp-json\/wp\/v2\/media?parent=8245"}],"wp:term":[{"taxonomy":"category","embeddable":true,"href":"https:\/\/www.carl-abrc.ca\/fr\/wp-json\/wp\/v2\/categories?post=8245"},{"taxonomy":"post_tag","embeddable":true,"href":"https:\/\/www.carl-abrc.ca\/fr\/wp-json\/wp\/v2\/tags?post=8245"}],"curies":[{"name":"wp","href":"https:\/\/api.w.org\/{rel}","templated":true}]}}