{"id":8416,"date":"2018-11-21T08:40:35","date_gmt":"2018-11-21T13:40:35","guid":{"rendered":"http:\/\/www.carl-abrc.ca\/?p=8416"},"modified":"2018-11-21T08:40:35","modified_gmt":"2018-11-21T13:40:35","slug":"appel-de-manifestations-dinteret-a-participer-au-comite-de-programmation-de-latelier-des-bibliotheques-canadiennes-sur-levaluation-en-2019","status":"publish","type":"post","link":"https:\/\/www.carl-abrc.ca\/fr\/nouvelles\/appel-de-manifestations-dinteret-a-participer-au-comite-de-programmation-de-latelier-des-bibliotheques-canadiennes-sur-levaluation-en-2019\/","title":{"rendered":"Appel de manifestations d\u2019int\u00e9r\u00eat \u00e0 participer au Comit\u00e9 de programmation de l&rsquo;Atelier des biblioth\u00e8ques canadiennes sur l&rsquo;\u00e9valuation en 2019"},"content":{"rendered":"<p>Le Groupe de travail sur l\u2019\u00e9ducation continue du Comit\u00e9 sur l\u2019\u00e9valuation de l\u2019Association des biblioth\u00e8ques de recherche du Canada (ABRC) est \u00e0 la recherche de manifestations d\u2019int\u00e9r\u00eat \u00e0 participer au Comit\u00e9 de\u00a0programmation de l&rsquo;Atelier des biblioth\u00e8ques canadiennes sur l\u2019\u00e9valuation, qui se tiendra en 22-24 octobre 2019 \u00e0 University of Windsor.<\/p>\n<p>L&rsquo;atelier biennal des biblioth\u00e8ques canadiennes sur l&rsquo;\u00e9valuation avance la mission de l&rsquo;ABRC de soutenir et de d\u00e9velopper des mesures de rendement fond\u00e9es sur les r\u00e9sultats, afin de d\u00e9montrer l&rsquo;impact des biblioth\u00e8ques sur la recherche, l&rsquo;enseignement et l&rsquo;apprentissage. Cet atelier sera d\u00e9velopp\u00e9 pour int\u00e9resser une gamme de biblioth\u00e8ques universitaires et biblioth\u00e8ques de recherche engag\u00e9es dans l&rsquo;\u00e9valuation. Cette ann\u00e9e il se concentrera sur des m\u00e9thodes d&rsquo;\u00e9valuation qualitatives. Le\u00a0programme de l&rsquo;atelier comprend traditionnellement des s\u00e9ances de deux \u00e0 trois heures port\u00e9es sur les sujets d&rsquo;actualit\u00e9 qui int\u00e9ressent les biblioth\u00e9caires dans le domaine de l&rsquo;\u00e9valuation.<\/p>\n<p>Nous recherchons des participants pour former le Comit\u00e9 de\u00a0programmation de l&rsquo;atelier. En plus de professionnels de biblioth\u00e8ques, l\u2019ABRC appr\u00e9cierait la participation d\u2019autres membres du personnel personnes d\u00e9sireuses d\u2019appuyer l\u2019\u00e9valuation au sein des biblioth\u00e8ques de recherche. Un membre du Comit\u00e9 de\u00a0programmation si\u00e9gera \u00e0 titre d\u2019interm\u00e9diaire avec le Groupe de travail sur l&rsquo;\u00e9ducation continue de l&rsquo;ABRC qui supervisera la r\u00e9alisation de l&rsquo;Atelier des biblioth\u00e8ques canadiennes sur l&rsquo;\u00e9valuation.<\/p>\n<p>Si vous \u00eates int\u00e9ress\u00e9 par cette occasion, veuillez communiquer avec le directeur ou la directrice de biblioth\u00e8que de votre \u00e9tablissement et, s\u2019ils sont en accord, demandez-leur d&rsquo;envoyer votre candidature \u00e0 Sarah Wilkinson \u00e0 l\u2019ABRC (<a href=\"mailto:sarah.wilkinson@carl-abrc.ca\">sarah.wilkinson@carl-abrc.ca<\/a>\u00a0\u00a0613-482-9344 poste 105) d\u2019ici\u00a0<strong><u>le 26 novembre 2017<\/u><\/strong>.<\/p>\n","protected":false},"excerpt":{"rendered":"<p>Le Groupe de travail sur l\u2019\u00e9ducation continue du Comit\u00e9 sur l\u2019\u00e9valuation de l\u2019Association des biblioth\u00e8ques de recherche du Canada (ABRC) est \u00e0 la recherche de manifestations d\u2019int\u00e9r\u00eat \u00e0 participer au [&hellip;]<\/p>\n","protected":false},"author":63,"featured_media":0,"comment_status":"closed","ping_status":"closed","sticky":false,"template":"","format":"standard","meta":{"_acf_changed":false,"_EventAllDay":false,"_EventTimezone":"","_EventStartDate":"","_EventEndDate":"","_EventStartDateUTC":"","_EventEndDateUTC":"","_EventShowMap":false,"_EventShowMapLink":false,"_EventURL":"","_EventCost":"","_EventCostDescription":"","_EventCurrencySymbol":"","_EventCurrencyCode":"","_EventCurrencyPosition":"","_EventDateTimeSeparator":"","_EventTimeRangeSeparator":"","_EventOrganizerID":[],"_EventVenueID":[],"_OrganizerEmail":"","_OrganizerPhone":"","_OrganizerWebsite":"","_VenueAddress":"","_VenueCity":"","_VenueCountry":"","_VenueProvince":"","_VenueState":"","_VenueZip":"","_VenuePhone":"","_VenueURL":"","_VenueStateProvince":"","_VenueLat":"","_VenueLng":"","_VenueShowMap":false,"_VenueShowMapLink":false,"footnotes":""},"categories":[2],"tags":[],"class_list":["post-8416","post","type-post","status-publish","format-standard","hentry","category-nouvelles"],"acf":[],"yoast_head":"<!-- This site is optimized with the Yoast SEO plugin v27.4 - https:\/\/yoast.com\/product\/yoast-seo-wordpress\/ -->\n<title>Appel de manifestations d\u2019int\u00e9r\u00eat \u00e0 participer au Comit\u00e9 de programmation de l&#039;Atelier des biblioth\u00e8ques canadiennes sur l&#039;\u00e9valuation en 2019 - Association des biblioth\u00e8ques de recherche du Canada<\/title>\n<meta name=\"robots\" content=\"index, follow, max-snippet:-1, max-image-preview:large, max-video-preview:-1\" \/>\n<link rel=\"canonical\" href=\"https:\/\/www.carl-abrc.ca\/fr\/nouvelles\/appel-de-manifestations-dinteret-a-participer-au-comite-de-programmation-de-latelier-des-bibliotheques-canadiennes-sur-levaluation-en-2019\/\" \/>\n<meta property=\"og:locale\" content=\"fr_FR\" \/>\n<meta property=\"og:type\" content=\"article\" \/>\n<meta property=\"og:title\" content=\"Appel de manifestations d\u2019int\u00e9r\u00eat \u00e0 participer au Comit\u00e9 de programmation de l&#039;Atelier des biblioth\u00e8ques canadiennes sur l&#039;\u00e9valuation en 2019 - Association des biblioth\u00e8ques de recherche du Canada\" \/>\n<meta property=\"og:description\" content=\"Le Groupe de travail sur l\u2019\u00e9ducation continue du Comit\u00e9 sur l\u2019\u00e9valuation de l\u2019Association des biblioth\u00e8ques de recherche du Canada (ABRC) est \u00e0 la recherche de manifestations d\u2019int\u00e9r\u00eat \u00e0 participer au [&hellip;]\" \/>\n<meta property=\"og:url\" content=\"https:\/\/www.carl-abrc.ca\/fr\/nouvelles\/appel-de-manifestations-dinteret-a-participer-au-comite-de-programmation-de-latelier-des-bibliotheques-canadiennes-sur-levaluation-en-2019\/\" \/>\n<meta property=\"og:site_name\" content=\"Association des biblioth\u00e8ques de recherche du Canada\" \/>\n<meta property=\"article:published_time\" content=\"2018-11-21T13:40:35+00:00\" \/>\n<meta name=\"author\" content=\"Julie Morin\" \/>\n<meta name=\"twitter:label1\" content=\"\u00c9crit par\" \/>\n\t<meta name=\"twitter:data1\" content=\"Julie Morin\" \/>\n\t<meta name=\"twitter:label2\" content=\"Dur\u00e9e de lecture estim\u00e9e\" \/>\n\t<meta name=\"twitter:data2\" content=\"1 minute\" \/>\n<script type=\"application\/ld+json\" class=\"yoast-schema-graph\">{\"@context\":\"https:\\\/\\\/schema.org\",\"@graph\":[{\"@type\":\"Article\",\"@id\":\"https:\\\/\\\/www.carl-abrc.ca\\\/fr\\\/nouvelles\\\/appel-de-manifestations-dinteret-a-participer-au-comite-de-programmation-de-latelier-des-bibliotheques-canadiennes-sur-levaluation-en-2019\\\/#article\",\"isPartOf\":{\"@id\":\"https:\\\/\\\/www.carl-abrc.ca\\\/fr\\\/nouvelles\\\/appel-de-manifestations-dinteret-a-participer-au-comite-de-programmation-de-latelier-des-bibliotheques-canadiennes-sur-levaluation-en-2019\\\/\"},\"author\":{\"name\":\"Julie Morin\",\"@id\":\"https:\\\/\\\/www.carl-abrc.ca\\\/fr\\\/#\\\/schema\\\/person\\\/d9b6bfb73c89f6e9eafbd338013764ed\"},\"headline\":\"Appel de manifestations d\u2019int\u00e9r\u00eat \u00e0 participer au Comit\u00e9 de programmation de l&rsquo;Atelier des biblioth\u00e8ques canadiennes sur l&rsquo;\u00e9valuation en 2019\",\"datePublished\":\"2018-11-21T13:40:35+00:00\",\"mainEntityOfPage\":{\"@id\":\"https:\\\/\\\/www.carl-abrc.ca\\\/fr\\\/nouvelles\\\/appel-de-manifestations-dinteret-a-participer-au-comite-de-programmation-de-latelier-des-bibliotheques-canadiennes-sur-levaluation-en-2019\\\/\"},\"wordCount\":331,\"publisher\":{\"@id\":\"https:\\\/\\\/www.carl-abrc.ca\\\/fr\\\/#organization\"},\"articleSection\":[\"Nouvelles\"],\"inLanguage\":\"fr-FR\"},{\"@type\":\"WebPage\",\"@id\":\"https:\\\/\\\/www.carl-abrc.ca\\\/fr\\\/nouvelles\\\/appel-de-manifestations-dinteret-a-participer-au-comite-de-programmation-de-latelier-des-bibliotheques-canadiennes-sur-levaluation-en-2019\\\/\",\"url\":\"https:\\\/\\\/www.carl-abrc.ca\\\/fr\\\/nouvelles\\\/appel-de-manifestations-dinteret-a-participer-au-comite-de-programmation-de-latelier-des-bibliotheques-canadiennes-sur-levaluation-en-2019\\\/\",\"name\":\"Appel de manifestations d\u2019int\u00e9r\u00eat \u00e0 participer au Comit\u00e9 de programmation de l'Atelier des biblioth\u00e8ques canadiennes sur l'\u00e9valuation en 2019 - Association des biblioth\u00e8ques de recherche du Canada\",\"isPartOf\":{\"@id\":\"https:\\\/\\\/www.carl-abrc.ca\\\/fr\\\/#website\"},\"datePublished\":\"2018-11-21T13:40:35+00:00\",\"breadcrumb\":{\"@id\":\"https:\\\/\\\/www.carl-abrc.ca\\\/fr\\\/nouvelles\\\/appel-de-manifestations-dinteret-a-participer-au-comite-de-programmation-de-latelier-des-bibliotheques-canadiennes-sur-levaluation-en-2019\\\/#breadcrumb\"},\"inLanguage\":\"fr-FR\",\"potentialAction\":[{\"@type\":\"ReadAction\",\"target\":[\"https:\\\/\\\/www.carl-abrc.ca\\\/fr\\\/nouvelles\\\/appel-de-manifestations-dinteret-a-participer-au-comite-de-programmation-de-latelier-des-bibliotheques-canadiennes-sur-levaluation-en-2019\\\/\"]}]},{\"@type\":\"BreadcrumbList\",\"@id\":\"https:\\\/\\\/www.carl-abrc.ca\\\/fr\\\/nouvelles\\\/appel-de-manifestations-dinteret-a-participer-au-comite-de-programmation-de-latelier-des-bibliotheques-canadiennes-sur-levaluation-en-2019\\\/#breadcrumb\",\"itemListElement\":[{\"@type\":\"ListItem\",\"position\":1,\"name\":\"Accueil\",\"item\":\"https:\\\/\\\/www.carl-abrc.ca\\\/fr\\\/home-3\\\/\"},{\"@type\":\"ListItem\",\"position\":2,\"name\":\"Appel de manifestations d\u2019int\u00e9r\u00eat \u00e0 participer au Comit\u00e9 de programmation de l&rsquo;Atelier des biblioth\u00e8ques canadiennes sur l&rsquo;\u00e9valuation en 2019\"}]},{\"@type\":\"WebSite\",\"@id\":\"https:\\\/\\\/www.carl-abrc.ca\\\/fr\\\/#website\",\"url\":\"https:\\\/\\\/www.carl-abrc.ca\\\/fr\\\/\",\"name\":\"Association des biblioth\u00e8ques de recherche du Canada\",\"description\":\"ABRC\",\"publisher\":{\"@id\":\"https:\\\/\\\/www.carl-abrc.ca\\\/fr\\\/#organization\"},\"potentialAction\":[{\"@type\":\"SearchAction\",\"target\":{\"@type\":\"EntryPoint\",\"urlTemplate\":\"https:\\\/\\\/www.carl-abrc.ca\\\/fr\\\/?s={search_term_string}\"},\"query-input\":{\"@type\":\"PropertyValueSpecification\",\"valueRequired\":true,\"valueName\":\"search_term_string\"}}],\"inLanguage\":\"fr-FR\"},{\"@type\":\"Organization\",\"@id\":\"https:\\\/\\\/www.carl-abrc.ca\\\/fr\\\/#organization\",\"name\":\"Association des biblioth\u00e8ques de recherche du Canada\",\"url\":\"https:\\\/\\\/www.carl-abrc.ca\\\/fr\\\/\",\"logo\":{\"@type\":\"ImageObject\",\"inLanguage\":\"fr-FR\",\"@id\":\"https:\\\/\\\/www.carl-abrc.ca\\\/fr\\\/#\\\/schema\\\/logo\\\/image\\\/\",\"url\":\"https:\\\/\\\/www.carl-abrc.ca\\\/wp-content\\\/uploads\\\/2024\\\/07\\\/cropped-Stacked_Colour_L.png\",\"contentUrl\":\"https:\\\/\\\/www.carl-abrc.ca\\\/wp-content\\\/uploads\\\/2024\\\/07\\\/cropped-Stacked_Colour_L.png\",\"width\":641,\"height\":250,\"caption\":\"Association des biblioth\u00e8ques de recherche du Canada\"},\"image\":{\"@id\":\"https:\\\/\\\/www.carl-abrc.ca\\\/fr\\\/#\\\/schema\\\/logo\\\/image\\\/\"},\"sameAs\":[\"https:\\\/\\\/x.com\\\/carlabrc\"]},{\"@type\":\"Person\",\"@id\":\"https:\\\/\\\/www.carl-abrc.ca\\\/fr\\\/#\\\/schema\\\/person\\\/d9b6bfb73c89f6e9eafbd338013764ed\",\"name\":\"Julie Morin\",\"image\":{\"@type\":\"ImageObject\",\"inLanguage\":\"fr-FR\",\"@id\":\"https:\\\/\\\/secure.gravatar.com\\\/avatar\\\/8f563df894a5ea8e4663aea014d75f7ff272a49a318995c22006e48ba2fca63e?s=96&d=mm&r=g\",\"url\":\"https:\\\/\\\/secure.gravatar.com\\\/avatar\\\/8f563df894a5ea8e4663aea014d75f7ff272a49a318995c22006e48ba2fca63e?s=96&d=mm&r=g\",\"contentUrl\":\"https:\\\/\\\/secure.gravatar.com\\\/avatar\\\/8f563df894a5ea8e4663aea014d75f7ff272a49a318995c22006e48ba2fca63e?s=96&d=mm&r=g\",\"caption\":\"Julie Morin\"},\"url\":\"https:\\\/\\\/www.carl-abrc.ca\\\/fr\\\/author\\\/julie\\\/\"}]}<\/script>\n<!-- \/ Yoast SEO plugin. -->","yoast_head_json":{"title":"Appel de manifestations d\u2019int\u00e9r\u00eat \u00e0 participer au Comit\u00e9 de programmation de l'Atelier des biblioth\u00e8ques canadiennes sur l'\u00e9valuation en 2019 - Association des biblioth\u00e8ques de recherche du Canada","robots":{"index":"index","follow":"follow","max-snippet":"max-snippet:-1","max-image-preview":"max-image-preview:large","max-video-preview":"max-video-preview:-1"},"canonical":"https:\/\/www.carl-abrc.ca\/fr\/nouvelles\/appel-de-manifestations-dinteret-a-participer-au-comite-de-programmation-de-latelier-des-bibliotheques-canadiennes-sur-levaluation-en-2019\/","og_locale":"fr_FR","og_type":"article","og_title":"Appel de manifestations d\u2019int\u00e9r\u00eat \u00e0 participer au Comit\u00e9 de programmation de l'Atelier des biblioth\u00e8ques canadiennes sur l'\u00e9valuation en 2019 - Association des biblioth\u00e8ques de recherche du Canada","og_description":"Le Groupe de travail sur l\u2019\u00e9ducation continue du Comit\u00e9 sur l\u2019\u00e9valuation de l\u2019Association des biblioth\u00e8ques de recherche du Canada (ABRC) est \u00e0 la recherche de manifestations d\u2019int\u00e9r\u00eat \u00e0 participer au [&hellip;]","og_url":"https:\/\/www.carl-abrc.ca\/fr\/nouvelles\/appel-de-manifestations-dinteret-a-participer-au-comite-de-programmation-de-latelier-des-bibliotheques-canadiennes-sur-levaluation-en-2019\/","og_site_name":"Association des biblioth\u00e8ques de recherche du Canada","article_published_time":"2018-11-21T13:40:35+00:00","author":"Julie Morin","twitter_misc":{"\u00c9crit par":"Julie Morin","Dur\u00e9e de lecture estim\u00e9e":"1 minute"},"schema":{"@context":"https:\/\/schema.org","@graph":[{"@type":"Article","@id":"https:\/\/www.carl-abrc.ca\/fr\/nouvelles\/appel-de-manifestations-dinteret-a-participer-au-comite-de-programmation-de-latelier-des-bibliotheques-canadiennes-sur-levaluation-en-2019\/#article","isPartOf":{"@id":"https:\/\/www.carl-abrc.ca\/fr\/nouvelles\/appel-de-manifestations-dinteret-a-participer-au-comite-de-programmation-de-latelier-des-bibliotheques-canadiennes-sur-levaluation-en-2019\/"},"author":{"name":"Julie Morin","@id":"https:\/\/www.carl-abrc.ca\/fr\/#\/schema\/person\/d9b6bfb73c89f6e9eafbd338013764ed"},"headline":"Appel de manifestations d\u2019int\u00e9r\u00eat \u00e0 participer au Comit\u00e9 de programmation de l&rsquo;Atelier des biblioth\u00e8ques canadiennes sur l&rsquo;\u00e9valuation en 2019","datePublished":"2018-11-21T13:40:35+00:00","mainEntityOfPage":{"@id":"https:\/\/www.carl-abrc.ca\/fr\/nouvelles\/appel-de-manifestations-dinteret-a-participer-au-comite-de-programmation-de-latelier-des-bibliotheques-canadiennes-sur-levaluation-en-2019\/"},"wordCount":331,"publisher":{"@id":"https:\/\/www.carl-abrc.ca\/fr\/#organization"},"articleSection":["Nouvelles"],"inLanguage":"fr-FR"},{"@type":"WebPage","@id":"https:\/\/www.carl-abrc.ca\/fr\/nouvelles\/appel-de-manifestations-dinteret-a-participer-au-comite-de-programmation-de-latelier-des-bibliotheques-canadiennes-sur-levaluation-en-2019\/","url":"https:\/\/www.carl-abrc.ca\/fr\/nouvelles\/appel-de-manifestations-dinteret-a-participer-au-comite-de-programmation-de-latelier-des-bibliotheques-canadiennes-sur-levaluation-en-2019\/","name":"Appel de manifestations d\u2019int\u00e9r\u00eat \u00e0 participer au Comit\u00e9 de programmation de l'Atelier des biblioth\u00e8ques canadiennes sur l'\u00e9valuation en 2019 - Association des biblioth\u00e8ques de recherche du Canada","isPartOf":{"@id":"https:\/\/www.carl-abrc.ca\/fr\/#website"},"datePublished":"2018-11-21T13:40:35+00:00","breadcrumb":{"@id":"https:\/\/www.carl-abrc.ca\/fr\/nouvelles\/appel-de-manifestations-dinteret-a-participer-au-comite-de-programmation-de-latelier-des-bibliotheques-canadiennes-sur-levaluation-en-2019\/#breadcrumb"},"inLanguage":"fr-FR","potentialAction":[{"@type":"ReadAction","target":["https:\/\/www.carl-abrc.ca\/fr\/nouvelles\/appel-de-manifestations-dinteret-a-participer-au-comite-de-programmation-de-latelier-des-bibliotheques-canadiennes-sur-levaluation-en-2019\/"]}]},{"@type":"BreadcrumbList","@id":"https:\/\/www.carl-abrc.ca\/fr\/nouvelles\/appel-de-manifestations-dinteret-a-participer-au-comite-de-programmation-de-latelier-des-bibliotheques-canadiennes-sur-levaluation-en-2019\/#breadcrumb","itemListElement":[{"@type":"ListItem","position":1,"name":"Accueil","item":"https:\/\/www.carl-abrc.ca\/fr\/home-3\/"},{"@type":"ListItem","position":2,"name":"Appel de manifestations d\u2019int\u00e9r\u00eat \u00e0 participer au Comit\u00e9 de programmation de l&rsquo;Atelier des biblioth\u00e8ques canadiennes sur l&rsquo;\u00e9valuation en 2019"}]},{"@type":"WebSite","@id":"https:\/\/www.carl-abrc.ca\/fr\/#website","url":"https:\/\/www.carl-abrc.ca\/fr\/","name":"Association des biblioth\u00e8ques de recherche du Canada","description":"ABRC","publisher":{"@id":"https:\/\/www.carl-abrc.ca\/fr\/#organization"},"potentialAction":[{"@type":"SearchAction","target":{"@type":"EntryPoint","urlTemplate":"https:\/\/www.carl-abrc.ca\/fr\/?s={search_term_string}"},"query-input":{"@type":"PropertyValueSpecification","valueRequired":true,"valueName":"search_term_string"}}],"inLanguage":"fr-FR"},{"@type":"Organization","@id":"https:\/\/www.carl-abrc.ca\/fr\/#organization","name":"Association des biblioth\u00e8ques de recherche du Canada","url":"https:\/\/www.carl-abrc.ca\/fr\/","logo":{"@type":"ImageObject","inLanguage":"fr-FR","@id":"https:\/\/www.carl-abrc.ca\/fr\/#\/schema\/logo\/image\/","url":"https:\/\/www.carl-abrc.ca\/wp-content\/uploads\/2024\/07\/cropped-Stacked_Colour_L.png","contentUrl":"https:\/\/www.carl-abrc.ca\/wp-content\/uploads\/2024\/07\/cropped-Stacked_Colour_L.png","width":641,"height":250,"caption":"Association des biblioth\u00e8ques de recherche du Canada"},"image":{"@id":"https:\/\/www.carl-abrc.ca\/fr\/#\/schema\/logo\/image\/"},"sameAs":["https:\/\/x.com\/carlabrc"]},{"@type":"Person","@id":"https:\/\/www.carl-abrc.ca\/fr\/#\/schema\/person\/d9b6bfb73c89f6e9eafbd338013764ed","name":"Julie Morin","image":{"@type":"ImageObject","inLanguage":"fr-FR","@id":"https:\/\/secure.gravatar.com\/avatar\/8f563df894a5ea8e4663aea014d75f7ff272a49a318995c22006e48ba2fca63e?s=96&d=mm&r=g","url":"https:\/\/secure.gravatar.com\/avatar\/8f563df894a5ea8e4663aea014d75f7ff272a49a318995c22006e48ba2fca63e?s=96&d=mm&r=g","contentUrl":"https:\/\/secure.gravatar.com\/avatar\/8f563df894a5ea8e4663aea014d75f7ff272a49a318995c22006e48ba2fca63e?s=96&d=mm&r=g","caption":"Julie Morin"},"url":"https:\/\/www.carl-abrc.ca\/fr\/author\/julie\/"}]}},"_links":{"self":[{"href":"https:\/\/www.carl-abrc.ca\/fr\/wp-json\/wp\/v2\/posts\/8416","targetHints":{"allow":["GET"]}}],"collection":[{"href":"https:\/\/www.carl-abrc.ca\/fr\/wp-json\/wp\/v2\/posts"}],"about":[{"href":"https:\/\/www.carl-abrc.ca\/fr\/wp-json\/wp\/v2\/types\/post"}],"author":[{"embeddable":true,"href":"https:\/\/www.carl-abrc.ca\/fr\/wp-json\/wp\/v2\/users\/63"}],"replies":[{"embeddable":true,"href":"https:\/\/www.carl-abrc.ca\/fr\/wp-json\/wp\/v2\/comments?post=8416"}],"version-history":[{"count":0,"href":"https:\/\/www.carl-abrc.ca\/fr\/wp-json\/wp\/v2\/posts\/8416\/revisions"}],"wp:attachment":[{"href":"https:\/\/www.carl-abrc.ca\/fr\/wp-json\/wp\/v2\/media?parent=8416"}],"wp:term":[{"taxonomy":"category","embeddable":true,"href":"https:\/\/www.carl-abrc.ca\/fr\/wp-json\/wp\/v2\/categories?post=8416"},{"taxonomy":"post_tag","embeddable":true,"href":"https:\/\/www.carl-abrc.ca\/fr\/wp-json\/wp\/v2\/tags?post=8416"}],"curies":[{"name":"wp","href":"https:\/\/api.w.org\/{rel}","templated":true}]}}